{"id":167777,"date":"2018-07-31T07:12:44","date_gmt":"2018-07-31T10:12:44","guid":{"rendered":"http:\/\/franciscanos.org.br\/?p=167777"},"modified":"2020-06-25T11:05:23","modified_gmt":"2020-06-25T14:05:23","slug":"caravana-alerta-para-risco-do-pais-retornar-ao-mapa-mundial-da-fome","status":"publish","type":"post","link":"https:\/\/franciscanos.org.br\/noticias\/caravana-alerta-para-risco-do-pais-retornar-ao-mapa-mundial-da-fome.html","title":{"rendered":"Caravana alerta para risco do pa\u00eds retornar ao Mapa da Fome"},"content":{"rendered":"<p><img loading=\"lazy\" class=\"alignleft size-full wp-image-179024\" src=\"http:\/\/franciscanos.org.br\/2018\/wp-content\/uploads\/2018\/07\/caravana_310718_850.jpg\" alt=\"\" width=\"850\" height=\"480\" srcset=\"https:\/\/franciscanos.org.br\/noticias\/wp-content\/uploads\/2018\/07\/caravana_310718_850.jpg 850w, https:\/\/franciscanos.org.br\/noticias\/wp-content\/uploads\/2018\/07\/caravana_310718_850-450x254.jpg 450w, https:\/\/franciscanos.org.br\/noticias\/wp-content\/uploads\/2018\/07\/caravana_310718_850-768x434.jpg 768w, https:\/\/franciscanos.org.br\/noticias\/wp-content\/uploads\/2018\/07\/caravana_310718_850-150x85.jpg 150w\" sizes=\"(max-width: 850px) 100vw, 850px\" \/><\/p>\n<p><em>O risco iminente de o Brasil retornar ao Mapa da Fome \u00e9 uma das motiva\u00e7\u00f5es para a Caravana do Semi\u00e1rido contra a Fome. A iniciativa tem a organiza\u00e7\u00e3o do movimento Articula\u00e7\u00e3o Semi\u00e1rido Brasileiro (ASA) e partiu do Sert\u00e3o de Pernambuco com o objetivo de percorrer cerca de 3000 km nos pr\u00f3ximos dias. O Mapa da Fome \u00e9 um indicador da Organiza\u00e7\u00e3o das Na\u00e7\u00f5es Unidas para a Agricultura e Alimenta\u00e7\u00e3o (FAO) que apresenta os pa\u00edses nos quais mais de 5% da popula\u00e7\u00e3o ingere menos calorias do que o necess\u00e1rio. Desde 2014 o pa\u00eds estava fora destas estat\u00edsticas. Nesta <\/em><strong>entrevista, concedida ao Programa Sala Franciscana,<\/strong><em> o coordenador executivo da ASA e participante da Caravana do Semi\u00e1rido contra a fome, Marcos Jacinto, atribui este retrocesso ao desmonte das pol\u00edticas p\u00fablicas que vem sendo realizado no Brasil p\u00f3s-golpe. \u00a0<\/em><\/p>\n<p><strong>Com que finalidade est\u00e1 sendo realizada a Caravana do Semi\u00e1rido contra a fome?<\/strong><\/p>\n<p><strong>Marcos Jacinto<\/strong> &#8211; A caravana tem dois objetivos principais: o primeiro deles, anunciar um Semi\u00e1rido vivo, mostrar para as pessoas de todo o Brasil tudo aquilo que tem sido constru\u00eddo nesta regi\u00e3o, em termos de programas, pol\u00edticas p\u00fablicas e de a\u00e7\u00f5es que foram fundamentais para que hoje o semi\u00e1rido seja uma regi\u00e3o diferente, para que tenha novas perspectivas, para que as pessoas vivam melhor, num espa\u00e7o onde h\u00e1 vida, e vida em abund\u00e2ncia; o segundo objetivo \u00e9 o de denunciar. N\u00f3s temos acompanhado, com muita preocupa\u00e7\u00e3o, desde o golpe parlamentar-midi\u00e1tico-judici\u00e1rio de 2016, o desmonte das pol\u00edticas p\u00fablicas voltadas para a conviv\u00eancia com o semi\u00e1rido, para a agricultura familiar, que foram fundamentais para que alcan\u00e7\u00e1ssemos resultados t\u00e3o significativos em qualidade de vida, na diminui\u00e7\u00e3o da fome, da pobreza e da mis\u00e9ria. Este desmonte nas pol\u00edticas pode, inclusive, levar o Brasil a voltar ao Mapa da Fome. Uma das maiores conquistas dos \u00faltimos anos do pa\u00eds foi ter sa\u00eddo do Mapa da Fome da FAO, no ano de 2014, e agora, com todos estes problemas, o pa\u00eds corre o s\u00e9rio risco de voltar a esta vergonhosa estat\u00edstica. A caravana \u00e9, ent\u00e3o, este grande movimento do Semi\u00e1rido, passando por v\u00e1rias cidades do Brasil para anunciar o que tem sido produzido de positivo, mas tamb\u00e9m para denunciar este dif\u00edcil momento pelo qual estamos passando.<\/p>\n<p><strong>A caravana previstas paradas previstas em cidades da Bahia, de Minas Gerais, do Rio de Janeiro, de S\u00e3o Paulo e do Paran\u00e1, incluindo uma passagem pela capital, Bras\u00edlia. Como foi pensado este percurso? <\/strong><\/p>\n<p><strong>Marcos<\/strong> &#8211; O percurso foi pensado para que pud\u00e9ssemos ter atos dentro da Regi\u00e3o do Semi\u00e1rido, mas tamb\u00e9m decidimos incluir outras regi\u00f5es do Brasil, para que um conjunto maior de pessoas pudesse entrar em contato com estas realidades e os desafios que estamos vivendo no Semi\u00e1rido. A caravana saiu de Caet\u00e9s, no Sert\u00e3o de Pernambuco, passou por Feira de Santana, com um grande ato no Semi\u00e1rido baiano, vai passar por outros estados e a ideia \u00e9 encerrarmos em Bras\u00edlia, numa audi\u00eancia com alguns ministros do Supremo Tribunal Federal, para que possa ser feita a entrega simb\u00f3lica de um documento do Semi\u00e1rido, com os avan\u00e7os, mas tamb\u00e9m os riscos de retrocesso que este desmonte nas pol\u00edticas traz consigo.<\/p>\n<p><strong>A que voc\u00ea atribui este desmonte das pol\u00edticas p\u00fablicas?<\/strong><\/p>\n<p><strong>Marcos<\/strong> &#8211; Desde que foi dado o golpe no Estado brasileiro, n\u00f3s temos visto na pr\u00e1tica esta realidade de retirada de or\u00e7amento p\u00fablico para pol\u00edticas que inserem os mais pobres. Vemos que este or\u00e7amento est\u00e1 sendo redirecionado a outros investimentos que n\u00e3o t\u00eam necessariamente a ver com a popula\u00e7\u00e3o que mais necessita, com a popula\u00e7\u00e3o empobrecida. Come\u00e7ou j\u00e1 com a aprova\u00e7\u00e3o da chamada \u201cPEC da Morte\u201d, que congela por 20 anos o gasto com Educa\u00e7\u00e3o, Sa\u00fade e Seguran\u00e7a P\u00fablica; tivemos tamb\u00e9m a Reforma Trabalhista, que retira direitos historicamente conquistados, que precariza o trabalho e, fora isso, uma s\u00e9rie de outras quest\u00f5es como os or\u00e7amentos do Programa \u201c\u00c1gua para todos\u201d, fundamental para o Semi\u00e1rido, da constru\u00e7\u00e3o de tecnologias sociais de capta\u00e7\u00e3o e armazenamento de \u00e1gua da chuva. H\u00e1 ainda a redu\u00e7\u00e3o quase total do programa de aquisi\u00e7\u00e3o de alimentos e do \u201cPrograma Nacional de Alimenta\u00e7\u00e3o Escolar\u201d; e a redu\u00e7\u00e3o do investimento em programas que favorecem a agricultura familiar. Resumindo, houve uma mudan\u00e7a da l\u00f3gica do pa\u00eds em preju\u00edzo das pessoas mais pobres. Em vez de caminharmos para frente na inclus\u00e3o dos pobres, o Brasil agora est\u00e1 na contram\u00e3o desta hist\u00f3ria. \u00c9 este o recado que a caravana tem deixado por onde passa e \u00e9 isso que precisamos fazer com que a sociedade brasileira como um todo entenda e venha para a luta com os movimentos e as organiza\u00e7\u00f5es sociais.<\/p>\n<p><strong>Por onde passa a solu\u00e7\u00e3o para estes graves problemas que o Brasil enfrenta hoje?<\/strong><\/p>\n<p><strong>Marcos <\/strong>&#8211; \u00c9 importante considerar que a mudan\u00e7a est\u00e1 no meio de n\u00f3s.\u00a0 A mudan\u00e7a est\u00e1 com o povo, e n\u00f3s temos acompanhado, de forma muito positiva, alguns sinais de que o povo quer a garantia de seus direitos, quer um Brasil que caminhe para frente, construindo pol\u00edticas que realmente interfiram positivamente na vida das pessoas. N\u00f3s estamos passando por um momento conjuntural muito dif\u00edcil, em que todos os indicadores apontam retrocessos.\u00a0 E n\u00f3s acreditamos que a\u00e7\u00f5es como esta da caravana, mobiliza\u00e7\u00f5es, a participa\u00e7\u00e3o social, a\u00e7\u00f5es estrat\u00e9gicas em que o povo se organiza e debate, tudo isso fortalece a luta, nos anima e nos alimenta na caminhada do dia a dia para que possamos ir em busca das transforma\u00e7\u00f5es que s\u00e3o necess\u00e1rias.<\/p>\n<p><strong>Apresente em linhas gerais o trabalho da Articula\u00e7\u00e3o Semi\u00e1rido Brasileiro (ASA)<\/strong><\/p>\n<p><strong>Marcos <\/strong>&#8211; A ASA \u00e9 uma organiza\u00e7\u00e3o social, um grupo formado por diversas organiza\u00e7\u00f5es que atuam no campo popular, no campo social, de toda a regi\u00e3o do Semi\u00e1rido brasileiro. Trabalhamos na perspectiva de elabora\u00e7\u00e3o e implementa\u00e7\u00e3o de programas e pol\u00edticas p\u00fablicas visando a conviv\u00eancia com o semi\u00e1rido. Esta regi\u00e3o \u00e9 conhecida como \u201cRegi\u00e3o da seca\u201d. E a\u00ed houve investimento, sobretudo p\u00fablico, no ponto de vista do combate \u00e0 seca. N\u00f3s, da ASA, no entanto, acreditamos que a seca sempre existiu e existir\u00e1 enquanto fen\u00f4meno natural de regi\u00f5es como a nossa, mas entendemos que a fome e a inexist\u00eancia de pol\u00edticas p\u00fablicas n\u00e3o s\u00e3o fen\u00f4menos naturais, mas pol\u00edticos e sociais, e precisam ser transformados. Da mesma forma n\u00f3s entendemos que, por n\u00e3o ser poss\u00edvel combater a seca, \u00e9 importante que se aprenda a conviver com ela, olhando para esta regi\u00e3o com outro olhar, identificando seus desafios, mas sobretudo suas potencialidades para que, a partir do modo de vida e das experi\u00eancias das pessoas que aqui vivem, n\u00f3s possamos implementar a\u00e7\u00f5es, programas e pol\u00edticas que de fato dialoguem com esta realidade, para que as pessoas sejam felizes e construam suas vidas na regi\u00e3o de origem delas. A partir desta ideia, a ASA trabalha com um programa de forma\u00e7\u00e3o e mobiliza\u00e7\u00e3o social para a conviv\u00eancia com o semi\u00e1rido. Este programa se divide em quatro grandes a\u00e7\u00f5es: 1) Constru\u00e7\u00e3o de cisternas de placas de cimento para capta\u00e7\u00e3o de \u00e1gua da chuva para consumo humano, com capacidade de armazenamento de at\u00e9 16 mil litros de \u00e1gua; 2) Programa \u201cUma terra e duas \u00e1guas\u201d, com a capta\u00e7\u00e3o de \u00e1gua da chuva para a produ\u00e7\u00e3o de alimentos; 3) \u00c1gua do Saber, com a\u00e7\u00f5es junto \u00e0s escolas; e 4) Sementes do Semi\u00e1rido, relacionada ao manejo das sementes crioulas.<\/p>\n<p><em>Para conhecer mais sobre o trabalho da ASA, acesse <a href=\"http:\/\/www.asabrasil.org.br\/\">http:\/\/www.asabrasil.org.br\/<\/a><\/em><\/p>\n<p><strong>Entrevista concedida a Frei Gustavo Medella<\/strong><\/p>\n","protected":false},"excerpt":{"rendered":"<p>Entrevista<\/p>\n","protected":false},"author":1,"featured_media":209182,"comment_status":"open","ping_status":"open","sticky":false,"template":"","format":"standard","meta":[],"categories":[758],"tags":[],"acf":[],"yoast_head":"<!-- This site is optimized with the Yoast SEO plugin v19.2 - https:\/\/yoast.com\/wordpress\/plugins\/seo\/ -->\n<title>Caravana alerta para risco do pa\u00eds retornar ao Mapa da Fome - Not\u00edcias - Franciscanos<\/title>\n<meta name=\"robots\" content=\"index, follow, max-snippet:-1, max-image-preview:large, max-video-preview:-1\" \/>\n<link rel=\"canonical\" href=\"https:\/\/franciscanos.org.br\/noticias\/caravana-alerta-para-risco-do-pais-retornar-ao-mapa-mundial-da-fome.html\" \/>\n<meta property=\"og:locale\" content=\"pt_BR\" \/>\n<meta property=\"og:type\" content=\"article\" \/>\n<meta property=\"og:title\" content=\"Caravana alerta para risco do pa\u00eds retornar ao Mapa da Fome - Not\u00edcias - Franciscanos\" \/>\n<meta property=\"og:description\" content=\"Entrevista\" \/>\n<meta property=\"og:url\" content=\"https:\/\/franciscanos.org.br\/noticias\/caravana-alerta-para-risco-do-pais-retornar-ao-mapa-mundial-da-fome.html\" \/>\n<meta property=\"og:site_name\" content=\"Not\u00edcias - Franciscanos\" \/>\n<meta property=\"article:published_time\" content=\"2018-07-31T10:12:44+00:00\" \/>\n<meta property=\"article:modified_time\" content=\"2020-06-25T14:05:23+00:00\" \/>\n<meta property=\"og:image\" content=\"https:\/\/franciscanos.org.br\/noticias\/wp-content\/uploads\/2018\/07\/caravana_310718_850-1.jpg\" \/>\n\t<meta property=\"og:image:width\" content=\"273\" \/>\n\t<meta property=\"og:image:height\" content=\"181\" \/>\n\t<meta property=\"og:image:type\" content=\"image\/jpeg\" \/>\n<meta name=\"author\" content=\"admin\" \/>\n<meta name=\"twitter:card\" content=\"summary_large_image\" \/>\n<meta name=\"twitter:label1\" content=\"Escrito por\" \/>\n\t<meta name=\"twitter:data1\" content=\"admin\" \/>\n\t<meta name=\"twitter:label2\" content=\"Est. tempo de leitura\" \/>\n\t<meta name=\"twitter:data2\" content=\"7 minutos\" \/>\n<script type=\"application\/ld+json\" class=\"yoast-schema-graph\">{\"@context\":\"https:\/\/schema.org\",\"@graph\":[{\"@type\":\"WebSite\",\"@id\":\"https:\/\/franciscanos.org.br\/noticias\/#website\",\"url\":\"https:\/\/franciscanos.org.br\/noticias\/\",\"name\":\"Not\u00edcias - Franciscanos\",\"description\":\"Prov\u00edncia Franciscana da Imaculada Concei\u00e7\u00e3o do Brasil - Ordem dos Frades Menores - OFM\",\"potentialAction\":[{\"@type\":\"SearchAction\",\"target\":{\"@type\":\"EntryPoint\",\"urlTemplate\":\"https:\/\/franciscanos.org.br\/noticias\/?s={search_term_string}\"},\"query-input\":\"required name=search_term_string\"}],\"inLanguage\":\"pt-BR\"},{\"@type\":\"ImageObject\",\"inLanguage\":\"pt-BR\",\"@id\":\"https:\/\/franciscanos.org.br\/noticias\/caravana-alerta-para-risco-do-pais-retornar-ao-mapa-mundial-da-fome.html#primaryimage\",\"url\":\"https:\/\/franciscanos.org.br\/noticias\/wp-content\/uploads\/2018\/07\/caravana_310718_850-1.jpg\",\"contentUrl\":\"https:\/\/franciscanos.org.br\/noticias\/wp-content\/uploads\/2018\/07\/caravana_310718_850-1.jpg\",\"width\":273,\"height\":181},{\"@type\":\"WebPage\",\"@id\":\"https:\/\/franciscanos.org.br\/noticias\/caravana-alerta-para-risco-do-pais-retornar-ao-mapa-mundial-da-fome.html#webpage\",\"url\":\"https:\/\/franciscanos.org.br\/noticias\/caravana-alerta-para-risco-do-pais-retornar-ao-mapa-mundial-da-fome.html\",\"name\":\"Caravana alerta para risco do pa\u00eds retornar ao Mapa da Fome - Not\u00edcias - Franciscanos\",\"isPartOf\":{\"@id\":\"https:\/\/franciscanos.org.br\/noticias\/#website\"},\"primaryImageOfPage\":{\"@id\":\"https:\/\/franciscanos.org.br\/noticias\/caravana-alerta-para-risco-do-pais-retornar-ao-mapa-mundial-da-fome.html#primaryimage\"},\"datePublished\":\"2018-07-31T10:12:44+00:00\",\"dateModified\":\"2020-06-25T14:05:23+00:00\",\"author\":{\"@id\":\"https:\/\/franciscanos.org.br\/noticias\/#\/schema\/person\/b38fbf43118f02820bd932f2e4b14ad3\"},\"breadcrumb\":{\"@id\":\"https:\/\/franciscanos.org.br\/noticias\/caravana-alerta-para-risco-do-pais-retornar-ao-mapa-mundial-da-fome.html#breadcrumb\"},\"inLanguage\":\"pt-BR\",\"potentialAction\":[{\"@type\":\"ReadAction\",\"target\":[\"https:\/\/franciscanos.org.br\/noticias\/caravana-alerta-para-risco-do-pais-retornar-ao-mapa-mundial-da-fome.html\"]}]},{\"@type\":\"BreadcrumbList\",\"@id\":\"https:\/\/franciscanos.org.br\/noticias\/caravana-alerta-para-risco-do-pais-retornar-ao-mapa-mundial-da-fome.html#breadcrumb\",\"itemListElement\":[{\"@type\":\"ListItem\",\"position\":1,\"name\":\"Home\",\"item\":\"https:\/\/franciscanos.org.br\/noticias\"},{\"@type\":\"ListItem\",\"position\":2,\"name\":\"Caravana alerta para risco do pa\u00eds retornar ao Mapa da Fome\"}]},{\"@type\":\"Person\",\"@id\":\"https:\/\/franciscanos.org.br\/noticias\/#\/schema\/person\/b38fbf43118f02820bd932f2e4b14ad3\",\"name\":\"admin\",\"image\":{\"@type\":\"ImageObject\",\"inLanguage\":\"pt-BR\",\"@id\":\"https:\/\/franciscanos.org.br\/noticias\/#\/schema\/person\/image\/\",\"url\":\"https:\/\/secure.gravatar.com\/avatar\/e8495742d34d0ba6448ea1c628263b3e?s=96&d=mm&r=g\",\"contentUrl\":\"https:\/\/secure.gravatar.com\/avatar\/e8495742d34d0ba6448ea1c628263b3e?s=96&d=mm&r=g\",\"caption\":\"admin\"},\"url\":\"https:\/\/franciscanos.org.br\/noticias\/author\/admin\"}]}<\/script>\n<!-- \/ Yoast SEO plugin. -->","yoast_head_json":{"title":"Caravana alerta para risco do pa\u00eds retornar ao Mapa da Fome - Not\u00edcias - Franciscanos","robots":{"index":"index","follow":"follow","max-snippet":"max-snippet:-1","max-image-preview":"max-image-preview:large","max-video-preview":"max-video-preview:-1"},"canonical":"https:\/\/franciscanos.org.br\/noticias\/caravana-alerta-para-risco-do-pais-retornar-ao-mapa-mundial-da-fome.html","og_locale":"pt_BR","og_type":"article","og_title":"Caravana alerta para risco do pa\u00eds retornar ao Mapa da Fome - Not\u00edcias - Franciscanos","og_description":"Entrevista","og_url":"https:\/\/franciscanos.org.br\/noticias\/caravana-alerta-para-risco-do-pais-retornar-ao-mapa-mundial-da-fome.html","og_site_name":"Not\u00edcias - Franciscanos","article_published_time":"2018-07-31T10:12:44+00:00","article_modified_time":"2020-06-25T14:05:23+00:00","og_image":[{"width":273,"height":181,"url":"https:\/\/franciscanos.org.br\/noticias\/wp-content\/uploads\/2018\/07\/caravana_310718_850-1.jpg","type":"image\/jpeg"}],"author":"admin","twitter_card":"summary_large_image","twitter_misc":{"Escrito por":"admin","Est. tempo de leitura":"7 minutos"},"schema":{"@context":"https:\/\/schema.org","@graph":[{"@type":"WebSite","@id":"https:\/\/franciscanos.org.br\/noticias\/#website","url":"https:\/\/franciscanos.org.br\/noticias\/","name":"Not\u00edcias - Franciscanos","description":"Prov\u00edncia Franciscana da Imaculada Concei\u00e7\u00e3o do Brasil - Ordem dos Frades Menores - OFM","potentialAction":[{"@type":"SearchAction","target":{"@type":"EntryPoint","urlTemplate":"https:\/\/franciscanos.org.br\/noticias\/?s={search_term_string}"},"query-input":"required name=search_term_string"}],"inLanguage":"pt-BR"},{"@type":"ImageObject","inLanguage":"pt-BR","@id":"https:\/\/franciscanos.org.br\/noticias\/caravana-alerta-para-risco-do-pais-retornar-ao-mapa-mundial-da-fome.html#primaryimage","url":"https:\/\/franciscanos.org.br\/noticias\/wp-content\/uploads\/2018\/07\/caravana_310718_850-1.jpg","contentUrl":"https:\/\/franciscanos.org.br\/noticias\/wp-content\/uploads\/2018\/07\/caravana_310718_850-1.jpg","width":273,"height":181},{"@type":"WebPage","@id":"https:\/\/franciscanos.org.br\/noticias\/caravana-alerta-para-risco-do-pais-retornar-ao-mapa-mundial-da-fome.html#webpage","url":"https:\/\/franciscanos.org.br\/noticias\/caravana-alerta-para-risco-do-pais-retornar-ao-mapa-mundial-da-fome.html","name":"Caravana alerta para risco do pa\u00eds retornar ao Mapa da Fome - Not\u00edcias - Franciscanos","isPartOf":{"@id":"https:\/\/franciscanos.org.br\/noticias\/#website"},"primaryImageOfPage":{"@id":"https:\/\/franciscanos.org.br\/noticias\/caravana-alerta-para-risco-do-pais-retornar-ao-mapa-mundial-da-fome.html#primaryimage"},"datePublished":"2018-07-31T10:12:44+00:00","dateModified":"2020-06-25T14:05:23+00:00","author":{"@id":"https:\/\/franciscanos.org.br\/noticias\/#\/schema\/person\/b38fbf43118f02820bd932f2e4b14ad3"},"breadcrumb":{"@id":"https:\/\/franciscanos.org.br\/noticias\/caravana-alerta-para-risco-do-pais-retornar-ao-mapa-mundial-da-fome.html#breadcrumb"},"inLanguage":"pt-BR","potentialAction":[{"@type":"ReadAction","target":["https:\/\/franciscanos.org.br\/noticias\/caravana-alerta-para-risco-do-pais-retornar-ao-mapa-mundial-da-fome.html"]}]},{"@type":"BreadcrumbList","@id":"https:\/\/franciscanos.org.br\/noticias\/caravana-alerta-para-risco-do-pais-retornar-ao-mapa-mundial-da-fome.html#breadcrumb","itemListElement":[{"@type":"ListItem","position":1,"name":"Home","item":"https:\/\/franciscanos.org.br\/noticias"},{"@type":"ListItem","position":2,"name":"Caravana alerta para risco do pa\u00eds retornar ao Mapa da Fome"}]},{"@type":"Person","@id":"https:\/\/franciscanos.org.br\/noticias\/#\/schema\/person\/b38fbf43118f02820bd932f2e4b14ad3","name":"admin","image":{"@type":"ImageObject","inLanguage":"pt-BR","@id":"https:\/\/franciscanos.org.br\/noticias\/#\/schema\/person\/image\/","url":"https:\/\/secure.gravatar.com\/avatar\/e8495742d34d0ba6448ea1c628263b3e?s=96&d=mm&r=g","contentUrl":"https:\/\/secure.gravatar.com\/avatar\/e8495742d34d0ba6448ea1c628263b3e?s=96&d=mm&r=g","caption":"admin"},"url":"https:\/\/franciscanos.org.br\/noticias\/author\/admin"}]}},"_links":{"self":[{"href":"https:\/\/franciscanos.org.br\/noticias\/wp-json\/wp\/v2\/posts\/167777"}],"collection":[{"href":"https:\/\/franciscanos.org.br\/noticias\/wp-json\/wp\/v2\/posts"}],"about":[{"href":"https:\/\/franciscanos.org.br\/noticias\/wp-json\/wp\/v2\/types\/post"}],"author":[{"embeddable":true,"href":"https:\/\/franciscanos.org.br\/noticias\/wp-json\/wp\/v2\/users\/1"}],"replies":[{"embeddable":true,"href":"https:\/\/franciscanos.org.br\/noticias\/wp-json\/wp\/v2\/comments?post=167777"}],"version-history":[{"count":1,"href":"https:\/\/franciscanos.org.br\/noticias\/wp-json\/wp\/v2\/posts\/167777\/revisions"}],"predecessor-version":[{"id":226761,"href":"https:\/\/franciscanos.org.br\/noticias\/wp-json\/wp\/v2\/posts\/167777\/revisions\/226761"}],"wp:featuredmedia":[{"embeddable":true,"href":"https:\/\/franciscanos.org.br\/noticias\/wp-json\/wp\/v2\/media\/209182"}],"wp:attachment":[{"href":"https:\/\/franciscanos.org.br\/noticias\/wp-json\/wp\/v2\/media?parent=167777"}],"wp:term":[{"taxonomy":"category","embeddable":true,"href":"https:\/\/franciscanos.org.br\/noticias\/wp-json\/wp\/v2\/categories?post=167777"},{"taxonomy":"post_tag","embeddable":true,"href":"https:\/\/franciscanos.org.br\/noticias\/wp-json\/wp\/v2\/tags?post=167777"}],"curies":[{"name":"wp","href":"https:\/\/api.w.org\/{rel}","templated":true}]}}