{"id":167592,"date":"2018-07-28T23:26:21","date_gmt":"2018-07-29T02:26:21","guid":{"rendered":"http:\/\/franciscanos.org.br\/?p=167592"},"modified":"2019-08-23T10:58:51","modified_gmt":"2019-08-23T13:58:51","slug":"missao-no-centro-de-sao-paulo-nao-se-pode-ser-igreja-apenas-dentro-da-igreja","status":"publish","type":"post","link":"https:\/\/franciscanos.org.br\/noticias\/missao-no-centro-de-sao-paulo-nao-se-pode-ser-igreja-apenas-dentro-da-igreja.html","title":{"rendered":"\u201cN\u00e3o se pode ser Igreja apenas dentro da igreja\u201d"},"content":{"rendered":"<p><img loading=\"lazy\" src=\"http:\/\/franciscanos.org.br\/wp-content\/uploads\/2018\/07\/missao_sp_280718.jpg\" alt=\"missao_sp_280718\" width=\"830\" height=\"500\" \/><\/p>\n<p><strong>Frei Augusto Luiz Gabriel<\/strong><\/p>\n<p><strong>S\u00e3o Paulo (SP) \u2013<\/strong> Neste s\u00e1bado dia 28, a Par\u00f3quia e Santu\u00e1rio S\u00e3o Francisco de Assis, em parceria com o Servi\u00e7o de Anima\u00e7\u00e3o Vocacional (SAV), da Prov\u00edncia Franciscana da Imaculada Concei\u00e7\u00e3o do Brasil, realizaram um tarde de visita\u00e7\u00e3o \u00e0s fam\u00edlias da Ocupa\u00e7\u00e3o 9 de Julho da regi\u00e3o central de S\u00e3o Paulo (SP), como tamb\u00e9m diversos trabalhos volunt\u00e1rios junto \u00e0 popula\u00e7\u00e3o em situa\u00e7\u00e3o de rua, no Ch\u00e1 do Padre.<\/p>\n<p>Pessoas de todas as idades fizeram-se presentes e foram acolhidas no interior do Sal\u00e3o Frei Galv\u00e3o por Frei Marx Rodrigues dos Reis que motivou os participantes e conduziu a ora\u00e7\u00e3o inicial. Pautado pela passagem do Evangelho de Lucas (24, 13-35), que narra o caminho dos disc\u00edpulos de Ema\u00fas , Frei Marx destacou que naquele tempo os disc\u00edpulos estavam tristes por conta da morte de Jesus. \u201cAlguma coisa no caminho faz a gente abaixar a cabe\u00e7a e andar triste. E \u00e9 diante desta experi\u00eancia de tristeza e desigualdade social que voc\u00eas se colocam aqui, assim como estavam os disc\u00edpulos de Ema\u00fas. N\u00f3s acreditamos que Jesus n\u00e3o nos deixar\u00e1 de bra\u00e7os cruzados, Ele h\u00e1 de aparecer vivo entre n\u00f3s\u201d, motivou o frade. Ainda ressaltou que o Senhor ressuscita todos os dias e faz nova todas as coisas, e incentivou os participantes a se doarem totalmente em prol do pr\u00f3ximo.<\/p>\n<p><img loading=\"lazy\" src=\"http:\/\/franciscanos.org.br\/wp-content\/uploads\/2018\/07\/missao_sp_280718_1.jpg\" alt=\"missao_sp_280718_1\" width=\"830\" height=\"450\" \/><\/p>\n<p>O P\u00e1roco, Frei Alvaci Mendes da Luz, acolheu oficialmente todos os participantes em nome da Par\u00f3quia e Santu\u00e1rio S\u00e3o Francisco e falou da missionariedade da Igreja, lembrando que Cristo enviou os disc\u00edpulos pelo caminho de dois a dois, nascendo assim a miss\u00e3o da eclesial. Francisco de Assis fez o mesmo. \u201cPode-se fazer miss\u00e3o no centro de S\u00e3o Paulo, na \u00c1frica, na Amaz\u00f4nia, em nossas casas, ou em qualquer lugar, o importante \u00e9 que todos n\u00f3s somos chamados a ser mission\u00e1rios e fazer a nossa parte como crist\u00e3os\u201d, sublinhou Frei Alvaci.<\/p>\n<p>Neste ano, devido a ades\u00e3o de muitas pessoas, o grupo foi divido e saiu a campo. Frei Diego Atalino de Melo, animador do SAV provincial, orientou e conduziu os trabalhos no Ch\u00e1 do Padre do Servi\u00e7o Franciscano de Solidariedade (Sefras), localizado na Rua Riachuelo. Frei Marx acompanhou o grupo que foi at\u00e9 a Ocupa\u00e7\u00e3o 9 de julho, que fica pr\u00f3ximo a Par\u00f3quia. Segundo Frei Diego, o termo VIP (Very Important Person) possui o significado de algu\u00e9m que \u00e9 muito importante. E embora esse seja um termo em ingl\u00eas, as pessoas j\u00e1 se habituaram com tal express\u00e3o de modo que a empregam sempre que se trata de um tratamento diferenciado, mais sofisticado e de melhor qualidade.<\/p>\n<p><img loading=\"lazy\" src=\"http:\/\/franciscanos.org.br\/wp-content\/uploads\/2018\/07\/missao_sp_280718_4.jpg\" alt=\"missao_sp_280718_4\" width=\"830\" height=\"450\" \/><\/p>\n<p>\u201cAssim, com o objetivo de oferecer um tratamento VIP a todos os irm\u00e3os em situa\u00e7\u00e3o de rua que s\u00e3o acolhidos diariamente no Ch\u00e1 do Padre, muitos volunt\u00e1rios dedicaram sua tarde de s\u00e1bado para uma verdadeira experi\u00eancia de encontro e solidariedade. Formando uma grande fraternidade com os irm\u00e3os acolhidos, puderam concretizar a sua miss\u00e3o atrav\u00e9s de corte de cabelo, barba, cuidado com os p\u00e9s, manicure, disponibilidade para uma boa prosa, oficina de arte, karaok\u00ea, jogo de cartas e domin\u00f3s. S\u00f3 a oferta desses servi\u00e7os j\u00e1 seria o suficiente, mas por se tratar de pessoas muito importantes, nossos volunt\u00e1rios tamb\u00e9m acolheram a todos os irm\u00e3os em situa\u00e7\u00e3o de rua com muita alegria, simpatia, cordialidade, proximidade e simplicidade. Enfim, foi uma tarde para ficar na mem\u00f3ria e no cora\u00e7\u00e3o de quem foi tratado como VIP, bem como daqueles que descobriram tamanha nobreza dentro de si, a ponto de serem capazes de descobrir a real import\u00e2ncia daquelas pessoas com as quais tiveram contato no dia hoje\u201d, disse Frei Diego.<\/p>\n<p>J\u00e1 na ocupa\u00e7\u00e3o, os trabalhos aconteceram junto com as crian\u00e7as que residem no local. Jogos, pintura de rosto, m\u00fasica, dan\u00e7a e muitas brincadeiras animaram \u00e0 tarde.<\/p>\n<p><img loading=\"lazy\" src=\"http:\/\/franciscanos.org.br\/wp-content\/uploads\/2018\/07\/missao_sp_280718_2.jpg\" alt=\"missao_sp_280718_2\" width=\"830\" height=\"450\" \/><\/p>\n<p>A jovem Tais Ara\u00fajo participou pela primeira vez e afirma que se emocionou com muitas hist\u00f3rias de vida. \u201cN\u00e3o ajudei da forma que eles precisam, mas ajudei com o pouco que Deus me permitiu. Adorei muito esta experi\u00eancia e pretendo participar mais vezes\u201d, frisou. O aspirante Eduardo Mendes Fran\u00e7a mencionou que foi uma \u00f3tima experi\u00eancia para ele, pois vem de uma realidade totalmente diferente de Santa Catarina. \u201cLogo no come\u00e7o quando vi as crian\u00e7as me veio uma fala de S\u00e3o Francisco na mente: \u2018Pregue o Evangelho em todo tempo e, se necess\u00e1rio, use as palavras\u2019. O simples fato de estarmos presentes na vida de cada um naquela ocupa\u00e7\u00e3o j\u00e1 foi suficiente para elas se sentirem amadas por Deus\u201d, salientou.<\/p>\n<p>Regina Oyamaguchi mencionou que j\u00e1 participa da Igreja h\u00e1 muitos anos, mas que participar da miss\u00e3o foi uma grande novidade para ela, pois nunca havia feito antes. \u201cSempre fui muito de dentro da Igreja, mas eu sabia que precisava fazer esse caminho, embora sempre tivesse protelado. Hoje eu percebi nitidamente que Cristo estava fora de mim porque eu n\u00e3o tinha caminhado em miss\u00e3o assim como hoje. Aquelas pessoas me criaram um impacto e me assustaram no come\u00e7o. \u00c9 preciso ver, experimentar e vivenciar, n\u00e3o \u00e9 poss\u00edvel ser Igreja apenas dentro da Igreja. Aprendemos ritos, cantos, mas n\u00e3o vivemos Cristo apenas dentro da Igreja. S\u00f3 viveremos realmente o Cristo a partir da experi\u00eancia. Eu sinto que hoje Cristo come\u00e7ou a entrar em mim e ano que vem estaremos aqui de novo\u201d, revelou.<\/p>\n<p><img loading=\"lazy\" src=\"http:\/\/franciscanos.org.br\/wp-content\/uploads\/2018\/07\/missao_sp_280718_5.jpg\" alt=\"missao_sp_280718_5\" width=\"830\" height=\"400\" \/><\/p>\n<p>\u201cQuando se fala em miss\u00e3o volto ao ponto de partida pelo qual me senti tocada e chamada a viver a radicalidade do Batismo. Esta miss\u00e3o foi uma experi\u00eancia \u00fanica, onde pude vivenciar nas pequenas coisas a manifesta\u00e7\u00e3o do amor misericordioso de Deus. O encontro com as fam\u00edlias, sobretudo estar com as crian\u00e7as, na simplicidade, na alegria e na pureza de cora\u00e7\u00e3o me fez refletir a frase que recebi antes de sair em miss\u00e3o que dizia o seguinte: &#8220;n\u00e3o ardia o nosso cora\u00e7\u00e3o quando Ele nos falava pelo caminho ?&#8230; &#8221; Comigo aconteceu algo incr\u00edvel, que nenhuma palavra poderia decifrar meus sentimentos, mas sei que meu cora\u00e7\u00e3o pulsava mais forte ao ver o sorriso estampado no rosto de cada crian\u00e7a que tive a oportunidade de me aproximar. Em um determinado momento parei para observ\u00e1-los e percebi o quanto \u00e9 gratificante colocar os dons a servi\u00e7o do Reino onde quer que estejamos\u201d, acentuou Irm\u00e3 Roseane de S\u00e3o Paulo.<\/p>\n<p>No final da tarde os participantes reuniram-se novamente na Par\u00f3quia e partilharam suas experi\u00eancias e aprendizados. E para encerrar o dia os mission\u00e1rios partilharam dos alimentos que cada um trouxe para confraterniza\u00e7\u00e3o final.<\/p>\n","protected":false},"excerpt":{"rendered":"<p>Miss\u00e3o Franciscana<\/p>\n","protected":false},"author":5,"featured_media":205915,"comment_status":"open","ping_status":"open","sticky":false,"template":"","format":"standard","meta":[],"categories":[1],"tags":[122,559,552],"acf":[],"yoast_head":"<!-- This site is optimized with the Yoast SEO plugin v19.2 - https:\/\/yoast.com\/wordpress\/plugins\/seo\/ -->\n<title>\u201cN\u00e3o se pode ser Igreja apenas dentro da igreja\u201d - Not\u00edcias - Franciscanos<\/title>\n<meta name=\"robots\" content=\"index, follow, max-snippet:-1, max-image-preview:large, max-video-preview:-1\" \/>\n<link rel=\"canonical\" href=\"https:\/\/franciscanos.org.br\/noticias\/missao-no-centro-de-sao-paulo-nao-se-pode-ser-igreja-apenas-dentro-da-igreja.html\" \/>\n<meta property=\"og:locale\" content=\"pt_BR\" \/>\n<meta property=\"og:type\" content=\"article\" \/>\n<meta property=\"og:title\" content=\"\u201cN\u00e3o se pode ser Igreja apenas dentro da igreja\u201d - Not\u00edcias - Franciscanos\" \/>\n<meta property=\"og:description\" content=\"Miss\u00e3o Franciscana\" \/>\n<meta property=\"og:url\" content=\"https:\/\/franciscanos.org.br\/noticias\/missao-no-centro-de-sao-paulo-nao-se-pode-ser-igreja-apenas-dentro-da-igreja.html\" \/>\n<meta property=\"og:site_name\" content=\"Not\u00edcias - Franciscanos\" \/>\n<meta property=\"article:published_time\" content=\"2018-07-29T02:26:21+00:00\" \/>\n<meta property=\"article:modified_time\" content=\"2019-08-23T13:58:51+00:00\" \/>\n<meta property=\"og:image\" content=\"https:\/\/franciscanos.org.br\/noticias\/wp-content\/uploads\/2018\/07\/missao_sp_280718.jpg\" \/>\n\t<meta property=\"og:image:width\" content=\"273\" \/>\n\t<meta property=\"og:image:height\" content=\"181\" \/>\n\t<meta property=\"og:image:type\" content=\"image\/jpeg\" \/>\n<meta name=\"author\" content=\"freiaugusto\" \/>\n<meta name=\"twitter:card\" content=\"summary_large_image\" \/>\n<meta name=\"twitter:label1\" content=\"Escrito por\" \/>\n\t<meta name=\"twitter:data1\" content=\"freiaugusto\" \/>\n\t<meta name=\"twitter:label2\" content=\"Est. tempo de leitura\" \/>\n\t<meta name=\"twitter:data2\" content=\"6 minutos\" \/>\n<script type=\"application\/ld+json\" class=\"yoast-schema-graph\">{\"@context\":\"https:\/\/schema.org\",\"@graph\":[{\"@type\":\"WebSite\",\"@id\":\"https:\/\/franciscanos.org.br\/noticias\/#website\",\"url\":\"https:\/\/franciscanos.org.br\/noticias\/\",\"name\":\"Not\u00edcias - Franciscanos\",\"description\":\"Prov\u00edncia Franciscana da Imaculada Concei\u00e7\u00e3o do Brasil - Ordem dos Frades Menores - OFM\",\"potentialAction\":[{\"@type\":\"SearchAction\",\"target\":{\"@type\":\"EntryPoint\",\"urlTemplate\":\"https:\/\/franciscanos.org.br\/noticias\/?s={search_term_string}\"},\"query-input\":\"required name=search_term_string\"}],\"inLanguage\":\"pt-BR\"},{\"@type\":\"ImageObject\",\"inLanguage\":\"pt-BR\",\"@id\":\"https:\/\/franciscanos.org.br\/noticias\/missao-no-centro-de-sao-paulo-nao-se-pode-ser-igreja-apenas-dentro-da-igreja.html#primaryimage\",\"url\":\"https:\/\/franciscanos.org.br\/noticias\/wp-content\/uploads\/2018\/07\/missao_sp_280718.jpg\",\"contentUrl\":\"https:\/\/franciscanos.org.br\/noticias\/wp-content\/uploads\/2018\/07\/missao_sp_280718.jpg\",\"width\":273,\"height\":181},{\"@type\":\"WebPage\",\"@id\":\"https:\/\/franciscanos.org.br\/noticias\/missao-no-centro-de-sao-paulo-nao-se-pode-ser-igreja-apenas-dentro-da-igreja.html#webpage\",\"url\":\"https:\/\/franciscanos.org.br\/noticias\/missao-no-centro-de-sao-paulo-nao-se-pode-ser-igreja-apenas-dentro-da-igreja.html\",\"name\":\"\u201cN\u00e3o se pode ser Igreja apenas dentro da igreja\u201d - Not\u00edcias - Franciscanos\",\"isPartOf\":{\"@id\":\"https:\/\/franciscanos.org.br\/noticias\/#website\"},\"primaryImageOfPage\":{\"@id\":\"https:\/\/franciscanos.org.br\/noticias\/missao-no-centro-de-sao-paulo-nao-se-pode-ser-igreja-apenas-dentro-da-igreja.html#primaryimage\"},\"datePublished\":\"2018-07-29T02:26:21+00:00\",\"dateModified\":\"2019-08-23T13:58:51+00:00\",\"author\":{\"@id\":\"https:\/\/franciscanos.org.br\/noticias\/#\/schema\/person\/37f88f0d111cd5358b12a6556a99eb91\"},\"breadcrumb\":{\"@id\":\"https:\/\/franciscanos.org.br\/noticias\/missao-no-centro-de-sao-paulo-nao-se-pode-ser-igreja-apenas-dentro-da-igreja.html#breadcrumb\"},\"inLanguage\":\"pt-BR\",\"potentialAction\":[{\"@type\":\"ReadAction\",\"target\":[\"https:\/\/franciscanos.org.br\/noticias\/missao-no-centro-de-sao-paulo-nao-se-pode-ser-igreja-apenas-dentro-da-igreja.html\"]}]},{\"@type\":\"BreadcrumbList\",\"@id\":\"https:\/\/franciscanos.org.br\/noticias\/missao-no-centro-de-sao-paulo-nao-se-pode-ser-igreja-apenas-dentro-da-igreja.html#breadcrumb\",\"itemListElement\":[{\"@type\":\"ListItem\",\"position\":1,\"name\":\"Home\",\"item\":\"https:\/\/franciscanos.org.br\/noticias\"},{\"@type\":\"ListItem\",\"position\":2,\"name\":\"\u201cN\u00e3o se pode ser Igreja apenas dentro da igreja\u201d\"}]},{\"@type\":\"Person\",\"@id\":\"https:\/\/franciscanos.org.br\/noticias\/#\/schema\/person\/37f88f0d111cd5358b12a6556a99eb91\",\"name\":\"freiaugusto\",\"image\":{\"@type\":\"ImageObject\",\"inLanguage\":\"pt-BR\",\"@id\":\"https:\/\/franciscanos.org.br\/noticias\/#\/schema\/person\/image\/\",\"url\":\"https:\/\/secure.gravatar.com\/avatar\/9840b940e621801b24f3e6b059efb4b7?s=96&d=mm&r=g\",\"contentUrl\":\"https:\/\/secure.gravatar.com\/avatar\/9840b940e621801b24f3e6b059efb4b7?s=96&d=mm&r=g\",\"caption\":\"freiaugusto\"},\"url\":\"https:\/\/franciscanos.org.br\/noticias\/author\/freiaugusto\"}]}<\/script>\n<!-- \/ Yoast SEO plugin. -->","yoast_head_json":{"title":"\u201cN\u00e3o se pode ser Igreja apenas dentro da igreja\u201d - Not\u00edcias - Franciscanos","robots":{"index":"index","follow":"follow","max-snippet":"max-snippet:-1","max-image-preview":"max-image-preview:large","max-video-preview":"max-video-preview:-1"},"canonical":"https:\/\/franciscanos.org.br\/noticias\/missao-no-centro-de-sao-paulo-nao-se-pode-ser-igreja-apenas-dentro-da-igreja.html","og_locale":"pt_BR","og_type":"article","og_title":"\u201cN\u00e3o se pode ser Igreja apenas dentro da igreja\u201d - Not\u00edcias - Franciscanos","og_description":"Miss\u00e3o Franciscana","og_url":"https:\/\/franciscanos.org.br\/noticias\/missao-no-centro-de-sao-paulo-nao-se-pode-ser-igreja-apenas-dentro-da-igreja.html","og_site_name":"Not\u00edcias - Franciscanos","article_published_time":"2018-07-29T02:26:21+00:00","article_modified_time":"2019-08-23T13:58:51+00:00","og_image":[{"width":273,"height":181,"url":"https:\/\/franciscanos.org.br\/noticias\/wp-content\/uploads\/2018\/07\/missao_sp_280718.jpg","type":"image\/jpeg"}],"author":"freiaugusto","twitter_card":"summary_large_image","twitter_misc":{"Escrito por":"freiaugusto","Est. tempo de leitura":"6 minutos"},"schema":{"@context":"https:\/\/schema.org","@graph":[{"@type":"WebSite","@id":"https:\/\/franciscanos.org.br\/noticias\/#website","url":"https:\/\/franciscanos.org.br\/noticias\/","name":"Not\u00edcias - Franciscanos","description":"Prov\u00edncia Franciscana da Imaculada Concei\u00e7\u00e3o do Brasil - Ordem dos Frades Menores - OFM","potentialAction":[{"@type":"SearchAction","target":{"@type":"EntryPoint","urlTemplate":"https:\/\/franciscanos.org.br\/noticias\/?s={search_term_string}"},"query-input":"required name=search_term_string"}],"inLanguage":"pt-BR"},{"@type":"ImageObject","inLanguage":"pt-BR","@id":"https:\/\/franciscanos.org.br\/noticias\/missao-no-centro-de-sao-paulo-nao-se-pode-ser-igreja-apenas-dentro-da-igreja.html#primaryimage","url":"https:\/\/franciscanos.org.br\/noticias\/wp-content\/uploads\/2018\/07\/missao_sp_280718.jpg","contentUrl":"https:\/\/franciscanos.org.br\/noticias\/wp-content\/uploads\/2018\/07\/missao_sp_280718.jpg","width":273,"height":181},{"@type":"WebPage","@id":"https:\/\/franciscanos.org.br\/noticias\/missao-no-centro-de-sao-paulo-nao-se-pode-ser-igreja-apenas-dentro-da-igreja.html#webpage","url":"https:\/\/franciscanos.org.br\/noticias\/missao-no-centro-de-sao-paulo-nao-se-pode-ser-igreja-apenas-dentro-da-igreja.html","name":"\u201cN\u00e3o se pode ser Igreja apenas dentro da igreja\u201d - Not\u00edcias - Franciscanos","isPartOf":{"@id":"https:\/\/franciscanos.org.br\/noticias\/#website"},"primaryImageOfPage":{"@id":"https:\/\/franciscanos.org.br\/noticias\/missao-no-centro-de-sao-paulo-nao-se-pode-ser-igreja-apenas-dentro-da-igreja.html#primaryimage"},"datePublished":"2018-07-29T02:26:21+00:00","dateModified":"2019-08-23T13:58:51+00:00","author":{"@id":"https:\/\/franciscanos.org.br\/noticias\/#\/schema\/person\/37f88f0d111cd5358b12a6556a99eb91"},"breadcrumb":{"@id":"https:\/\/franciscanos.org.br\/noticias\/missao-no-centro-de-sao-paulo-nao-se-pode-ser-igreja-apenas-dentro-da-igreja.html#breadcrumb"},"inLanguage":"pt-BR","potentialAction":[{"@type":"ReadAction","target":["https:\/\/franciscanos.org.br\/noticias\/missao-no-centro-de-sao-paulo-nao-se-pode-ser-igreja-apenas-dentro-da-igreja.html"]}]},{"@type":"BreadcrumbList","@id":"https:\/\/franciscanos.org.br\/noticias\/missao-no-centro-de-sao-paulo-nao-se-pode-ser-igreja-apenas-dentro-da-igreja.html#breadcrumb","itemListElement":[{"@type":"ListItem","position":1,"name":"Home","item":"https:\/\/franciscanos.org.br\/noticias"},{"@type":"ListItem","position":2,"name":"\u201cN\u00e3o se pode ser Igreja apenas dentro da igreja\u201d"}]},{"@type":"Person","@id":"https:\/\/franciscanos.org.br\/noticias\/#\/schema\/person\/37f88f0d111cd5358b12a6556a99eb91","name":"freiaugusto","image":{"@type":"ImageObject","inLanguage":"pt-BR","@id":"https:\/\/franciscanos.org.br\/noticias\/#\/schema\/person\/image\/","url":"https:\/\/secure.gravatar.com\/avatar\/9840b940e621801b24f3e6b059efb4b7?s=96&d=mm&r=g","contentUrl":"https:\/\/secure.gravatar.com\/avatar\/9840b940e621801b24f3e6b059efb4b7?s=96&d=mm&r=g","caption":"freiaugusto"},"url":"https:\/\/franciscanos.org.br\/noticias\/author\/freiaugusto"}]}},"_links":{"self":[{"href":"https:\/\/franciscanos.org.br\/noticias\/wp-json\/wp\/v2\/posts\/167592"}],"collection":[{"href":"https:\/\/franciscanos.org.br\/noticias\/wp-json\/wp\/v2\/posts"}],"about":[{"href":"https:\/\/franciscanos.org.br\/noticias\/wp-json\/wp\/v2\/types\/post"}],"author":[{"embeddable":true,"href":"https:\/\/franciscanos.org.br\/noticias\/wp-json\/wp\/v2\/users\/5"}],"replies":[{"embeddable":true,"href":"https:\/\/franciscanos.org.br\/noticias\/wp-json\/wp\/v2\/comments?post=167592"}],"version-history":[{"count":0,"href":"https:\/\/franciscanos.org.br\/noticias\/wp-json\/wp\/v2\/posts\/167592\/revisions"}],"wp:featuredmedia":[{"embeddable":true,"href":"https:\/\/franciscanos.org.br\/noticias\/wp-json\/wp\/v2\/media\/205915"}],"wp:attachment":[{"href":"https:\/\/franciscanos.org.br\/noticias\/wp-json\/wp\/v2\/media?parent=167592"}],"wp:term":[{"taxonomy":"category","embeddable":true,"href":"https:\/\/franciscanos.org.br\/noticias\/wp-json\/wp\/v2\/categories?post=167592"},{"taxonomy":"post_tag","embeddable":true,"href":"https:\/\/franciscanos.org.br\/noticias\/wp-json\/wp\/v2\/tags?post=167592"}],"curies":[{"name":"wp","href":"https:\/\/api.w.org\/{rel}","templated":true}]}}