{"id":167467,"date":"2018-07-26T08:27:54","date_gmt":"2018-07-26T11:27:54","guid":{"rendered":"http:\/\/franciscanos.org.br\/?p=167467"},"modified":"2019-07-09T09:33:08","modified_gmt":"2019-07-09T12:33:08","slug":"divulgados-os-vencedores-do-premio-de-comunicacao","status":"publish","type":"post","link":"https:\/\/franciscanos.org.br\/noticias\/divulgados-os-vencedores-do-premio-de-comunicacao.html","title":{"rendered":"Divulgados os vencedores dos Pr\u00eamios de Comunica\u00e7\u00e3o"},"content":{"rendered":"<p><strong><img loading=\"lazy\" src=\"http:\/\/franciscanos.org.br\/wp-content\/uploads\/2018\/07\/cnbb_260718-830.jpg\" alt=\"cnbb_260718 830\" width=\"830\" height=\"400\" \/><\/strong><\/p>\n<p><strong>S\u00e3o Paulo (SP) &#8211;<\/strong> Foi ao ar na quarta-feira, 25\/07, a cerim\u00f4nia de entrega da 51\u00aa edi\u00e7\u00e3o dos Pr\u00eamios de Comunica\u00e7\u00e3o da CNBB (Confer\u00eancia Nacional dos Bispos do Brasil). O evento foi gravado na \u00faltima sexta-feira, 20, no audit\u00f3rio da TV Aparecida, durante o 6\u00ba Encontro Nacional da Pastoral da Comunica\u00e7\u00e3o e foi apresentado pelos jornalistas Marcelo Zanini e Ivy Le\u00e3o.<\/p>\n<p>Durante a cerim\u00f4nia de premia\u00e7\u00e3o, Dom Darci Jos\u00e9 Nicioli, Arcebispo de Diamantina (MG) e Presidente da Comiss\u00e3o para a Comunica\u00e7\u00e3o da CNBB, falou sobre a iniciativa do evento: &#8220;O que vamos ver neste programa \u00e9 uma demonstra\u00e7\u00e3o concreta de respeito e de afeto da Igreja no Brasil para com todos os comunicadores deste pa\u00eds&#8221;.<\/p>\n<p>O pr\u00eamio \u00e9 dividido em cinco categorias: Margarida de Prata (Cinema), Microfone de Prata (R\u00e1dio), Clara de Assis (TV), H\u00e9lder C\u00e2mara (Imprensa) e Dom Luciano Mendes de Almeida (Internet). Desde o final do ano passado, os candidatos puderam inscrever seus projetos atrav\u00e9s do site dos Pr\u00eamios de Comunica\u00e7\u00e3o. Em 13 de junho, os organizadores divulgaram os tr\u00eas finalistas em cada categoria.<\/p>\n<p>A <a href=\"https:\/\/www.youtube.com\/channel\/UCD0S_mNdoYXO6dtfATBfU4Q\" target=\"_blank\" rel=\"noopener noreferrer\"><strong>WebTV Franciscanos<\/strong><\/a>, iniciativa da Prov\u00edncia Franciscana da Imaculada Concei\u00e7\u00e3o do Brasil, foi uma das finalistas no pr\u00eamio Dom Luciano Mendes de Almeida, na categoria Iniciativa em Redes Sociais. O programa Agito Cultural, da Arquidiocese de S\u00e3o Sebasti\u00e3o do Rio de Janeiro foi o vencedor pelo voto do j\u00fari da premia\u00e7\u00e3o. J\u00e1 em men\u00e7\u00e3o honrosa, voto popular dado atrav\u00e9s das redes sociais, o vencedor na categoria foi o canal do Youtube do Padre Reginaldo Manzotti.<\/p>\n<p>Para a sele\u00e7\u00e3o das produ\u00e7\u00f5es foram consideradas as de maior express\u00e3o t\u00e9cnica e destaque dos valores humanos. E a an\u00e1lise final ficou a cargo de bispos da Comiss\u00e3o Especial eleita pelo Conselho Episcopal Pastoral (Consep), que formam o j\u00fari da premia\u00e7\u00e3o.<\/p>\n<p>Confira abaixo todos os vencedores:<br \/>\n<strong>PR\u00caMIO \u201cMARGARIDA DE PRATA\u201d (Cinema)<\/strong><br \/>\nCategoria: Curta-Metragem<br \/>\nKIWXI \u2013 Mem\u00f3ria, Mart\u00edrio e Miss\u00e3o de Vicente Ca\u00f1as &#8211; Verbo Filmes<br \/>\nCategoria: Longa-Metragem<br \/>\nMarcos Medeiros, codinome vampiro \u2013 Vicente Duque Estrada<br \/>\n<strong>PR\u00caMIO \u201cDOM LUCIANO MENDES DE ALMEIDA\u201d (Internet)<\/strong><br \/>\nCategoria: Portal, sites e blog<br \/>\nWebradio Cora\u00e7\u00e3o de M\u00e3e<br \/>\nCategoria: Iniciativas em Redes Sociais<br \/>\nTVweb Redentor \u2013 Agito Cultural<br \/>\nCategoria: Aplicativos<br \/>\nAplicativo OSID \u2013 Elaine Mara Goes Franco<br \/>\n<strong>PR\u00caMIO \u201cCLARA DE ASSIS\u201d (TV)<\/strong><br \/>\nCategoria: Reportagem<br \/>\nConflitos agr\u00e1rios no Brasil \u2013 Fabiano Villela dos Santos<br \/>\nCategoria: Document\u00e1rio<br \/>\nMarcados pelo Sol<br \/>\n<strong>PR\u00caMIO \u201cDOM H\u00c9LDER C\u00c2MARA\u201d (Imprensa)<\/strong><br \/>\nCategoria: Jornal<br \/>\nSozinhas \u2013 A hist\u00f3ria de mulheres que sofrem viol\u00eancia no campo \u2013 \u00c2ngela Bastos<br \/>\nCategoria: Revista<br \/>\nA porta do C\u00e9u \u2013 revista GPS \u2013 Paulo Henrique Pimenta da Silva<br \/>\n<strong>PR\u00caMIO \u201cMICROFONE DE PRATA\u201d (R\u00e1dio)<\/strong><br \/>\nCategoria: Jornal\u00edstico<br \/>\nUm p\u00e9 de coa\u00e7\u00fa \u2013 meu lugar \u00e9 minha hist\u00f3ria<br \/>\nCategoria: Religioso<br \/>\nUm Conto de Natal<br \/>\nCategoria: Entretenimento<br \/>\nPrograma Acorda Brasil<br \/>\n<em>Com informa\u00e7\u00f5es do Portal A12<\/em><\/p>\n","protected":false},"excerpt":{"rendered":"<p>CNBB<\/p>\n","protected":false},"author":1,"featured_media":207433,"comment_status":"open","ping_status":"open","sticky":false,"template":"","format":"standard","meta":[],"categories":[1],"tags":[29,545],"acf":[],"yoast_head":"<!-- This site is optimized with the Yoast SEO plugin v19.2 - https:\/\/yoast.com\/wordpress\/plugins\/seo\/ -->\n<title>Divulgados os vencedores dos Pr\u00eamios de Comunica\u00e7\u00e3o - Not\u00edcias - Franciscanos<\/title>\n<meta name=\"robots\" content=\"index, follow, max-snippet:-1, max-image-preview:large, max-video-preview:-1\" \/>\n<link rel=\"canonical\" href=\"https:\/\/franciscanos.org.br\/noticias\/divulgados-os-vencedores-do-premio-de-comunicacao.html\" \/>\n<meta property=\"og:locale\" content=\"pt_BR\" \/>\n<meta property=\"og:type\" content=\"article\" \/>\n<meta property=\"og:title\" content=\"Divulgados os vencedores dos Pr\u00eamios de Comunica\u00e7\u00e3o - Not\u00edcias - Franciscanos\" \/>\n<meta property=\"og:description\" content=\"CNBB\" \/>\n<meta property=\"og:url\" content=\"https:\/\/franciscanos.org.br\/noticias\/divulgados-os-vencedores-do-premio-de-comunicacao.html\" \/>\n<meta property=\"og:site_name\" content=\"Not\u00edcias - Franciscanos\" \/>\n<meta property=\"article:published_time\" content=\"2018-07-26T11:27:54+00:00\" \/>\n<meta property=\"article:modified_time\" content=\"2019-07-09T12:33:08+00:00\" \/>\n<meta property=\"og:image\" content=\"https:\/\/franciscanos.org.br\/noticias\/wp-content\/uploads\/2018\/07\/cnbb_260718-830.jpg\" \/>\n\t<meta property=\"og:image:width\" content=\"273\" \/>\n\t<meta property=\"og:image:height\" content=\"181\" \/>\n\t<meta property=\"og:image:type\" content=\"image\/jpeg\" \/>\n<meta name=\"author\" content=\"admin\" \/>\n<meta name=\"twitter:card\" content=\"summary_large_image\" \/>\n<meta name=\"twitter:label1\" content=\"Escrito por\" \/>\n\t<meta name=\"twitter:data1\" content=\"admin\" \/>\n\t<meta name=\"twitter:label2\" content=\"Est. tempo de leitura\" \/>\n\t<meta name=\"twitter:data2\" content=\"2 minutos\" \/>\n<script type=\"application\/ld+json\" class=\"yoast-schema-graph\">{\"@context\":\"https:\/\/schema.org\",\"@graph\":[{\"@type\":\"WebSite\",\"@id\":\"https:\/\/franciscanos.org.br\/noticias\/#website\",\"url\":\"https:\/\/franciscanos.org.br\/noticias\/\",\"name\":\"Not\u00edcias - Franciscanos\",\"description\":\"Prov\u00edncia Franciscana da Imaculada Concei\u00e7\u00e3o do Brasil - Ordem dos Frades Menores - OFM\",\"potentialAction\":[{\"@type\":\"SearchAction\",\"target\":{\"@type\":\"EntryPoint\",\"urlTemplate\":\"https:\/\/franciscanos.org.br\/noticias\/?s={search_term_string}\"},\"query-input\":\"required name=search_term_string\"}],\"inLanguage\":\"pt-BR\"},{\"@type\":\"ImageObject\",\"inLanguage\":\"pt-BR\",\"@id\":\"https:\/\/franciscanos.org.br\/noticias\/divulgados-os-vencedores-do-premio-de-comunicacao.html#primaryimage\",\"url\":\"https:\/\/franciscanos.org.br\/noticias\/wp-content\/uploads\/2018\/07\/cnbb_260718-830.jpg\",\"contentUrl\":\"https:\/\/franciscanos.org.br\/noticias\/wp-content\/uploads\/2018\/07\/cnbb_260718-830.jpg\",\"width\":273,\"height\":181},{\"@type\":\"WebPage\",\"@id\":\"https:\/\/franciscanos.org.br\/noticias\/divulgados-os-vencedores-do-premio-de-comunicacao.html#webpage\",\"url\":\"https:\/\/franciscanos.org.br\/noticias\/divulgados-os-vencedores-do-premio-de-comunicacao.html\",\"name\":\"Divulgados os vencedores dos Pr\u00eamios de Comunica\u00e7\u00e3o - Not\u00edcias - Franciscanos\",\"isPartOf\":{\"@id\":\"https:\/\/franciscanos.org.br\/noticias\/#website\"},\"primaryImageOfPage\":{\"@id\":\"https:\/\/franciscanos.org.br\/noticias\/divulgados-os-vencedores-do-premio-de-comunicacao.html#primaryimage\"},\"datePublished\":\"2018-07-26T11:27:54+00:00\",\"dateModified\":\"2019-07-09T12:33:08+00:00\",\"author\":{\"@id\":\"https:\/\/franciscanos.org.br\/noticias\/#\/schema\/person\/b38fbf43118f02820bd932f2e4b14ad3\"},\"breadcrumb\":{\"@id\":\"https:\/\/franciscanos.org.br\/noticias\/divulgados-os-vencedores-do-premio-de-comunicacao.html#breadcrumb\"},\"inLanguage\":\"pt-BR\",\"potentialAction\":[{\"@type\":\"ReadAction\",\"target\":[\"https:\/\/franciscanos.org.br\/noticias\/divulgados-os-vencedores-do-premio-de-comunicacao.html\"]}]},{\"@type\":\"BreadcrumbList\",\"@id\":\"https:\/\/franciscanos.org.br\/noticias\/divulgados-os-vencedores-do-premio-de-comunicacao.html#breadcrumb\",\"itemListElement\":[{\"@type\":\"ListItem\",\"position\":1,\"name\":\"Home\",\"item\":\"https:\/\/franciscanos.org.br\/noticias\"},{\"@type\":\"ListItem\",\"position\":2,\"name\":\"Divulgados os vencedores dos Pr\u00eamios de Comunica\u00e7\u00e3o\"}]},{\"@type\":\"Person\",\"@id\":\"https:\/\/franciscanos.org.br\/noticias\/#\/schema\/person\/b38fbf43118f02820bd932f2e4b14ad3\",\"name\":\"admin\",\"image\":{\"@type\":\"ImageObject\",\"inLanguage\":\"pt-BR\",\"@id\":\"https:\/\/franciscanos.org.br\/noticias\/#\/schema\/person\/image\/\",\"url\":\"https:\/\/secure.gravatar.com\/avatar\/e8495742d34d0ba6448ea1c628263b3e?s=96&d=mm&r=g\",\"contentUrl\":\"https:\/\/secure.gravatar.com\/avatar\/e8495742d34d0ba6448ea1c628263b3e?s=96&d=mm&r=g\",\"caption\":\"admin\"},\"url\":\"https:\/\/franciscanos.org.br\/noticias\/author\/admin\"}]}<\/script>\n<!-- \/ Yoast SEO plugin. -->","yoast_head_json":{"title":"Divulgados os vencedores dos Pr\u00eamios de Comunica\u00e7\u00e3o - Not\u00edcias - Franciscanos","robots":{"index":"index","follow":"follow","max-snippet":"max-snippet:-1","max-image-preview":"max-image-preview:large","max-video-preview":"max-video-preview:-1"},"canonical":"https:\/\/franciscanos.org.br\/noticias\/divulgados-os-vencedores-do-premio-de-comunicacao.html","og_locale":"pt_BR","og_type":"article","og_title":"Divulgados os vencedores dos Pr\u00eamios de Comunica\u00e7\u00e3o - Not\u00edcias - Franciscanos","og_description":"CNBB","og_url":"https:\/\/franciscanos.org.br\/noticias\/divulgados-os-vencedores-do-premio-de-comunicacao.html","og_site_name":"Not\u00edcias - Franciscanos","article_published_time":"2018-07-26T11:27:54+00:00","article_modified_time":"2019-07-09T12:33:08+00:00","og_image":[{"width":273,"height":181,"url":"https:\/\/franciscanos.org.br\/noticias\/wp-content\/uploads\/2018\/07\/cnbb_260718-830.jpg","type":"image\/jpeg"}],"author":"admin","twitter_card":"summary_large_image","twitter_misc":{"Escrito por":"admin","Est. tempo de leitura":"2 minutos"},"schema":{"@context":"https:\/\/schema.org","@graph":[{"@type":"WebSite","@id":"https:\/\/franciscanos.org.br\/noticias\/#website","url":"https:\/\/franciscanos.org.br\/noticias\/","name":"Not\u00edcias - Franciscanos","description":"Prov\u00edncia Franciscana da Imaculada Concei\u00e7\u00e3o do Brasil - Ordem dos Frades Menores - OFM","potentialAction":[{"@type":"SearchAction","target":{"@type":"EntryPoint","urlTemplate":"https:\/\/franciscanos.org.br\/noticias\/?s={search_term_string}"},"query-input":"required name=search_term_string"}],"inLanguage":"pt-BR"},{"@type":"ImageObject","inLanguage":"pt-BR","@id":"https:\/\/franciscanos.org.br\/noticias\/divulgados-os-vencedores-do-premio-de-comunicacao.html#primaryimage","url":"https:\/\/franciscanos.org.br\/noticias\/wp-content\/uploads\/2018\/07\/cnbb_260718-830.jpg","contentUrl":"https:\/\/franciscanos.org.br\/noticias\/wp-content\/uploads\/2018\/07\/cnbb_260718-830.jpg","width":273,"height":181},{"@type":"WebPage","@id":"https:\/\/franciscanos.org.br\/noticias\/divulgados-os-vencedores-do-premio-de-comunicacao.html#webpage","url":"https:\/\/franciscanos.org.br\/noticias\/divulgados-os-vencedores-do-premio-de-comunicacao.html","name":"Divulgados os vencedores dos Pr\u00eamios de Comunica\u00e7\u00e3o - Not\u00edcias - Franciscanos","isPartOf":{"@id":"https:\/\/franciscanos.org.br\/noticias\/#website"},"primaryImageOfPage":{"@id":"https:\/\/franciscanos.org.br\/noticias\/divulgados-os-vencedores-do-premio-de-comunicacao.html#primaryimage"},"datePublished":"2018-07-26T11:27:54+00:00","dateModified":"2019-07-09T12:33:08+00:00","author":{"@id":"https:\/\/franciscanos.org.br\/noticias\/#\/schema\/person\/b38fbf43118f02820bd932f2e4b14ad3"},"breadcrumb":{"@id":"https:\/\/franciscanos.org.br\/noticias\/divulgados-os-vencedores-do-premio-de-comunicacao.html#breadcrumb"},"inLanguage":"pt-BR","potentialAction":[{"@type":"ReadAction","target":["https:\/\/franciscanos.org.br\/noticias\/divulgados-os-vencedores-do-premio-de-comunicacao.html"]}]},{"@type":"BreadcrumbList","@id":"https:\/\/franciscanos.org.br\/noticias\/divulgados-os-vencedores-do-premio-de-comunicacao.html#breadcrumb","itemListElement":[{"@type":"ListItem","position":1,"name":"Home","item":"https:\/\/franciscanos.org.br\/noticias"},{"@type":"ListItem","position":2,"name":"Divulgados os vencedores dos Pr\u00eamios de Comunica\u00e7\u00e3o"}]},{"@type":"Person","@id":"https:\/\/franciscanos.org.br\/noticias\/#\/schema\/person\/b38fbf43118f02820bd932f2e4b14ad3","name":"admin","image":{"@type":"ImageObject","inLanguage":"pt-BR","@id":"https:\/\/franciscanos.org.br\/noticias\/#\/schema\/person\/image\/","url":"https:\/\/secure.gravatar.com\/avatar\/e8495742d34d0ba6448ea1c628263b3e?s=96&d=mm&r=g","contentUrl":"https:\/\/secure.gravatar.com\/avatar\/e8495742d34d0ba6448ea1c628263b3e?s=96&d=mm&r=g","caption":"admin"},"url":"https:\/\/franciscanos.org.br\/noticias\/author\/admin"}]}},"_links":{"self":[{"href":"https:\/\/franciscanos.org.br\/noticias\/wp-json\/wp\/v2\/posts\/167467"}],"collection":[{"href":"https:\/\/franciscanos.org.br\/noticias\/wp-json\/wp\/v2\/posts"}],"about":[{"href":"https:\/\/franciscanos.org.br\/noticias\/wp-json\/wp\/v2\/types\/post"}],"author":[{"embeddable":true,"href":"https:\/\/franciscanos.org.br\/noticias\/wp-json\/wp\/v2\/users\/1"}],"replies":[{"embeddable":true,"href":"https:\/\/franciscanos.org.br\/noticias\/wp-json\/wp\/v2\/comments?post=167467"}],"version-history":[{"count":0,"href":"https:\/\/franciscanos.org.br\/noticias\/wp-json\/wp\/v2\/posts\/167467\/revisions"}],"wp:featuredmedia":[{"embeddable":true,"href":"https:\/\/franciscanos.org.br\/noticias\/wp-json\/wp\/v2\/media\/207433"}],"wp:attachment":[{"href":"https:\/\/franciscanos.org.br\/noticias\/wp-json\/wp\/v2\/media?parent=167467"}],"wp:term":[{"taxonomy":"category","embeddable":true,"href":"https:\/\/franciscanos.org.br\/noticias\/wp-json\/wp\/v2\/categories?post=167467"},{"taxonomy":"post_tag","embeddable":true,"href":"https:\/\/franciscanos.org.br\/noticias\/wp-json\/wp\/v2\/tags?post=167467"}],"curies":[{"name":"wp","href":"https:\/\/api.w.org\/{rel}","templated":true}]}}