{"id":167451,"date":"2018-07-25T13:46:22","date_gmt":"2018-07-25T16:46:22","guid":{"rendered":"http:\/\/franciscanos.org.br\/?p=167451"},"modified":"2019-10-30T11:07:40","modified_gmt":"2019-10-30T14:07:40","slug":"os-desafios-da-ecologia-integral-e-tema-de-serie-animada","status":"publish","type":"post","link":"https:\/\/franciscanos.org.br\/noticias\/os-desafios-da-ecologia-integral-e-tema-de-serie-animada.html","title":{"rendered":"\u201cOs desafios da Ecologia Integral\u201d \u00e9 tema de s\u00e9rie animada"},"content":{"rendered":"<p><img loading=\"lazy\" src=\"http:\/\/franciscanos.org.br\/wp-content\/uploads\/2018\/07\/repam_250718-830.jpg\" alt=\"repam_250718 830\" width=\"830\" height=\"360\" \/><br \/>\nDefender a vida, a casa comum e gerar justi\u00e7a intergeracional s\u00e3o os grandes desafios que nos apresenta a Ecologia Integral. Este conceito, presente na\u00a0<em>Laudato SI&#8217;<\/em>, como um olhar hol\u00edstico para a vida e para o cotidiano podem ser luz em vista de um novo paradigma de consumo e descarte que nos leva a transformar situa\u00e7\u00f5es de maior injusti\u00e7a e exclus\u00e3o.<\/p>\n<p>Pensando em ampliar essa discuss\u00e3o e contribuir na forma\u00e7\u00e3o das pessoas, a REPAM lan\u00e7ou \u201cO VIAJANTE DE ASSIS \u2013 S\u00e9rie Animada\u201d. A proposta \u00e9 resgatar hist\u00f3rias na Am\u00e9rica Latina de resist\u00eancia, de esperan\u00e7a, de for\u00e7a e defesa da vida, da justi\u00e7a e da ecologia integral, de forma l\u00fadica e formativa.<\/p>\n<p>Esta s\u00e9rie animada foi trabalhada pelo grupo YAKU Audiovisual, com dire\u00e7\u00e3o de Fernando Val\u00eancia e participa\u00e7\u00e3o de uma equipe multidisciplinar e multicultural. Apoiaram tamb\u00e9m as redes internacionais como a CAFOD e CRS.<\/p>\n<p>O argumento da s\u00e9rie que compartilhamos apresenta que, em pleno s\u00e9culo XXI, S\u00e3o Francisco de Assis visita a m\u00e3e terra e conversa com as criaturas que nela habitam. Seu hom\u00f4nimo, o papa Francisco, disse a ele que grandes amea\u00e7as est\u00e3o colocando a vida em grave risco na Terra.<\/p>\n<p>Ao longo de sua jornada, Francisco aprende da m\u00e3o das criaturas que o desejo de poder de alguns homens e mulheres converteu a cria\u00e7\u00e3o de Deus em instrumento, colocado a servi\u00e7o de interesses econ\u00f4micos e pol\u00edticos particulares, afastando a humanidade da constru\u00e7\u00e3o do bem comum.<\/p>\n<p>Apesar do panorama sombrio, Francisco e as criaturas tamb\u00e9m contemplam a beleza e grandeza da cria\u00e7\u00e3o divina. Nele e nas resist\u00eancias empreendidas pelos povos mais desfavorecidos, encontram-se as luzes da esperan\u00e7a e as possibilidades de transformar o curso da vida na terra.<\/p>\n<p>A s\u00e9rie consta de 8 cap\u00edtulos que ser\u00e3o lan\u00e7ados semanalmente em espanhol e, em seguida, em portugu\u00eas. Confira os epis\u00f3dios j\u00e1 lan\u00e7ados aqui:<\/p>\n<p><strong>Reciclando o Descarte:<\/strong><\/p>\n<p><iframe loading=\"lazy\" src=\"https:\/\/www.youtube.com\/embed\/g0zhUfNbQzs\" width=\"100%\" height=\"420\" frameborder=\"0\" allowfullscreen=\"allowfullscreen\"><\/iframe><br \/>\n<strong>Pedalando para a mudan\u00e7a:<\/strong><br \/>\n<iframe loading=\"lazy\" src=\"https:\/\/www.youtube.com\/embed\/g5fFqBoJoxc\" width=\"100%\" height=\"420\" frameborder=\"0\" allowfullscreen=\"allowfullscreen\"><\/iframe><br \/>\n<strong>Falta de \u00e1gua<\/strong><br \/>\n<iframe loading=\"lazy\" src=\"https:\/\/www.youtube.com\/embed\/uLGit5UGWkg\" width=\"100%\" height=\"420\" frameborder=\"0\" allowfullscreen=\"allowfullscreen\"><\/iframe><br \/>\nFonte: CNBB<\/p>\n","protected":false},"excerpt":{"rendered":"<p>Repam<\/p>\n","protected":false},"author":1,"featured_media":201104,"comment_status":"open","ping_status":"open","sticky":false,"template":"","format":"standard","meta":[],"categories":[1],"tags":[764,801,1249],"acf":[],"yoast_head":"<!-- This site is optimized with the Yoast SEO plugin v19.2 - https:\/\/yoast.com\/wordpress\/plugins\/seo\/ -->\n<title>\u201cOs desafios da Ecologia Integral\u201d \u00e9 tema de s\u00e9rie animada - Not\u00edcias - Franciscanos<\/title>\n<meta name=\"robots\" content=\"index, follow, max-snippet:-1, max-image-preview:large, max-video-preview:-1\" \/>\n<link rel=\"canonical\" href=\"https:\/\/franciscanos.org.br\/noticias\/os-desafios-da-ecologia-integral-e-tema-de-serie-animada.html\" \/>\n<meta property=\"og:locale\" content=\"pt_BR\" \/>\n<meta property=\"og:type\" content=\"article\" \/>\n<meta property=\"og:title\" content=\"\u201cOs desafios da Ecologia Integral\u201d \u00e9 tema de s\u00e9rie animada - Not\u00edcias - Franciscanos\" \/>\n<meta property=\"og:description\" content=\"Repam\" \/>\n<meta property=\"og:url\" content=\"https:\/\/franciscanos.org.br\/noticias\/os-desafios-da-ecologia-integral-e-tema-de-serie-animada.html\" \/>\n<meta property=\"og:site_name\" content=\"Not\u00edcias - Franciscanos\" \/>\n<meta property=\"article:published_time\" content=\"2018-07-25T16:46:22+00:00\" \/>\n<meta property=\"article:modified_time\" content=\"2019-10-30T14:07:40+00:00\" \/>\n<meta property=\"og:image\" content=\"https:\/\/franciscanos.org.br\/noticias\/wp-content\/uploads\/2018\/07\/repam_250718-830.jpg\" \/>\n\t<meta property=\"og:image:width\" content=\"273\" \/>\n\t<meta property=\"og:image:height\" content=\"181\" \/>\n\t<meta property=\"og:image:type\" content=\"image\/jpeg\" \/>\n<meta name=\"author\" content=\"admin\" \/>\n<meta name=\"twitter:card\" content=\"summary_large_image\" \/>\n<meta name=\"twitter:label1\" content=\"Escrito por\" \/>\n\t<meta name=\"twitter:data1\" content=\"admin\" \/>\n\t<meta name=\"twitter:label2\" content=\"Est. tempo de leitura\" \/>\n\t<meta name=\"twitter:data2\" content=\"2 minutos\" \/>\n<script type=\"application\/ld+json\" class=\"yoast-schema-graph\">{\"@context\":\"https:\/\/schema.org\",\"@graph\":[{\"@type\":\"WebSite\",\"@id\":\"https:\/\/franciscanos.org.br\/noticias\/#website\",\"url\":\"https:\/\/franciscanos.org.br\/noticias\/\",\"name\":\"Not\u00edcias - Franciscanos\",\"description\":\"Prov\u00edncia Franciscana da Imaculada Concei\u00e7\u00e3o do Brasil - Ordem dos Frades Menores - OFM\",\"potentialAction\":[{\"@type\":\"SearchAction\",\"target\":{\"@type\":\"EntryPoint\",\"urlTemplate\":\"https:\/\/franciscanos.org.br\/noticias\/?s={search_term_string}\"},\"query-input\":\"required name=search_term_string\"}],\"inLanguage\":\"pt-BR\"},{\"@type\":\"ImageObject\",\"inLanguage\":\"pt-BR\",\"@id\":\"https:\/\/franciscanos.org.br\/noticias\/os-desafios-da-ecologia-integral-e-tema-de-serie-animada.html#primaryimage\",\"url\":\"https:\/\/franciscanos.org.br\/noticias\/wp-content\/uploads\/2018\/07\/repam_250718-830.jpg\",\"contentUrl\":\"https:\/\/franciscanos.org.br\/noticias\/wp-content\/uploads\/2018\/07\/repam_250718-830.jpg\",\"width\":273,\"height\":181},{\"@type\":\"WebPage\",\"@id\":\"https:\/\/franciscanos.org.br\/noticias\/os-desafios-da-ecologia-integral-e-tema-de-serie-animada.html#webpage\",\"url\":\"https:\/\/franciscanos.org.br\/noticias\/os-desafios-da-ecologia-integral-e-tema-de-serie-animada.html\",\"name\":\"\u201cOs desafios da Ecologia Integral\u201d \u00e9 tema de s\u00e9rie animada - Not\u00edcias - Franciscanos\",\"isPartOf\":{\"@id\":\"https:\/\/franciscanos.org.br\/noticias\/#website\"},\"primaryImageOfPage\":{\"@id\":\"https:\/\/franciscanos.org.br\/noticias\/os-desafios-da-ecologia-integral-e-tema-de-serie-animada.html#primaryimage\"},\"datePublished\":\"2018-07-25T16:46:22+00:00\",\"dateModified\":\"2019-10-30T14:07:40+00:00\",\"author\":{\"@id\":\"https:\/\/franciscanos.org.br\/noticias\/#\/schema\/person\/b38fbf43118f02820bd932f2e4b14ad3\"},\"breadcrumb\":{\"@id\":\"https:\/\/franciscanos.org.br\/noticias\/os-desafios-da-ecologia-integral-e-tema-de-serie-animada.html#breadcrumb\"},\"inLanguage\":\"pt-BR\",\"potentialAction\":[{\"@type\":\"ReadAction\",\"target\":[\"https:\/\/franciscanos.org.br\/noticias\/os-desafios-da-ecologia-integral-e-tema-de-serie-animada.html\"]}]},{\"@type\":\"BreadcrumbList\",\"@id\":\"https:\/\/franciscanos.org.br\/noticias\/os-desafios-da-ecologia-integral-e-tema-de-serie-animada.html#breadcrumb\",\"itemListElement\":[{\"@type\":\"ListItem\",\"position\":1,\"name\":\"Home\",\"item\":\"https:\/\/franciscanos.org.br\/noticias\"},{\"@type\":\"ListItem\",\"position\":2,\"name\":\"\u201cOs desafios da Ecologia Integral\u201d \u00e9 tema de s\u00e9rie animada\"}]},{\"@type\":\"Person\",\"@id\":\"https:\/\/franciscanos.org.br\/noticias\/#\/schema\/person\/b38fbf43118f02820bd932f2e4b14ad3\",\"name\":\"admin\",\"image\":{\"@type\":\"ImageObject\",\"inLanguage\":\"pt-BR\",\"@id\":\"https:\/\/franciscanos.org.br\/noticias\/#\/schema\/person\/image\/\",\"url\":\"https:\/\/secure.gravatar.com\/avatar\/e8495742d34d0ba6448ea1c628263b3e?s=96&d=mm&r=g\",\"contentUrl\":\"https:\/\/secure.gravatar.com\/avatar\/e8495742d34d0ba6448ea1c628263b3e?s=96&d=mm&r=g\",\"caption\":\"admin\"},\"url\":\"https:\/\/franciscanos.org.br\/noticias\/author\/admin\"}]}<\/script>\n<!-- \/ Yoast SEO plugin. -->","yoast_head_json":{"title":"\u201cOs desafios da Ecologia Integral\u201d \u00e9 tema de s\u00e9rie animada - Not\u00edcias - Franciscanos","robots":{"index":"index","follow":"follow","max-snippet":"max-snippet:-1","max-image-preview":"max-image-preview:large","max-video-preview":"max-video-preview:-1"},"canonical":"https:\/\/franciscanos.org.br\/noticias\/os-desafios-da-ecologia-integral-e-tema-de-serie-animada.html","og_locale":"pt_BR","og_type":"article","og_title":"\u201cOs desafios da Ecologia Integral\u201d \u00e9 tema de s\u00e9rie animada - Not\u00edcias - Franciscanos","og_description":"Repam","og_url":"https:\/\/franciscanos.org.br\/noticias\/os-desafios-da-ecologia-integral-e-tema-de-serie-animada.html","og_site_name":"Not\u00edcias - Franciscanos","article_published_time":"2018-07-25T16:46:22+00:00","article_modified_time":"2019-10-30T14:07:40+00:00","og_image":[{"width":273,"height":181,"url":"https:\/\/franciscanos.org.br\/noticias\/wp-content\/uploads\/2018\/07\/repam_250718-830.jpg","type":"image\/jpeg"}],"author":"admin","twitter_card":"summary_large_image","twitter_misc":{"Escrito por":"admin","Est. tempo de leitura":"2 minutos"},"schema":{"@context":"https:\/\/schema.org","@graph":[{"@type":"WebSite","@id":"https:\/\/franciscanos.org.br\/noticias\/#website","url":"https:\/\/franciscanos.org.br\/noticias\/","name":"Not\u00edcias - Franciscanos","description":"Prov\u00edncia Franciscana da Imaculada Concei\u00e7\u00e3o do Brasil - Ordem dos Frades Menores - OFM","potentialAction":[{"@type":"SearchAction","target":{"@type":"EntryPoint","urlTemplate":"https:\/\/franciscanos.org.br\/noticias\/?s={search_term_string}"},"query-input":"required name=search_term_string"}],"inLanguage":"pt-BR"},{"@type":"ImageObject","inLanguage":"pt-BR","@id":"https:\/\/franciscanos.org.br\/noticias\/os-desafios-da-ecologia-integral-e-tema-de-serie-animada.html#primaryimage","url":"https:\/\/franciscanos.org.br\/noticias\/wp-content\/uploads\/2018\/07\/repam_250718-830.jpg","contentUrl":"https:\/\/franciscanos.org.br\/noticias\/wp-content\/uploads\/2018\/07\/repam_250718-830.jpg","width":273,"height":181},{"@type":"WebPage","@id":"https:\/\/franciscanos.org.br\/noticias\/os-desafios-da-ecologia-integral-e-tema-de-serie-animada.html#webpage","url":"https:\/\/franciscanos.org.br\/noticias\/os-desafios-da-ecologia-integral-e-tema-de-serie-animada.html","name":"\u201cOs desafios da Ecologia Integral\u201d \u00e9 tema de s\u00e9rie animada - Not\u00edcias - Franciscanos","isPartOf":{"@id":"https:\/\/franciscanos.org.br\/noticias\/#website"},"primaryImageOfPage":{"@id":"https:\/\/franciscanos.org.br\/noticias\/os-desafios-da-ecologia-integral-e-tema-de-serie-animada.html#primaryimage"},"datePublished":"2018-07-25T16:46:22+00:00","dateModified":"2019-10-30T14:07:40+00:00","author":{"@id":"https:\/\/franciscanos.org.br\/noticias\/#\/schema\/person\/b38fbf43118f02820bd932f2e4b14ad3"},"breadcrumb":{"@id":"https:\/\/franciscanos.org.br\/noticias\/os-desafios-da-ecologia-integral-e-tema-de-serie-animada.html#breadcrumb"},"inLanguage":"pt-BR","potentialAction":[{"@type":"ReadAction","target":["https:\/\/franciscanos.org.br\/noticias\/os-desafios-da-ecologia-integral-e-tema-de-serie-animada.html"]}]},{"@type":"BreadcrumbList","@id":"https:\/\/franciscanos.org.br\/noticias\/os-desafios-da-ecologia-integral-e-tema-de-serie-animada.html#breadcrumb","itemListElement":[{"@type":"ListItem","position":1,"name":"Home","item":"https:\/\/franciscanos.org.br\/noticias"},{"@type":"ListItem","position":2,"name":"\u201cOs desafios da Ecologia Integral\u201d \u00e9 tema de s\u00e9rie animada"}]},{"@type":"Person","@id":"https:\/\/franciscanos.org.br\/noticias\/#\/schema\/person\/b38fbf43118f02820bd932f2e4b14ad3","name":"admin","image":{"@type":"ImageObject","inLanguage":"pt-BR","@id":"https:\/\/franciscanos.org.br\/noticias\/#\/schema\/person\/image\/","url":"https:\/\/secure.gravatar.com\/avatar\/e8495742d34d0ba6448ea1c628263b3e?s=96&d=mm&r=g","contentUrl":"https:\/\/secure.gravatar.com\/avatar\/e8495742d34d0ba6448ea1c628263b3e?s=96&d=mm&r=g","caption":"admin"},"url":"https:\/\/franciscanos.org.br\/noticias\/author\/admin"}]}},"_links":{"self":[{"href":"https:\/\/franciscanos.org.br\/noticias\/wp-json\/wp\/v2\/posts\/167451"}],"collection":[{"href":"https:\/\/franciscanos.org.br\/noticias\/wp-json\/wp\/v2\/posts"}],"about":[{"href":"https:\/\/franciscanos.org.br\/noticias\/wp-json\/wp\/v2\/types\/post"}],"author":[{"embeddable":true,"href":"https:\/\/franciscanos.org.br\/noticias\/wp-json\/wp\/v2\/users\/1"}],"replies":[{"embeddable":true,"href":"https:\/\/franciscanos.org.br\/noticias\/wp-json\/wp\/v2\/comments?post=167451"}],"version-history":[{"count":0,"href":"https:\/\/franciscanos.org.br\/noticias\/wp-json\/wp\/v2\/posts\/167451\/revisions"}],"wp:featuredmedia":[{"embeddable":true,"href":"https:\/\/franciscanos.org.br\/noticias\/wp-json\/wp\/v2\/media\/201104"}],"wp:attachment":[{"href":"https:\/\/franciscanos.org.br\/noticias\/wp-json\/wp\/v2\/media?parent=167451"}],"wp:term":[{"taxonomy":"category","embeddable":true,"href":"https:\/\/franciscanos.org.br\/noticias\/wp-json\/wp\/v2\/categories?post=167451"},{"taxonomy":"post_tag","embeddable":true,"href":"https:\/\/franciscanos.org.br\/noticias\/wp-json\/wp\/v2\/tags?post=167451"}],"curies":[{"name":"wp","href":"https:\/\/api.w.org\/{rel}","templated":true}]}}