{"id":167386,"date":"2018-07-24T13:22:51","date_gmt":"2018-07-24T16:22:51","guid":{"rendered":"http:\/\/franciscanos.org.br\/?p=167386"},"modified":"2019-01-02T13:47:39","modified_gmt":"2019-01-02T15:47:39","slug":"o-convento-franciscano-no-rio-jordao-apos-50-anos-fechado","status":"publish","type":"post","link":"https:\/\/franciscanos.org.br\/noticias\/o-convento-franciscano-no-rio-jordao-apos-50-anos-fechado.html","title":{"rendered":"O convento franciscano no Rio Jord\u00e3o reabre ap\u00f3s 50 anos fechado"},"content":{"rendered":"<p><img loading=\"lazy\" src=\"http:\/\/franciscanos.org.br\/wp-content\/uploads\/2018\/07\/jordao_240718_830.jpg\" alt=\"jordao_240718_830\" width=\"830\" height=\"400\" \/><br \/>\n<strong>Terra Santa &#8211;<\/strong> O convento franciscano \u00e0s margens do Rio Jord\u00e3o havia sido fechado com toda a pressa, em 1968. H\u00e1 poucos dias, no momento de desminar a \u00e1rea, pela primeira vez um frade franciscano da Cust\u00f3dia da Terra Santa p\u00f4de entrar nele, a pedido da associa\u00e7\u00e3o Halo Trust, h\u00e1 tempos empenhada em remover as minas \u00e0 margem ocidental do rio, onde se situa o epis\u00f3dio do Batismo de Jesus.<\/p>\n<p>Desde 1967, por causa da guerra entre Israel e Jord\u00e2nia, toda aquela \u00e1rea havia sido fechada aos peregrinos e turistas, porque o enorme campo de 55 hectares havia sido minado e declarado zona militar. Somente em 2000, por causa da visita do Papa Jo\u00e3o Paulo II \u00e0 Terra Santa, havia sido aberto um pequeno acesso e depois, em 2011, as autoridades de Israel limparam pequena parte do terreno a fim de torn\u00e1-lo acess\u00edvel aos peregrinos.\u00a0Desde janeiro de 2018, pouco a pouco, Halo Trust retirou as minas de todos o territ\u00f3rio pertencente \u00e0s Igrejas crist\u00e3s: as de rito cat\u00f3lico, grego-ortodoxo, armeno, copto, et\u00edope, rumeno, s\u00edrio e russo.<\/p>\n<p>No m\u00eas de julho, foi a vez do terreno dos franciscanos, representantes da Igreja de rito cat\u00f3lico. Primeiramente retiraram as minas da estrada principal que d\u00e1 acesso \u00e0 igreja, depois desminaram o entorno e o interior da igreja. N\u00e3o foi encontrado nenhum material suspeito dentro da igreja e do convento, mas os oper\u00e1rios da Halo Trust pediram que fossem removidos todos os objetos.<br \/>\n&#8220;No dia 16 de julho , entrei no convento &#8211; conta Fr. Sergey Loktionov. Encontramos coisas que pertenciam aos frades: paramentos sacros, objetos lit\u00fargicos, candelabros, livros, altares port\u00e1teis. Parece que os frades sa\u00edram com pressa, porque tamb\u00e9m o registro das missas dos peregrinos foi abandonado sobre a mesa do refeit\u00f3rio com a caneta dentro! A \u00faltima missa registrada \u00e9 a de 7 de janeiro de 1968, celebrada por um grupo vindo da Nig\u00e9ria. Tamb\u00e9m na cozinha encontramos objetos de uso cotidiano: panelas, chaleiras, talheres, bebidas!&#8221; disse Frei Sergey. Os objetos foram levados embora, juntamente com uma s\u00e9rie de altares m\u00f3veis, usados pelos peregrinos a fim de celebrar a missa \u00e0s margens do rio. O frade disse que na pr\u00f3xima Epifania, quando costumeiramente se vai ao rio Jord\u00e3o a fim de festejar o Batismo do Senhor, as Igrejas dever\u00e3o retomar a posse dos respectivos territ\u00f3rios.<\/p>\n<p>Segundo recorda\u00e7\u00f5es hist\u00f3ricas, os franciscanos realizam a peregrina\u00e7\u00e3o anual a esse local, ao menos desde 1641. Em 1932, a Cust\u00f3dia da Terra Santa adquiriu o terreno no qual foi edificada a igreja, benta em 1956.<\/p>\n<p><em>Beatrice Guarrera | Cust\u00f3dia da Terra Santa<\/em><\/p>\n<p>&nbsp;<\/p>\n","protected":false},"excerpt":{"rendered":"<p>Terra Santa<\/p>\n","protected":false},"author":1,"featured_media":188325,"comment_status":"open","ping_status":"open","sticky":false,"template":"","format":"standard","meta":[],"categories":[1],"tags":[182],"acf":[],"yoast_head":"<!-- This site is optimized with the Yoast SEO plugin v19.2 - https:\/\/yoast.com\/wordpress\/plugins\/seo\/ -->\n<title>O convento franciscano no Rio Jord\u00e3o reabre ap\u00f3s 50 anos fechado - Not\u00edcias - Franciscanos<\/title>\n<meta name=\"robots\" content=\"index, follow, max-snippet:-1, max-image-preview:large, max-video-preview:-1\" \/>\n<link rel=\"canonical\" href=\"https:\/\/franciscanos.org.br\/noticias\/o-convento-franciscano-no-rio-jordao-apos-50-anos-fechado.html\" \/>\n<meta property=\"og:locale\" content=\"pt_BR\" \/>\n<meta property=\"og:type\" content=\"article\" \/>\n<meta property=\"og:title\" content=\"O convento franciscano no Rio Jord\u00e3o reabre ap\u00f3s 50 anos fechado - Not\u00edcias - Franciscanos\" \/>\n<meta property=\"og:description\" content=\"Terra Santa\" \/>\n<meta property=\"og:url\" content=\"https:\/\/franciscanos.org.br\/noticias\/o-convento-franciscano-no-rio-jordao-apos-50-anos-fechado.html\" \/>\n<meta property=\"og:site_name\" content=\"Not\u00edcias - Franciscanos\" \/>\n<meta property=\"article:published_time\" content=\"2018-07-24T16:22:51+00:00\" \/>\n<meta property=\"article:modified_time\" content=\"2019-01-02T15:47:39+00:00\" \/>\n<meta property=\"og:image\" content=\"https:\/\/franciscanos.org.br\/noticias\/wp-content\/uploads\/2018\/11\/jordao_240718_830-1.jpg\" \/>\n\t<meta property=\"og:image:width\" content=\"830\" \/>\n\t<meta property=\"og:image:height\" content=\"400\" \/>\n\t<meta property=\"og:image:type\" content=\"image\/jpeg\" \/>\n<meta name=\"author\" content=\"admin\" \/>\n<meta name=\"twitter:card\" content=\"summary_large_image\" \/>\n<meta name=\"twitter:label1\" content=\"Escrito por\" \/>\n\t<meta name=\"twitter:data1\" content=\"admin\" \/>\n\t<meta name=\"twitter:label2\" content=\"Est. tempo de leitura\" \/>\n\t<meta name=\"twitter:data2\" content=\"2 minutos\" \/>\n<script type=\"application\/ld+json\" class=\"yoast-schema-graph\">{\"@context\":\"https:\/\/schema.org\",\"@graph\":[{\"@type\":\"WebSite\",\"@id\":\"https:\/\/franciscanos.org.br\/noticias\/#website\",\"url\":\"https:\/\/franciscanos.org.br\/noticias\/\",\"name\":\"Not\u00edcias - Franciscanos\",\"description\":\"Prov\u00edncia Franciscana da Imaculada Concei\u00e7\u00e3o do Brasil - Ordem dos Frades Menores - OFM\",\"potentialAction\":[{\"@type\":\"SearchAction\",\"target\":{\"@type\":\"EntryPoint\",\"urlTemplate\":\"https:\/\/franciscanos.org.br\/noticias\/?s={search_term_string}\"},\"query-input\":\"required name=search_term_string\"}],\"inLanguage\":\"pt-BR\"},{\"@type\":\"ImageObject\",\"inLanguage\":\"pt-BR\",\"@id\":\"https:\/\/franciscanos.org.br\/noticias\/o-convento-franciscano-no-rio-jordao-apos-50-anos-fechado.html#primaryimage\",\"url\":\"https:\/\/franciscanos.org.br\/noticias\/wp-content\/uploads\/2018\/11\/jordao_240718_830-1.jpg\",\"contentUrl\":\"https:\/\/franciscanos.org.br\/noticias\/wp-content\/uploads\/2018\/11\/jordao_240718_830-1.jpg\",\"width\":830,\"height\":400},{\"@type\":\"WebPage\",\"@id\":\"https:\/\/franciscanos.org.br\/noticias\/o-convento-franciscano-no-rio-jordao-apos-50-anos-fechado.html#webpage\",\"url\":\"https:\/\/franciscanos.org.br\/noticias\/o-convento-franciscano-no-rio-jordao-apos-50-anos-fechado.html\",\"name\":\"O convento franciscano no Rio Jord\u00e3o reabre ap\u00f3s 50 anos fechado - Not\u00edcias - Franciscanos\",\"isPartOf\":{\"@id\":\"https:\/\/franciscanos.org.br\/noticias\/#website\"},\"primaryImageOfPage\":{\"@id\":\"https:\/\/franciscanos.org.br\/noticias\/o-convento-franciscano-no-rio-jordao-apos-50-anos-fechado.html#primaryimage\"},\"datePublished\":\"2018-07-24T16:22:51+00:00\",\"dateModified\":\"2019-01-02T15:47:39+00:00\",\"author\":{\"@id\":\"https:\/\/franciscanos.org.br\/noticias\/#\/schema\/person\/b38fbf43118f02820bd932f2e4b14ad3\"},\"breadcrumb\":{\"@id\":\"https:\/\/franciscanos.org.br\/noticias\/o-convento-franciscano-no-rio-jordao-apos-50-anos-fechado.html#breadcrumb\"},\"inLanguage\":\"pt-BR\",\"potentialAction\":[{\"@type\":\"ReadAction\",\"target\":[\"https:\/\/franciscanos.org.br\/noticias\/o-convento-franciscano-no-rio-jordao-apos-50-anos-fechado.html\"]}]},{\"@type\":\"BreadcrumbList\",\"@id\":\"https:\/\/franciscanos.org.br\/noticias\/o-convento-franciscano-no-rio-jordao-apos-50-anos-fechado.html#breadcrumb\",\"itemListElement\":[{\"@type\":\"ListItem\",\"position\":1,\"name\":\"Home\",\"item\":\"https:\/\/franciscanos.org.br\/noticias\"},{\"@type\":\"ListItem\",\"position\":2,\"name\":\"O convento franciscano no Rio Jord\u00e3o reabre ap\u00f3s 50 anos fechado\"}]},{\"@type\":\"Person\",\"@id\":\"https:\/\/franciscanos.org.br\/noticias\/#\/schema\/person\/b38fbf43118f02820bd932f2e4b14ad3\",\"name\":\"admin\",\"image\":{\"@type\":\"ImageObject\",\"inLanguage\":\"pt-BR\",\"@id\":\"https:\/\/franciscanos.org.br\/noticias\/#\/schema\/person\/image\/\",\"url\":\"https:\/\/secure.gravatar.com\/avatar\/e8495742d34d0ba6448ea1c628263b3e?s=96&d=mm&r=g\",\"contentUrl\":\"https:\/\/secure.gravatar.com\/avatar\/e8495742d34d0ba6448ea1c628263b3e?s=96&d=mm&r=g\",\"caption\":\"admin\"},\"url\":\"https:\/\/franciscanos.org.br\/noticias\/author\/admin\"}]}<\/script>\n<!-- \/ Yoast SEO plugin. -->","yoast_head_json":{"title":"O convento franciscano no Rio Jord\u00e3o reabre ap\u00f3s 50 anos fechado - Not\u00edcias - Franciscanos","robots":{"index":"index","follow":"follow","max-snippet":"max-snippet:-1","max-image-preview":"max-image-preview:large","max-video-preview":"max-video-preview:-1"},"canonical":"https:\/\/franciscanos.org.br\/noticias\/o-convento-franciscano-no-rio-jordao-apos-50-anos-fechado.html","og_locale":"pt_BR","og_type":"article","og_title":"O convento franciscano no Rio Jord\u00e3o reabre ap\u00f3s 50 anos fechado - Not\u00edcias - Franciscanos","og_description":"Terra Santa","og_url":"https:\/\/franciscanos.org.br\/noticias\/o-convento-franciscano-no-rio-jordao-apos-50-anos-fechado.html","og_site_name":"Not\u00edcias - Franciscanos","article_published_time":"2018-07-24T16:22:51+00:00","article_modified_time":"2019-01-02T15:47:39+00:00","og_image":[{"width":830,"height":400,"url":"https:\/\/franciscanos.org.br\/noticias\/wp-content\/uploads\/2018\/11\/jordao_240718_830-1.jpg","type":"image\/jpeg"}],"author":"admin","twitter_card":"summary_large_image","twitter_misc":{"Escrito por":"admin","Est. tempo de leitura":"2 minutos"},"schema":{"@context":"https:\/\/schema.org","@graph":[{"@type":"WebSite","@id":"https:\/\/franciscanos.org.br\/noticias\/#website","url":"https:\/\/franciscanos.org.br\/noticias\/","name":"Not\u00edcias - Franciscanos","description":"Prov\u00edncia Franciscana da Imaculada Concei\u00e7\u00e3o do Brasil - Ordem dos Frades Menores - OFM","potentialAction":[{"@type":"SearchAction","target":{"@type":"EntryPoint","urlTemplate":"https:\/\/franciscanos.org.br\/noticias\/?s={search_term_string}"},"query-input":"required name=search_term_string"}],"inLanguage":"pt-BR"},{"@type":"ImageObject","inLanguage":"pt-BR","@id":"https:\/\/franciscanos.org.br\/noticias\/o-convento-franciscano-no-rio-jordao-apos-50-anos-fechado.html#primaryimage","url":"https:\/\/franciscanos.org.br\/noticias\/wp-content\/uploads\/2018\/11\/jordao_240718_830-1.jpg","contentUrl":"https:\/\/franciscanos.org.br\/noticias\/wp-content\/uploads\/2018\/11\/jordao_240718_830-1.jpg","width":830,"height":400},{"@type":"WebPage","@id":"https:\/\/franciscanos.org.br\/noticias\/o-convento-franciscano-no-rio-jordao-apos-50-anos-fechado.html#webpage","url":"https:\/\/franciscanos.org.br\/noticias\/o-convento-franciscano-no-rio-jordao-apos-50-anos-fechado.html","name":"O convento franciscano no Rio Jord\u00e3o reabre ap\u00f3s 50 anos fechado - Not\u00edcias - Franciscanos","isPartOf":{"@id":"https:\/\/franciscanos.org.br\/noticias\/#website"},"primaryImageOfPage":{"@id":"https:\/\/franciscanos.org.br\/noticias\/o-convento-franciscano-no-rio-jordao-apos-50-anos-fechado.html#primaryimage"},"datePublished":"2018-07-24T16:22:51+00:00","dateModified":"2019-01-02T15:47:39+00:00","author":{"@id":"https:\/\/franciscanos.org.br\/noticias\/#\/schema\/person\/b38fbf43118f02820bd932f2e4b14ad3"},"breadcrumb":{"@id":"https:\/\/franciscanos.org.br\/noticias\/o-convento-franciscano-no-rio-jordao-apos-50-anos-fechado.html#breadcrumb"},"inLanguage":"pt-BR","potentialAction":[{"@type":"ReadAction","target":["https:\/\/franciscanos.org.br\/noticias\/o-convento-franciscano-no-rio-jordao-apos-50-anos-fechado.html"]}]},{"@type":"BreadcrumbList","@id":"https:\/\/franciscanos.org.br\/noticias\/o-convento-franciscano-no-rio-jordao-apos-50-anos-fechado.html#breadcrumb","itemListElement":[{"@type":"ListItem","position":1,"name":"Home","item":"https:\/\/franciscanos.org.br\/noticias"},{"@type":"ListItem","position":2,"name":"O convento franciscano no Rio Jord\u00e3o reabre ap\u00f3s 50 anos fechado"}]},{"@type":"Person","@id":"https:\/\/franciscanos.org.br\/noticias\/#\/schema\/person\/b38fbf43118f02820bd932f2e4b14ad3","name":"admin","image":{"@type":"ImageObject","inLanguage":"pt-BR","@id":"https:\/\/franciscanos.org.br\/noticias\/#\/schema\/person\/image\/","url":"https:\/\/secure.gravatar.com\/avatar\/e8495742d34d0ba6448ea1c628263b3e?s=96&d=mm&r=g","contentUrl":"https:\/\/secure.gravatar.com\/avatar\/e8495742d34d0ba6448ea1c628263b3e?s=96&d=mm&r=g","caption":"admin"},"url":"https:\/\/franciscanos.org.br\/noticias\/author\/admin"}]}},"_links":{"self":[{"href":"https:\/\/franciscanos.org.br\/noticias\/wp-json\/wp\/v2\/posts\/167386"}],"collection":[{"href":"https:\/\/franciscanos.org.br\/noticias\/wp-json\/wp\/v2\/posts"}],"about":[{"href":"https:\/\/franciscanos.org.br\/noticias\/wp-json\/wp\/v2\/types\/post"}],"author":[{"embeddable":true,"href":"https:\/\/franciscanos.org.br\/noticias\/wp-json\/wp\/v2\/users\/1"}],"replies":[{"embeddable":true,"href":"https:\/\/franciscanos.org.br\/noticias\/wp-json\/wp\/v2\/comments?post=167386"}],"version-history":[{"count":0,"href":"https:\/\/franciscanos.org.br\/noticias\/wp-json\/wp\/v2\/posts\/167386\/revisions"}],"wp:featuredmedia":[{"embeddable":true,"href":"https:\/\/franciscanos.org.br\/noticias\/wp-json\/wp\/v2\/media\/188325"}],"wp:attachment":[{"href":"https:\/\/franciscanos.org.br\/noticias\/wp-json\/wp\/v2\/media?parent=167386"}],"wp:term":[{"taxonomy":"category","embeddable":true,"href":"https:\/\/franciscanos.org.br\/noticias\/wp-json\/wp\/v2\/categories?post=167386"},{"taxonomy":"post_tag","embeddable":true,"href":"https:\/\/franciscanos.org.br\/noticias\/wp-json\/wp\/v2\/tags?post=167386"}],"curies":[{"name":"wp","href":"https:\/\/api.w.org\/{rel}","templated":true}]}}