{"id":167372,"date":"2018-07-24T09:11:54","date_gmt":"2018-07-24T12:11:54","guid":{"rendered":"http:\/\/franciscanos.org.br\/?p=167372"},"modified":"2021-07-05T20:15:56","modified_gmt":"2021-07-05T23:15:56","slug":"canarinhos-e-arautos-do-grande-rei-no-pueri-cantores","status":"publish","type":"post","link":"https:\/\/franciscanos.org.br\/noticias\/canarinhos-e-arautos-do-grande-rei-no-pueri-cantores.html","title":{"rendered":"Canarinhos e Arautos do Grande Rei no Pueri Cantores"},"content":{"rendered":"<p><img loading=\"lazy\" src=\"http:\/\/franciscanos.org.br\/wp-content\/uploads\/2018\/07\/xaxim_240718.jpg\" alt=\"xaxim_240718\" width=\"830\" height=\"623\" \/><\/p>\n<p>Os Corais Canarinhos de Petr\u00f3polis (RJ) e Arautos do Grande Rei de Xaxim (SC) participaram do XV Congresso Regional Sudeste da Federa\u00e7\u00e3o de Meninos Cantores do Brasil, realizado de 18 a 22 na cidade mineira de Juiz de Fora. A cerim\u00f4nia de abertura foi realizada no Cine-Theatro Central, em concerto de gala do Coral Mater Verbi, dos Meninos Cantores da Academia, o anfitri\u00e3o nesta edi\u00e7\u00e3o do evento.<\/p>\n<p>A programa\u00e7\u00e3o continuou nos dias 19 e 20, com apresenta\u00e7\u00f5es no Cine-Theatro Central e no s\u00e1bado (21), com a presen\u00e7a de coros em par\u00f3quias da cidade. Todos os corais se reuniram no encerramento do Congresso, no domingo (22) \u00e0s 10 horas, no grande concerto para 500 vozes durante a Santa Missa na Catedral, presidida pelo arcebispo metropolitano, Dom Gil Ant\u00f4nio Moreira.<\/p>\n<p>Participaram do evento 13 coros federados e seis coros convidados. Ao todo, mais de 600 pessoas, entre maestros, diretores, instrumentistas e cantores fizeram da cidade mineira a capital da m\u00fasica. Segundo a Federa\u00e7\u00e3o Nacional de Meninos Cantores do Brasil, a ideia \u00e9 promover um interc\u00e2mbio entre os coros, estimulando e desenvolvendo a pr\u00e1tica do canto coral. A Federa\u00e7\u00e3o, sediada em Petr\u00f3polis, foi criada em 1967 e possui 15 coros federados.<\/p>\n<p><img loading=\"lazy\" src=\"http:\/\/franciscanos.org.br\/wp-content\/uploads\/2018\/07\/canarinhos_240718.jpg\" alt=\"canarinhos_240718\" width=\"830\" height=\"471\" \/><\/p>\n<p>O Coral Canarinhos de Petr\u00f3polis, o tradicional grupo de Petr\u00f3polis, refor\u00e7a sua trajet\u00f3ria na m\u00fasica sacra brasileira. Come\u00e7ou sua apresenta\u00e7\u00e3o com a Ave Maria, de Villa Lobos. Criado em 1942, o coro, que \u00e9 o mais antigo do Brasil, j\u00e1 formou cerca de tr\u00eas mil cantores e j\u00e1 gravou 18 \u00e1lbuns. Os Canarinhos de Petr\u00f3polis j\u00e1 cantaram tr\u00eas vezes para o Papa Jo\u00e3o Paulo II, uma delas em 2000, sob reg\u00eancia do atual maestro, Marco Aur\u00e9lio Lischt.<\/p>\n<p>O Coral Arautos do Grande Rei, de Xaxim, Santa Catarina, \u00e9 o \u00fanico da noite a ser regido por uma mulher. Giseli Linhares rege o coro, que tem mais de 45 anos de hist\u00f3ria e h\u00e1 25 produz um programa de r\u00e1dio semanal. O grupo, fundado por Frei Afonso Vogel, falecido no ano passado, \u00e9 o mais antigo da regi\u00e3o sul do Brasil e foi o primeiro a permitir meninas em sua forma\u00e7\u00e3o. Atualmente, o coral tem aproximadamente 30 cantores, de idades de 7 a 30 anos.<\/p>\n","protected":false},"excerpt":{"rendered":"<p>XV Congresso Regional Sudeste da Federa\u00e7\u00e3o de Meninos Cantores do Brasil<\/p>\n","protected":false},"author":1,"featured_media":207478,"comment_status":"open","ping_status":"open","sticky":false,"template":"","format":"standard","meta":[],"categories":[1],"tags":[1378,1325],"acf":[],"yoast_head":"<!-- This site is optimized with the Yoast SEO plugin v19.2 - https:\/\/yoast.com\/wordpress\/plugins\/seo\/ -->\n<title>Canarinhos e Arautos do Grande Rei no Pueri Cantores - Not\u00edcias - Franciscanos<\/title>\n<meta name=\"robots\" content=\"index, follow, max-snippet:-1, max-image-preview:large, max-video-preview:-1\" \/>\n<link rel=\"canonical\" href=\"https:\/\/franciscanos.org.br\/noticias\/canarinhos-e-arautos-do-grande-rei-no-pueri-cantores.html\" \/>\n<meta property=\"og:locale\" content=\"pt_BR\" \/>\n<meta property=\"og:type\" content=\"article\" \/>\n<meta property=\"og:title\" content=\"Canarinhos e Arautos do Grande Rei no Pueri Cantores - Not\u00edcias - Franciscanos\" \/>\n<meta property=\"og:description\" content=\"XV Congresso Regional Sudeste da Federa\u00e7\u00e3o de Meninos Cantores do Brasil\" \/>\n<meta property=\"og:url\" content=\"https:\/\/franciscanos.org.br\/noticias\/canarinhos-e-arautos-do-grande-rei-no-pueri-cantores.html\" \/>\n<meta property=\"og:site_name\" content=\"Not\u00edcias - Franciscanos\" \/>\n<meta property=\"article:published_time\" content=\"2018-07-24T12:11:54+00:00\" \/>\n<meta property=\"article:modified_time\" content=\"2021-07-05T23:15:56+00:00\" \/>\n<meta property=\"og:image\" content=\"https:\/\/franciscanos.org.br\/noticias\/wp-content\/uploads\/2018\/07\/xaxim_240718.jpg\" \/>\n\t<meta property=\"og:image:width\" content=\"273\" \/>\n\t<meta property=\"og:image:height\" content=\"181\" \/>\n\t<meta property=\"og:image:type\" content=\"image\/jpeg\" \/>\n<meta name=\"author\" content=\"admin\" \/>\n<meta name=\"twitter:card\" content=\"summary_large_image\" \/>\n<meta name=\"twitter:label1\" content=\"Escrito por\" \/>\n\t<meta name=\"twitter:data1\" content=\"admin\" \/>\n\t<meta name=\"twitter:label2\" content=\"Est. tempo de leitura\" \/>\n\t<meta name=\"twitter:data2\" content=\"2 minutos\" \/>\n<script type=\"application\/ld+json\" class=\"yoast-schema-graph\">{\"@context\":\"https:\/\/schema.org\",\"@graph\":[{\"@type\":\"WebSite\",\"@id\":\"https:\/\/franciscanos.org.br\/noticias\/#website\",\"url\":\"https:\/\/franciscanos.org.br\/noticias\/\",\"name\":\"Not\u00edcias - Franciscanos\",\"description\":\"Prov\u00edncia Franciscana da Imaculada Concei\u00e7\u00e3o do Brasil - Ordem dos Frades Menores - OFM\",\"potentialAction\":[{\"@type\":\"SearchAction\",\"target\":{\"@type\":\"EntryPoint\",\"urlTemplate\":\"https:\/\/franciscanos.org.br\/noticias\/?s={search_term_string}\"},\"query-input\":\"required name=search_term_string\"}],\"inLanguage\":\"pt-BR\"},{\"@type\":\"ImageObject\",\"inLanguage\":\"pt-BR\",\"@id\":\"https:\/\/franciscanos.org.br\/noticias\/canarinhos-e-arautos-do-grande-rei-no-pueri-cantores.html#primaryimage\",\"url\":\"https:\/\/franciscanos.org.br\/noticias\/wp-content\/uploads\/2018\/07\/xaxim_240718.jpg\",\"contentUrl\":\"https:\/\/franciscanos.org.br\/noticias\/wp-content\/uploads\/2018\/07\/xaxim_240718.jpg\",\"width\":273,\"height\":181},{\"@type\":\"WebPage\",\"@id\":\"https:\/\/franciscanos.org.br\/noticias\/canarinhos-e-arautos-do-grande-rei-no-pueri-cantores.html#webpage\",\"url\":\"https:\/\/franciscanos.org.br\/noticias\/canarinhos-e-arautos-do-grande-rei-no-pueri-cantores.html\",\"name\":\"Canarinhos e Arautos do Grande Rei no Pueri Cantores - Not\u00edcias - Franciscanos\",\"isPartOf\":{\"@id\":\"https:\/\/franciscanos.org.br\/noticias\/#website\"},\"primaryImageOfPage\":{\"@id\":\"https:\/\/franciscanos.org.br\/noticias\/canarinhos-e-arautos-do-grande-rei-no-pueri-cantores.html#primaryimage\"},\"datePublished\":\"2018-07-24T12:11:54+00:00\",\"dateModified\":\"2021-07-05T23:15:56+00:00\",\"author\":{\"@id\":\"https:\/\/franciscanos.org.br\/noticias\/#\/schema\/person\/b38fbf43118f02820bd932f2e4b14ad3\"},\"breadcrumb\":{\"@id\":\"https:\/\/franciscanos.org.br\/noticias\/canarinhos-e-arautos-do-grande-rei-no-pueri-cantores.html#breadcrumb\"},\"inLanguage\":\"pt-BR\",\"potentialAction\":[{\"@type\":\"ReadAction\",\"target\":[\"https:\/\/franciscanos.org.br\/noticias\/canarinhos-e-arautos-do-grande-rei-no-pueri-cantores.html\"]}]},{\"@type\":\"BreadcrumbList\",\"@id\":\"https:\/\/franciscanos.org.br\/noticias\/canarinhos-e-arautos-do-grande-rei-no-pueri-cantores.html#breadcrumb\",\"itemListElement\":[{\"@type\":\"ListItem\",\"position\":1,\"name\":\"Home\",\"item\":\"https:\/\/franciscanos.org.br\/noticias\"},{\"@type\":\"ListItem\",\"position\":2,\"name\":\"Canarinhos e Arautos do Grande Rei no Pueri Cantores\"}]},{\"@type\":\"Person\",\"@id\":\"https:\/\/franciscanos.org.br\/noticias\/#\/schema\/person\/b38fbf43118f02820bd932f2e4b14ad3\",\"name\":\"admin\",\"image\":{\"@type\":\"ImageObject\",\"inLanguage\":\"pt-BR\",\"@id\":\"https:\/\/franciscanos.org.br\/noticias\/#\/schema\/person\/image\/\",\"url\":\"https:\/\/secure.gravatar.com\/avatar\/e8495742d34d0ba6448ea1c628263b3e?s=96&d=mm&r=g\",\"contentUrl\":\"https:\/\/secure.gravatar.com\/avatar\/e8495742d34d0ba6448ea1c628263b3e?s=96&d=mm&r=g\",\"caption\":\"admin\"},\"url\":\"https:\/\/franciscanos.org.br\/noticias\/author\/admin\"}]}<\/script>\n<!-- \/ Yoast SEO plugin. -->","yoast_head_json":{"title":"Canarinhos e Arautos do Grande Rei no Pueri Cantores - Not\u00edcias - Franciscanos","robots":{"index":"index","follow":"follow","max-snippet":"max-snippet:-1","max-image-preview":"max-image-preview:large","max-video-preview":"max-video-preview:-1"},"canonical":"https:\/\/franciscanos.org.br\/noticias\/canarinhos-e-arautos-do-grande-rei-no-pueri-cantores.html","og_locale":"pt_BR","og_type":"article","og_title":"Canarinhos e Arautos do Grande Rei no Pueri Cantores - Not\u00edcias - Franciscanos","og_description":"XV Congresso Regional Sudeste da Federa\u00e7\u00e3o de Meninos Cantores do Brasil","og_url":"https:\/\/franciscanos.org.br\/noticias\/canarinhos-e-arautos-do-grande-rei-no-pueri-cantores.html","og_site_name":"Not\u00edcias - Franciscanos","article_published_time":"2018-07-24T12:11:54+00:00","article_modified_time":"2021-07-05T23:15:56+00:00","og_image":[{"width":273,"height":181,"url":"https:\/\/franciscanos.org.br\/noticias\/wp-content\/uploads\/2018\/07\/xaxim_240718.jpg","type":"image\/jpeg"}],"author":"admin","twitter_card":"summary_large_image","twitter_misc":{"Escrito por":"admin","Est. tempo de leitura":"2 minutos"},"schema":{"@context":"https:\/\/schema.org","@graph":[{"@type":"WebSite","@id":"https:\/\/franciscanos.org.br\/noticias\/#website","url":"https:\/\/franciscanos.org.br\/noticias\/","name":"Not\u00edcias - Franciscanos","description":"Prov\u00edncia Franciscana da Imaculada Concei\u00e7\u00e3o do Brasil - Ordem dos Frades Menores - OFM","potentialAction":[{"@type":"SearchAction","target":{"@type":"EntryPoint","urlTemplate":"https:\/\/franciscanos.org.br\/noticias\/?s={search_term_string}"},"query-input":"required name=search_term_string"}],"inLanguage":"pt-BR"},{"@type":"ImageObject","inLanguage":"pt-BR","@id":"https:\/\/franciscanos.org.br\/noticias\/canarinhos-e-arautos-do-grande-rei-no-pueri-cantores.html#primaryimage","url":"https:\/\/franciscanos.org.br\/noticias\/wp-content\/uploads\/2018\/07\/xaxim_240718.jpg","contentUrl":"https:\/\/franciscanos.org.br\/noticias\/wp-content\/uploads\/2018\/07\/xaxim_240718.jpg","width":273,"height":181},{"@type":"WebPage","@id":"https:\/\/franciscanos.org.br\/noticias\/canarinhos-e-arautos-do-grande-rei-no-pueri-cantores.html#webpage","url":"https:\/\/franciscanos.org.br\/noticias\/canarinhos-e-arautos-do-grande-rei-no-pueri-cantores.html","name":"Canarinhos e Arautos do Grande Rei no Pueri Cantores - Not\u00edcias - Franciscanos","isPartOf":{"@id":"https:\/\/franciscanos.org.br\/noticias\/#website"},"primaryImageOfPage":{"@id":"https:\/\/franciscanos.org.br\/noticias\/canarinhos-e-arautos-do-grande-rei-no-pueri-cantores.html#primaryimage"},"datePublished":"2018-07-24T12:11:54+00:00","dateModified":"2021-07-05T23:15:56+00:00","author":{"@id":"https:\/\/franciscanos.org.br\/noticias\/#\/schema\/person\/b38fbf43118f02820bd932f2e4b14ad3"},"breadcrumb":{"@id":"https:\/\/franciscanos.org.br\/noticias\/canarinhos-e-arautos-do-grande-rei-no-pueri-cantores.html#breadcrumb"},"inLanguage":"pt-BR","potentialAction":[{"@type":"ReadAction","target":["https:\/\/franciscanos.org.br\/noticias\/canarinhos-e-arautos-do-grande-rei-no-pueri-cantores.html"]}]},{"@type":"BreadcrumbList","@id":"https:\/\/franciscanos.org.br\/noticias\/canarinhos-e-arautos-do-grande-rei-no-pueri-cantores.html#breadcrumb","itemListElement":[{"@type":"ListItem","position":1,"name":"Home","item":"https:\/\/franciscanos.org.br\/noticias"},{"@type":"ListItem","position":2,"name":"Canarinhos e Arautos do Grande Rei no Pueri Cantores"}]},{"@type":"Person","@id":"https:\/\/franciscanos.org.br\/noticias\/#\/schema\/person\/b38fbf43118f02820bd932f2e4b14ad3","name":"admin","image":{"@type":"ImageObject","inLanguage":"pt-BR","@id":"https:\/\/franciscanos.org.br\/noticias\/#\/schema\/person\/image\/","url":"https:\/\/secure.gravatar.com\/avatar\/e8495742d34d0ba6448ea1c628263b3e?s=96&d=mm&r=g","contentUrl":"https:\/\/secure.gravatar.com\/avatar\/e8495742d34d0ba6448ea1c628263b3e?s=96&d=mm&r=g","caption":"admin"},"url":"https:\/\/franciscanos.org.br\/noticias\/author\/admin"}]}},"_links":{"self":[{"href":"https:\/\/franciscanos.org.br\/noticias\/wp-json\/wp\/v2\/posts\/167372"}],"collection":[{"href":"https:\/\/franciscanos.org.br\/noticias\/wp-json\/wp\/v2\/posts"}],"about":[{"href":"https:\/\/franciscanos.org.br\/noticias\/wp-json\/wp\/v2\/types\/post"}],"author":[{"embeddable":true,"href":"https:\/\/franciscanos.org.br\/noticias\/wp-json\/wp\/v2\/users\/1"}],"replies":[{"embeddable":true,"href":"https:\/\/franciscanos.org.br\/noticias\/wp-json\/wp\/v2\/comments?post=167372"}],"version-history":[{"count":1,"href":"https:\/\/franciscanos.org.br\/noticias\/wp-json\/wp\/v2\/posts\/167372\/revisions"}],"predecessor-version":[{"id":232904,"href":"https:\/\/franciscanos.org.br\/noticias\/wp-json\/wp\/v2\/posts\/167372\/revisions\/232904"}],"wp:featuredmedia":[{"embeddable":true,"href":"https:\/\/franciscanos.org.br\/noticias\/wp-json\/wp\/v2\/media\/207478"}],"wp:attachment":[{"href":"https:\/\/franciscanos.org.br\/noticias\/wp-json\/wp\/v2\/media?parent=167372"}],"wp:term":[{"taxonomy":"category","embeddable":true,"href":"https:\/\/franciscanos.org.br\/noticias\/wp-json\/wp\/v2\/categories?post=167372"},{"taxonomy":"post_tag","embeddable":true,"href":"https:\/\/franciscanos.org.br\/noticias\/wp-json\/wp\/v2\/tags?post=167372"}],"curies":[{"name":"wp","href":"https:\/\/api.w.org\/{rel}","templated":true}]}}