{"id":167249,"date":"2018-07-22T11:08:43","date_gmt":"2018-07-22T14:08:43","guid":{"rendered":"http:\/\/franciscanos.org.br\/?p=167249"},"modified":"2019-10-30T11:13:01","modified_gmt":"2019-10-30T14:13:01","slug":"somos-muitos-somos-diversos-desejamos-estar-unidos-na-construcao-do-mundo-sonhado-por-jesus","status":"publish","type":"post","link":"https:\/\/franciscanos.org.br\/noticias\/somos-muitos-somos-diversos-desejamos-estar-unidos-na-construcao-do-mundo-sonhado-por-jesus.html","title":{"rendered":"Veja como foi o Encontro Franciscano de Juventudes"},"content":{"rendered":"<p><img loading=\"lazy\" class=\"size-full wp-image-212983 aligncenter\" src=\"https:\/\/franciscanos.org.br\/noticias\/wp-content\/uploads\/2018\/07\/encontro_nacional_oficial_1.jpg\" alt=\"\" width=\"830\" height=\"500\" srcset=\"https:\/\/franciscanos.org.br\/noticias\/wp-content\/uploads\/2018\/07\/encontro_nacional_oficial_1.jpg 830w, https:\/\/franciscanos.org.br\/noticias\/wp-content\/uploads\/2018\/07\/encontro_nacional_oficial_1-450x271.jpg 450w, https:\/\/franciscanos.org.br\/noticias\/wp-content\/uploads\/2018\/07\/encontro_nacional_oficial_1-768x463.jpg 768w, https:\/\/franciscanos.org.br\/noticias\/wp-content\/uploads\/2018\/07\/encontro_nacional_oficial_1-150x90.jpg 150w\" sizes=\"(max-width: 830px) 100vw, 830px\" \/><\/p>\n<p>Depois de uma animada prociss\u00e3o, subindo a ladeira do Convento da Penha, os participantes do 3\u00ba ENFJ celebraram o encerramento do encontro, em Missa presidida pelo Ministro Provincial da entidade anfitri\u00e3, Frei Fid\u00eancio Vanboemmel. Em sua homilia, baseado no lema do encontro e nas leituras do dia, Frei Fid\u00eancio dirigiu \u00e0 juventude uma palavra de \u00e2nimo e coragem.<\/p>\n<p>Ponto de destaque da celebra\u00e7\u00e3o tamb\u00e9m foi o an\u00fancio da entidade anfitri\u00e3 do pr\u00f3ximo ENFJ, a se realizar no ano de 2021. Depois de grande expectativa, foi anunciada a Cust\u00f3dia Franciscana de S\u00e3o Benedito da Amaz\u00f4nia como anfitri\u00e3, na cidade de Santar\u00e9m, PA.<\/p>\n<p>Ao final da celebra\u00e7\u00e3o, foi apresentada a carta-compromisso escrita a partir das reflex\u014des e dos anseios da juventude que veio a Vila Velha.<\/p>\n<p><strong>Segue o texto na \u00edntegra:<\/strong><\/p>\n<blockquote><p>\u201cE o des\u00e2nimo se converteu em ardor: permanece conosco, Senhor\u201d (Lc 24,29)<\/p><\/blockquote>\n<p>Somos jovens de muitas juventudes, de v\u00e1rias idades. Viemos de todas as regi\u00f5es do Brasil. Nossos sotaques, costumes, origens e mentalidades s\u00e3o muito diferentes e variados. Mas temos algo em comum e que nos une: o amor a Jesus Cristo inspirado por Francisco e Clara de Assis.<\/p>\n<p><img loading=\"lazy\" src=\"http:\/\/franciscanos.org.br\/wp-content\/uploads\/2018\/07\/penha_220718_2.jpg\" alt=\"penha_220718_2\" width=\"830\" height=\"412\" \/><\/p>\n<p>Somos jovens de Vila Velha, pois estivemos, entre os dias 19 e 22 de julho, reunidos neste para\u00edso situado em terras capixabas, acolhidos pelas fam\u00edlias como filhos e filhas, sob as b\u00ean\u00e7\u00e3os de Nossa Senhora da Penha, a Virgem das Alegrias, Padroeira do Estado do Esp\u00edrito Santo. Somos jovens de Ema\u00fas e, nestes dias de Encontro Nacional, tivemos a chance de recordar que n\u00e3o caminhamos a s\u00f3s, mas sempre na companhia do Cristo Ressuscitado. Somos jovens que mais uma vez assumem o compromisso de manter o cora\u00e7\u00e3o abrasado e a mente iluminada pela sabedoria do Evangelho.<\/p>\n<p>Somos jovens com desejo de caminhar. Somos jovens do compromisso, pois sabemos que caminhada se faz com os p\u00e9s no ch\u00e3o. E \u00e9 o ch\u00e3o da realidade onde pisamos que queremos transformar com a for\u00e7a de nossa juventude. Somos jovens conectados e queremos ser testemunhas vivas do Ressuscitado no mundo da tecnologia e das redes. Somos jovens do Brasil e queremos renovar o nosso compromisso em denunciar todas as mazelas que v\u00eam maltratando principalmente o povo simples de nosso pa\u00eds: a corrup\u00e7\u00e3o, a gan\u00e2ncia de poucos, o descompromisso dos poderes p\u00fablicos, as injustas decis\u00f5es em preju\u00edzo dos mais pobres, a entrega irrespons\u00e1vel das riquezas de nosso pa\u00eds, a viol\u00eancia de g\u00eanero, a intoler\u00e2ncia religiosa, o exterm\u00ednio de jovens negros e pobres, a destrui\u00e7\u00e3o da natureza e dos bens da cria\u00e7\u00e3o.<\/p>\n<p><img loading=\"lazy\" src=\"http:\/\/franciscanos.org.br\/wp-content\/uploads\/2018\/07\/penha_220718.jpg\" alt=\"penha_220718\" width=\"830\" height=\"467\" \/><\/p>\n<p>Queremos ser jovens revolucion\u00e1rios, atendendo com coragem o convite do Papa Francisco que nos chama a promover a \u201cRevolu\u00e7\u00e3o da Ternura\u201d. Queremos ser jovens do discipulado e da miss\u00e3o, com o compromisso de sermos express\u00e3o viva e atuante de uma Igreja em sa\u00edda. Queremos ser jovens da multiplica\u00e7\u00e3o, partilhando em nossas realidades as experi\u00eancias e aprendizados que tivemos nestes dias em Vila Velha. Queremos ser jovens da perseveran\u00e7a, n\u00e3o deixando morrer as sementes aqui plantadas em nosso cora\u00e7\u00e3o. Queremos ser jovens da comunh\u00e3o, caminhando em sintonia com todos os ramos e express\u00f5es da Fam\u00edlia Franciscana, bebendo do carisma que esta fam\u00edlia pode nos oferecer.<\/p>\n<p>Queremos ser jovens da abertura e do di\u00e1logo, dispostos a ouvir e desejosos de sermos mais ouvidos. Queremos uma forma\u00e7\u00e3o s\u00f3lida e permanente para nosso crescimento enquanto express\u00e3o juvenil do Carisma de Francisco e Clara. Queremos ser jovens do protagonismo e esperamos contar com a confian\u00e7a e apoio de nossas entidades na concretiza\u00e7\u00e3o de nossos sonhos e projetos.<\/p>\n<p>Queremos ser jovens da solidariedade e do abra\u00e7o e, ao modo de Francisco, cultivar a coragem de abra\u00e7ar os leprosos de nosso tempo, sem medo de ir ao encontro deles, assumindo suas lutas e mis\u00e9rias. Queremos ser jovens do aprendizado e da penit\u00eancia, pois sabemos que temos limites e pecados e que estes s\u00f3 s\u00e3o superados quando procuramos manter com fidelidade os nossos olhos fixos no Senhor, sem abandonar o compromisso com a realidade.<\/p>\n<p><img loading=\"lazy\" src=\"http:\/\/franciscanos.org.br\/wp-content\/uploads\/2018\/07\/penha_220718_3.jpg\" alt=\"penha_220718_3\" width=\"830\" height=\"623\" \/><\/p>\n<p>Somos jovens da f\u00e9 e da alegria. Desejamos transmitir a for\u00e7a do Ressuscitado em nossos gestos e palavras, em nossos momentos de ora\u00e7\u00e3o e de descontra\u00e7\u00e3o, quando nos divertimos e tamb\u00e9m quando falamos s\u00e9rio, quando louvamos e quando nos engajamos nas causas sociais. Queremos ser jovens do servi\u00e7o e desejamos, com Cristo e como Francisco, aprender e ensinar a li\u00e7\u00e3o do lava-p\u00e9s.<\/p>\n<p>Somos muitos, somos diversos, desejamos estar unidos na constru\u00e7\u00e3o do mundo sonhado por Deus em Jesus Cristo. Muito prazer, somos Jovens Franciscanos! Paz e bem!<\/p>\n<p>Vila Velha, 22 de julho de 2018.<\/p>\n<p><iframe loading=\"lazy\" src=\"https:\/\/www.youtube.com\/embed\/5UQBp8A8ja4\" width=\"100%\" height=\"480\" frameborder=\"0\" allowfullscreen=\"allowfullscreen\"><\/iframe><\/p>\n<p><strong>EQUIPE DE COMUNICA\u00c7\u00c3O DO 3\u00ba ENFJ<\/strong><\/p>\n","protected":false},"excerpt":{"rendered":"<p> 3\u00ba ENFJ <\/p>\n","protected":false},"author":1,"featured_media":206688,"comment_status":"open","ping_status":"open","sticky":false,"template":"","format":"standard","meta":[],"categories":[1],"tags":[240,587],"acf":[],"yoast_head":"<!-- This site is optimized with the Yoast SEO plugin v19.2 - https:\/\/yoast.com\/wordpress\/plugins\/seo\/ -->\n<title>Veja como foi o Encontro Franciscano de Juventudes - Not\u00edcias - Franciscanos<\/title>\n<meta name=\"robots\" content=\"index, follow, max-snippet:-1, max-image-preview:large, max-video-preview:-1\" \/>\n<link rel=\"canonical\" href=\"https:\/\/franciscanos.org.br\/noticias\/somos-muitos-somos-diversos-desejamos-estar-unidos-na-construcao-do-mundo-sonhado-por-jesus.html\" \/>\n<meta property=\"og:locale\" content=\"pt_BR\" \/>\n<meta property=\"og:type\" content=\"article\" \/>\n<meta property=\"og:title\" content=\"Veja como foi o Encontro Franciscano de Juventudes - Not\u00edcias - Franciscanos\" \/>\n<meta property=\"og:description\" content=\"3\u00ba ENFJ\" \/>\n<meta property=\"og:url\" content=\"https:\/\/franciscanos.org.br\/noticias\/somos-muitos-somos-diversos-desejamos-estar-unidos-na-construcao-do-mundo-sonhado-por-jesus.html\" \/>\n<meta property=\"og:site_name\" content=\"Not\u00edcias - Franciscanos\" \/>\n<meta property=\"article:published_time\" content=\"2018-07-22T14:08:43+00:00\" \/>\n<meta property=\"article:modified_time\" content=\"2019-10-30T14:13:01+00:00\" \/>\n<meta property=\"og:image\" content=\"https:\/\/franciscanos.org.br\/noticias\/wp-content\/uploads\/2018\/07\/enfj.jpg\" \/>\n\t<meta property=\"og:image:width\" content=\"273\" \/>\n\t<meta property=\"og:image:height\" content=\"181\" \/>\n\t<meta property=\"og:image:type\" content=\"image\/jpeg\" \/>\n<meta name=\"author\" content=\"admin\" \/>\n<meta name=\"twitter:card\" content=\"summary_large_image\" \/>\n<meta name=\"twitter:label1\" content=\"Escrito por\" \/>\n\t<meta name=\"twitter:data1\" content=\"admin\" \/>\n\t<meta name=\"twitter:label2\" content=\"Est. tempo de leitura\" \/>\n\t<meta name=\"twitter:data2\" content=\"4 minutos\" \/>\n<script type=\"application\/ld+json\" class=\"yoast-schema-graph\">{\"@context\":\"https:\/\/schema.org\",\"@graph\":[{\"@type\":\"WebSite\",\"@id\":\"https:\/\/franciscanos.org.br\/noticias\/#website\",\"url\":\"https:\/\/franciscanos.org.br\/noticias\/\",\"name\":\"Not\u00edcias - Franciscanos\",\"description\":\"Prov\u00edncia Franciscana da Imaculada Concei\u00e7\u00e3o do Brasil - Ordem dos Frades Menores - OFM\",\"potentialAction\":[{\"@type\":\"SearchAction\",\"target\":{\"@type\":\"EntryPoint\",\"urlTemplate\":\"https:\/\/franciscanos.org.br\/noticias\/?s={search_term_string}\"},\"query-input\":\"required name=search_term_string\"}],\"inLanguage\":\"pt-BR\"},{\"@type\":\"ImageObject\",\"inLanguage\":\"pt-BR\",\"@id\":\"https:\/\/franciscanos.org.br\/noticias\/somos-muitos-somos-diversos-desejamos-estar-unidos-na-construcao-do-mundo-sonhado-por-jesus.html#primaryimage\",\"url\":\"https:\/\/franciscanos.org.br\/noticias\/wp-content\/uploads\/2018\/07\/enfj.jpg\",\"contentUrl\":\"https:\/\/franciscanos.org.br\/noticias\/wp-content\/uploads\/2018\/07\/enfj.jpg\",\"width\":273,\"height\":181},{\"@type\":\"WebPage\",\"@id\":\"https:\/\/franciscanos.org.br\/noticias\/somos-muitos-somos-diversos-desejamos-estar-unidos-na-construcao-do-mundo-sonhado-por-jesus.html#webpage\",\"url\":\"https:\/\/franciscanos.org.br\/noticias\/somos-muitos-somos-diversos-desejamos-estar-unidos-na-construcao-do-mundo-sonhado-por-jesus.html\",\"name\":\"Veja como foi o Encontro Franciscano de Juventudes - Not\u00edcias - Franciscanos\",\"isPartOf\":{\"@id\":\"https:\/\/franciscanos.org.br\/noticias\/#website\"},\"primaryImageOfPage\":{\"@id\":\"https:\/\/franciscanos.org.br\/noticias\/somos-muitos-somos-diversos-desejamos-estar-unidos-na-construcao-do-mundo-sonhado-por-jesus.html#primaryimage\"},\"datePublished\":\"2018-07-22T14:08:43+00:00\",\"dateModified\":\"2019-10-30T14:13:01+00:00\",\"author\":{\"@id\":\"https:\/\/franciscanos.org.br\/noticias\/#\/schema\/person\/b38fbf43118f02820bd932f2e4b14ad3\"},\"breadcrumb\":{\"@id\":\"https:\/\/franciscanos.org.br\/noticias\/somos-muitos-somos-diversos-desejamos-estar-unidos-na-construcao-do-mundo-sonhado-por-jesus.html#breadcrumb\"},\"inLanguage\":\"pt-BR\",\"potentialAction\":[{\"@type\":\"ReadAction\",\"target\":[\"https:\/\/franciscanos.org.br\/noticias\/somos-muitos-somos-diversos-desejamos-estar-unidos-na-construcao-do-mundo-sonhado-por-jesus.html\"]}]},{\"@type\":\"BreadcrumbList\",\"@id\":\"https:\/\/franciscanos.org.br\/noticias\/somos-muitos-somos-diversos-desejamos-estar-unidos-na-construcao-do-mundo-sonhado-por-jesus.html#breadcrumb\",\"itemListElement\":[{\"@type\":\"ListItem\",\"position\":1,\"name\":\"Home\",\"item\":\"https:\/\/franciscanos.org.br\/noticias\"},{\"@type\":\"ListItem\",\"position\":2,\"name\":\"Veja como foi o Encontro Franciscano de Juventudes\"}]},{\"@type\":\"Person\",\"@id\":\"https:\/\/franciscanos.org.br\/noticias\/#\/schema\/person\/b38fbf43118f02820bd932f2e4b14ad3\",\"name\":\"admin\",\"image\":{\"@type\":\"ImageObject\",\"inLanguage\":\"pt-BR\",\"@id\":\"https:\/\/franciscanos.org.br\/noticias\/#\/schema\/person\/image\/\",\"url\":\"https:\/\/secure.gravatar.com\/avatar\/e8495742d34d0ba6448ea1c628263b3e?s=96&d=mm&r=g\",\"contentUrl\":\"https:\/\/secure.gravatar.com\/avatar\/e8495742d34d0ba6448ea1c628263b3e?s=96&d=mm&r=g\",\"caption\":\"admin\"},\"url\":\"https:\/\/franciscanos.org.br\/noticias\/author\/admin\"}]}<\/script>\n<!-- \/ Yoast SEO plugin. -->","yoast_head_json":{"title":"Veja como foi o Encontro Franciscano de Juventudes - Not\u00edcias - Franciscanos","robots":{"index":"index","follow":"follow","max-snippet":"max-snippet:-1","max-image-preview":"max-image-preview:large","max-video-preview":"max-video-preview:-1"},"canonical":"https:\/\/franciscanos.org.br\/noticias\/somos-muitos-somos-diversos-desejamos-estar-unidos-na-construcao-do-mundo-sonhado-por-jesus.html","og_locale":"pt_BR","og_type":"article","og_title":"Veja como foi o Encontro Franciscano de Juventudes - Not\u00edcias - Franciscanos","og_description":"3\u00ba ENFJ","og_url":"https:\/\/franciscanos.org.br\/noticias\/somos-muitos-somos-diversos-desejamos-estar-unidos-na-construcao-do-mundo-sonhado-por-jesus.html","og_site_name":"Not\u00edcias - Franciscanos","article_published_time":"2018-07-22T14:08:43+00:00","article_modified_time":"2019-10-30T14:13:01+00:00","og_image":[{"width":273,"height":181,"url":"https:\/\/franciscanos.org.br\/noticias\/wp-content\/uploads\/2018\/07\/enfj.jpg","type":"image\/jpeg"}],"author":"admin","twitter_card":"summary_large_image","twitter_misc":{"Escrito por":"admin","Est. tempo de leitura":"4 minutos"},"schema":{"@context":"https:\/\/schema.org","@graph":[{"@type":"WebSite","@id":"https:\/\/franciscanos.org.br\/noticias\/#website","url":"https:\/\/franciscanos.org.br\/noticias\/","name":"Not\u00edcias - Franciscanos","description":"Prov\u00edncia Franciscana da Imaculada Concei\u00e7\u00e3o do Brasil - Ordem dos Frades Menores - OFM","potentialAction":[{"@type":"SearchAction","target":{"@type":"EntryPoint","urlTemplate":"https:\/\/franciscanos.org.br\/noticias\/?s={search_term_string}"},"query-input":"required name=search_term_string"}],"inLanguage":"pt-BR"},{"@type":"ImageObject","inLanguage":"pt-BR","@id":"https:\/\/franciscanos.org.br\/noticias\/somos-muitos-somos-diversos-desejamos-estar-unidos-na-construcao-do-mundo-sonhado-por-jesus.html#primaryimage","url":"https:\/\/franciscanos.org.br\/noticias\/wp-content\/uploads\/2018\/07\/enfj.jpg","contentUrl":"https:\/\/franciscanos.org.br\/noticias\/wp-content\/uploads\/2018\/07\/enfj.jpg","width":273,"height":181},{"@type":"WebPage","@id":"https:\/\/franciscanos.org.br\/noticias\/somos-muitos-somos-diversos-desejamos-estar-unidos-na-construcao-do-mundo-sonhado-por-jesus.html#webpage","url":"https:\/\/franciscanos.org.br\/noticias\/somos-muitos-somos-diversos-desejamos-estar-unidos-na-construcao-do-mundo-sonhado-por-jesus.html","name":"Veja como foi o Encontro Franciscano de Juventudes - Not\u00edcias - Franciscanos","isPartOf":{"@id":"https:\/\/franciscanos.org.br\/noticias\/#website"},"primaryImageOfPage":{"@id":"https:\/\/franciscanos.org.br\/noticias\/somos-muitos-somos-diversos-desejamos-estar-unidos-na-construcao-do-mundo-sonhado-por-jesus.html#primaryimage"},"datePublished":"2018-07-22T14:08:43+00:00","dateModified":"2019-10-30T14:13:01+00:00","author":{"@id":"https:\/\/franciscanos.org.br\/noticias\/#\/schema\/person\/b38fbf43118f02820bd932f2e4b14ad3"},"breadcrumb":{"@id":"https:\/\/franciscanos.org.br\/noticias\/somos-muitos-somos-diversos-desejamos-estar-unidos-na-construcao-do-mundo-sonhado-por-jesus.html#breadcrumb"},"inLanguage":"pt-BR","potentialAction":[{"@type":"ReadAction","target":["https:\/\/franciscanos.org.br\/noticias\/somos-muitos-somos-diversos-desejamos-estar-unidos-na-construcao-do-mundo-sonhado-por-jesus.html"]}]},{"@type":"BreadcrumbList","@id":"https:\/\/franciscanos.org.br\/noticias\/somos-muitos-somos-diversos-desejamos-estar-unidos-na-construcao-do-mundo-sonhado-por-jesus.html#breadcrumb","itemListElement":[{"@type":"ListItem","position":1,"name":"Home","item":"https:\/\/franciscanos.org.br\/noticias"},{"@type":"ListItem","position":2,"name":"Veja como foi o Encontro Franciscano de Juventudes"}]},{"@type":"Person","@id":"https:\/\/franciscanos.org.br\/noticias\/#\/schema\/person\/b38fbf43118f02820bd932f2e4b14ad3","name":"admin","image":{"@type":"ImageObject","inLanguage":"pt-BR","@id":"https:\/\/franciscanos.org.br\/noticias\/#\/schema\/person\/image\/","url":"https:\/\/secure.gravatar.com\/avatar\/e8495742d34d0ba6448ea1c628263b3e?s=96&d=mm&r=g","contentUrl":"https:\/\/secure.gravatar.com\/avatar\/e8495742d34d0ba6448ea1c628263b3e?s=96&d=mm&r=g","caption":"admin"},"url":"https:\/\/franciscanos.org.br\/noticias\/author\/admin"}]}},"_links":{"self":[{"href":"https:\/\/franciscanos.org.br\/noticias\/wp-json\/wp\/v2\/posts\/167249"}],"collection":[{"href":"https:\/\/franciscanos.org.br\/noticias\/wp-json\/wp\/v2\/posts"}],"about":[{"href":"https:\/\/franciscanos.org.br\/noticias\/wp-json\/wp\/v2\/types\/post"}],"author":[{"embeddable":true,"href":"https:\/\/franciscanos.org.br\/noticias\/wp-json\/wp\/v2\/users\/1"}],"replies":[{"embeddable":true,"href":"https:\/\/franciscanos.org.br\/noticias\/wp-json\/wp\/v2\/comments?post=167249"}],"version-history":[{"count":0,"href":"https:\/\/franciscanos.org.br\/noticias\/wp-json\/wp\/v2\/posts\/167249\/revisions"}],"wp:featuredmedia":[{"embeddable":true,"href":"https:\/\/franciscanos.org.br\/noticias\/wp-json\/wp\/v2\/media\/206688"}],"wp:attachment":[{"href":"https:\/\/franciscanos.org.br\/noticias\/wp-json\/wp\/v2\/media?parent=167249"}],"wp:term":[{"taxonomy":"category","embeddable":true,"href":"https:\/\/franciscanos.org.br\/noticias\/wp-json\/wp\/v2\/categories?post=167249"},{"taxonomy":"post_tag","embeddable":true,"href":"https:\/\/franciscanos.org.br\/noticias\/wp-json\/wp\/v2\/tags?post=167249"}],"curies":[{"name":"wp","href":"https:\/\/api.w.org\/{rel}","templated":true}]}}