{"id":167245,"date":"2018-07-22T10:24:46","date_gmt":"2018-07-22T13:24:46","guid":{"rendered":"http:\/\/franciscanos.org.br\/?p=167245"},"modified":"2020-06-07T08:54:51","modified_gmt":"2020-06-07T11:54:51","slug":"papa-distantes-de-jesus-e-de-seu-amor-nos-perdemos","status":"publish","type":"post","link":"https:\/\/franciscanos.org.br\/noticias\/papa-distantes-de-jesus-e-de-seu-amor-nos-perdemos.html","title":{"rendered":"Papa: Distantes de Jesus e de seu amor, nos perdemos"},"content":{"rendered":"<p><img loading=\"lazy\" src=\"http:\/\/franciscanos.org.br\/wp-content\/uploads\/2018\/07\/papa_angelus_220718.jpg\" alt=\"papa_angelus_220718\" width=\"820\" height=\"431\" \/><\/p>\n<p><strong>Cidade do Vaticano<\/strong> &#8211; \u201cSem a verdade, que \u00e9 Cristo mesmo, n\u00e3o \u00e9 poss\u00edvel encontrar a justa orienta\u00e7\u00e3o da vida. Quando nos distanciamos de Jesus e de seu amor, nos perdemos e a exist\u00eancia se transforma em desilus\u00e3o e insatisfa\u00e7\u00e3o\u201d. Foi o que disse o Papa Francisco na alocu\u00e7\u00e3o que precedeu a ora\u00e7\u00e3o do Angelus, ao meio-dia deste domingo (22\/07), na qual se deteve sobre \u00e0 p\u00e1gina do Evangelho proposta para a liturgia do dia.<\/p>\n<p>O Evangelho de hoje (Mc 6,30-34), disse o Papa, nos conta que os ap\u00f3stolos, ap\u00f3s a primeira miss\u00e3o, voltam a Jesus e lhe falam \u201ctudo aquilo que tinham feito e ensinado\u201d. Ap\u00f3s a experi\u00eancia da miss\u00e3o, certamente entusiasmante, mas tamb\u00e9m cansativa, frisou Francisco, eles precisam de repouso.<\/p>\n<p>O Pont\u00edfice ressaltou que Jesus se preocupou em assegurar-lhes um pouco de al\u00edvio, convidando-os a um lugar deserto onde pudessem recobrar as for\u00e7as, mas que a multid\u00e3o, tendo intu\u00eddo para onde iam, correu chegando ao lugar antes deles, mudando assim o programa. \u201cO mesmo pode acontecer tamb\u00e9m hoje. Por vezes n\u00e3o conseguimos realizar nosso projetos, porque se d\u00e1 um imprevisto urgente que acaba com nossos programas e requer flexibilidade e disponibilidade \u00e0s necessidades dos outros.\u201d<\/p>\n<p>Nessas circunst\u00e2ncias, exortou o Papa, \u201csomos chamados a imitar aquilo que fez Jesus: \u2018Tendo descido da barca, ele viu uma grande multid\u00e3o, teve compaix\u00e3o dela, porque eram como ovelhas sem pastor, e se colocou a ensinar-lhes muitas coisas\u2019\u201d.<\/p>\n<p>Francisco destacou que o evangelista nos oferece a\u00ed um flash de singular intensidade, fotografando os olhos do Divino Mestre e seu ensinamento. \u201cObservamos os tr\u00eas verbos deste fotograma: ver, ter compaix\u00e3o, ensinar. Podemos cham\u00e1-los os verbos do Pastor\u201d. \u201cO olhar de Jesus n\u00e3o \u00e9 um olhar neutro ou, pior, frio e distanciado, porque Jesus olha sempre com os olhos do cora\u00e7\u00e3o. E seu cora\u00e7\u00e3o \u00e9 t\u00e3o tenro e repleto de compaix\u00e3o, que sabe colher inclusive as necessidades mais escondidas das pessoas.\u201d<\/p>\n<p>Francisco frisou ainda que Cristo mostra com isso a atitude e a predisposi\u00e7\u00e3o de Deus para com o homem e a sua hist\u00f3ria. \u201cJesus se apresenta como a realiza\u00e7\u00e3o da solicitude e cuidado de Deus para com o seu povo\u201d, acrescentou.<\/p>\n<p>O Papa quis evidenciar que o primeiro p\u00e3o que o Messias oferece \u00e0 multid\u00e3o faminta e cansada \u00e9 o p\u00e3o da Palavra. \u201cTodos n\u00f3s precisamos da palavra da verdade, que nos guie e ilumine nosso caminho\u201d, prosseguiu.<\/p>\n<p>\u201cCom Jesus ao lado se pode prosseguir com seguran\u00e7a, se podem superar as prova\u00e7\u00f5es, se progride no amor a Deus e aos pr\u00f3ximo. Jesus se fez dom para os outros, tornando-se assim modelo de amor e de servi\u00e7o para cada um de n\u00f3s.\u201d<\/p>\n<p>Francisco concluiu fazendo votos de que Maria Sant\u00edssima nos ajude a assumir os problemas, sofrimentos e dificuldades de nosso pr\u00f3ximo, mediante uma atitude de partilha e de servi\u00e7o.<\/p>\n<p>Dirigindo-se aos v\u00e1rios grupos de fi\u00e9is e peregrinos presentes na Pra\u00e7a S\u00e3o Pedro, o Papa fez uma sauda\u00e7\u00e3o particular aos fi\u00e9is da Diocese de Rio do Sul \u2013 SC, e aos jovens da Diocese de Sevilha, na Espanha, al\u00e9m de grupos paroquiais e associa\u00e7\u00f5es.<\/p>\n<hr \/>\n<p><em>Fonte: Vatican News<\/em><\/p>\n","protected":false},"excerpt":{"rendered":"<p>Angelus<\/p>\n","protected":false},"author":1,"featured_media":207455,"comment_status":"open","ping_status":"open","sticky":false,"template":"","format":"standard","meta":[],"categories":[1428],"tags":[403],"acf":[],"yoast_head":"<!-- This site is optimized with the Yoast SEO plugin v19.2 - https:\/\/yoast.com\/wordpress\/plugins\/seo\/ -->\n<title>Papa: Distantes de Jesus e de seu amor, nos perdemos - Not\u00edcias - Franciscanos<\/title>\n<meta name=\"robots\" content=\"index, follow, max-snippet:-1, max-image-preview:large, max-video-preview:-1\" \/>\n<link rel=\"canonical\" href=\"https:\/\/franciscanos.org.br\/noticias\/papa-distantes-de-jesus-e-de-seu-amor-nos-perdemos.html\" \/>\n<meta property=\"og:locale\" content=\"pt_BR\" \/>\n<meta property=\"og:type\" content=\"article\" \/>\n<meta property=\"og:title\" content=\"Papa: Distantes de Jesus e de seu amor, nos perdemos - Not\u00edcias - Franciscanos\" \/>\n<meta property=\"og:description\" content=\"Angelus\" \/>\n<meta property=\"og:url\" content=\"https:\/\/franciscanos.org.br\/noticias\/papa-distantes-de-jesus-e-de-seu-amor-nos-perdemos.html\" \/>\n<meta property=\"og:site_name\" content=\"Not\u00edcias - Franciscanos\" \/>\n<meta property=\"article:published_time\" content=\"2018-07-22T13:24:46+00:00\" \/>\n<meta property=\"article:modified_time\" content=\"2020-06-07T11:54:51+00:00\" \/>\n<meta property=\"og:image\" content=\"https:\/\/franciscanos.org.br\/noticias\/wp-content\/uploads\/2018\/07\/papa_angelus_220718.jpg\" \/>\n\t<meta property=\"og:image:width\" content=\"273\" \/>\n\t<meta property=\"og:image:height\" content=\"181\" \/>\n\t<meta property=\"og:image:type\" content=\"image\/jpeg\" \/>\n<meta name=\"author\" content=\"admin\" \/>\n<meta name=\"twitter:card\" content=\"summary_large_image\" \/>\n<meta name=\"twitter:label1\" content=\"Escrito por\" \/>\n\t<meta name=\"twitter:data1\" content=\"admin\" \/>\n\t<meta name=\"twitter:label2\" content=\"Est. tempo de leitura\" \/>\n\t<meta name=\"twitter:data2\" content=\"3 minutos\" \/>\n<script type=\"application\/ld+json\" class=\"yoast-schema-graph\">{\"@context\":\"https:\/\/schema.org\",\"@graph\":[{\"@type\":\"WebSite\",\"@id\":\"https:\/\/franciscanos.org.br\/noticias\/#website\",\"url\":\"https:\/\/franciscanos.org.br\/noticias\/\",\"name\":\"Not\u00edcias - Franciscanos\",\"description\":\"Prov\u00edncia Franciscana da Imaculada Concei\u00e7\u00e3o do Brasil - Ordem dos Frades Menores - OFM\",\"potentialAction\":[{\"@type\":\"SearchAction\",\"target\":{\"@type\":\"EntryPoint\",\"urlTemplate\":\"https:\/\/franciscanos.org.br\/noticias\/?s={search_term_string}\"},\"query-input\":\"required name=search_term_string\"}],\"inLanguage\":\"pt-BR\"},{\"@type\":\"ImageObject\",\"inLanguage\":\"pt-BR\",\"@id\":\"https:\/\/franciscanos.org.br\/noticias\/papa-distantes-de-jesus-e-de-seu-amor-nos-perdemos.html#primaryimage\",\"url\":\"https:\/\/franciscanos.org.br\/noticias\/wp-content\/uploads\/2018\/07\/papa_angelus_220718.jpg\",\"contentUrl\":\"https:\/\/franciscanos.org.br\/noticias\/wp-content\/uploads\/2018\/07\/papa_angelus_220718.jpg\",\"width\":273,\"height\":181},{\"@type\":\"WebPage\",\"@id\":\"https:\/\/franciscanos.org.br\/noticias\/papa-distantes-de-jesus-e-de-seu-amor-nos-perdemos.html#webpage\",\"url\":\"https:\/\/franciscanos.org.br\/noticias\/papa-distantes-de-jesus-e-de-seu-amor-nos-perdemos.html\",\"name\":\"Papa: Distantes de Jesus e de seu amor, nos perdemos - Not\u00edcias - Franciscanos\",\"isPartOf\":{\"@id\":\"https:\/\/franciscanos.org.br\/noticias\/#website\"},\"primaryImageOfPage\":{\"@id\":\"https:\/\/franciscanos.org.br\/noticias\/papa-distantes-de-jesus-e-de-seu-amor-nos-perdemos.html#primaryimage\"},\"datePublished\":\"2018-07-22T13:24:46+00:00\",\"dateModified\":\"2020-06-07T11:54:51+00:00\",\"author\":{\"@id\":\"https:\/\/franciscanos.org.br\/noticias\/#\/schema\/person\/b38fbf43118f02820bd932f2e4b14ad3\"},\"breadcrumb\":{\"@id\":\"https:\/\/franciscanos.org.br\/noticias\/papa-distantes-de-jesus-e-de-seu-amor-nos-perdemos.html#breadcrumb\"},\"inLanguage\":\"pt-BR\",\"potentialAction\":[{\"@type\":\"ReadAction\",\"target\":[\"https:\/\/franciscanos.org.br\/noticias\/papa-distantes-de-jesus-e-de-seu-amor-nos-perdemos.html\"]}]},{\"@type\":\"BreadcrumbList\",\"@id\":\"https:\/\/franciscanos.org.br\/noticias\/papa-distantes-de-jesus-e-de-seu-amor-nos-perdemos.html#breadcrumb\",\"itemListElement\":[{\"@type\":\"ListItem\",\"position\":1,\"name\":\"Home\",\"item\":\"https:\/\/franciscanos.org.br\/noticias\"},{\"@type\":\"ListItem\",\"position\":2,\"name\":\"Papa: Distantes de Jesus e de seu amor, nos perdemos\"}]},{\"@type\":\"Person\",\"@id\":\"https:\/\/franciscanos.org.br\/noticias\/#\/schema\/person\/b38fbf43118f02820bd932f2e4b14ad3\",\"name\":\"admin\",\"image\":{\"@type\":\"ImageObject\",\"inLanguage\":\"pt-BR\",\"@id\":\"https:\/\/franciscanos.org.br\/noticias\/#\/schema\/person\/image\/\",\"url\":\"https:\/\/secure.gravatar.com\/avatar\/e8495742d34d0ba6448ea1c628263b3e?s=96&d=mm&r=g\",\"contentUrl\":\"https:\/\/secure.gravatar.com\/avatar\/e8495742d34d0ba6448ea1c628263b3e?s=96&d=mm&r=g\",\"caption\":\"admin\"},\"url\":\"https:\/\/franciscanos.org.br\/noticias\/author\/admin\"}]}<\/script>\n<!-- \/ Yoast SEO plugin. -->","yoast_head_json":{"title":"Papa: Distantes de Jesus e de seu amor, nos perdemos - Not\u00edcias - Franciscanos","robots":{"index":"index","follow":"follow","max-snippet":"max-snippet:-1","max-image-preview":"max-image-preview:large","max-video-preview":"max-video-preview:-1"},"canonical":"https:\/\/franciscanos.org.br\/noticias\/papa-distantes-de-jesus-e-de-seu-amor-nos-perdemos.html","og_locale":"pt_BR","og_type":"article","og_title":"Papa: Distantes de Jesus e de seu amor, nos perdemos - Not\u00edcias - Franciscanos","og_description":"Angelus","og_url":"https:\/\/franciscanos.org.br\/noticias\/papa-distantes-de-jesus-e-de-seu-amor-nos-perdemos.html","og_site_name":"Not\u00edcias - Franciscanos","article_published_time":"2018-07-22T13:24:46+00:00","article_modified_time":"2020-06-07T11:54:51+00:00","og_image":[{"width":273,"height":181,"url":"https:\/\/franciscanos.org.br\/noticias\/wp-content\/uploads\/2018\/07\/papa_angelus_220718.jpg","type":"image\/jpeg"}],"author":"admin","twitter_card":"summary_large_image","twitter_misc":{"Escrito por":"admin","Est. tempo de leitura":"3 minutos"},"schema":{"@context":"https:\/\/schema.org","@graph":[{"@type":"WebSite","@id":"https:\/\/franciscanos.org.br\/noticias\/#website","url":"https:\/\/franciscanos.org.br\/noticias\/","name":"Not\u00edcias - Franciscanos","description":"Prov\u00edncia Franciscana da Imaculada Concei\u00e7\u00e3o do Brasil - Ordem dos Frades Menores - OFM","potentialAction":[{"@type":"SearchAction","target":{"@type":"EntryPoint","urlTemplate":"https:\/\/franciscanos.org.br\/noticias\/?s={search_term_string}"},"query-input":"required name=search_term_string"}],"inLanguage":"pt-BR"},{"@type":"ImageObject","inLanguage":"pt-BR","@id":"https:\/\/franciscanos.org.br\/noticias\/papa-distantes-de-jesus-e-de-seu-amor-nos-perdemos.html#primaryimage","url":"https:\/\/franciscanos.org.br\/noticias\/wp-content\/uploads\/2018\/07\/papa_angelus_220718.jpg","contentUrl":"https:\/\/franciscanos.org.br\/noticias\/wp-content\/uploads\/2018\/07\/papa_angelus_220718.jpg","width":273,"height":181},{"@type":"WebPage","@id":"https:\/\/franciscanos.org.br\/noticias\/papa-distantes-de-jesus-e-de-seu-amor-nos-perdemos.html#webpage","url":"https:\/\/franciscanos.org.br\/noticias\/papa-distantes-de-jesus-e-de-seu-amor-nos-perdemos.html","name":"Papa: Distantes de Jesus e de seu amor, nos perdemos - Not\u00edcias - Franciscanos","isPartOf":{"@id":"https:\/\/franciscanos.org.br\/noticias\/#website"},"primaryImageOfPage":{"@id":"https:\/\/franciscanos.org.br\/noticias\/papa-distantes-de-jesus-e-de-seu-amor-nos-perdemos.html#primaryimage"},"datePublished":"2018-07-22T13:24:46+00:00","dateModified":"2020-06-07T11:54:51+00:00","author":{"@id":"https:\/\/franciscanos.org.br\/noticias\/#\/schema\/person\/b38fbf43118f02820bd932f2e4b14ad3"},"breadcrumb":{"@id":"https:\/\/franciscanos.org.br\/noticias\/papa-distantes-de-jesus-e-de-seu-amor-nos-perdemos.html#breadcrumb"},"inLanguage":"pt-BR","potentialAction":[{"@type":"ReadAction","target":["https:\/\/franciscanos.org.br\/noticias\/papa-distantes-de-jesus-e-de-seu-amor-nos-perdemos.html"]}]},{"@type":"BreadcrumbList","@id":"https:\/\/franciscanos.org.br\/noticias\/papa-distantes-de-jesus-e-de-seu-amor-nos-perdemos.html#breadcrumb","itemListElement":[{"@type":"ListItem","position":1,"name":"Home","item":"https:\/\/franciscanos.org.br\/noticias"},{"@type":"ListItem","position":2,"name":"Papa: Distantes de Jesus e de seu amor, nos perdemos"}]},{"@type":"Person","@id":"https:\/\/franciscanos.org.br\/noticias\/#\/schema\/person\/b38fbf43118f02820bd932f2e4b14ad3","name":"admin","image":{"@type":"ImageObject","inLanguage":"pt-BR","@id":"https:\/\/franciscanos.org.br\/noticias\/#\/schema\/person\/image\/","url":"https:\/\/secure.gravatar.com\/avatar\/e8495742d34d0ba6448ea1c628263b3e?s=96&d=mm&r=g","contentUrl":"https:\/\/secure.gravatar.com\/avatar\/e8495742d34d0ba6448ea1c628263b3e?s=96&d=mm&r=g","caption":"admin"},"url":"https:\/\/franciscanos.org.br\/noticias\/author\/admin"}]}},"_links":{"self":[{"href":"https:\/\/franciscanos.org.br\/noticias\/wp-json\/wp\/v2\/posts\/167245"}],"collection":[{"href":"https:\/\/franciscanos.org.br\/noticias\/wp-json\/wp\/v2\/posts"}],"about":[{"href":"https:\/\/franciscanos.org.br\/noticias\/wp-json\/wp\/v2\/types\/post"}],"author":[{"embeddable":true,"href":"https:\/\/franciscanos.org.br\/noticias\/wp-json\/wp\/v2\/users\/1"}],"replies":[{"embeddable":true,"href":"https:\/\/franciscanos.org.br\/noticias\/wp-json\/wp\/v2\/comments?post=167245"}],"version-history":[{"count":1,"href":"https:\/\/franciscanos.org.br\/noticias\/wp-json\/wp\/v2\/posts\/167245\/revisions"}],"predecessor-version":[{"id":224903,"href":"https:\/\/franciscanos.org.br\/noticias\/wp-json\/wp\/v2\/posts\/167245\/revisions\/224903"}],"wp:featuredmedia":[{"embeddable":true,"href":"https:\/\/franciscanos.org.br\/noticias\/wp-json\/wp\/v2\/media\/207455"}],"wp:attachment":[{"href":"https:\/\/franciscanos.org.br\/noticias\/wp-json\/wp\/v2\/media?parent=167245"}],"wp:term":[{"taxonomy":"category","embeddable":true,"href":"https:\/\/franciscanos.org.br\/noticias\/wp-json\/wp\/v2\/categories?post=167245"},{"taxonomy":"post_tag","embeddable":true,"href":"https:\/\/franciscanos.org.br\/noticias\/wp-json\/wp\/v2\/tags?post=167245"}],"curies":[{"name":"wp","href":"https:\/\/api.w.org\/{rel}","templated":true}]}}