{"id":167148,"date":"2018-07-22T00:16:51","date_gmt":"2018-07-22T03:16:51","guid":{"rendered":"http:\/\/franciscanos.org.br\/?p=167148"},"modified":"2019-07-09T10:06:15","modified_gmt":"2019-07-09T13:06:15","slug":"juventude-missionaria-jovens-revivem-experiencia-de-francisco-e-partem-em-missao","status":"publish","type":"post","link":"https:\/\/franciscanos.org.br\/noticias\/juventude-missionaria-jovens-revivem-experiencia-de-francisco-e-partem-em-missao.html","title":{"rendered":"Juventude mission\u00e1ria: jovens revivem experi\u00eancia de Francisco e partem em miss\u00e3o"},"content":{"rendered":"<p>&nbsp;<\/p>\n<p><img loading=\"lazy\" class=\"alignnone wp-image-207459 size-full\" src=\"https:\/\/franciscanos.org.br\/noticias\/wp-content\/uploads\/2018\/07\/enef_0907.jpg\" alt=\"\" width=\"890\" height=\"590\" srcset=\"https:\/\/franciscanos.org.br\/noticias\/wp-content\/uploads\/2018\/07\/enef_0907.jpg 890w, https:\/\/franciscanos.org.br\/noticias\/wp-content\/uploads\/2018\/07\/enef_0907-450x298.jpg 450w, https:\/\/franciscanos.org.br\/noticias\/wp-content\/uploads\/2018\/07\/enef_0907-768x509.jpg 768w, https:\/\/franciscanos.org.br\/noticias\/wp-content\/uploads\/2018\/07\/enef_0907-150x99.jpg 150w\" sizes=\"(max-width: 890px) 100vw, 890px\" \/><\/p>\n<p><strong>V<\/strong><strong>ila Velha (ES) &#8211;\u00a0<\/strong> \u201cVoc\u00eas j\u00e1 perceberam que um dos pontos fortes deste nosso Encontro \u00e9 o Esp\u00edrito de Miss\u00e3o?\u201d. Com esta pergunta, o coordenador geral do 3\u00ba Encontro Nacional Franciscano de Juventudes (ENFJ), Frei Diego Melo, deu in\u00edcio aos trabalhos deste s\u00e1bado, dia 21 de julho, quando, depois de participarem da ora\u00e7\u00e3o da manh\u00e3 na praia, a juventude franciscana se reuniu no audit\u00f3rio do Santu\u00e1rio do Divino Esp\u00edrito Santo para uma partilha de tr\u00eas diferentes experi\u00eancias de miss\u00e3o.<\/p>\n<p>A primeira foi apresentada pelo Secret\u00e1rio Fraterno Nacional da Juventude Franciscana (Jufra), Washington Lima dos Santos. Ele come\u00e7ou lembrando que miss\u00e3o \u00e9 muito mais do que percorrer um caminho f\u00edsico, percorrer estradas e caminhos de terra, de pedra ou de asfalto. Ela perpassa os aspectos bem mais amplos da vida e da exist\u00eancia. \u201cA miss\u00e3o come\u00e7a com as pessoas mais pr\u00f3ximas, dentro de nossa casa mesmo\u201d, enfatizou. Para falar de sua experi\u00eancia mission\u00e1ria, o secret\u00e1rio fraterno exp\u00f4s dados e fatos de sua hist\u00f3ria pessoal e de sua cidade de nascimento, Penedo, em Alagoas. Ele revelou como foi o seu contato com os frades da cidade e como foi se introduzindo no carisma franciscano. Relatou ainda que dificuldades e barreiras fazem parte da op\u00e7\u00e3o mission\u00e1ria e que n\u00e3o devem ser motivo para desanimar. Partilhou ainda sua experi\u00eancia como animador fraterno da Jufra, viajando pelos diversos Estados do Brasil no servi\u00e7o de animar as fraternidades.<\/p>\n<p>Mariana Rogoski, que veio de Curitiba, relatou sua experi\u00eancia mission\u00e1ria junto aos frades da Prov\u00edncia Franciscana da Imaculada Concei\u00e7\u00e3o do Brasil. Destacou o crescimento das iniciativas junto aos jovens, como a Caminhada Franciscana da Juventude (CFJ), iniciada em 2012, com 37 participantes, contando, em sua \u00faltima edi\u00e7\u00e3o, em 2018, com 800 jovens, e as Miss\u00f5es Franciscanas da Juventude, realizadas desde o ano de 2014. Maria emocionou-se ao recordar os frutos destas iniciativas, citando exemplo de jovens que tiveram uma mudan\u00e7a significativa depois de participar destas experi\u00eancias. \u201cS\u00e3o hist\u00f3rias de transforma\u00e7\u00e3o muito profundas, quando os jovens mudam o rumo de suas vidas. Eu tamb\u00e9m vivi esta experi\u00eancia e percebi que minha Igreja \u00e9 na rua, no mundo, junto \u00e0queles que mais precisam\u201d, relatou.<\/p>\n<p>A terceira experi\u00eancia foi partilhada por Frei Jo\u00e3o Messias, Frade da Cust\u00f3dia de S\u00e3o Benedito, da Amaz\u00f4nia. Frei Messias \u00e9 mission\u00e1rio junto aos \u00edndios Munduruku e, atrav\u00e9s de v\u00eddeos e de seu relato pessoal, apresentou um pouco do dia a dia da miss\u00e3o e dos grandes desafios que fazem parte da luta em defesa do direitos dos \u00edndios no contexto da Amaz\u00f4nia.<\/p>\n<p><strong>MISSA E ENVIO<\/strong><\/p>\n<p><img loading=\"lazy\" src=\"http:\/\/franciscanos.org.br\/wp-content\/uploads\/2018\/07\/encontro_nacional_220718_2.jpg\" alt=\"encontro_nacional_220718_2\" width=\"830\" height=\"380\" \/><\/p>\n<p>Ainda sob o impacto das experi\u00eancias mission\u00e1rias que ouviram, os jovens se reuniram, \u00e0s 11h30, no Santu\u00e1rio, para a celebra\u00e7\u00e3o de envio da Miss\u00e3o. A missa foi presidida pelo Coordenador do Servi\u00e7o Interfranciscano de Evangeliza\u00e7\u00e3o e Miss\u00e3o (SIFEM), Frei C\u00e9sar K\u00fclkamp. Em sua homilia, Frei C\u00e9sar destacou o Amor de Deus por seu povo e de como o Senhor resgata aqueles a quem ama chamando-os \u00e0 miss\u00e3o. E encorajou os jovens a levarem adiante este amor, anunciando a bondade de Deus que oferece gratuitamente a salva\u00e7\u00e3o a todos. \u201cFrancisco entendeu esta mensagem do Senhor e enviou seus companheiros pelo mundo, como mensageiros da salva\u00e7\u00e3o. A verdadeira alegria, n\u00f3s a encontramos quando partimos em miss\u00e3o\u201d, afirmou. Frei C\u00e9sar aproveitou tamb\u00e9m para destacar tr\u00eas realidades atuais que t\u00eam norteado a a\u00e7\u00e3o mission\u00e1ria da Ordem dos Frades Menores: a Cultura de Paz, a Mobilidade Humana (quest\u00e3o dos imigrantes e refugiados) e o Cuidado com a Cria\u00e7\u00e3o. Logo ap\u00f3s a homilia, os jovens se colocaram diante do altar e receberam a b\u00ean\u00e7\u00e3o do envio. \u00c0 tarde, partiram em miss\u00e3o, para colocar em pr\u00e1tica tudo que ouviram e aprenderam nos dois primeiros dias do encontro.<\/p>\n<p><strong>CELEBRA\u00c7\u00c3O DO IRM\u00c3O SOL<\/strong><\/p>\n<p>Manh\u00e3 ensolarada na Praia da Costa, em Vila Velha, ES. C\u00e9u azulzinho de encher os olhos e o cora\u00e7\u00e3o. Este foi o cart\u00e3o postal que deu as boas-vindas aos participantes do 3\u00ba ENFJ na manh\u00e3 deste s\u00e1bado, dia 21 de julho. Com cantos de acolhida e louvor, foram chegando aos poucos, trazidos pelas fam\u00edlias acolhedoras. Viram um ambiente preparado carinhosamente por Deus, que providenciou a beleza dos bens da Cria\u00e7\u00e3o e foram se aconchegando ao redor do Crucifixo de S\u00e3o Dami\u00e3o posicionado na areia da praia. Veja mais no v\u00eddeo abaixo:<\/p>\n<p><iframe loading=\"lazy\" src=\"https:\/\/www.youtube.com\/embed\/0YPsWdVCIfc\" width=\"100%\" height=\"480\" frameborder=\"0\" allowfullscreen=\"allowfullscreen\"><\/iframe><\/p>\n<p style=\"text-align: center;\">\n","protected":false},"excerpt":{"rendered":"<p>3\u00ba ENFJ<\/p>\n","protected":false},"author":1,"featured_media":207460,"comment_status":"open","ping_status":"open","sticky":false,"template":"","format":"standard","meta":[],"categories":[1],"tags":[240,587],"acf":[],"yoast_head":"<!-- This site is optimized with the Yoast SEO plugin v19.2 - https:\/\/yoast.com\/wordpress\/plugins\/seo\/ -->\n<title>Juventude mission\u00e1ria: jovens revivem experi\u00eancia de Francisco e partem em miss\u00e3o - Not\u00edcias - Franciscanos<\/title>\n<meta name=\"robots\" content=\"index, follow, max-snippet:-1, max-image-preview:large, max-video-preview:-1\" \/>\n<link rel=\"canonical\" href=\"https:\/\/franciscanos.org.br\/noticias\/juventude-missionaria-jovens-revivem-experiencia-de-francisco-e-partem-em-missao.html\" \/>\n<meta property=\"og:locale\" content=\"pt_BR\" \/>\n<meta property=\"og:type\" content=\"article\" \/>\n<meta property=\"og:title\" content=\"Juventude mission\u00e1ria: jovens revivem experi\u00eancia de Francisco e partem em miss\u00e3o - Not\u00edcias - Franciscanos\" \/>\n<meta property=\"og:description\" content=\"3\u00ba ENFJ\" \/>\n<meta property=\"og:url\" content=\"https:\/\/franciscanos.org.br\/noticias\/juventude-missionaria-jovens-revivem-experiencia-de-francisco-e-partem-em-missao.html\" \/>\n<meta property=\"og:site_name\" content=\"Not\u00edcias - Franciscanos\" \/>\n<meta property=\"article:published_time\" content=\"2018-07-22T03:16:51+00:00\" \/>\n<meta property=\"article:modified_time\" content=\"2019-07-09T13:06:15+00:00\" \/>\n<meta property=\"og:image\" content=\"https:\/\/franciscanos.org.br\/noticias\/wp-content\/uploads\/2018\/07\/enef_0907_1.jpg\" \/>\n\t<meta property=\"og:image:width\" content=\"273\" \/>\n\t<meta property=\"og:image:height\" content=\"181\" \/>\n\t<meta property=\"og:image:type\" content=\"image\/jpeg\" \/>\n<meta name=\"author\" content=\"admin\" \/>\n<meta name=\"twitter:card\" content=\"summary_large_image\" \/>\n<meta name=\"twitter:label1\" content=\"Escrito por\" \/>\n\t<meta name=\"twitter:data1\" content=\"admin\" \/>\n\t<meta name=\"twitter:label2\" content=\"Est. tempo de leitura\" \/>\n\t<meta name=\"twitter:data2\" content=\"4 minutos\" \/>\n<script type=\"application\/ld+json\" class=\"yoast-schema-graph\">{\"@context\":\"https:\/\/schema.org\",\"@graph\":[{\"@type\":\"WebSite\",\"@id\":\"https:\/\/franciscanos.org.br\/noticias\/#website\",\"url\":\"https:\/\/franciscanos.org.br\/noticias\/\",\"name\":\"Not\u00edcias - Franciscanos\",\"description\":\"Prov\u00edncia Franciscana da Imaculada Concei\u00e7\u00e3o do Brasil - Ordem dos Frades Menores - OFM\",\"potentialAction\":[{\"@type\":\"SearchAction\",\"target\":{\"@type\":\"EntryPoint\",\"urlTemplate\":\"https:\/\/franciscanos.org.br\/noticias\/?s={search_term_string}\"},\"query-input\":\"required name=search_term_string\"}],\"inLanguage\":\"pt-BR\"},{\"@type\":\"ImageObject\",\"inLanguage\":\"pt-BR\",\"@id\":\"https:\/\/franciscanos.org.br\/noticias\/juventude-missionaria-jovens-revivem-experiencia-de-francisco-e-partem-em-missao.html#primaryimage\",\"url\":\"https:\/\/franciscanos.org.br\/noticias\/wp-content\/uploads\/2018\/07\/enef_0907_1.jpg\",\"contentUrl\":\"https:\/\/franciscanos.org.br\/noticias\/wp-content\/uploads\/2018\/07\/enef_0907_1.jpg\",\"width\":273,\"height\":181},{\"@type\":\"WebPage\",\"@id\":\"https:\/\/franciscanos.org.br\/noticias\/juventude-missionaria-jovens-revivem-experiencia-de-francisco-e-partem-em-missao.html#webpage\",\"url\":\"https:\/\/franciscanos.org.br\/noticias\/juventude-missionaria-jovens-revivem-experiencia-de-francisco-e-partem-em-missao.html\",\"name\":\"Juventude mission\u00e1ria: jovens revivem experi\u00eancia de Francisco e partem em miss\u00e3o - Not\u00edcias - Franciscanos\",\"isPartOf\":{\"@id\":\"https:\/\/franciscanos.org.br\/noticias\/#website\"},\"primaryImageOfPage\":{\"@id\":\"https:\/\/franciscanos.org.br\/noticias\/juventude-missionaria-jovens-revivem-experiencia-de-francisco-e-partem-em-missao.html#primaryimage\"},\"datePublished\":\"2018-07-22T03:16:51+00:00\",\"dateModified\":\"2019-07-09T13:06:15+00:00\",\"author\":{\"@id\":\"https:\/\/franciscanos.org.br\/noticias\/#\/schema\/person\/b38fbf43118f02820bd932f2e4b14ad3\"},\"breadcrumb\":{\"@id\":\"https:\/\/franciscanos.org.br\/noticias\/juventude-missionaria-jovens-revivem-experiencia-de-francisco-e-partem-em-missao.html#breadcrumb\"},\"inLanguage\":\"pt-BR\",\"potentialAction\":[{\"@type\":\"ReadAction\",\"target\":[\"https:\/\/franciscanos.org.br\/noticias\/juventude-missionaria-jovens-revivem-experiencia-de-francisco-e-partem-em-missao.html\"]}]},{\"@type\":\"BreadcrumbList\",\"@id\":\"https:\/\/franciscanos.org.br\/noticias\/juventude-missionaria-jovens-revivem-experiencia-de-francisco-e-partem-em-missao.html#breadcrumb\",\"itemListElement\":[{\"@type\":\"ListItem\",\"position\":1,\"name\":\"Home\",\"item\":\"https:\/\/franciscanos.org.br\/noticias\"},{\"@type\":\"ListItem\",\"position\":2,\"name\":\"Juventude mission\u00e1ria: jovens revivem experi\u00eancia de Francisco e partem em miss\u00e3o\"}]},{\"@type\":\"Person\",\"@id\":\"https:\/\/franciscanos.org.br\/noticias\/#\/schema\/person\/b38fbf43118f02820bd932f2e4b14ad3\",\"name\":\"admin\",\"image\":{\"@type\":\"ImageObject\",\"inLanguage\":\"pt-BR\",\"@id\":\"https:\/\/franciscanos.org.br\/noticias\/#\/schema\/person\/image\/\",\"url\":\"https:\/\/secure.gravatar.com\/avatar\/e8495742d34d0ba6448ea1c628263b3e?s=96&d=mm&r=g\",\"contentUrl\":\"https:\/\/secure.gravatar.com\/avatar\/e8495742d34d0ba6448ea1c628263b3e?s=96&d=mm&r=g\",\"caption\":\"admin\"},\"url\":\"https:\/\/franciscanos.org.br\/noticias\/author\/admin\"}]}<\/script>\n<!-- \/ Yoast SEO plugin. -->","yoast_head_json":{"title":"Juventude mission\u00e1ria: jovens revivem experi\u00eancia de Francisco e partem em miss\u00e3o - Not\u00edcias - Franciscanos","robots":{"index":"index","follow":"follow","max-snippet":"max-snippet:-1","max-image-preview":"max-image-preview:large","max-video-preview":"max-video-preview:-1"},"canonical":"https:\/\/franciscanos.org.br\/noticias\/juventude-missionaria-jovens-revivem-experiencia-de-francisco-e-partem-em-missao.html","og_locale":"pt_BR","og_type":"article","og_title":"Juventude mission\u00e1ria: jovens revivem experi\u00eancia de Francisco e partem em miss\u00e3o - Not\u00edcias - Franciscanos","og_description":"3\u00ba ENFJ","og_url":"https:\/\/franciscanos.org.br\/noticias\/juventude-missionaria-jovens-revivem-experiencia-de-francisco-e-partem-em-missao.html","og_site_name":"Not\u00edcias - Franciscanos","article_published_time":"2018-07-22T03:16:51+00:00","article_modified_time":"2019-07-09T13:06:15+00:00","og_image":[{"width":273,"height":181,"url":"https:\/\/franciscanos.org.br\/noticias\/wp-content\/uploads\/2018\/07\/enef_0907_1.jpg","type":"image\/jpeg"}],"author":"admin","twitter_card":"summary_large_image","twitter_misc":{"Escrito por":"admin","Est. tempo de leitura":"4 minutos"},"schema":{"@context":"https:\/\/schema.org","@graph":[{"@type":"WebSite","@id":"https:\/\/franciscanos.org.br\/noticias\/#website","url":"https:\/\/franciscanos.org.br\/noticias\/","name":"Not\u00edcias - Franciscanos","description":"Prov\u00edncia Franciscana da Imaculada Concei\u00e7\u00e3o do Brasil - Ordem dos Frades Menores - OFM","potentialAction":[{"@type":"SearchAction","target":{"@type":"EntryPoint","urlTemplate":"https:\/\/franciscanos.org.br\/noticias\/?s={search_term_string}"},"query-input":"required name=search_term_string"}],"inLanguage":"pt-BR"},{"@type":"ImageObject","inLanguage":"pt-BR","@id":"https:\/\/franciscanos.org.br\/noticias\/juventude-missionaria-jovens-revivem-experiencia-de-francisco-e-partem-em-missao.html#primaryimage","url":"https:\/\/franciscanos.org.br\/noticias\/wp-content\/uploads\/2018\/07\/enef_0907_1.jpg","contentUrl":"https:\/\/franciscanos.org.br\/noticias\/wp-content\/uploads\/2018\/07\/enef_0907_1.jpg","width":273,"height":181},{"@type":"WebPage","@id":"https:\/\/franciscanos.org.br\/noticias\/juventude-missionaria-jovens-revivem-experiencia-de-francisco-e-partem-em-missao.html#webpage","url":"https:\/\/franciscanos.org.br\/noticias\/juventude-missionaria-jovens-revivem-experiencia-de-francisco-e-partem-em-missao.html","name":"Juventude mission\u00e1ria: jovens revivem experi\u00eancia de Francisco e partem em miss\u00e3o - Not\u00edcias - Franciscanos","isPartOf":{"@id":"https:\/\/franciscanos.org.br\/noticias\/#website"},"primaryImageOfPage":{"@id":"https:\/\/franciscanos.org.br\/noticias\/juventude-missionaria-jovens-revivem-experiencia-de-francisco-e-partem-em-missao.html#primaryimage"},"datePublished":"2018-07-22T03:16:51+00:00","dateModified":"2019-07-09T13:06:15+00:00","author":{"@id":"https:\/\/franciscanos.org.br\/noticias\/#\/schema\/person\/b38fbf43118f02820bd932f2e4b14ad3"},"breadcrumb":{"@id":"https:\/\/franciscanos.org.br\/noticias\/juventude-missionaria-jovens-revivem-experiencia-de-francisco-e-partem-em-missao.html#breadcrumb"},"inLanguage":"pt-BR","potentialAction":[{"@type":"ReadAction","target":["https:\/\/franciscanos.org.br\/noticias\/juventude-missionaria-jovens-revivem-experiencia-de-francisco-e-partem-em-missao.html"]}]},{"@type":"BreadcrumbList","@id":"https:\/\/franciscanos.org.br\/noticias\/juventude-missionaria-jovens-revivem-experiencia-de-francisco-e-partem-em-missao.html#breadcrumb","itemListElement":[{"@type":"ListItem","position":1,"name":"Home","item":"https:\/\/franciscanos.org.br\/noticias"},{"@type":"ListItem","position":2,"name":"Juventude mission\u00e1ria: jovens revivem experi\u00eancia de Francisco e partem em miss\u00e3o"}]},{"@type":"Person","@id":"https:\/\/franciscanos.org.br\/noticias\/#\/schema\/person\/b38fbf43118f02820bd932f2e4b14ad3","name":"admin","image":{"@type":"ImageObject","inLanguage":"pt-BR","@id":"https:\/\/franciscanos.org.br\/noticias\/#\/schema\/person\/image\/","url":"https:\/\/secure.gravatar.com\/avatar\/e8495742d34d0ba6448ea1c628263b3e?s=96&d=mm&r=g","contentUrl":"https:\/\/secure.gravatar.com\/avatar\/e8495742d34d0ba6448ea1c628263b3e?s=96&d=mm&r=g","caption":"admin"},"url":"https:\/\/franciscanos.org.br\/noticias\/author\/admin"}]}},"_links":{"self":[{"href":"https:\/\/franciscanos.org.br\/noticias\/wp-json\/wp\/v2\/posts\/167148"}],"collection":[{"href":"https:\/\/franciscanos.org.br\/noticias\/wp-json\/wp\/v2\/posts"}],"about":[{"href":"https:\/\/franciscanos.org.br\/noticias\/wp-json\/wp\/v2\/types\/post"}],"author":[{"embeddable":true,"href":"https:\/\/franciscanos.org.br\/noticias\/wp-json\/wp\/v2\/users\/1"}],"replies":[{"embeddable":true,"href":"https:\/\/franciscanos.org.br\/noticias\/wp-json\/wp\/v2\/comments?post=167148"}],"version-history":[{"count":0,"href":"https:\/\/franciscanos.org.br\/noticias\/wp-json\/wp\/v2\/posts\/167148\/revisions"}],"wp:featuredmedia":[{"embeddable":true,"href":"https:\/\/franciscanos.org.br\/noticias\/wp-json\/wp\/v2\/media\/207460"}],"wp:attachment":[{"href":"https:\/\/franciscanos.org.br\/noticias\/wp-json\/wp\/v2\/media?parent=167148"}],"wp:term":[{"taxonomy":"category","embeddable":true,"href":"https:\/\/franciscanos.org.br\/noticias\/wp-json\/wp\/v2\/categories?post=167148"},{"taxonomy":"post_tag","embeddable":true,"href":"https:\/\/franciscanos.org.br\/noticias\/wp-json\/wp\/v2\/tags?post=167148"}],"curies":[{"name":"wp","href":"https:\/\/api.w.org\/{rel}","templated":true}]}}