{"id":167099,"date":"2018-07-21T20:34:35","date_gmt":"2018-07-21T23:34:35","guid":{"rendered":"http:\/\/franciscanos.org.br\/?p=167099"},"modified":"2018-07-21T20:34:35","modified_gmt":"2018-07-21T23:34:35","slug":"d-paulo-presente-nao-ha-motivo-para-perder-a-esperanca","status":"publish","type":"post","link":"https:\/\/franciscanos.org.br\/noticias\/d-paulo-presente-nao-ha-motivo-para-perder-a-esperanca.html","title":{"rendered":"D. Paulo presente! N\u00e3o h\u00e1 motivo para perder a esperan\u00e7a."},"content":{"rendered":"<p><img loading=\"lazy\" src=\"http:\/\/franciscanos.org.br\/wp-content\/uploads\/2018\/07\/paulo_210718_2.jpg\" alt=\"paulo_210718_2\" width=\"830\" height=\"566\" \/><\/p>\n<p><strong>Moacir Beggo<\/strong><\/p>\n<p><strong>\u00a0<\/strong><strong>S\u00e3o Paulo (SP)<\/strong> &#8211; Aos gritos de &#8220;D. Paulo presente! Agora e sempre!&#8221; foi aberta, neste s\u00e1bado (21\/7) a Exposi\u00e7\u00e3o &#8220;Dom Paulo Evaristo Arns: 95 anos&#8221;, em homenagem ao Cardeal de S\u00e3o Paulo que morreu em dezembro de 2016. O ex-ministro da Justi\u00e7a e membro da Comiss\u00e3o de Justi\u00e7a e Paz (CJP), Jos\u00e9 Gregori, abriu a exposi\u00e7\u00e3o exatamente dentro de uma cela, representando uma pris\u00e3o da ditadura militar. Um show de hip-hop ao lado do Centro Cultural dos Correios, no Vale do Anhangaba\u00fa, regi\u00e3o central da capital paulista, prejudicou a abertura do evento e fez com que os organizadores mudassem para este espa\u00e7o mais silencioso. Devido ao barulho, o Coro Luther King s\u00f3 conseguiu apresentar uma m\u00fasica diante do grande painel da Catedral da S\u00e9 na entrada do pr\u00e9dio.<\/p>\n<p>&#8220;Para mim, estar aqui dentro dessas grades tem um significado muito grande. A gente relembra que D. Paulo \u00a0foi a voz do protesto e da reden\u00e7\u00e3o do Brasil e n\u00e3o h\u00e1 cerim\u00f4nia mais representativa do que estar entre as grades da cadeia onde estavam os jovens frades dominicanos&#8221;, disse o ex-ministro Gregori, ressaltando o privil\u00e9gio de viver em um Brasil t\u00e3o desigual, com tantas diferen\u00e7as, tantas incertezas, mas tendo ao lado um profeta, um ap\u00f3stolo, que acreditou naquilo que vinha do cora\u00e7\u00e3o, da f\u00e9 e da ora\u00e7\u00e3o. &#8220;Ele traduziu isso n\u00e3o em palavras, n\u00e3o em exorta\u00e7\u00f5es, mas em coisas pr\u00e1ticas. Foi por isso que, em v\u00e1rias vezes, sem ser condenado, esteve atr\u00e1s das grades para dar esperan\u00e7a a quem precisava, para mostrar que a justi\u00e7a na terra se faz, que n\u00e3o h\u00e1 motivo para desesperan\u00e7as, n\u00e3o h\u00e1 motivo para des\u00e2nimo, que o bem sempre acaba prevalecendo&#8221;, observou, contando que teve o privil\u00e9gio de ser integrante da Comiss\u00e3o de Justi\u00e7a e Paz criada por D. Paulo. &#8220;\u00c0s vezes, eu chegava cedo \u00e0s reuni\u00f5es e a sua secret\u00e1ria me dizia que ele estava na capela. Nunca vi um sacerdote orar com tanto fervor, com tanta comunh\u00e3o. De l\u00e1, ele tirava o \u00e2nimo, a fortaleza&#8221;, recordou.<\/p>\n<p>&#8220;Ele fez justi\u00e7a com justi\u00e7a, fez a paz com paz, fez a concilia\u00e7\u00e3o com concilia\u00e7\u00e3o, fez a democracia com democracia. Por causa da f\u00e9, ele se tornou o vitorioso e hoje est\u00e1 sendo homenageado, est\u00e1 sendo objeto da dedica\u00e7\u00e3o extraordin\u00e1ria desse grupo que organizou a exposi\u00e7\u00e3o. Mesmo em meio \u00e0s dificuldades, este grupo conseguiu fazer essa bel\u00edssima exposi\u00e7\u00e3o. N\u00f3s estamos todos gratificados&#8221;, elogiou. No final do m\u00eas, quando os organizadores lan\u00e7aram o projeto na Assembleia Legislativa, um grupo de pessoas, defensoras de uma &#8220;interven\u00e7\u00e3o militar&#8221;, amea\u00e7ou paralisar a exposi\u00e7\u00e3o.<\/p>\n<p><img loading=\"lazy\" src=\"http:\/\/franciscanos.org.br\/wp-content\/uploads\/2018\/07\/paulo_210718.jpg\" alt=\"paulo_210718\" width=\"830\" height=\"445\" \/><\/p>\n<p>A curadoria \u00e9 das jornalistas Evanize Sydow e Marilda Ferri \u2013 autoras de biografia sobre Dom Paulo \u2013, al\u00e9m de Maria Angela Borsoi, secret\u00e1ria do Cardeal durante d\u00e9cadas, e Paulo Pedrini, da Pastoral Oper\u00e1ria. Evanize falou em nome do grupo e lembrou que a equipe reuniu mais de 60 pessoas, trabalhando dia e noite para que o evento desse a oportunidade de apresentar, especialmente para jovens, de forma l\u00fadica e interativa, conceitos importantes para uma sociedade mais justa, com respeito \u00e0 democracia e aos direitos humanos, que foi a luta de Dom Paulo. A curadora fez os agradecimentos \u00e0s entidades que ajudaram o projeto, entre eles a Missionszentrale dos Franciscanos e esta Prov\u00edncia da Imaculada Concei\u00e7\u00e3o.<\/p>\n<p>O guardi\u00e3o do Convento S\u00e3o Francisco, Frei M\u00e1rio Tagliari, representou a Prov\u00edncia da Imaculada e o Ministro Provincial, Frei Fid\u00eancio Vanboemmel, no evento. &#8220;\u00c9 uma exposi\u00e7\u00e3o ampla que d\u00e1 destaque ao servi\u00e7o da Igreja Povo de Deus, na defesa dos direitos humanos, na defesa da liberdade, na constru\u00e7\u00e3o de uma sociedade mais justa, fraterna, solid\u00e1ria, mais igualit\u00e1ria. No tempo da ditadura, sem d\u00favida, D. Paulo foi um grande profeta, denunciando as injusti\u00e7as com vigor e coragem, sem deixar de anunciar um mundo melhor poss\u00edvel&#8221;, disse o confrade de D. Paulo. &#8220;No seu minist\u00e9rio, como bispo, mas tamb\u00e9m desde frade, ele fez a op\u00e7\u00e3o para acolher todo mundo, de modo especial os empobrecidos. N\u00e3o os pobres, mas os empobrecidos, pois isso significa que existem responsabilidades pelos que vivem empobrecidos, aqueles sem voz e sem vez&#8221;, ressaltou Frei M\u00e1rio.<\/p>\n<p><img loading=\"lazy\" src=\"http:\/\/franciscanos.org.br\/wp-content\/uploads\/2018\/07\/paulo_210718_1.jpg\" alt=\"paulo_210718_1\" width=\"830\" height=\"733\" \/><\/p>\n<p style=\"text-align: center;\">\u00a0<em>Representa\u00e7\u00e3o das ossadas encontradas no Cemit\u00e9rio Dom Bosco, em Perus<\/em><\/p>\n<p>O guardi\u00e3o da segunda casa de D. Paulo ficou impressionado com o espa\u00e7o que retrata a tortura da ditadura militar. &#8220;Eu nunca tinha me deparado com instrumentos de tortura. E \u00e9 uma coisa t\u00e3o r\u00fastica, t\u00e3o chocante de se ver e t\u00e3o cruel imaginar o ser humano a\u00ed, amarrado naquelas correias e sendo torturado&#8221;, lamentou Frei M\u00e1rio. Em uma das salas se pode conferir a atua\u00e7\u00e3o do cardeal durante a ditadura. Nesse mesmo espa\u00e7o se encontra uma vers\u00e3o gigante do livro &#8220;Brasil: Nunca Mais&#8221;, lan\u00e7ado em 1985, com den\u00fancias e documenta\u00e7\u00e3o sobre torturas de presos pol\u00edticos, um marco do movimento por justi\u00e7a e verdade. Em outra \u00e1rea se pode ver toda a crueldade na vala clandestina do Cemit\u00e9rio Dom Bosco, em Perus, onde, em 1990, foram descobertas mais de mil ossadas, parte delas de desaparecidos durante o regime autorit\u00e1rio.<\/p>\n<p>&#8220;Eu penso que \u00e9 muito importante hoje, depois de ter passado esse tempo, que as pessoas e jovens possam ver isso e n\u00e3o caiam na onda dessa ideologia de direita que quer apagar isso da mem\u00f3ria brasileira, dizendo que isso n\u00e3o aconteceu. Ent\u00e3o, esse \u00e9 um resgate fant\u00e1stico e oportuno. Eu vivi esse per\u00edodo e mesmo assim fiquei chocado. Imagine para os jovens que n\u00e3o viveram essa fase! Isso dever\u00e1 ser uma coisa muito intrigante e se espera que ajude a questionar: ser\u00e1 que \u00e9 esse Brasil que a gente quer? Um Brasil de viol\u00eancia, que dissemina \u00f3dio, que coloca as pessoas umas contra as outras, que passa por cima de todos os valores e direitos fundamentais do ser humano? E D. Paulo, sem d\u00favida, foi o profeta no seu tempo e \u00e9 hoje tamb\u00e9m&#8221;, frisou o frade.<\/p>\n<p>Fernando Altemeyer Junior, assistente doutor da PUC-SP, trabalhou durante dez anos com D. Paulo na Comunica\u00e7\u00e3o da Arquidiocese. Para ele, ver os instrumentos de tortura nas salas escuras, &#8220;ofende-me profundamente&#8221;. &#8220;Meus av\u00f3s e parentes viveram os horrores da 2\u00aa Guerra Mundial e quando entro nesse local n\u00e3o gosto. Me faz mal. Depois tem as ossadas de Perus, uma representa\u00e7\u00e3o de esqueletos. Ent\u00e3o, voc\u00ea fala: &#8216;Nossa! Que feio! Gente machucou gente sentada nessa cadeira. Como \u00e9 poss\u00edvel o ser humano fazer isso? Depois voc\u00ea atravessa um pequeno corredor e passa por um espa\u00e7o de representa\u00e7\u00e3o do povo de rua, que \u00e9 o solid\u00e9u do Papa Francisco, e entra na ala que \u00e9 da esperan\u00e7a. Ali tem o Corinthians, time de D. Paulo. Ent\u00e3o, a hist\u00f3ria do Brasil traz isso: dor, tristeza e esperan\u00e7a, a palavra-chave de D. Paulo. Uma bela exposi\u00e7\u00e3o, singela &#8211; n\u00e3o \u00e9 rebuscada -, mas eu fico com a parte final, a parte da esperan\u00e7a. Sem negar o que existiu, porque povo sem mem\u00f3ria vira uma bobagem. Passar de uma dor para a esperan\u00e7a, \u00e9 poss\u00edvel isso? D. Paulo mostrou que \u00e9 poss\u00edvel. Hoje, precisamos de outras pessoas que fa\u00e7am como D. Paulo&#8221;, pediu.<\/p>\n<p><img loading=\"lazy\" src=\"http:\/\/franciscanos.org.br\/wp-content\/uploads\/2018\/07\/paulo_210718_4.jpg\" alt=\"paulo_210718_4\" width=\"830\" height=\"508\" \/><\/p>\n<p style=\"text-align: center;\"><em>Jos\u00e9 Gregori, ex-ministro da Justi\u00e7a do Governo Fernando Henrique e fundador da Secretaria Nacional de Direitos Humanos<\/em><\/p>\n<p>Nesta exposi\u00e7\u00e3o h\u00e1 uma linha do tempo com temas sobre a Declara\u00e7\u00e3o Universal dos Direitos Humanos, que est\u00e1 completando 70 anos. Em um v\u00eddeo, os 30 artigos do texto s\u00e3o lidos por 30 pessoas, incluindo refugiados, moradores de rua e artistas, como Criolo, Martinho da Vila e Paulinho da Viola. No final do amplo sal\u00e3o, as cita\u00e7\u00f5es ao Corinthians, time de cora\u00e7\u00e3o do religioso franciscano, com fotos e depoimentos de ex-atletas como Bas\u00edlio e Casagrande.<\/p>\n<p>O grande destaque, que chama a aten\u00e7\u00e3o do visitante logo na entrada do pr\u00e9dio, \u00e9 uma reprodu\u00e7\u00e3o de aproximadamente 400 metros quadrados da Pra\u00e7a e da Catedral da S\u00e9, com representa\u00e7\u00e3o de alguns momentos hist\u00f3ricos ocorridos naquela regi\u00e3o central. Entre esses fatos, est\u00e3o as missas por Alexandre Vannuchi, Vladimir Herzog, Santo Dias e Manoel Fiel Filho, todos assassinados pela ditadura. A mostra lembra ainda as missas de 1\u00ba de Maio. A exposi\u00e7\u00e3o inclui depoimentos e imagens in\u00e9ditas, em v\u00e1rios ambientes.<\/p>\n<p>A Mostra poder\u00e1 ser visitada at\u00e9 23 de setembro, de ter\u00e7a a domingo, das 11h \u00e0s 17 horas. A entrada \u00e9 franca. Tamb\u00e9m nesses dias, \u00e0s 14h30 e 15h30, ser\u00e1 encenada a pe\u00e7a \u201cLembrar \u00e9 Resistir\u201d, que sofreu algumas adapta\u00e7\u00f5es desde que foi apresentada pela primeira vez no final dos anos 90, na antiga sede do Departamento Estadual de Ordem Pol\u00edtica e Social de S\u00e3o Paulo (DEOPS), o bra\u00e7o oficial da pol\u00edtica de terror do Estado, que serviu de centro de tortura.<\/p>\n<p>Segundo Gregori, o apostolado de D. Paulo nos deixou valores eternos, como a primazia dos direitos humanos, a reconcilia\u00e7\u00e3o da condi\u00e7\u00e3o humana, a vida em comum, mais solid\u00e1ria, no sentido de um compensar a fraqueza do outro. &#8220;Esses valores continuam, porque \u00e9 um dos mist\u00e9rios da natureza. Por que a humanidade n\u00e3o nasceu para o bem e por que o bem demora tanto a chegar? Mas n\u00f3s que temos f\u00e9, temos que acreditar que ele vir\u00e1. E n\u00e3o vir\u00e1 espontaneamente no bico da cegonha. \u00c9 preciso luta, mas uma luta pac\u00edfica, que joguem as pessoas para uma mobiliza\u00e7\u00e3o do bem e n\u00e3o umas contra as outras. Foi o que D. Paulo fez&#8221;, completou.<\/p>\n<p><img loading=\"lazy\" src=\"http:\/\/franciscanos.org.br\/wp-content\/uploads\/2018\/07\/paulo_210718_3.jpg\" alt=\"paulo_210718_3\" width=\"830\" height=\"623\" \/><\/p>\n<p style=\"padding-left: 30px;\">\u00a0<strong>Servi\u00e7o<\/strong><\/p>\n<p style=\"padding-left: 30px;\">Exposi\u00e7\u00e3o Dom Paulo Evaristo Arns: 95 anos<\/p>\n<p style=\"padding-left: 30px;\">Data: de 21 de julho a 23 de setembro de 2018<\/p>\n<p style=\"padding-left: 30px;\">Hor\u00e1rio e dias: visita\u00e7\u00e3o das 11h \u00e0s 17h, de ter\u00e7a a domingo<\/p>\n<p style=\"padding-left: 30px;\">Entrada franca<\/p>\n<p style=\"padding-left: 30px;\">Local: Av. S\u00e3o Jo\u00e3o, s\/n, Vale do Anhangaba\u00fa \u2013 Centro, S\u00e3o Paulo\/SP<\/p>\n\n","protected":false},"excerpt":{"rendered":"<p>Exposi\u00e7\u00e3o<\/p>\n","protected":false},"author":1,"featured_media":187525,"comment_status":"open","ping_status":"open","sticky":false,"template":"","format":"standard","meta":[],"categories":[1],"tags":[],"acf":[],"yoast_head":"<!-- This site is optimized with the Yoast SEO plugin v19.2 - https:\/\/yoast.com\/wordpress\/plugins\/seo\/ -->\n<title>D. Paulo presente! N\u00e3o h\u00e1 motivo para perder a esperan\u00e7a. - Not\u00edcias - Franciscanos<\/title>\n<meta name=\"robots\" content=\"index, follow, max-snippet:-1, max-image-preview:large, max-video-preview:-1\" \/>\n<link rel=\"canonical\" href=\"https:\/\/franciscanos.org.br\/noticias\/d-paulo-presente-nao-ha-motivo-para-perder-a-esperanca.html\" \/>\n<meta property=\"og:locale\" content=\"pt_BR\" \/>\n<meta property=\"og:type\" content=\"article\" \/>\n<meta property=\"og:title\" content=\"D. Paulo presente! N\u00e3o h\u00e1 motivo para perder a esperan\u00e7a. - Not\u00edcias - Franciscanos\" \/>\n<meta property=\"og:description\" content=\"Exposi\u00e7\u00e3o\" \/>\n<meta property=\"og:url\" content=\"https:\/\/franciscanos.org.br\/noticias\/d-paulo-presente-nao-ha-motivo-para-perder-a-esperanca.html\" \/>\n<meta property=\"og:site_name\" content=\"Not\u00edcias - Franciscanos\" \/>\n<meta property=\"article:published_time\" content=\"2018-07-21T23:34:35+00:00\" \/>\n<meta property=\"og:image\" content=\"https:\/\/franciscanos.org.br\/noticias\/wp-content\/uploads\/2018\/11\/paulo_210718_2-1.jpg\" \/>\n\t<meta property=\"og:image:width\" content=\"830\" \/>\n\t<meta property=\"og:image:height\" content=\"566\" \/>\n\t<meta property=\"og:image:type\" content=\"image\/jpeg\" \/>\n<meta name=\"author\" content=\"admin\" \/>\n<meta name=\"twitter:card\" content=\"summary_large_image\" \/>\n<meta name=\"twitter:label1\" content=\"Escrito por\" \/>\n\t<meta name=\"twitter:data1\" content=\"admin\" \/>\n\t<meta name=\"twitter:label2\" content=\"Est. tempo de leitura\" \/>\n\t<meta name=\"twitter:data2\" content=\"9 minutos\" \/>\n<script type=\"application\/ld+json\" class=\"yoast-schema-graph\">{\"@context\":\"https:\/\/schema.org\",\"@graph\":[{\"@type\":\"WebSite\",\"@id\":\"https:\/\/franciscanos.org.br\/noticias\/#website\",\"url\":\"https:\/\/franciscanos.org.br\/noticias\/\",\"name\":\"Not\u00edcias - Franciscanos\",\"description\":\"Prov\u00edncia Franciscana da Imaculada Concei\u00e7\u00e3o do Brasil - Ordem dos Frades Menores - OFM\",\"potentialAction\":[{\"@type\":\"SearchAction\",\"target\":{\"@type\":\"EntryPoint\",\"urlTemplate\":\"https:\/\/franciscanos.org.br\/noticias\/?s={search_term_string}\"},\"query-input\":\"required name=search_term_string\"}],\"inLanguage\":\"pt-BR\"},{\"@type\":\"ImageObject\",\"inLanguage\":\"pt-BR\",\"@id\":\"https:\/\/franciscanos.org.br\/noticias\/d-paulo-presente-nao-ha-motivo-para-perder-a-esperanca.html#primaryimage\",\"url\":\"https:\/\/franciscanos.org.br\/noticias\/wp-content\/uploads\/2018\/11\/paulo_210718_2-1.jpg\",\"contentUrl\":\"https:\/\/franciscanos.org.br\/noticias\/wp-content\/uploads\/2018\/11\/paulo_210718_2-1.jpg\",\"width\":830,\"height\":566},{\"@type\":\"WebPage\",\"@id\":\"https:\/\/franciscanos.org.br\/noticias\/d-paulo-presente-nao-ha-motivo-para-perder-a-esperanca.html#webpage\",\"url\":\"https:\/\/franciscanos.org.br\/noticias\/d-paulo-presente-nao-ha-motivo-para-perder-a-esperanca.html\",\"name\":\"D. Paulo presente! N\u00e3o h\u00e1 motivo para perder a esperan\u00e7a. - Not\u00edcias - Franciscanos\",\"isPartOf\":{\"@id\":\"https:\/\/franciscanos.org.br\/noticias\/#website\"},\"primaryImageOfPage\":{\"@id\":\"https:\/\/franciscanos.org.br\/noticias\/d-paulo-presente-nao-ha-motivo-para-perder-a-esperanca.html#primaryimage\"},\"datePublished\":\"2018-07-21T23:34:35+00:00\",\"dateModified\":\"2018-07-21T23:34:35+00:00\",\"author\":{\"@id\":\"https:\/\/franciscanos.org.br\/noticias\/#\/schema\/person\/b38fbf43118f02820bd932f2e4b14ad3\"},\"breadcrumb\":{\"@id\":\"https:\/\/franciscanos.org.br\/noticias\/d-paulo-presente-nao-ha-motivo-para-perder-a-esperanca.html#breadcrumb\"},\"inLanguage\":\"pt-BR\",\"potentialAction\":[{\"@type\":\"ReadAction\",\"target\":[\"https:\/\/franciscanos.org.br\/noticias\/d-paulo-presente-nao-ha-motivo-para-perder-a-esperanca.html\"]}]},{\"@type\":\"BreadcrumbList\",\"@id\":\"https:\/\/franciscanos.org.br\/noticias\/d-paulo-presente-nao-ha-motivo-para-perder-a-esperanca.html#breadcrumb\",\"itemListElement\":[{\"@type\":\"ListItem\",\"position\":1,\"name\":\"Home\",\"item\":\"https:\/\/franciscanos.org.br\/noticias\"},{\"@type\":\"ListItem\",\"position\":2,\"name\":\"D. Paulo presente! N\u00e3o h\u00e1 motivo para perder a esperan\u00e7a.\"}]},{\"@type\":\"Person\",\"@id\":\"https:\/\/franciscanos.org.br\/noticias\/#\/schema\/person\/b38fbf43118f02820bd932f2e4b14ad3\",\"name\":\"admin\",\"image\":{\"@type\":\"ImageObject\",\"inLanguage\":\"pt-BR\",\"@id\":\"https:\/\/franciscanos.org.br\/noticias\/#\/schema\/person\/image\/\",\"url\":\"https:\/\/secure.gravatar.com\/avatar\/e8495742d34d0ba6448ea1c628263b3e?s=96&d=mm&r=g\",\"contentUrl\":\"https:\/\/secure.gravatar.com\/avatar\/e8495742d34d0ba6448ea1c628263b3e?s=96&d=mm&r=g\",\"caption\":\"admin\"},\"url\":\"https:\/\/franciscanos.org.br\/noticias\/author\/admin\"}]}<\/script>\n<!-- \/ Yoast SEO plugin. -->","yoast_head_json":{"title":"D. Paulo presente! N\u00e3o h\u00e1 motivo para perder a esperan\u00e7a. - Not\u00edcias - Franciscanos","robots":{"index":"index","follow":"follow","max-snippet":"max-snippet:-1","max-image-preview":"max-image-preview:large","max-video-preview":"max-video-preview:-1"},"canonical":"https:\/\/franciscanos.org.br\/noticias\/d-paulo-presente-nao-ha-motivo-para-perder-a-esperanca.html","og_locale":"pt_BR","og_type":"article","og_title":"D. Paulo presente! N\u00e3o h\u00e1 motivo para perder a esperan\u00e7a. - Not\u00edcias - Franciscanos","og_description":"Exposi\u00e7\u00e3o","og_url":"https:\/\/franciscanos.org.br\/noticias\/d-paulo-presente-nao-ha-motivo-para-perder-a-esperanca.html","og_site_name":"Not\u00edcias - Franciscanos","article_published_time":"2018-07-21T23:34:35+00:00","og_image":[{"width":830,"height":566,"url":"https:\/\/franciscanos.org.br\/noticias\/wp-content\/uploads\/2018\/11\/paulo_210718_2-1.jpg","type":"image\/jpeg"}],"author":"admin","twitter_card":"summary_large_image","twitter_misc":{"Escrito por":"admin","Est. tempo de leitura":"9 minutos"},"schema":{"@context":"https:\/\/schema.org","@graph":[{"@type":"WebSite","@id":"https:\/\/franciscanos.org.br\/noticias\/#website","url":"https:\/\/franciscanos.org.br\/noticias\/","name":"Not\u00edcias - Franciscanos","description":"Prov\u00edncia Franciscana da Imaculada Concei\u00e7\u00e3o do Brasil - Ordem dos Frades Menores - OFM","potentialAction":[{"@type":"SearchAction","target":{"@type":"EntryPoint","urlTemplate":"https:\/\/franciscanos.org.br\/noticias\/?s={search_term_string}"},"query-input":"required name=search_term_string"}],"inLanguage":"pt-BR"},{"@type":"ImageObject","inLanguage":"pt-BR","@id":"https:\/\/franciscanos.org.br\/noticias\/d-paulo-presente-nao-ha-motivo-para-perder-a-esperanca.html#primaryimage","url":"https:\/\/franciscanos.org.br\/noticias\/wp-content\/uploads\/2018\/11\/paulo_210718_2-1.jpg","contentUrl":"https:\/\/franciscanos.org.br\/noticias\/wp-content\/uploads\/2018\/11\/paulo_210718_2-1.jpg","width":830,"height":566},{"@type":"WebPage","@id":"https:\/\/franciscanos.org.br\/noticias\/d-paulo-presente-nao-ha-motivo-para-perder-a-esperanca.html#webpage","url":"https:\/\/franciscanos.org.br\/noticias\/d-paulo-presente-nao-ha-motivo-para-perder-a-esperanca.html","name":"D. Paulo presente! N\u00e3o h\u00e1 motivo para perder a esperan\u00e7a. - Not\u00edcias - Franciscanos","isPartOf":{"@id":"https:\/\/franciscanos.org.br\/noticias\/#website"},"primaryImageOfPage":{"@id":"https:\/\/franciscanos.org.br\/noticias\/d-paulo-presente-nao-ha-motivo-para-perder-a-esperanca.html#primaryimage"},"datePublished":"2018-07-21T23:34:35+00:00","dateModified":"2018-07-21T23:34:35+00:00","author":{"@id":"https:\/\/franciscanos.org.br\/noticias\/#\/schema\/person\/b38fbf43118f02820bd932f2e4b14ad3"},"breadcrumb":{"@id":"https:\/\/franciscanos.org.br\/noticias\/d-paulo-presente-nao-ha-motivo-para-perder-a-esperanca.html#breadcrumb"},"inLanguage":"pt-BR","potentialAction":[{"@type":"ReadAction","target":["https:\/\/franciscanos.org.br\/noticias\/d-paulo-presente-nao-ha-motivo-para-perder-a-esperanca.html"]}]},{"@type":"BreadcrumbList","@id":"https:\/\/franciscanos.org.br\/noticias\/d-paulo-presente-nao-ha-motivo-para-perder-a-esperanca.html#breadcrumb","itemListElement":[{"@type":"ListItem","position":1,"name":"Home","item":"https:\/\/franciscanos.org.br\/noticias"},{"@type":"ListItem","position":2,"name":"D. Paulo presente! N\u00e3o h\u00e1 motivo para perder a esperan\u00e7a."}]},{"@type":"Person","@id":"https:\/\/franciscanos.org.br\/noticias\/#\/schema\/person\/b38fbf43118f02820bd932f2e4b14ad3","name":"admin","image":{"@type":"ImageObject","inLanguage":"pt-BR","@id":"https:\/\/franciscanos.org.br\/noticias\/#\/schema\/person\/image\/","url":"https:\/\/secure.gravatar.com\/avatar\/e8495742d34d0ba6448ea1c628263b3e?s=96&d=mm&r=g","contentUrl":"https:\/\/secure.gravatar.com\/avatar\/e8495742d34d0ba6448ea1c628263b3e?s=96&d=mm&r=g","caption":"admin"},"url":"https:\/\/franciscanos.org.br\/noticias\/author\/admin"}]}},"_links":{"self":[{"href":"https:\/\/franciscanos.org.br\/noticias\/wp-json\/wp\/v2\/posts\/167099"}],"collection":[{"href":"https:\/\/franciscanos.org.br\/noticias\/wp-json\/wp\/v2\/posts"}],"about":[{"href":"https:\/\/franciscanos.org.br\/noticias\/wp-json\/wp\/v2\/types\/post"}],"author":[{"embeddable":true,"href":"https:\/\/franciscanos.org.br\/noticias\/wp-json\/wp\/v2\/users\/1"}],"replies":[{"embeddable":true,"href":"https:\/\/franciscanos.org.br\/noticias\/wp-json\/wp\/v2\/comments?post=167099"}],"version-history":[{"count":0,"href":"https:\/\/franciscanos.org.br\/noticias\/wp-json\/wp\/v2\/posts\/167099\/revisions"}],"wp:featuredmedia":[{"embeddable":true,"href":"https:\/\/franciscanos.org.br\/noticias\/wp-json\/wp\/v2\/media\/187525"}],"wp:attachment":[{"href":"https:\/\/franciscanos.org.br\/noticias\/wp-json\/wp\/v2\/media?parent=167099"}],"wp:term":[{"taxonomy":"category","embeddable":true,"href":"https:\/\/franciscanos.org.br\/noticias\/wp-json\/wp\/v2\/categories?post=167099"},{"taxonomy":"post_tag","embeddable":true,"href":"https:\/\/franciscanos.org.br\/noticias\/wp-json\/wp\/v2\/tags?post=167099"}],"curies":[{"name":"wp","href":"https:\/\/api.w.org\/{rel}","templated":true}]}}