{"id":167049,"date":"2018-07-21T10:31:05","date_gmt":"2018-07-21T13:31:05","guid":{"rendered":"http:\/\/franciscanos.org.br\/?p=167049"},"modified":"2020-01-28T09:51:26","modified_gmt":"2020-01-28T12:51:26","slug":"sol-mares-e-terras-bendizei-o-senhor-jovens-iniciam-o-dia-louvando-ao-criador","status":"publish","type":"post","link":"https:\/\/franciscanos.org.br\/noticias\/sol-mares-e-terras-bendizei-o-senhor-jovens-iniciam-o-dia-louvando-ao-criador.html","title":{"rendered":"Sol, mares e terras, bendizei o Senhor: jovens iniciam o dia louvando ao Criador"},"content":{"rendered":"<p><img loading=\"lazy\" class=\"alignnone size-full wp-image-212988\" src=\"https:\/\/franciscanos.org.br\/noticias\/wp-content\/uploads\/2018\/07\/jovem_210718_1.jpg\" alt=\"\" width=\"830\" height=\"265\" srcset=\"https:\/\/franciscanos.org.br\/noticias\/wp-content\/uploads\/2018\/07\/jovem_210718_1.jpg 830w, https:\/\/franciscanos.org.br\/noticias\/wp-content\/uploads\/2018\/07\/jovem_210718_1-450x144.jpg 450w, https:\/\/franciscanos.org.br\/noticias\/wp-content\/uploads\/2018\/07\/jovem_210718_1-768x245.jpg 768w, https:\/\/franciscanos.org.br\/noticias\/wp-content\/uploads\/2018\/07\/jovem_210718_1-150x48.jpg 150w\" sizes=\"(max-width: 830px) 100vw, 830px\" \/><\/p>\n<p><strong>Vila Velha (ES)<\/strong> &#8211; Manh\u00e3 ensolarada na Praia da Costa, em Vila Velha, ES. C\u00e9u azulzinho de encher os olhos e o cora\u00e7\u00e3o. Este foi o cart\u00e3o postal que deu as boas-vindas aos participantes do 3\u00ba ENFJ na manh\u00e3 deste s\u00e1bado, dia 21 de julho. Com cantos de acolhida e louvor, foram chegando aos poucos, trazidos pelas fam\u00edlias acolhedoras. Viram um ambiente preparado carinhosamente por Deus, que providenciou a beleza dos bens da Cria\u00e7\u00e3o e foram se aconchegando ao redor do Crucifixo de S\u00e3o Dami\u00e3o posicionado na areia da praia.<\/p>\n<p>Frei Leandro Costa, que dirigiu o momento, convidou os participantes a se deixarem tocar pelos sentidos, percebendo o calor do sol, a textura da areia, o som das \u00e1guas do mar e a suavidade do vento. Embalados por esta atmosfera, alguns jovens come\u00e7aram a declamar o \u201cC\u00e2ntico das Criaturas\u201d, c\u00e9lebre composi\u00e7\u00e3o de S\u00e3o Francisco, louvando ao Alt\u00edssimo pelos bens criados. Na sequ\u00eancia, acompanharam a leitura do trecho do Evangelho de S\u00e3o Jo\u00e3o (Jo 21,1-14), no qual Jesus orienta S\u00e3o Pedro e seus disc\u00edpulos a lan\u00e7arem as redes \u00e0 direita do barco e eles t\u00eam uma pesca abundante.<\/p>\n<p>Aquecidos pelo sol, pelo encontro com os irm\u00e3os e irm\u00e3s e pela Palavra de Deus, a juventude, depois de um breve ensaio, colocou-se em movimento numa integradora dan\u00e7a circular, mais uma vez embalada pelo C\u00e2ntico das Criaturas, desta vez entoado em italiano. \u00c0 dist\u00e2ncia, um senhor humilde, aparentemente em situa\u00e7\u00e3o de rua, acompanhava com devo\u00e7\u00e3o aqueles momentos orantes. Jesus estava presente.<\/p>\n<p><img loading=\"lazy\" src=\"http:\/\/franciscanos.org.br\/wp-content\/uploads\/2018\/07\/jovem_210718.jpg\" alt=\"jovem_210718\" width=\"830\" height=\"467\" \/><\/p>\n<p>De m\u00e3os dadas, os jovens entregaram mais este dia de encontro aos cuidados do Pai, com o ora\u00e7\u00e3o do Pai nosso, e tamb\u00e9m se confiaram ao olhar materno e amoroso da M\u00e3e do C\u00e9u, rezando a Ave-Maria. Ap\u00f3s este revigorante momento de espiritualidade, seguiram a p\u00e9 para o Santu\u00e1rio do Espirito Santo, onde participam de um momento de partilha de experi\u00eancias mission\u00e1rias e evangelizadoras. Em seguida, partem em miss\u00e3o, pelas comunidades da Par\u00f3quia do Ros\u00e1rio.<\/p>\n<p><iframe loading=\"lazy\" src=\"https:\/\/www.youtube.com\/embed\/0YPsWdVCIfc\" width=\"100%\" height=\"480\" frameborder=\"0\" allowfullscreen=\"allowfullscreen\"><\/iframe><\/p>\n<p><em><strong>EQUIPE DE COMUNICA\u00c7\u00c3O DO ENFJ<\/strong><\/em><\/p>\n<h3>PROGRAMA\u00c7\u00c3O<\/h3>\n<p><strong>3\u00ba DIA \u2013 21\/07\/2018 (S\u00c1BADO)<\/strong><br \/>\n07h30 Celebra\u00e7\u00e3o do Irm\u00e3o Sol na Praia Liturgia, M\u00fasica e Anima\u00e7\u00e3o Praia da Costa<br \/>\n09h00 Caf\u00e9 da Manh\u00e3<br \/>\n10h00 Assessoria \u2013 Mariana Rogoki (Curtiba), Frei Messias (AM) e Washigton (PE) \u2013 Mediador: Frei Tony<br \/>\nComiss\u00e3o Central Santu\u00e1rio \u2013 Sala de palestras<br \/>\n11h00 Missa de Envio \u2013 Presidente: Frei C\u00e9sar Kulkamp (SIFEM)<br \/>\n13h00 Almo\u00e7o<br \/>\n14h30 Ida para a Miss\u00e3o nas comunidades Acolhida e Miss\u00e3o Comunidades<br \/>\n20h30 Retorno \u00e0s fam\u00edlias Acolhida e Miss\u00e3o, Log\u00edstica Casas das fam\u00edlias acolhedoras<\/p>\n<p><strong>4\u00ba DIA \u2013 22\/07\/2018 (DOMINGO)<\/strong><br \/>\n07h30 Chegada e Acolhida dos jovens \u2013 Check-out<br \/>\n08h00 Sa\u00edda \u2013 Prociss\u00e3o para o Convento da Penha M\u00fasica e Anima\u00e7\u00e3o, Liturgia Caminho Col\u00e9gio Marista \u2013 Convento<br \/>\n09h00 &#8211; Missa de Encerramento \u2013 Presidente: Frei Fid\u00eancio Vanboemmel<br \/>\n11h30 Descida para o Col\u00e9gio Marista<br \/>\n12h Avalia\u00e7\u00e3o<br \/>\n12h30 &#8211; Almo\u00e7o e Encerramento<\/p>\n","protected":false},"excerpt":{"rendered":"<p>3\u00ba ENFJ <\/p>\n","protected":false},"author":1,"featured_media":216558,"comment_status":"open","ping_status":"open","sticky":false,"template":"","format":"standard","meta":[],"categories":[1],"tags":[240,587],"acf":[],"yoast_head":"<!-- This site is optimized with the Yoast SEO plugin v19.2 - https:\/\/yoast.com\/wordpress\/plugins\/seo\/ -->\n<title>Sol, mares e terras, bendizei o Senhor: jovens iniciam o dia louvando ao Criador - Not\u00edcias - Franciscanos<\/title>\n<meta name=\"robots\" content=\"index, follow, max-snippet:-1, max-image-preview:large, max-video-preview:-1\" \/>\n<link rel=\"canonical\" href=\"https:\/\/franciscanos.org.br\/noticias\/sol-mares-e-terras-bendizei-o-senhor-jovens-iniciam-o-dia-louvando-ao-criador.html\" \/>\n<meta property=\"og:locale\" content=\"pt_BR\" \/>\n<meta property=\"og:type\" content=\"article\" \/>\n<meta property=\"og:title\" content=\"Sol, mares e terras, bendizei o Senhor: jovens iniciam o dia louvando ao Criador - Not\u00edcias - Franciscanos\" \/>\n<meta property=\"og:description\" content=\"3\u00ba ENFJ\" \/>\n<meta property=\"og:url\" content=\"https:\/\/franciscanos.org.br\/noticias\/sol-mares-e-terras-bendizei-o-senhor-jovens-iniciam-o-dia-louvando-ao-criador.html\" \/>\n<meta property=\"og:site_name\" content=\"Not\u00edcias - Franciscanos\" \/>\n<meta property=\"article:published_time\" content=\"2018-07-21T13:31:05+00:00\" \/>\n<meta property=\"article:modified_time\" content=\"2020-01-28T12:51:26+00:00\" \/>\n<meta property=\"og:image\" content=\"https:\/\/franciscanos.org.br\/noticias\/wp-content\/uploads\/2018\/07\/jovem_210718.jpg\" \/>\n\t<meta property=\"og:image:width\" content=\"273\" \/>\n\t<meta property=\"og:image:height\" content=\"181\" \/>\n\t<meta property=\"og:image:type\" content=\"image\/jpeg\" \/>\n<meta name=\"author\" content=\"admin\" \/>\n<meta name=\"twitter:card\" content=\"summary_large_image\" \/>\n<meta name=\"twitter:label1\" content=\"Escrito por\" \/>\n\t<meta name=\"twitter:data1\" content=\"admin\" \/>\n\t<meta name=\"twitter:label2\" content=\"Est. tempo de leitura\" \/>\n\t<meta name=\"twitter:data2\" content=\"3 minutos\" \/>\n<script type=\"application\/ld+json\" class=\"yoast-schema-graph\">{\"@context\":\"https:\/\/schema.org\",\"@graph\":[{\"@type\":\"WebSite\",\"@id\":\"https:\/\/franciscanos.org.br\/noticias\/#website\",\"url\":\"https:\/\/franciscanos.org.br\/noticias\/\",\"name\":\"Not\u00edcias - Franciscanos\",\"description\":\"Prov\u00edncia Franciscana da Imaculada Concei\u00e7\u00e3o do Brasil - Ordem dos Frades Menores - OFM\",\"potentialAction\":[{\"@type\":\"SearchAction\",\"target\":{\"@type\":\"EntryPoint\",\"urlTemplate\":\"https:\/\/franciscanos.org.br\/noticias\/?s={search_term_string}\"},\"query-input\":\"required name=search_term_string\"}],\"inLanguage\":\"pt-BR\"},{\"@type\":\"ImageObject\",\"inLanguage\":\"pt-BR\",\"@id\":\"https:\/\/franciscanos.org.br\/noticias\/sol-mares-e-terras-bendizei-o-senhor-jovens-iniciam-o-dia-louvando-ao-criador.html#primaryimage\",\"url\":\"https:\/\/franciscanos.org.br\/noticias\/wp-content\/uploads\/2018\/07\/jovem_210718.jpg\",\"contentUrl\":\"https:\/\/franciscanos.org.br\/noticias\/wp-content\/uploads\/2018\/07\/jovem_210718.jpg\",\"width\":273,\"height\":181},{\"@type\":\"WebPage\",\"@id\":\"https:\/\/franciscanos.org.br\/noticias\/sol-mares-e-terras-bendizei-o-senhor-jovens-iniciam-o-dia-louvando-ao-criador.html#webpage\",\"url\":\"https:\/\/franciscanos.org.br\/noticias\/sol-mares-e-terras-bendizei-o-senhor-jovens-iniciam-o-dia-louvando-ao-criador.html\",\"name\":\"Sol, mares e terras, bendizei o Senhor: jovens iniciam o dia louvando ao Criador - Not\u00edcias - Franciscanos\",\"isPartOf\":{\"@id\":\"https:\/\/franciscanos.org.br\/noticias\/#website\"},\"primaryImageOfPage\":{\"@id\":\"https:\/\/franciscanos.org.br\/noticias\/sol-mares-e-terras-bendizei-o-senhor-jovens-iniciam-o-dia-louvando-ao-criador.html#primaryimage\"},\"datePublished\":\"2018-07-21T13:31:05+00:00\",\"dateModified\":\"2020-01-28T12:51:26+00:00\",\"author\":{\"@id\":\"https:\/\/franciscanos.org.br\/noticias\/#\/schema\/person\/b38fbf43118f02820bd932f2e4b14ad3\"},\"breadcrumb\":{\"@id\":\"https:\/\/franciscanos.org.br\/noticias\/sol-mares-e-terras-bendizei-o-senhor-jovens-iniciam-o-dia-louvando-ao-criador.html#breadcrumb\"},\"inLanguage\":\"pt-BR\",\"potentialAction\":[{\"@type\":\"ReadAction\",\"target\":[\"https:\/\/franciscanos.org.br\/noticias\/sol-mares-e-terras-bendizei-o-senhor-jovens-iniciam-o-dia-louvando-ao-criador.html\"]}]},{\"@type\":\"BreadcrumbList\",\"@id\":\"https:\/\/franciscanos.org.br\/noticias\/sol-mares-e-terras-bendizei-o-senhor-jovens-iniciam-o-dia-louvando-ao-criador.html#breadcrumb\",\"itemListElement\":[{\"@type\":\"ListItem\",\"position\":1,\"name\":\"Home\",\"item\":\"https:\/\/franciscanos.org.br\/noticias\"},{\"@type\":\"ListItem\",\"position\":2,\"name\":\"Sol, mares e terras, bendizei o Senhor: jovens iniciam o dia louvando ao Criador\"}]},{\"@type\":\"Person\",\"@id\":\"https:\/\/franciscanos.org.br\/noticias\/#\/schema\/person\/b38fbf43118f02820bd932f2e4b14ad3\",\"name\":\"admin\",\"image\":{\"@type\":\"ImageObject\",\"inLanguage\":\"pt-BR\",\"@id\":\"https:\/\/franciscanos.org.br\/noticias\/#\/schema\/person\/image\/\",\"url\":\"https:\/\/secure.gravatar.com\/avatar\/e8495742d34d0ba6448ea1c628263b3e?s=96&d=mm&r=g\",\"contentUrl\":\"https:\/\/secure.gravatar.com\/avatar\/e8495742d34d0ba6448ea1c628263b3e?s=96&d=mm&r=g\",\"caption\":\"admin\"},\"url\":\"https:\/\/franciscanos.org.br\/noticias\/author\/admin\"}]}<\/script>\n<!-- \/ Yoast SEO plugin. -->","yoast_head_json":{"title":"Sol, mares e terras, bendizei o Senhor: jovens iniciam o dia louvando ao Criador - Not\u00edcias - Franciscanos","robots":{"index":"index","follow":"follow","max-snippet":"max-snippet:-1","max-image-preview":"max-image-preview:large","max-video-preview":"max-video-preview:-1"},"canonical":"https:\/\/franciscanos.org.br\/noticias\/sol-mares-e-terras-bendizei-o-senhor-jovens-iniciam-o-dia-louvando-ao-criador.html","og_locale":"pt_BR","og_type":"article","og_title":"Sol, mares e terras, bendizei o Senhor: jovens iniciam o dia louvando ao Criador - Not\u00edcias - Franciscanos","og_description":"3\u00ba ENFJ","og_url":"https:\/\/franciscanos.org.br\/noticias\/sol-mares-e-terras-bendizei-o-senhor-jovens-iniciam-o-dia-louvando-ao-criador.html","og_site_name":"Not\u00edcias - Franciscanos","article_published_time":"2018-07-21T13:31:05+00:00","article_modified_time":"2020-01-28T12:51:26+00:00","og_image":[{"width":273,"height":181,"url":"https:\/\/franciscanos.org.br\/noticias\/wp-content\/uploads\/2018\/07\/jovem_210718.jpg","type":"image\/jpeg"}],"author":"admin","twitter_card":"summary_large_image","twitter_misc":{"Escrito por":"admin","Est. tempo de leitura":"3 minutos"},"schema":{"@context":"https:\/\/schema.org","@graph":[{"@type":"WebSite","@id":"https:\/\/franciscanos.org.br\/noticias\/#website","url":"https:\/\/franciscanos.org.br\/noticias\/","name":"Not\u00edcias - Franciscanos","description":"Prov\u00edncia Franciscana da Imaculada Concei\u00e7\u00e3o do Brasil - Ordem dos Frades Menores - OFM","potentialAction":[{"@type":"SearchAction","target":{"@type":"EntryPoint","urlTemplate":"https:\/\/franciscanos.org.br\/noticias\/?s={search_term_string}"},"query-input":"required name=search_term_string"}],"inLanguage":"pt-BR"},{"@type":"ImageObject","inLanguage":"pt-BR","@id":"https:\/\/franciscanos.org.br\/noticias\/sol-mares-e-terras-bendizei-o-senhor-jovens-iniciam-o-dia-louvando-ao-criador.html#primaryimage","url":"https:\/\/franciscanos.org.br\/noticias\/wp-content\/uploads\/2018\/07\/jovem_210718.jpg","contentUrl":"https:\/\/franciscanos.org.br\/noticias\/wp-content\/uploads\/2018\/07\/jovem_210718.jpg","width":273,"height":181},{"@type":"WebPage","@id":"https:\/\/franciscanos.org.br\/noticias\/sol-mares-e-terras-bendizei-o-senhor-jovens-iniciam-o-dia-louvando-ao-criador.html#webpage","url":"https:\/\/franciscanos.org.br\/noticias\/sol-mares-e-terras-bendizei-o-senhor-jovens-iniciam-o-dia-louvando-ao-criador.html","name":"Sol, mares e terras, bendizei o Senhor: jovens iniciam o dia louvando ao Criador - Not\u00edcias - Franciscanos","isPartOf":{"@id":"https:\/\/franciscanos.org.br\/noticias\/#website"},"primaryImageOfPage":{"@id":"https:\/\/franciscanos.org.br\/noticias\/sol-mares-e-terras-bendizei-o-senhor-jovens-iniciam-o-dia-louvando-ao-criador.html#primaryimage"},"datePublished":"2018-07-21T13:31:05+00:00","dateModified":"2020-01-28T12:51:26+00:00","author":{"@id":"https:\/\/franciscanos.org.br\/noticias\/#\/schema\/person\/b38fbf43118f02820bd932f2e4b14ad3"},"breadcrumb":{"@id":"https:\/\/franciscanos.org.br\/noticias\/sol-mares-e-terras-bendizei-o-senhor-jovens-iniciam-o-dia-louvando-ao-criador.html#breadcrumb"},"inLanguage":"pt-BR","potentialAction":[{"@type":"ReadAction","target":["https:\/\/franciscanos.org.br\/noticias\/sol-mares-e-terras-bendizei-o-senhor-jovens-iniciam-o-dia-louvando-ao-criador.html"]}]},{"@type":"BreadcrumbList","@id":"https:\/\/franciscanos.org.br\/noticias\/sol-mares-e-terras-bendizei-o-senhor-jovens-iniciam-o-dia-louvando-ao-criador.html#breadcrumb","itemListElement":[{"@type":"ListItem","position":1,"name":"Home","item":"https:\/\/franciscanos.org.br\/noticias"},{"@type":"ListItem","position":2,"name":"Sol, mares e terras, bendizei o Senhor: jovens iniciam o dia louvando ao Criador"}]},{"@type":"Person","@id":"https:\/\/franciscanos.org.br\/noticias\/#\/schema\/person\/b38fbf43118f02820bd932f2e4b14ad3","name":"admin","image":{"@type":"ImageObject","inLanguage":"pt-BR","@id":"https:\/\/franciscanos.org.br\/noticias\/#\/schema\/person\/image\/","url":"https:\/\/secure.gravatar.com\/avatar\/e8495742d34d0ba6448ea1c628263b3e?s=96&d=mm&r=g","contentUrl":"https:\/\/secure.gravatar.com\/avatar\/e8495742d34d0ba6448ea1c628263b3e?s=96&d=mm&r=g","caption":"admin"},"url":"https:\/\/franciscanos.org.br\/noticias\/author\/admin"}]}},"_links":{"self":[{"href":"https:\/\/franciscanos.org.br\/noticias\/wp-json\/wp\/v2\/posts\/167049"}],"collection":[{"href":"https:\/\/franciscanos.org.br\/noticias\/wp-json\/wp\/v2\/posts"}],"about":[{"href":"https:\/\/franciscanos.org.br\/noticias\/wp-json\/wp\/v2\/types\/post"}],"author":[{"embeddable":true,"href":"https:\/\/franciscanos.org.br\/noticias\/wp-json\/wp\/v2\/users\/1"}],"replies":[{"embeddable":true,"href":"https:\/\/franciscanos.org.br\/noticias\/wp-json\/wp\/v2\/comments?post=167049"}],"version-history":[{"count":0,"href":"https:\/\/franciscanos.org.br\/noticias\/wp-json\/wp\/v2\/posts\/167049\/revisions"}],"wp:featuredmedia":[{"embeddable":true,"href":"https:\/\/franciscanos.org.br\/noticias\/wp-json\/wp\/v2\/media\/216558"}],"wp:attachment":[{"href":"https:\/\/franciscanos.org.br\/noticias\/wp-json\/wp\/v2\/media?parent=167049"}],"wp:term":[{"taxonomy":"category","embeddable":true,"href":"https:\/\/franciscanos.org.br\/noticias\/wp-json\/wp\/v2\/categories?post=167049"},{"taxonomy":"post_tag","embeddable":true,"href":"https:\/\/franciscanos.org.br\/noticias\/wp-json\/wp\/v2\/tags?post=167049"}],"curies":[{"name":"wp","href":"https:\/\/api.w.org\/{rel}","templated":true}]}}