{"id":167013,"date":"2018-07-21T01:44:23","date_gmt":"2018-07-21T04:44:23","guid":{"rendered":"http:\/\/franciscanos.org.br\/?p=167013"},"modified":"2019-10-30T11:18:31","modified_gmt":"2019-10-30T14:18:31","slug":"devocao-e-cultura-marcam-a-noite-do-3o-enfj","status":"publish","type":"post","link":"https:\/\/franciscanos.org.br\/noticias\/devocao-e-cultura-marcam-a-noite-do-3o-enfj.html","title":{"rendered":"Devo\u00e7\u00e3o e alegria marcam a noite cultural do ENFJ"},"content":{"rendered":"<p><img loading=\"lazy\" class=\"size-full wp-image-212993 aligncenter\" src=\"https:\/\/franciscanos.org.br\/noticias\/wp-content\/uploads\/2018\/07\/encontro_nacional_200718_1.jpg\" alt=\"\" width=\"830\" height=\"500\" srcset=\"https:\/\/franciscanos.org.br\/noticias\/wp-content\/uploads\/2018\/07\/encontro_nacional_200718_1.jpg 830w, https:\/\/franciscanos.org.br\/noticias\/wp-content\/uploads\/2018\/07\/encontro_nacional_200718_1-450x271.jpg 450w, https:\/\/franciscanos.org.br\/noticias\/wp-content\/uploads\/2018\/07\/encontro_nacional_200718_1-768x463.jpg 768w, https:\/\/franciscanos.org.br\/noticias\/wp-content\/uploads\/2018\/07\/encontro_nacional_200718_1-150x90.jpg 150w\" sizes=\"(max-width: 830px) 100vw, 830px\" \/><\/p>\n<p><strong>Vila Velha (ES) &#8211;<\/strong> Um verdadeiro festival de express\u00f5es culturais marcou a noite deste segundo dia do 3\u00ba Encontro Nacional Franciscano de Juventudes (ENFJ). Ritmos e dan\u00e7as variadas embalaram os participantes em apresenta\u00e7\u00f5es diversas que trouxeram para Vila Velha um pouco da cultura de cada peda\u00e7o deste imenso Brasil: houve frevo, forr\u00f3, carimb\u00f3, vaner\u00e3o, sertanejo, samba e outros ritmos, al\u00e9m de trajes com cores e modelos variados. Teve rima e prosa, causo e poesia para expressar a riqueza da diversidade dos muitos lugares onde os frades franciscanos marcam presen\u00e7a no Brasil. Muitos grupos fizeram n\u00fameros de integra\u00e7\u00e3o com toda a plateia, convidando todos os presentes a ca\u00edrem na dan\u00e7a.<\/p>\n<p>A gastronomia, outro show \u00e0 parte, quitutes t\u00edpicos trouxeram de volta ao paladar o gosto da inf\u00e2ncia, com pipoca, algod\u00e3o doce, cachorro quente, p\u00e9-de-moleque, pa\u00e7oca e por a\u00ed vai&#8230; A festa, que tinha previs\u00e3o de terminar \u00e0s 22h, passou das 23h.<\/p>\n<p>No final, uma surpresa que arrancou aplausos e express\u00f5es de admira\u00e7\u00e3o e afeto. A Imagem de Nossa Senhora da Penha, Padroeira do Estado do Esp\u00edrito Santo, entrou solenemente e foi entronizada ao som do tradicional hino \u201cVirgem da Penha\u201d, executado em ritmo de samba enredo pela Bateria da Escola de Samba capixaba Mocidade Unida da Gl\u00f3ria. Samba e devo\u00e7\u00e3o fecharam com chave de ouro este segundo dia do ENFJ.<\/p>\n<p style=\"text-align: center;\"><strong>VEJA ALGUNS MOMENTOS DAS APRESENTA\u00c7\u00d5ES DA NOITE CULTURAL<\/strong><\/p>\n<p><iframe loading=\"lazy\" src=\"https:\/\/www.youtube.com\/embed\/N3ZORerBk9E\" width=\"100%\" height=\"480\" frameborder=\"0\" allowfullscreen=\"allowfullscreen\"><\/iframe><\/p>\n<p><strong>DESCONTRA\u00c7\u00c3O NA APRESENTA\u00c7\u00c3O DOS TRABALHOS EM GRUPO<\/strong><\/p>\n<p>Na parte da tarde, al\u00e9m da continua\u00e7\u00e3o dos trabalhos em grupo, os jovens tiveram um momento de partilha em plen\u00e1rio conduzido por Frei Jos\u00e9 Carlos (Zeca), da Terceira Ordem Regular (TOR). Acomodados em almofadas espalhadas pelo ch\u00e3o do gin\u00e1sio de esportes do Col\u00e9gio Marista, os participantes, num clima de intimidade e descontra\u00e7\u00e3o puderam rever alguns temas tratados na parte da manh\u00e3 e apresentar algumas de suas impress\u00f5es.<\/p>\n<p>O Encontro segue neste s\u00e1bado quando os jovens partem em miss\u00e3o pelas Comunidades da Par\u00f3quia do Ros\u00e1rio.<\/p>\n<p><strong>EQUIPE DE COMUNICA\u00c7\u00c3O DO 3\u00ba ENFJ<\/strong><\/p>\n","protected":false},"excerpt":{"rendered":"<p>3\u00ba ENFJ<\/p>\n","protected":false},"author":1,"featured_media":204323,"comment_status":"open","ping_status":"open","sticky":false,"template":"","format":"standard","meta":[],"categories":[1],"tags":[240,587],"acf":[],"yoast_head":"<!-- This site is optimized with the Yoast SEO plugin v19.2 - https:\/\/yoast.com\/wordpress\/plugins\/seo\/ -->\n<title>Devo\u00e7\u00e3o e alegria marcam a noite cultural do ENFJ - Not\u00edcias - Franciscanos<\/title>\n<meta name=\"robots\" content=\"index, follow, max-snippet:-1, max-image-preview:large, max-video-preview:-1\" \/>\n<link rel=\"canonical\" href=\"https:\/\/franciscanos.org.br\/noticias\/devocao-e-cultura-marcam-a-noite-do-3o-enfj.html\" \/>\n<meta property=\"og:locale\" content=\"pt_BR\" \/>\n<meta property=\"og:type\" content=\"article\" \/>\n<meta property=\"og:title\" content=\"Devo\u00e7\u00e3o e alegria marcam a noite cultural do ENFJ - Not\u00edcias - Franciscanos\" \/>\n<meta property=\"og:description\" content=\"3\u00ba ENFJ\" \/>\n<meta property=\"og:url\" content=\"https:\/\/franciscanos.org.br\/noticias\/devocao-e-cultura-marcam-a-noite-do-3o-enfj.html\" \/>\n<meta property=\"og:site_name\" content=\"Not\u00edcias - Franciscanos\" \/>\n<meta property=\"article:published_time\" content=\"2018-07-21T04:44:23+00:00\" \/>\n<meta property=\"article:modified_time\" content=\"2019-10-30T14:18:31+00:00\" \/>\n<meta property=\"og:image\" content=\"https:\/\/franciscanos.org.br\/noticias\/wp-content\/uploads\/2018\/07\/Untitled-1.jpg\" \/>\n\t<meta property=\"og:image:width\" content=\"273\" \/>\n\t<meta property=\"og:image:height\" content=\"181\" \/>\n\t<meta property=\"og:image:type\" content=\"image\/jpeg\" \/>\n<meta name=\"author\" content=\"admin\" \/>\n<meta name=\"twitter:card\" content=\"summary_large_image\" \/>\n<meta name=\"twitter:label1\" content=\"Escrito por\" \/>\n\t<meta name=\"twitter:data1\" content=\"admin\" \/>\n\t<meta name=\"twitter:label2\" content=\"Est. tempo de leitura\" \/>\n\t<meta name=\"twitter:data2\" content=\"2 minutos\" \/>\n<script type=\"application\/ld+json\" class=\"yoast-schema-graph\">{\"@context\":\"https:\/\/schema.org\",\"@graph\":[{\"@type\":\"WebSite\",\"@id\":\"https:\/\/franciscanos.org.br\/noticias\/#website\",\"url\":\"https:\/\/franciscanos.org.br\/noticias\/\",\"name\":\"Not\u00edcias - Franciscanos\",\"description\":\"Prov\u00edncia Franciscana da Imaculada Concei\u00e7\u00e3o do Brasil - Ordem dos Frades Menores - OFM\",\"potentialAction\":[{\"@type\":\"SearchAction\",\"target\":{\"@type\":\"EntryPoint\",\"urlTemplate\":\"https:\/\/franciscanos.org.br\/noticias\/?s={search_term_string}\"},\"query-input\":\"required name=search_term_string\"}],\"inLanguage\":\"pt-BR\"},{\"@type\":\"ImageObject\",\"inLanguage\":\"pt-BR\",\"@id\":\"https:\/\/franciscanos.org.br\/noticias\/devocao-e-cultura-marcam-a-noite-do-3o-enfj.html#primaryimage\",\"url\":\"https:\/\/franciscanos.org.br\/noticias\/wp-content\/uploads\/2018\/07\/Untitled-1.jpg\",\"contentUrl\":\"https:\/\/franciscanos.org.br\/noticias\/wp-content\/uploads\/2018\/07\/Untitled-1.jpg\",\"width\":273,\"height\":181},{\"@type\":\"WebPage\",\"@id\":\"https:\/\/franciscanos.org.br\/noticias\/devocao-e-cultura-marcam-a-noite-do-3o-enfj.html#webpage\",\"url\":\"https:\/\/franciscanos.org.br\/noticias\/devocao-e-cultura-marcam-a-noite-do-3o-enfj.html\",\"name\":\"Devo\u00e7\u00e3o e alegria marcam a noite cultural do ENFJ - Not\u00edcias - Franciscanos\",\"isPartOf\":{\"@id\":\"https:\/\/franciscanos.org.br\/noticias\/#website\"},\"primaryImageOfPage\":{\"@id\":\"https:\/\/franciscanos.org.br\/noticias\/devocao-e-cultura-marcam-a-noite-do-3o-enfj.html#primaryimage\"},\"datePublished\":\"2018-07-21T04:44:23+00:00\",\"dateModified\":\"2019-10-30T14:18:31+00:00\",\"author\":{\"@id\":\"https:\/\/franciscanos.org.br\/noticias\/#\/schema\/person\/b38fbf43118f02820bd932f2e4b14ad3\"},\"breadcrumb\":{\"@id\":\"https:\/\/franciscanos.org.br\/noticias\/devocao-e-cultura-marcam-a-noite-do-3o-enfj.html#breadcrumb\"},\"inLanguage\":\"pt-BR\",\"potentialAction\":[{\"@type\":\"ReadAction\",\"target\":[\"https:\/\/franciscanos.org.br\/noticias\/devocao-e-cultura-marcam-a-noite-do-3o-enfj.html\"]}]},{\"@type\":\"BreadcrumbList\",\"@id\":\"https:\/\/franciscanos.org.br\/noticias\/devocao-e-cultura-marcam-a-noite-do-3o-enfj.html#breadcrumb\",\"itemListElement\":[{\"@type\":\"ListItem\",\"position\":1,\"name\":\"Home\",\"item\":\"https:\/\/franciscanos.org.br\/noticias\"},{\"@type\":\"ListItem\",\"position\":2,\"name\":\"Devo\u00e7\u00e3o e alegria marcam a noite cultural do ENFJ\"}]},{\"@type\":\"Person\",\"@id\":\"https:\/\/franciscanos.org.br\/noticias\/#\/schema\/person\/b38fbf43118f02820bd932f2e4b14ad3\",\"name\":\"admin\",\"image\":{\"@type\":\"ImageObject\",\"inLanguage\":\"pt-BR\",\"@id\":\"https:\/\/franciscanos.org.br\/noticias\/#\/schema\/person\/image\/\",\"url\":\"https:\/\/secure.gravatar.com\/avatar\/e8495742d34d0ba6448ea1c628263b3e?s=96&d=mm&r=g\",\"contentUrl\":\"https:\/\/secure.gravatar.com\/avatar\/e8495742d34d0ba6448ea1c628263b3e?s=96&d=mm&r=g\",\"caption\":\"admin\"},\"url\":\"https:\/\/franciscanos.org.br\/noticias\/author\/admin\"}]}<\/script>\n<!-- \/ Yoast SEO plugin. -->","yoast_head_json":{"title":"Devo\u00e7\u00e3o e alegria marcam a noite cultural do ENFJ - Not\u00edcias - Franciscanos","robots":{"index":"index","follow":"follow","max-snippet":"max-snippet:-1","max-image-preview":"max-image-preview:large","max-video-preview":"max-video-preview:-1"},"canonical":"https:\/\/franciscanos.org.br\/noticias\/devocao-e-cultura-marcam-a-noite-do-3o-enfj.html","og_locale":"pt_BR","og_type":"article","og_title":"Devo\u00e7\u00e3o e alegria marcam a noite cultural do ENFJ - Not\u00edcias - Franciscanos","og_description":"3\u00ba ENFJ","og_url":"https:\/\/franciscanos.org.br\/noticias\/devocao-e-cultura-marcam-a-noite-do-3o-enfj.html","og_site_name":"Not\u00edcias - Franciscanos","article_published_time":"2018-07-21T04:44:23+00:00","article_modified_time":"2019-10-30T14:18:31+00:00","og_image":[{"width":273,"height":181,"url":"https:\/\/franciscanos.org.br\/noticias\/wp-content\/uploads\/2018\/07\/Untitled-1.jpg","type":"image\/jpeg"}],"author":"admin","twitter_card":"summary_large_image","twitter_misc":{"Escrito por":"admin","Est. tempo de leitura":"2 minutos"},"schema":{"@context":"https:\/\/schema.org","@graph":[{"@type":"WebSite","@id":"https:\/\/franciscanos.org.br\/noticias\/#website","url":"https:\/\/franciscanos.org.br\/noticias\/","name":"Not\u00edcias - Franciscanos","description":"Prov\u00edncia Franciscana da Imaculada Concei\u00e7\u00e3o do Brasil - Ordem dos Frades Menores - OFM","potentialAction":[{"@type":"SearchAction","target":{"@type":"EntryPoint","urlTemplate":"https:\/\/franciscanos.org.br\/noticias\/?s={search_term_string}"},"query-input":"required name=search_term_string"}],"inLanguage":"pt-BR"},{"@type":"ImageObject","inLanguage":"pt-BR","@id":"https:\/\/franciscanos.org.br\/noticias\/devocao-e-cultura-marcam-a-noite-do-3o-enfj.html#primaryimage","url":"https:\/\/franciscanos.org.br\/noticias\/wp-content\/uploads\/2018\/07\/Untitled-1.jpg","contentUrl":"https:\/\/franciscanos.org.br\/noticias\/wp-content\/uploads\/2018\/07\/Untitled-1.jpg","width":273,"height":181},{"@type":"WebPage","@id":"https:\/\/franciscanos.org.br\/noticias\/devocao-e-cultura-marcam-a-noite-do-3o-enfj.html#webpage","url":"https:\/\/franciscanos.org.br\/noticias\/devocao-e-cultura-marcam-a-noite-do-3o-enfj.html","name":"Devo\u00e7\u00e3o e alegria marcam a noite cultural do ENFJ - Not\u00edcias - Franciscanos","isPartOf":{"@id":"https:\/\/franciscanos.org.br\/noticias\/#website"},"primaryImageOfPage":{"@id":"https:\/\/franciscanos.org.br\/noticias\/devocao-e-cultura-marcam-a-noite-do-3o-enfj.html#primaryimage"},"datePublished":"2018-07-21T04:44:23+00:00","dateModified":"2019-10-30T14:18:31+00:00","author":{"@id":"https:\/\/franciscanos.org.br\/noticias\/#\/schema\/person\/b38fbf43118f02820bd932f2e4b14ad3"},"breadcrumb":{"@id":"https:\/\/franciscanos.org.br\/noticias\/devocao-e-cultura-marcam-a-noite-do-3o-enfj.html#breadcrumb"},"inLanguage":"pt-BR","potentialAction":[{"@type":"ReadAction","target":["https:\/\/franciscanos.org.br\/noticias\/devocao-e-cultura-marcam-a-noite-do-3o-enfj.html"]}]},{"@type":"BreadcrumbList","@id":"https:\/\/franciscanos.org.br\/noticias\/devocao-e-cultura-marcam-a-noite-do-3o-enfj.html#breadcrumb","itemListElement":[{"@type":"ListItem","position":1,"name":"Home","item":"https:\/\/franciscanos.org.br\/noticias"},{"@type":"ListItem","position":2,"name":"Devo\u00e7\u00e3o e alegria marcam a noite cultural do ENFJ"}]},{"@type":"Person","@id":"https:\/\/franciscanos.org.br\/noticias\/#\/schema\/person\/b38fbf43118f02820bd932f2e4b14ad3","name":"admin","image":{"@type":"ImageObject","inLanguage":"pt-BR","@id":"https:\/\/franciscanos.org.br\/noticias\/#\/schema\/person\/image\/","url":"https:\/\/secure.gravatar.com\/avatar\/e8495742d34d0ba6448ea1c628263b3e?s=96&d=mm&r=g","contentUrl":"https:\/\/secure.gravatar.com\/avatar\/e8495742d34d0ba6448ea1c628263b3e?s=96&d=mm&r=g","caption":"admin"},"url":"https:\/\/franciscanos.org.br\/noticias\/author\/admin"}]}},"_links":{"self":[{"href":"https:\/\/franciscanos.org.br\/noticias\/wp-json\/wp\/v2\/posts\/167013"}],"collection":[{"href":"https:\/\/franciscanos.org.br\/noticias\/wp-json\/wp\/v2\/posts"}],"about":[{"href":"https:\/\/franciscanos.org.br\/noticias\/wp-json\/wp\/v2\/types\/post"}],"author":[{"embeddable":true,"href":"https:\/\/franciscanos.org.br\/noticias\/wp-json\/wp\/v2\/users\/1"}],"replies":[{"embeddable":true,"href":"https:\/\/franciscanos.org.br\/noticias\/wp-json\/wp\/v2\/comments?post=167013"}],"version-history":[{"count":0,"href":"https:\/\/franciscanos.org.br\/noticias\/wp-json\/wp\/v2\/posts\/167013\/revisions"}],"wp:featuredmedia":[{"embeddable":true,"href":"https:\/\/franciscanos.org.br\/noticias\/wp-json\/wp\/v2\/media\/204323"}],"wp:attachment":[{"href":"https:\/\/franciscanos.org.br\/noticias\/wp-json\/wp\/v2\/media?parent=167013"}],"wp:term":[{"taxonomy":"category","embeddable":true,"href":"https:\/\/franciscanos.org.br\/noticias\/wp-json\/wp\/v2\/categories?post=167013"},{"taxonomy":"post_tag","embeddable":true,"href":"https:\/\/franciscanos.org.br\/noticias\/wp-json\/wp\/v2\/tags?post=167013"}],"curies":[{"name":"wp","href":"https:\/\/api.w.org\/{rel}","templated":true}]}}