{"id":166972,"date":"2018-07-20T19:11:53","date_gmt":"2018-07-20T22:11:53","guid":{"rendered":"http:\/\/franciscanos.org.br\/?p=166972"},"modified":"2019-07-02T13:34:48","modified_gmt":"2019-07-02T16:34:48","slug":"reunidos-em-aparecida-agentes-refletem-sobre-comunicacao-e-igreja","status":"publish","type":"post","link":"https:\/\/franciscanos.org.br\/noticias\/reunidos-em-aparecida-agentes-refletem-sobre-comunicacao-e-igreja.html","title":{"rendered":"Agentes refletem sobre Comunica\u00e7\u00e3o e Igreja"},"content":{"rendered":"<p><strong><img loading=\"lazy\" src=\"http:\/\/franciscanos.org.br\/wp-content\/uploads\/2018\/07\/pascom_200718-g.jpg\" alt=\"pascom_200718 g\" width=\"830\" height=\"400\" \/><\/strong><br \/>\n<strong>\u00c9rika Augusto<\/strong><\/p>\n<p><strong>Aparecida (SP) &#8211;<\/strong> Cerca de 500 pessoas, entre bispos, padres, religiosos, religiosas e agentes de pastoral, est\u00e3o reunidas em Aparecida (SP), para o 6\u00b0 Encontro Nacional da Pastoral da Comunica\u00e7\u00e3o (Pascom), que acontece de 19 a 22 de julho, no Centro de Eventos Padre Vitor Coelho de Almeida.<\/p>\n<p>Na manh\u00e3 desta sexta-feira (20), os participantes acompanharam tr\u00eas momentos de forma\u00e7\u00e3o. Ricardo Alvarenga, doutorando e mestre em Comunica\u00e7\u00e3o Social pela Universidade Metodista de S\u00e3o Paulo, falou sobre\u00a0a viv\u00eancia comunicacional na Igreja na Am\u00e9rica Latina. Ele abordou alguns aspectos dos documentos do Conselho Episcopal Latino-Americano (CELAM) e o contexto hist\u00f3rico e social em que as Confer\u00eancias aconteceram.<\/p>\n<p>Em sua fala, ele destacou que algo comum em todos os Documentos (Rio, 1955; Medell\u00edn, 1968; Puebla 1970; Santo Domingo, 1992; Aparecida, 2007) \u00e9 a sensibiliza\u00e7\u00e3o e o engajamento nas quest\u00f5es sociais, um olhar voltado para a realidade social e eclesial dos pa\u00edses latino-americanos e a necessidade de uma forma\u00e7\u00e3o cr\u00edtica das comunidades.<\/p>\n<p>Sobre o trabalho da Pascom, Alvarenga salientou que a fun\u00e7\u00e3o dos agentes de pastoral n\u00e3o pode se reduzir a uma assessoria de imprensa da par\u00f3quia. \u201cO papel da Pascom n\u00e3o \u00e9 simplesmente fotografar as missas, escrever o texto sobre a celebra\u00e7\u00e3o ou fazer o cartaz do festejo, mas fomentar nas bases uma forma\u00e7\u00e3o cr\u00edtica e uma reflex\u00e3o especializada sobre a recep\u00e7\u00e3o dos produtos dos meios de comunica\u00e7\u00e3o. Vemos comunidades que s\u00e3o verdadeiramente alienadas e que tomam algumas verdades e alguns conte\u00fados que saem na grande m\u00eddia como verdades absolutas, se fechando para o di\u00e1logo e para reflex\u00f5es posteriores. Cada um de n\u00f3s, comunicadores, somos respons\u00e1veis por promover em nossas realidades locais uma forma\u00e7\u00e3o especializada e reflex\u00e3o cr\u00edtica dos nossos colegas de comunidade. A Comunica\u00e7\u00e3o efetivamente tem atravessado todas as rela\u00e7\u00f5es sociais, desde sempre mas especialmente hoje. Mais do que nunca \u00e9 necess\u00e1rio fomentar a forma\u00e7\u00e3o e a leitura cr\u00edtica da m\u00eddia\u201d, afirmou.<\/p>\n<p><strong>Comunicadores em tempo de \u201cfake news\u201d<\/strong><br \/>\nEm seguida, Elson Faxina, professor da Universidade Federal do Paran\u00e1, falou sobre a leitura cr\u00edtica da m\u00eddia em tempos de \u201cfake news\u201d. Ele usou a mensagem do Papa Francisco para o 52\u00b0 Dia Mundial das Comunica\u00e7\u00f5es Sociais como base para sua reflex\u00e3o. Para ele, al\u00e9m das \u201cfake news\u201d existe a \u201cfac\u00e3o news\u201d. Fac\u00e3o \u00e9 um termo usado no jogo de cartas para designar um blefe. Fac\u00e3o news, para ele, \u00e9 quando uma not\u00edcia \u00e9 veiculada somente em parte, omitindo algo.<\/p>\n<p>Para Faxina, as \u201cfake news\u201d atendem ao desejo da pessoa que as compartilha, geralmente para afirmar algo que a pessoa gostaria que fosse verdade, sobretudo quando se trata de difamar alguma pessoa ou institui\u00e7\u00e3o. Ele apresentou uma mat\u00e9ria do jornal Estad\u00e3o, onde afirma que 12 milh\u00f5es de pessoas difundem not\u00edcias falsas sobre pol\u00edtica no Brasil. Ele\u00a0explicou que isso sempre existiu, mas foi potencializado com as m\u00eddias sociais. Segundo Faxina, uma das causas \u00e9 a falta de empatia. \u201cJulgamos demais e ouvimos de menos\u201d, pontuou.<\/p>\n<p>Ele apontou a import\u00e2ncia de checar as not\u00edcias recebidas e indicou alguns sites que fazem esta verifica\u00e7\u00e3o. Ele afirmou que a divulga\u00e7\u00e3o de not\u00edcias falsas atende a v\u00e1rios grupos e n\u00e3o s\u00e3o difundidas por acaso. \u201cAs \u2018fake news\u2019 t\u00eam interesses pol\u00edticos, eleitorais, geopol\u00edticos, econ\u00f4micos, pessoais, de grupos sociais e at\u00e9 interesses religiosos&#8221;, acrescentou.<\/p>\n<p>Para Elson Faxina, denunciar as not\u00edcias falsas \u00e9 um dos desafios da Pascom hoje. Al\u00e9m disso, ele destacou a import\u00e2ncia de noticiar mais o que \u00e9 permanente e menos o que \u00e9 eventual. &#8220;Precisamos vasculhar nossas comunidades em busca de fatos. Temos muitas not\u00edcias boas acontecendo e n\u00e3o sabemos identificar\u201d, assinalou.<\/p>\n<p>Encerrando a parte da manh\u00e3, o mission\u00e1rio redentorista Ir. Diego Joaquim, falou sobre o r\u00e1dio como instrumento de evangeliza\u00e7\u00e3o e integra\u00e7\u00e3o comunit\u00e1ria. Ele apresentou alguns n\u00fameros sobre a audi\u00eancia radiof\u00f4nica no Brasil e a disparidade no investimento publicit\u00e1rio entre a televis\u00e3o e o r\u00e1dio. Ele abordou os aspectos que devem diferenciar uma r\u00e1dio cat\u00f3lica de uma r\u00e1dio secular, salientando que a miss\u00e3o principal \u00e9 o servi\u00e7o \u00e0 comunidade local e n\u00e3o a um grupo restrito.<\/p>\n<p><strong>Um horizonte para as m\u00eddias cat\u00f3licas<\/strong><br \/>\nO\u00a0presidente da Comiss\u00e3o Episcopal Pastoral para a\u00a0Comunica\u00e7\u00e3o\u00a0da CNBB, Dom Darci\u00a0Jos\u00e9\u00a0Nicioli, apresentou aos participantes as Orienta\u00e7\u00f5es Pastorais para as M\u00eddias Cat\u00f3licas, o documento 111 de estudos da CNBB. Ele salientou que n\u00e3o \u00e9 a vers\u00e3o final, mas que a partir dele, os grupos poder\u00e3o encaminhar as sugest\u00f5es e indica\u00e7\u00f5es. Ele afirmou que\u00a0a publica\u00e7\u00e3o do documento final est\u00e1 prevista para 2019 e contar\u00e1 com a contribui\u00e7\u00e3o de especialistas.<\/p>\n<p>Dom Darci, que \u00e9 Arcebispo de Diamantina, anunciou tamb\u00e9m o lan\u00e7amento do Guia de implanta\u00e7\u00e3o da Pastoral da Comunica\u00e7\u00e3o, que \u00e9 baseado no trabalho realizado em sua Arquidiocese.<\/p>\n<p><big><big><strong>N\u00e3o se distanciem das conquistas democr\u00e1ticas, clama Dom Darci<\/strong><\/big><\/big><br \/>\n<img loading=\"lazy\" src=\"http:\/\/franciscanos.org.br\/wp-content\/uploads\/2018\/07\/darci_200718-2.jpg\" alt=\"darci_200718 2\" width=\"830\" height=\"420\" \/><br \/>\nNa noite de quinta-feira (19), os participantes foram acolhidos por padre Jo\u00e3o Batista de Almeida, reitor do Santu\u00e1rio Nacional de Aparecida e por Dom Darci. Em sua fala, o arcebispo pediu dos comunicadores empenho em conhecer os novos modos de express\u00e3o e o compromisso no an\u00fancio da verdade que liberta: Jesus Cristo. Dom Darci salientou a import\u00e2ncia dos agentes na realidade pol\u00edtica e social do Brasil. \u201cO Brasil est\u00e1 gritando, pedindo aos comunicadores que n\u00e3o se distanciem das conquistas democr\u00e1ticas e da responsabilidade social. A realidade pede um maior engajamento, como comunicadores crist\u00e3os que somos e instiga nossa criatividade prof\u00e9tica. N\u00e3o podemos nos distanciar da realidade que vivemos, sen\u00e3o comunicaremos o qu\u00ea?\u201d, questionou.<br \/>\nDom Darci recordou uma fala do Papa Francisco,\u00a0que falava sobre a corrup\u00e7\u00e3o, elucidando que este n\u00e3o \u00e9 um problema apenas vivido na pol\u00edtica, mas em toda sociedade. &#8220;\u00c9 preciso ter a voca\u00e7\u00e3o para servir, com um forte sentido de austeridade e de humildade. S\u00e3o valores que precisam nortear a busca de solu\u00e7\u00f5es para os nossos problemas sociais, pol\u00edticos, econ\u00f4micos e, por que n\u00e3o, para os nossos problemas comunicacionais&#8221;, afirmou o arcebispo. E acrescentou: &#8220;Conte\u00fados, m\u00e9todos, uso de tecnologias e outras vari\u00e1veis da comunica\u00e7\u00e3o neste cen\u00e1rio precisam necessariamente de vincula\u00e7\u00e3o \u00e9tica, de modo a responder as garantias de uma democracia cada vez mais madura, mais robusta e despertar para a pr\u00e1tica de uma cidadania que favore\u00e7a maior responsabilidade de todos, com a vida de todos&#8221;.<\/p>\n<p><strong>Ocupar o mundo das novas m\u00eddias<\/strong><\/p>\n<p>Dom Darci salientou a import\u00e2ncia da Igreja assumir estes espa\u00e7os como local de miss\u00e3o e \u00a0ocupar as novas m\u00eddias. \u201cO mundo das novas m\u00eddias se tornou verdadeiramente um lugar de vida para as jovens gera\u00e7\u00f5es, especialmente. \u00c9 l\u00e1 que n\u00f3s devemos estar. E isso \u00e9 urgente\u201d, acrescentou, citando um trecho do documento preparat\u00f3rio do S\u00ednodo dos Bispos, que ser\u00e1 realizado este ano.<br \/>\nEm seguida, Joana Puntel, religiosa Paulina, jornalista, membro da Equipe de Reflex\u00e3o de Comunica\u00e7\u00e3o na CNBB, falou sobre o caminho da comunica\u00e7\u00e3o na Igreja, trazendo aspectos importantes dos documentos j\u00e1 publicados e da import\u00e2ncia do Conc\u00edlio Vaticano II para a comunica\u00e7\u00e3o na Igreja.<\/p>\n","protected":false},"excerpt":{"rendered":"<p>Pascom<\/p>\n","protected":false},"author":1,"featured_media":207108,"comment_status":"open","ping_status":"open","sticky":false,"template":"","format":"standard","meta":[],"categories":[1],"tags":[842],"acf":[],"yoast_head":"<!-- This site is optimized with the Yoast SEO plugin v19.2 - https:\/\/yoast.com\/wordpress\/plugins\/seo\/ -->\n<title>Agentes refletem sobre Comunica\u00e7\u00e3o e Igreja - Not\u00edcias - Franciscanos<\/title>\n<meta name=\"robots\" content=\"index, follow, max-snippet:-1, max-image-preview:large, max-video-preview:-1\" \/>\n<link rel=\"canonical\" href=\"https:\/\/franciscanos.org.br\/noticias\/reunidos-em-aparecida-agentes-refletem-sobre-comunicacao-e-igreja.html\" \/>\n<meta property=\"og:locale\" content=\"pt_BR\" \/>\n<meta property=\"og:type\" content=\"article\" \/>\n<meta property=\"og:title\" content=\"Agentes refletem sobre Comunica\u00e7\u00e3o e Igreja - Not\u00edcias - Franciscanos\" \/>\n<meta property=\"og:description\" content=\"Pascom\" \/>\n<meta property=\"og:url\" content=\"https:\/\/franciscanos.org.br\/noticias\/reunidos-em-aparecida-agentes-refletem-sobre-comunicacao-e-igreja.html\" \/>\n<meta property=\"og:site_name\" content=\"Not\u00edcias - Franciscanos\" \/>\n<meta property=\"article:published_time\" content=\"2018-07-20T22:11:53+00:00\" \/>\n<meta property=\"article:modified_time\" content=\"2019-07-02T16:34:48+00:00\" \/>\n<meta property=\"og:image\" content=\"https:\/\/franciscanos.org.br\/noticias\/wp-content\/uploads\/2018\/07\/pascom_200718-g.jpg\" \/>\n\t<meta property=\"og:image:width\" content=\"273\" \/>\n\t<meta property=\"og:image:height\" content=\"181\" \/>\n\t<meta property=\"og:image:type\" content=\"image\/jpeg\" \/>\n<meta name=\"author\" content=\"admin\" \/>\n<meta name=\"twitter:card\" content=\"summary_large_image\" \/>\n<meta name=\"twitter:label1\" content=\"Escrito por\" \/>\n\t<meta name=\"twitter:data1\" content=\"admin\" \/>\n\t<meta name=\"twitter:label2\" content=\"Est. tempo de leitura\" \/>\n\t<meta name=\"twitter:data2\" content=\"6 minutos\" \/>\n<script type=\"application\/ld+json\" class=\"yoast-schema-graph\">{\"@context\":\"https:\/\/schema.org\",\"@graph\":[{\"@type\":\"WebSite\",\"@id\":\"https:\/\/franciscanos.org.br\/noticias\/#website\",\"url\":\"https:\/\/franciscanos.org.br\/noticias\/\",\"name\":\"Not\u00edcias - Franciscanos\",\"description\":\"Prov\u00edncia Franciscana da Imaculada Concei\u00e7\u00e3o do Brasil - Ordem dos Frades Menores - OFM\",\"potentialAction\":[{\"@type\":\"SearchAction\",\"target\":{\"@type\":\"EntryPoint\",\"urlTemplate\":\"https:\/\/franciscanos.org.br\/noticias\/?s={search_term_string}\"},\"query-input\":\"required name=search_term_string\"}],\"inLanguage\":\"pt-BR\"},{\"@type\":\"ImageObject\",\"inLanguage\":\"pt-BR\",\"@id\":\"https:\/\/franciscanos.org.br\/noticias\/reunidos-em-aparecida-agentes-refletem-sobre-comunicacao-e-igreja.html#primaryimage\",\"url\":\"https:\/\/franciscanos.org.br\/noticias\/wp-content\/uploads\/2018\/07\/pascom_200718-g.jpg\",\"contentUrl\":\"https:\/\/franciscanos.org.br\/noticias\/wp-content\/uploads\/2018\/07\/pascom_200718-g.jpg\",\"width\":273,\"height\":181},{\"@type\":\"WebPage\",\"@id\":\"https:\/\/franciscanos.org.br\/noticias\/reunidos-em-aparecida-agentes-refletem-sobre-comunicacao-e-igreja.html#webpage\",\"url\":\"https:\/\/franciscanos.org.br\/noticias\/reunidos-em-aparecida-agentes-refletem-sobre-comunicacao-e-igreja.html\",\"name\":\"Agentes refletem sobre Comunica\u00e7\u00e3o e Igreja - Not\u00edcias - Franciscanos\",\"isPartOf\":{\"@id\":\"https:\/\/franciscanos.org.br\/noticias\/#website\"},\"primaryImageOfPage\":{\"@id\":\"https:\/\/franciscanos.org.br\/noticias\/reunidos-em-aparecida-agentes-refletem-sobre-comunicacao-e-igreja.html#primaryimage\"},\"datePublished\":\"2018-07-20T22:11:53+00:00\",\"dateModified\":\"2019-07-02T16:34:48+00:00\",\"author\":{\"@id\":\"https:\/\/franciscanos.org.br\/noticias\/#\/schema\/person\/b38fbf43118f02820bd932f2e4b14ad3\"},\"breadcrumb\":{\"@id\":\"https:\/\/franciscanos.org.br\/noticias\/reunidos-em-aparecida-agentes-refletem-sobre-comunicacao-e-igreja.html#breadcrumb\"},\"inLanguage\":\"pt-BR\",\"potentialAction\":[{\"@type\":\"ReadAction\",\"target\":[\"https:\/\/franciscanos.org.br\/noticias\/reunidos-em-aparecida-agentes-refletem-sobre-comunicacao-e-igreja.html\"]}]},{\"@type\":\"BreadcrumbList\",\"@id\":\"https:\/\/franciscanos.org.br\/noticias\/reunidos-em-aparecida-agentes-refletem-sobre-comunicacao-e-igreja.html#breadcrumb\",\"itemListElement\":[{\"@type\":\"ListItem\",\"position\":1,\"name\":\"Home\",\"item\":\"https:\/\/franciscanos.org.br\/noticias\"},{\"@type\":\"ListItem\",\"position\":2,\"name\":\"Agentes refletem sobre Comunica\u00e7\u00e3o e Igreja\"}]},{\"@type\":\"Person\",\"@id\":\"https:\/\/franciscanos.org.br\/noticias\/#\/schema\/person\/b38fbf43118f02820bd932f2e4b14ad3\",\"name\":\"admin\",\"image\":{\"@type\":\"ImageObject\",\"inLanguage\":\"pt-BR\",\"@id\":\"https:\/\/franciscanos.org.br\/noticias\/#\/schema\/person\/image\/\",\"url\":\"https:\/\/secure.gravatar.com\/avatar\/e8495742d34d0ba6448ea1c628263b3e?s=96&d=mm&r=g\",\"contentUrl\":\"https:\/\/secure.gravatar.com\/avatar\/e8495742d34d0ba6448ea1c628263b3e?s=96&d=mm&r=g\",\"caption\":\"admin\"},\"url\":\"https:\/\/franciscanos.org.br\/noticias\/author\/admin\"}]}<\/script>\n<!-- \/ Yoast SEO plugin. -->","yoast_head_json":{"title":"Agentes refletem sobre Comunica\u00e7\u00e3o e Igreja - Not\u00edcias - Franciscanos","robots":{"index":"index","follow":"follow","max-snippet":"max-snippet:-1","max-image-preview":"max-image-preview:large","max-video-preview":"max-video-preview:-1"},"canonical":"https:\/\/franciscanos.org.br\/noticias\/reunidos-em-aparecida-agentes-refletem-sobre-comunicacao-e-igreja.html","og_locale":"pt_BR","og_type":"article","og_title":"Agentes refletem sobre Comunica\u00e7\u00e3o e Igreja - Not\u00edcias - Franciscanos","og_description":"Pascom","og_url":"https:\/\/franciscanos.org.br\/noticias\/reunidos-em-aparecida-agentes-refletem-sobre-comunicacao-e-igreja.html","og_site_name":"Not\u00edcias - Franciscanos","article_published_time":"2018-07-20T22:11:53+00:00","article_modified_time":"2019-07-02T16:34:48+00:00","og_image":[{"width":273,"height":181,"url":"https:\/\/franciscanos.org.br\/noticias\/wp-content\/uploads\/2018\/07\/pascom_200718-g.jpg","type":"image\/jpeg"}],"author":"admin","twitter_card":"summary_large_image","twitter_misc":{"Escrito por":"admin","Est. tempo de leitura":"6 minutos"},"schema":{"@context":"https:\/\/schema.org","@graph":[{"@type":"WebSite","@id":"https:\/\/franciscanos.org.br\/noticias\/#website","url":"https:\/\/franciscanos.org.br\/noticias\/","name":"Not\u00edcias - Franciscanos","description":"Prov\u00edncia Franciscana da Imaculada Concei\u00e7\u00e3o do Brasil - Ordem dos Frades Menores - OFM","potentialAction":[{"@type":"SearchAction","target":{"@type":"EntryPoint","urlTemplate":"https:\/\/franciscanos.org.br\/noticias\/?s={search_term_string}"},"query-input":"required name=search_term_string"}],"inLanguage":"pt-BR"},{"@type":"ImageObject","inLanguage":"pt-BR","@id":"https:\/\/franciscanos.org.br\/noticias\/reunidos-em-aparecida-agentes-refletem-sobre-comunicacao-e-igreja.html#primaryimage","url":"https:\/\/franciscanos.org.br\/noticias\/wp-content\/uploads\/2018\/07\/pascom_200718-g.jpg","contentUrl":"https:\/\/franciscanos.org.br\/noticias\/wp-content\/uploads\/2018\/07\/pascom_200718-g.jpg","width":273,"height":181},{"@type":"WebPage","@id":"https:\/\/franciscanos.org.br\/noticias\/reunidos-em-aparecida-agentes-refletem-sobre-comunicacao-e-igreja.html#webpage","url":"https:\/\/franciscanos.org.br\/noticias\/reunidos-em-aparecida-agentes-refletem-sobre-comunicacao-e-igreja.html","name":"Agentes refletem sobre Comunica\u00e7\u00e3o e Igreja - Not\u00edcias - Franciscanos","isPartOf":{"@id":"https:\/\/franciscanos.org.br\/noticias\/#website"},"primaryImageOfPage":{"@id":"https:\/\/franciscanos.org.br\/noticias\/reunidos-em-aparecida-agentes-refletem-sobre-comunicacao-e-igreja.html#primaryimage"},"datePublished":"2018-07-20T22:11:53+00:00","dateModified":"2019-07-02T16:34:48+00:00","author":{"@id":"https:\/\/franciscanos.org.br\/noticias\/#\/schema\/person\/b38fbf43118f02820bd932f2e4b14ad3"},"breadcrumb":{"@id":"https:\/\/franciscanos.org.br\/noticias\/reunidos-em-aparecida-agentes-refletem-sobre-comunicacao-e-igreja.html#breadcrumb"},"inLanguage":"pt-BR","potentialAction":[{"@type":"ReadAction","target":["https:\/\/franciscanos.org.br\/noticias\/reunidos-em-aparecida-agentes-refletem-sobre-comunicacao-e-igreja.html"]}]},{"@type":"BreadcrumbList","@id":"https:\/\/franciscanos.org.br\/noticias\/reunidos-em-aparecida-agentes-refletem-sobre-comunicacao-e-igreja.html#breadcrumb","itemListElement":[{"@type":"ListItem","position":1,"name":"Home","item":"https:\/\/franciscanos.org.br\/noticias"},{"@type":"ListItem","position":2,"name":"Agentes refletem sobre Comunica\u00e7\u00e3o e Igreja"}]},{"@type":"Person","@id":"https:\/\/franciscanos.org.br\/noticias\/#\/schema\/person\/b38fbf43118f02820bd932f2e4b14ad3","name":"admin","image":{"@type":"ImageObject","inLanguage":"pt-BR","@id":"https:\/\/franciscanos.org.br\/noticias\/#\/schema\/person\/image\/","url":"https:\/\/secure.gravatar.com\/avatar\/e8495742d34d0ba6448ea1c628263b3e?s=96&d=mm&r=g","contentUrl":"https:\/\/secure.gravatar.com\/avatar\/e8495742d34d0ba6448ea1c628263b3e?s=96&d=mm&r=g","caption":"admin"},"url":"https:\/\/franciscanos.org.br\/noticias\/author\/admin"}]}},"_links":{"self":[{"href":"https:\/\/franciscanos.org.br\/noticias\/wp-json\/wp\/v2\/posts\/166972"}],"collection":[{"href":"https:\/\/franciscanos.org.br\/noticias\/wp-json\/wp\/v2\/posts"}],"about":[{"href":"https:\/\/franciscanos.org.br\/noticias\/wp-json\/wp\/v2\/types\/post"}],"author":[{"embeddable":true,"href":"https:\/\/franciscanos.org.br\/noticias\/wp-json\/wp\/v2\/users\/1"}],"replies":[{"embeddable":true,"href":"https:\/\/franciscanos.org.br\/noticias\/wp-json\/wp\/v2\/comments?post=166972"}],"version-history":[{"count":0,"href":"https:\/\/franciscanos.org.br\/noticias\/wp-json\/wp\/v2\/posts\/166972\/revisions"}],"wp:featuredmedia":[{"embeddable":true,"href":"https:\/\/franciscanos.org.br\/noticias\/wp-json\/wp\/v2\/media\/207108"}],"wp:attachment":[{"href":"https:\/\/franciscanos.org.br\/noticias\/wp-json\/wp\/v2\/media?parent=166972"}],"wp:term":[{"taxonomy":"category","embeddable":true,"href":"https:\/\/franciscanos.org.br\/noticias\/wp-json\/wp\/v2\/categories?post=166972"},{"taxonomy":"post_tag","embeddable":true,"href":"https:\/\/franciscanos.org.br\/noticias\/wp-json\/wp\/v2\/tags?post=166972"}],"curies":[{"name":"wp","href":"https:\/\/api.w.org\/{rel}","templated":true}]}}