{"id":166945,"date":"2018-07-20T13:05:12","date_gmt":"2018-07-20T16:05:12","guid":{"rendered":"http:\/\/franciscanos.org.br\/?p=166945"},"modified":"2020-01-28T09:50:42","modified_gmt":"2020-01-28T12:50:42","slug":"jovens-que-rezam-refletem-propoem-e-agem","status":"publish","type":"post","link":"https:\/\/franciscanos.org.br\/noticias\/jovens-que-rezam-refletem-propoem-e-agem.html","title":{"rendered":"Jovens que rezam, refletem, prop\u00f5em e agem"},"content":{"rendered":"<p><img loading=\"lazy\" class=\"alignnone size-full wp-image-212996\" src=\"https:\/\/franciscanos.org.br\/noticias\/wp-content\/uploads\/2018\/07\/jovem_200718.jpg\" alt=\"\" width=\"830\" height=\"439\" srcset=\"https:\/\/franciscanos.org.br\/noticias\/wp-content\/uploads\/2018\/07\/jovem_200718.jpg 830w, https:\/\/franciscanos.org.br\/noticias\/wp-content\/uploads\/2018\/07\/jovem_200718-450x238.jpg 450w, https:\/\/franciscanos.org.br\/noticias\/wp-content\/uploads\/2018\/07\/jovem_200718-768x406.jpg 768w, https:\/\/franciscanos.org.br\/noticias\/wp-content\/uploads\/2018\/07\/jovem_200718-150x79.jpg 150w\" sizes=\"(max-width: 830px) 100vw, 830px\" \/><\/p>\n<p><strong>Vila Velha (ES) &#8211;<\/strong> Depois de um dia marcado pela acolhida e pela alegria do encontro, os participantes do 3\u00ba ENFJ come\u00e7aram, nesta sexta-feira (20\/7), o exerc\u00edcio de se debru\u00e7ar sobre os desafios da realidade para ilumin\u00e1-los a partir da luz da f\u00e9. Iniciaram o dia rezando junto \u00e0s fam\u00edlia acolhedoras. Tiveram a oportunidade de refletir sobre a passagem do Evangelho de Mateus (Mt 5,13-16), na qual Jesus define seus disc\u00edpulos como \u201cSal da terra e Luz do mundo\u201d.<\/p>\n<p>Impulsionados por esta palavra e pelo saboroso caf\u00e9 que partilharam junto \u00e0s fam\u00edlias, os jovens vieram para o Santu\u00e1rio do Divino Esp\u00edrito Santo onde, num audit\u00f3rio superlotado, fizeram o compromisso de, ao modo de S\u00e3o Francisco, deixarem-se conduzir pelo Senhor. Como marca deste prop\u00f3sito, cada um deles recebeu o Tau Franciscano para traz\u00ea-lo pendurado no pesco\u00e7o, junto ao cora\u00e7\u00e3o.<\/p>\n<p>Com a media\u00e7\u00e3o de Frei Toni Michels, P\u00e1roco no Distrito de Campos El\u00edseos, em Duque de Caxias, na Baixada Fluminense, tr\u00eas expositores compuseram a mesa redonda sobre o fen\u00f4meno das juventudes e os desafios da atualidade. A primeira apresenta\u00e7\u00e3o foi a da Professora Hildete Emanuele Nogueira de Souza. Natural de Salvador, BA, \u00e9 especialista na tem\u00e1tica da Juventude pela PUC de Goi\u00e1s e tamb\u00e9m tem sua trajet\u00f3ria marcada pelo engajamento na Pastoral da Juventude. Ao se referir ao t\u00edtulo que possui, Hildete frisou: \u201cNo meu curr\u00edculo consta que sou especialista em Juventude. De fato, fiz o curso e cumpri todas as etapas de exig\u00eancia. No entanto, mais do que atender a uma exig\u00eancia acad\u00eamica, ser especialista em juventude significa partilhar a vida dos jovens, comer com eles o mesmo p\u00e3o, caminhar em sua companhia\u201d. Em sua apresenta\u00e7\u00e3o, Hildete destacou os muitos aspectos envolvidos na defini\u00e7\u00e3o do conceito de juventude e comentou que, por se tratar de uma realidade complexa e diversa, a abordagem do tema deve ser feita a partir de uma dimens\u00e3o multidisciplinar, levando-se em conta fatores biol\u00f3gicos, demogr\u00e1ficos, et\u00e1rios, culturais, psicol\u00f3gicos, comportamentais, entre outros. \u201cPrecisamos considerar o conceito de \u2018juventudes\u2019, no plural, levando-se em conta a diversidade e as diferen\u00e7as que marcam esta etapa da vida\u201d. Ao finalizar sua participa\u00e7\u00e3o, Hildete convidou os participantes do encontro a abra\u00e7ar a proposta do Papa Francisco de realizarem juntos, a \u201cRevolu\u00e7\u00e3o da Ternura\u201d.<\/p>\n<p><img loading=\"lazy\" src=\"http:\/\/franciscanos.org.br\/wp-content\/uploads\/2018\/07\/jovem_200718_1.jpg\" alt=\"jovem_200718_1\" width=\"830\" height=\"471\" \/><\/p>\n<p>&nbsp;<\/p>\n<p>Frei Pedro Junior, o segundo expositor, tamb\u00e9m baiano, de Campo Formoso e atualmente P\u00e1roco em Campina Grande, PB, prop\u00f4s uma abordagem do fen\u00f4meno juvenil a partir da ilumina\u00e7\u00e3o da f\u00e9. Inspirado no Epis\u00f3dio dos Disc\u00edpulos de Ema\u00fas, prop\u00f4s um percurso para a juventude em companhia de Jesus, marcado pelo empenho de \u201ccaminhar juntos\u201d, de \u201cfazer mem\u00f3ria\u201d e de \u201cpartir o p\u00e3o\u201d. \u201cJesus \u00e9 a melhor companhia que temos para caminhar conosco. O percurso que ele fez com os disc\u00edpulos de Ema\u00fas, continua hoje a fazer conosco, guiando-nos pelos caminhos da vida\u201d, enfatizou.<\/p>\n<p>O terceiro palestrante, Carlos Fernandes Veras Neto, formado em Comunica\u00e7\u00e3o e formando da Ordem Franciscana Secular, baseou-se no encontro entre S\u00e3o Francisco e o leproso para descrever algumas possibilidades pr\u00e1ticas de transforma\u00e7\u00e3o da realidade a partir do Carisma de S\u00e3o Francisco. \u201cComo jovens franciscanos, precisamos aprender ocupar os espa\u00e7os de desfio para atualizarmos o gesto de Francisco de ir ao encontro dos exclu\u00eddos de nosso tempo\u201d, provocou Carlos, citando como exemplo o trabalho que ele e outros companheiros da Pastoral da Juventude realizaram junto \u00e0s crian\u00e7as em situa\u00e7\u00e3o de vulnerabilidade no Bairro Parque Real, comunidade carente da cidade de Bauru, no interior de S\u00e3o Paulo.<\/p>\n<p>A partir das provoca\u00e7\u00f5es apresentadas na mesa redonda, o trabalho dos jovens agora ser\u00e1 o de refletir em grupo e manifestar suas opini\u00f5es em torno da tem\u00e1tica proposta. Na parte da tarde, continua a discuss\u00e3o em grupos, seguida pela apresenta\u00e7\u00e3o dos resultados em plen\u00e1ria. Na parte da noite, est\u00e1 prevista uma noite cultural. O 3\u00ba ENFJ segue at\u00e9 o pr\u00f3ximo domingo, dia 22 de julho, em Vila Velha, ES.<\/p>\n<p><strong>EQUIPE DE COMUNICA\u00c7\u00c3O DO 3\u00ba ENFJ<\/strong><\/p>\n","protected":false},"excerpt":{"rendered":"<p>3\u00ba ENFJ <\/p>\n","protected":false},"author":1,"featured_media":216556,"comment_status":"open","ping_status":"open","sticky":false,"template":"","format":"standard","meta":[],"categories":[1],"tags":[240,587],"acf":[],"yoast_head":"<!-- This site is optimized with the Yoast SEO plugin v19.2 - https:\/\/yoast.com\/wordpress\/plugins\/seo\/ -->\n<title>Jovens que rezam, refletem, prop\u00f5em e agem - Not\u00edcias - Franciscanos<\/title>\n<meta name=\"robots\" content=\"index, follow, max-snippet:-1, max-image-preview:large, max-video-preview:-1\" \/>\n<link rel=\"canonical\" href=\"https:\/\/franciscanos.org.br\/noticias\/jovens-que-rezam-refletem-propoem-e-agem.html\" \/>\n<meta property=\"og:locale\" content=\"pt_BR\" \/>\n<meta property=\"og:type\" content=\"article\" \/>\n<meta property=\"og:title\" content=\"Jovens que rezam, refletem, prop\u00f5em e agem - Not\u00edcias - Franciscanos\" \/>\n<meta property=\"og:description\" content=\"3\u00ba ENFJ\" \/>\n<meta property=\"og:url\" content=\"https:\/\/franciscanos.org.br\/noticias\/jovens-que-rezam-refletem-propoem-e-agem.html\" \/>\n<meta property=\"og:site_name\" content=\"Not\u00edcias - Franciscanos\" \/>\n<meta property=\"article:published_time\" content=\"2018-07-20T16:05:12+00:00\" \/>\n<meta property=\"article:modified_time\" content=\"2020-01-28T12:50:42+00:00\" \/>\n<meta property=\"og:image\" content=\"https:\/\/franciscanos.org.br\/noticias\/wp-content\/uploads\/2018\/07\/jovem_200718_1.jpg\" \/>\n\t<meta property=\"og:image:width\" content=\"273\" \/>\n\t<meta property=\"og:image:height\" content=\"181\" \/>\n\t<meta property=\"og:image:type\" content=\"image\/jpeg\" \/>\n<meta name=\"author\" content=\"admin\" \/>\n<meta name=\"twitter:card\" content=\"summary_large_image\" \/>\n<meta name=\"twitter:label1\" content=\"Escrito por\" \/>\n\t<meta name=\"twitter:data1\" content=\"admin\" \/>\n\t<meta name=\"twitter:label2\" content=\"Est. tempo de leitura\" \/>\n\t<meta name=\"twitter:data2\" content=\"4 minutos\" \/>\n<script type=\"application\/ld+json\" class=\"yoast-schema-graph\">{\"@context\":\"https:\/\/schema.org\",\"@graph\":[{\"@type\":\"WebSite\",\"@id\":\"https:\/\/franciscanos.org.br\/noticias\/#website\",\"url\":\"https:\/\/franciscanos.org.br\/noticias\/\",\"name\":\"Not\u00edcias - Franciscanos\",\"description\":\"Prov\u00edncia Franciscana da Imaculada Concei\u00e7\u00e3o do Brasil - Ordem dos Frades Menores - OFM\",\"potentialAction\":[{\"@type\":\"SearchAction\",\"target\":{\"@type\":\"EntryPoint\",\"urlTemplate\":\"https:\/\/franciscanos.org.br\/noticias\/?s={search_term_string}\"},\"query-input\":\"required name=search_term_string\"}],\"inLanguage\":\"pt-BR\"},{\"@type\":\"ImageObject\",\"inLanguage\":\"pt-BR\",\"@id\":\"https:\/\/franciscanos.org.br\/noticias\/jovens-que-rezam-refletem-propoem-e-agem.html#primaryimage\",\"url\":\"https:\/\/franciscanos.org.br\/noticias\/wp-content\/uploads\/2018\/07\/jovem_200718_1.jpg\",\"contentUrl\":\"https:\/\/franciscanos.org.br\/noticias\/wp-content\/uploads\/2018\/07\/jovem_200718_1.jpg\",\"width\":273,\"height\":181},{\"@type\":\"WebPage\",\"@id\":\"https:\/\/franciscanos.org.br\/noticias\/jovens-que-rezam-refletem-propoem-e-agem.html#webpage\",\"url\":\"https:\/\/franciscanos.org.br\/noticias\/jovens-que-rezam-refletem-propoem-e-agem.html\",\"name\":\"Jovens que rezam, refletem, prop\u00f5em e agem - Not\u00edcias - Franciscanos\",\"isPartOf\":{\"@id\":\"https:\/\/franciscanos.org.br\/noticias\/#website\"},\"primaryImageOfPage\":{\"@id\":\"https:\/\/franciscanos.org.br\/noticias\/jovens-que-rezam-refletem-propoem-e-agem.html#primaryimage\"},\"datePublished\":\"2018-07-20T16:05:12+00:00\",\"dateModified\":\"2020-01-28T12:50:42+00:00\",\"author\":{\"@id\":\"https:\/\/franciscanos.org.br\/noticias\/#\/schema\/person\/b38fbf43118f02820bd932f2e4b14ad3\"},\"breadcrumb\":{\"@id\":\"https:\/\/franciscanos.org.br\/noticias\/jovens-que-rezam-refletem-propoem-e-agem.html#breadcrumb\"},\"inLanguage\":\"pt-BR\",\"potentialAction\":[{\"@type\":\"ReadAction\",\"target\":[\"https:\/\/franciscanos.org.br\/noticias\/jovens-que-rezam-refletem-propoem-e-agem.html\"]}]},{\"@type\":\"BreadcrumbList\",\"@id\":\"https:\/\/franciscanos.org.br\/noticias\/jovens-que-rezam-refletem-propoem-e-agem.html#breadcrumb\",\"itemListElement\":[{\"@type\":\"ListItem\",\"position\":1,\"name\":\"Home\",\"item\":\"https:\/\/franciscanos.org.br\/noticias\"},{\"@type\":\"ListItem\",\"position\":2,\"name\":\"Jovens que rezam, refletem, prop\u00f5em e agem\"}]},{\"@type\":\"Person\",\"@id\":\"https:\/\/franciscanos.org.br\/noticias\/#\/schema\/person\/b38fbf43118f02820bd932f2e4b14ad3\",\"name\":\"admin\",\"image\":{\"@type\":\"ImageObject\",\"inLanguage\":\"pt-BR\",\"@id\":\"https:\/\/franciscanos.org.br\/noticias\/#\/schema\/person\/image\/\",\"url\":\"https:\/\/secure.gravatar.com\/avatar\/e8495742d34d0ba6448ea1c628263b3e?s=96&d=mm&r=g\",\"contentUrl\":\"https:\/\/secure.gravatar.com\/avatar\/e8495742d34d0ba6448ea1c628263b3e?s=96&d=mm&r=g\",\"caption\":\"admin\"},\"url\":\"https:\/\/franciscanos.org.br\/noticias\/author\/admin\"}]}<\/script>\n<!-- \/ Yoast SEO plugin. -->","yoast_head_json":{"title":"Jovens que rezam, refletem, prop\u00f5em e agem - Not\u00edcias - Franciscanos","robots":{"index":"index","follow":"follow","max-snippet":"max-snippet:-1","max-image-preview":"max-image-preview:large","max-video-preview":"max-video-preview:-1"},"canonical":"https:\/\/franciscanos.org.br\/noticias\/jovens-que-rezam-refletem-propoem-e-agem.html","og_locale":"pt_BR","og_type":"article","og_title":"Jovens que rezam, refletem, prop\u00f5em e agem - Not\u00edcias - Franciscanos","og_description":"3\u00ba ENFJ","og_url":"https:\/\/franciscanos.org.br\/noticias\/jovens-que-rezam-refletem-propoem-e-agem.html","og_site_name":"Not\u00edcias - Franciscanos","article_published_time":"2018-07-20T16:05:12+00:00","article_modified_time":"2020-01-28T12:50:42+00:00","og_image":[{"width":273,"height":181,"url":"https:\/\/franciscanos.org.br\/noticias\/wp-content\/uploads\/2018\/07\/jovem_200718_1.jpg","type":"image\/jpeg"}],"author":"admin","twitter_card":"summary_large_image","twitter_misc":{"Escrito por":"admin","Est. tempo de leitura":"4 minutos"},"schema":{"@context":"https:\/\/schema.org","@graph":[{"@type":"WebSite","@id":"https:\/\/franciscanos.org.br\/noticias\/#website","url":"https:\/\/franciscanos.org.br\/noticias\/","name":"Not\u00edcias - Franciscanos","description":"Prov\u00edncia Franciscana da Imaculada Concei\u00e7\u00e3o do Brasil - Ordem dos Frades Menores - OFM","potentialAction":[{"@type":"SearchAction","target":{"@type":"EntryPoint","urlTemplate":"https:\/\/franciscanos.org.br\/noticias\/?s={search_term_string}"},"query-input":"required name=search_term_string"}],"inLanguage":"pt-BR"},{"@type":"ImageObject","inLanguage":"pt-BR","@id":"https:\/\/franciscanos.org.br\/noticias\/jovens-que-rezam-refletem-propoem-e-agem.html#primaryimage","url":"https:\/\/franciscanos.org.br\/noticias\/wp-content\/uploads\/2018\/07\/jovem_200718_1.jpg","contentUrl":"https:\/\/franciscanos.org.br\/noticias\/wp-content\/uploads\/2018\/07\/jovem_200718_1.jpg","width":273,"height":181},{"@type":"WebPage","@id":"https:\/\/franciscanos.org.br\/noticias\/jovens-que-rezam-refletem-propoem-e-agem.html#webpage","url":"https:\/\/franciscanos.org.br\/noticias\/jovens-que-rezam-refletem-propoem-e-agem.html","name":"Jovens que rezam, refletem, prop\u00f5em e agem - Not\u00edcias - Franciscanos","isPartOf":{"@id":"https:\/\/franciscanos.org.br\/noticias\/#website"},"primaryImageOfPage":{"@id":"https:\/\/franciscanos.org.br\/noticias\/jovens-que-rezam-refletem-propoem-e-agem.html#primaryimage"},"datePublished":"2018-07-20T16:05:12+00:00","dateModified":"2020-01-28T12:50:42+00:00","author":{"@id":"https:\/\/franciscanos.org.br\/noticias\/#\/schema\/person\/b38fbf43118f02820bd932f2e4b14ad3"},"breadcrumb":{"@id":"https:\/\/franciscanos.org.br\/noticias\/jovens-que-rezam-refletem-propoem-e-agem.html#breadcrumb"},"inLanguage":"pt-BR","potentialAction":[{"@type":"ReadAction","target":["https:\/\/franciscanos.org.br\/noticias\/jovens-que-rezam-refletem-propoem-e-agem.html"]}]},{"@type":"BreadcrumbList","@id":"https:\/\/franciscanos.org.br\/noticias\/jovens-que-rezam-refletem-propoem-e-agem.html#breadcrumb","itemListElement":[{"@type":"ListItem","position":1,"name":"Home","item":"https:\/\/franciscanos.org.br\/noticias"},{"@type":"ListItem","position":2,"name":"Jovens que rezam, refletem, prop\u00f5em e agem"}]},{"@type":"Person","@id":"https:\/\/franciscanos.org.br\/noticias\/#\/schema\/person\/b38fbf43118f02820bd932f2e4b14ad3","name":"admin","image":{"@type":"ImageObject","inLanguage":"pt-BR","@id":"https:\/\/franciscanos.org.br\/noticias\/#\/schema\/person\/image\/","url":"https:\/\/secure.gravatar.com\/avatar\/e8495742d34d0ba6448ea1c628263b3e?s=96&d=mm&r=g","contentUrl":"https:\/\/secure.gravatar.com\/avatar\/e8495742d34d0ba6448ea1c628263b3e?s=96&d=mm&r=g","caption":"admin"},"url":"https:\/\/franciscanos.org.br\/noticias\/author\/admin"}]}},"_links":{"self":[{"href":"https:\/\/franciscanos.org.br\/noticias\/wp-json\/wp\/v2\/posts\/166945"}],"collection":[{"href":"https:\/\/franciscanos.org.br\/noticias\/wp-json\/wp\/v2\/posts"}],"about":[{"href":"https:\/\/franciscanos.org.br\/noticias\/wp-json\/wp\/v2\/types\/post"}],"author":[{"embeddable":true,"href":"https:\/\/franciscanos.org.br\/noticias\/wp-json\/wp\/v2\/users\/1"}],"replies":[{"embeddable":true,"href":"https:\/\/franciscanos.org.br\/noticias\/wp-json\/wp\/v2\/comments?post=166945"}],"version-history":[{"count":0,"href":"https:\/\/franciscanos.org.br\/noticias\/wp-json\/wp\/v2\/posts\/166945\/revisions"}],"wp:featuredmedia":[{"embeddable":true,"href":"https:\/\/franciscanos.org.br\/noticias\/wp-json\/wp\/v2\/media\/216556"}],"wp:attachment":[{"href":"https:\/\/franciscanos.org.br\/noticias\/wp-json\/wp\/v2\/media?parent=166945"}],"wp:term":[{"taxonomy":"category","embeddable":true,"href":"https:\/\/franciscanos.org.br\/noticias\/wp-json\/wp\/v2\/categories?post=166945"},{"taxonomy":"post_tag","embeddable":true,"href":"https:\/\/franciscanos.org.br\/noticias\/wp-json\/wp\/v2\/tags?post=166945"}],"curies":[{"name":"wp","href":"https:\/\/api.w.org\/{rel}","templated":true}]}}