{"id":166893,"date":"2018-07-20T09:06:20","date_gmt":"2018-07-20T12:06:20","guid":{"rendered":"http:\/\/franciscanos.org.br\/?p=166893"},"modified":"2019-10-30T11:21:24","modified_gmt":"2019-10-30T14:21:24","slug":"alegria-do-encontro-acolhida-e-entusiasmo-marcam-primeiro-dia-do-enfj","status":"publish","type":"post","link":"https:\/\/franciscanos.org.br\/noticias\/alegria-do-encontro-acolhida-e-entusiasmo-marcam-primeiro-dia-do-enfj.html","title":{"rendered":"Alegria do encontro: acolhida e entusiasmo marcam primeiro dia do ENFJ"},"content":{"rendered":"<p><img loading=\"lazy\" class=\"size-full wp-image-212998 aligncenter\" src=\"https:\/\/franciscanos.org.br\/noticias\/wp-content\/uploads\/2018\/07\/encontro_200718.jpg\" alt=\"\" width=\"830\" height=\"445\" srcset=\"https:\/\/franciscanos.org.br\/noticias\/wp-content\/uploads\/2018\/07\/encontro_200718.jpg 830w, https:\/\/franciscanos.org.br\/noticias\/wp-content\/uploads\/2018\/07\/encontro_200718-450x241.jpg 450w, https:\/\/franciscanos.org.br\/noticias\/wp-content\/uploads\/2018\/07\/encontro_200718-768x412.jpg 768w, https:\/\/franciscanos.org.br\/noticias\/wp-content\/uploads\/2018\/07\/encontro_200718-150x80.jpg 150w\" sizes=\"(max-width: 830px) 100vw, 830px\" \/><\/p>\n<p style=\"font-weight: 400;\"><strong>Vila Velha (ES) \u2013\u00a0<\/strong>\u201cE o des\u00e2nimo se converteu em ardor: Permanece conosco, Senhor\u201d (Lc 24,29). O lema do 3\u00ba Encontro Nacional Franciscano de Juventudes deu a t\u00f4nica deste primeiro dia, marcado pela chegada e acolhida das delega\u00e7\u00f5es provenientes de todas as regi\u00f5es do Brasil. Mesmo com o cansa\u00e7o da viagem, com as horas de voo, estradas, desafios, encontros e desencontros do caminho, todos os participantes se deixaram contagiar pela atmosfera de alegria e entusiasmo que encontraram em Vila Velha, ES. Com uma organiza\u00e7\u00e3o \u00e1gil e eficiente, todos os participantes receberam o kit do encontro e as primeiras instru\u00e7\u00f5es.<\/p>\n<p style=\"font-weight: 400;\">Na celebra\u00e7\u00e3o de abertura, realizada \u00e0s 19h30 no Santu\u00e1rio do Divino Esp\u00edrito Santo, participaram de uma ora\u00e7\u00e3o inspirada na experi\u00eancia de Taize\u0301, comunidade fundada na Fran\u00e7a marcada pelo esp\u00edrito da contempla\u00e7\u00e3o e do ecumenismo. Com a luz suave das velas, puderam contemplar o Mist\u00e9rio do Amor de Deus a partir de mantras e da leitura de trechos da Sagrada Escritura. Num dos refr\u00f5es orantes entoados durante a ora\u00e7\u00e3o, cantaram juntos: \u201cQue arda como brasa, Tua Palavra nos renove. Esta chama que a boca proclama\u201d. Enquanto os jovens rezavam dentro da igreja, ao lado de fora, com expectativa e alegria, as fam\u00edlias acolhedoras participavam de um momento orante improvisado conduzido por Frei Diego Melo, coordenador geral do encontro.<\/p>\n<p style=\"font-weight: 400;\"><img loading=\"lazy\" src=\"http:\/\/franciscanos.org.br\/wp-content\/uploads\/2018\/07\/encontro_200718_1.jpg\" alt=\"encontro_200718_1\" width=\"830\" height=\"398\" \/><\/p>\n<p style=\"font-weight: 400;\">Conclu\u00eddo o momento de ora\u00e7\u00e3o, as luzes do Santu\u00e1rio se acenderam para apresenta\u00e7\u00e3o das delega\u00e7\u00f5es. Os estandartes das entidades da Confer\u00eancia da Ordem dos Frades Menores do Brasil (CFMB) foram entronizados ao fundo do presbit\u00e9rio, sob um grande crucifixo artesanal de madeira.\u00a0\u00a0Em seguida, Frei Leandro Costa e a jovem Mariana Daleprani, apresentadores oficiais do evento, deram as boas vindas e apresentaram as equipes de coordena\u00e7\u00e3o e organiza\u00e7\u00e3o. Momento de festa e anima\u00e7\u00e3o, marcado pela energia da juventude.<\/p>\n<p style=\"font-weight: 400;\">Tamb\u00e9m emocionante foi o encontro dos jovens com as fam\u00edlias acolhedoras, que entraram em prociss\u00e3o e, em seguida foram apresentados aos \u201cfilhos e filhas\u201d que ganharam para este final de semana. Depois de um dia cheio de alegrias e novidades, era hora de descansar e, certamente, meditar no cora\u00e7\u00e3o todas as emo\u00e7\u00f5es vividas neste primeiro dia de ENFJ.<\/p>\n<p style=\"font-weight: 400;\">Nesta sexta-feira, 20\/07, depois de um momento de ora\u00e7\u00e3o junto \u00e0s fam\u00edlias acolhedoras, os jovens se encontram no audit\u00f3rio do Centro Pastoral do Santu\u00e1rio, onde participam de uma mesa redonda sobre a realidade juvenil na atualidade. Tamb\u00e9m haver\u00e1 atividades em grupos, onde a juventude poder\u00e1 expressar suas impress\u00f5es, sentimentos e opini\u00f5es e, ao final do dia, a Noite Cultural. Promovido pela Confer\u00eancia dos Frades Menores do Brasil (CFMB), o 3\u00ba Encontro Nacional Franciscano de Juventudes (ENFJ) re\u00fane jovens de todo o pa\u00eds para uma experi\u00eancia de conviv\u00eancia fraterna, ora\u00e7\u00e3o e viv\u00eancia da espiritualidade e dos valores franciscanos.<\/p>\n<p style=\"font-weight: 400;\"><img loading=\"lazy\" src=\"http:\/\/franciscanos.org.br\/wp-content\/uploads\/2018\/07\/encontro_200718_2.jpg\" alt=\"encontro_200718_2\" width=\"830\" height=\"451\" \/><\/p>\n<p style=\"font-weight: 400;\"><strong>PROGRAMA &#8211; 2\u00ba DIA \u2013 20\/07\/2018 (SEXTA-FEIRA)<\/strong><br \/>\n<strong>07h30<\/strong> Din\u00e2mica de acolhida, apresenta\u00e7\u00e3o e integra\u00e7\u00e3o M\u00fasica e Anima\u00e7\u00e3o Santu\u00e1rio \u2013 P\u00e1tio<br \/>\n<strong>08h40<\/strong> Abertura das atividades \u2013 M\u00edstica Inicial Liturgia, M\u00fasica e Anima\u00e7\u00e3o<br \/>\n<strong>09h00<\/strong> Mesa Redonda<br \/>\n<strong>10h30<\/strong> &#8211; Deslocamento para o Col\u00e9gio Marista<br \/>\n<strong>11h15<\/strong> &#8211; Santu\u00e1rio \u2013 P\u00e1tio &#8211; Trabalho em grupos (divididos por grupos de miss\u00e3o \u2013 entidades misturadas)<br \/>\n<strong>12h30<\/strong> Almo\u00e7o<br \/>\n<strong>14h15<\/strong> Cantos de Anima\u00e7\u00e3o \u2013 Ensaio Flashmob M\u00fasica e Anima\u00e7\u00e3o Col\u00e9gio Marista \u2013 p\u00e1tio<br \/>\n<strong>14h30<\/strong> Retorno para os grupos (divididos por entidade)<br \/>\n<strong>15h45<\/strong> Anima\u00e7\u00e3o Apresentadores, M\u00fasica e Anima\u00e7\u00e3o Col\u00e9gio Marista \u2013 quadras<br \/>\n<strong>16h00<\/strong> Plen\u00e1ria \u2013 Momento #PazeBem \u2013 Mediador: Frei Zeca<br \/>\n<strong>17h30<\/strong> Retorno \u00e0s casas das fam\u00edlias acolhedoras<br \/>\n<strong>19h30<\/strong> Noite Cultural Todas Santu\u00e1rio \u2013 P\u00e1tio<br \/>\n<strong>22h00<\/strong> Retorno \u00e0s fam\u00edlias<\/p>\n<p style=\"font-weight: 400;\"><strong>EQUIPE DE COMUNICA\u00c7\u00c3O DO\u00a0ENFJ<\/strong><\/p>\n","protected":false},"excerpt":{"rendered":"<p>3\u00ba ENFJ<\/p>\n","protected":false},"author":1,"featured_media":187521,"comment_status":"open","ping_status":"open","sticky":false,"template":"","format":"standard","meta":[],"categories":[1],"tags":[240,587],"acf":[],"yoast_head":"<!-- This site is optimized with the Yoast SEO plugin v19.2 - https:\/\/yoast.com\/wordpress\/plugins\/seo\/ -->\n<title>Alegria do encontro: acolhida e entusiasmo marcam primeiro dia do ENFJ - Not\u00edcias - Franciscanos<\/title>\n<meta name=\"robots\" content=\"index, follow, max-snippet:-1, max-image-preview:large, max-video-preview:-1\" \/>\n<link rel=\"canonical\" href=\"https:\/\/franciscanos.org.br\/noticias\/alegria-do-encontro-acolhida-e-entusiasmo-marcam-primeiro-dia-do-enfj.html\" \/>\n<meta property=\"og:locale\" content=\"pt_BR\" \/>\n<meta property=\"og:type\" content=\"article\" \/>\n<meta property=\"og:title\" content=\"Alegria do encontro: acolhida e entusiasmo marcam primeiro dia do ENFJ - Not\u00edcias - Franciscanos\" \/>\n<meta property=\"og:description\" content=\"3\u00ba ENFJ\" \/>\n<meta property=\"og:url\" content=\"https:\/\/franciscanos.org.br\/noticias\/alegria-do-encontro-acolhida-e-entusiasmo-marcam-primeiro-dia-do-enfj.html\" \/>\n<meta property=\"og:site_name\" content=\"Not\u00edcias - Franciscanos\" \/>\n<meta property=\"article:published_time\" content=\"2018-07-20T12:06:20+00:00\" \/>\n<meta property=\"article:modified_time\" content=\"2019-10-30T14:21:24+00:00\" \/>\n<meta property=\"og:image\" content=\"https:\/\/franciscanos.org.br\/noticias\/wp-content\/uploads\/2018\/11\/encontro_200718_1-1.jpg\" \/>\n\t<meta property=\"og:image:width\" content=\"830\" \/>\n\t<meta property=\"og:image:height\" content=\"398\" \/>\n\t<meta property=\"og:image:type\" content=\"image\/jpeg\" \/>\n<meta name=\"author\" content=\"admin\" \/>\n<meta name=\"twitter:card\" content=\"summary_large_image\" \/>\n<meta name=\"twitter:label1\" content=\"Escrito por\" \/>\n\t<meta name=\"twitter:data1\" content=\"admin\" \/>\n\t<meta name=\"twitter:label2\" content=\"Est. tempo de leitura\" \/>\n\t<meta name=\"twitter:data2\" content=\"3 minutos\" \/>\n<script type=\"application\/ld+json\" class=\"yoast-schema-graph\">{\"@context\":\"https:\/\/schema.org\",\"@graph\":[{\"@type\":\"WebSite\",\"@id\":\"https:\/\/franciscanos.org.br\/noticias\/#website\",\"url\":\"https:\/\/franciscanos.org.br\/noticias\/\",\"name\":\"Not\u00edcias - Franciscanos\",\"description\":\"Prov\u00edncia Franciscana da Imaculada Concei\u00e7\u00e3o do Brasil - Ordem dos Frades Menores - OFM\",\"potentialAction\":[{\"@type\":\"SearchAction\",\"target\":{\"@type\":\"EntryPoint\",\"urlTemplate\":\"https:\/\/franciscanos.org.br\/noticias\/?s={search_term_string}\"},\"query-input\":\"required name=search_term_string\"}],\"inLanguage\":\"pt-BR\"},{\"@type\":\"ImageObject\",\"inLanguage\":\"pt-BR\",\"@id\":\"https:\/\/franciscanos.org.br\/noticias\/alegria-do-encontro-acolhida-e-entusiasmo-marcam-primeiro-dia-do-enfj.html#primaryimage\",\"url\":\"https:\/\/franciscanos.org.br\/noticias\/wp-content\/uploads\/2018\/11\/encontro_200718_1-1.jpg\",\"contentUrl\":\"https:\/\/franciscanos.org.br\/noticias\/wp-content\/uploads\/2018\/11\/encontro_200718_1-1.jpg\",\"width\":830,\"height\":398},{\"@type\":\"WebPage\",\"@id\":\"https:\/\/franciscanos.org.br\/noticias\/alegria-do-encontro-acolhida-e-entusiasmo-marcam-primeiro-dia-do-enfj.html#webpage\",\"url\":\"https:\/\/franciscanos.org.br\/noticias\/alegria-do-encontro-acolhida-e-entusiasmo-marcam-primeiro-dia-do-enfj.html\",\"name\":\"Alegria do encontro: acolhida e entusiasmo marcam primeiro dia do ENFJ - Not\u00edcias - Franciscanos\",\"isPartOf\":{\"@id\":\"https:\/\/franciscanos.org.br\/noticias\/#website\"},\"primaryImageOfPage\":{\"@id\":\"https:\/\/franciscanos.org.br\/noticias\/alegria-do-encontro-acolhida-e-entusiasmo-marcam-primeiro-dia-do-enfj.html#primaryimage\"},\"datePublished\":\"2018-07-20T12:06:20+00:00\",\"dateModified\":\"2019-10-30T14:21:24+00:00\",\"author\":{\"@id\":\"https:\/\/franciscanos.org.br\/noticias\/#\/schema\/person\/b38fbf43118f02820bd932f2e4b14ad3\"},\"breadcrumb\":{\"@id\":\"https:\/\/franciscanos.org.br\/noticias\/alegria-do-encontro-acolhida-e-entusiasmo-marcam-primeiro-dia-do-enfj.html#breadcrumb\"},\"inLanguage\":\"pt-BR\",\"potentialAction\":[{\"@type\":\"ReadAction\",\"target\":[\"https:\/\/franciscanos.org.br\/noticias\/alegria-do-encontro-acolhida-e-entusiasmo-marcam-primeiro-dia-do-enfj.html\"]}]},{\"@type\":\"BreadcrumbList\",\"@id\":\"https:\/\/franciscanos.org.br\/noticias\/alegria-do-encontro-acolhida-e-entusiasmo-marcam-primeiro-dia-do-enfj.html#breadcrumb\",\"itemListElement\":[{\"@type\":\"ListItem\",\"position\":1,\"name\":\"Home\",\"item\":\"https:\/\/franciscanos.org.br\/noticias\"},{\"@type\":\"ListItem\",\"position\":2,\"name\":\"Alegria do encontro: acolhida e entusiasmo marcam primeiro dia do ENFJ\"}]},{\"@type\":\"Person\",\"@id\":\"https:\/\/franciscanos.org.br\/noticias\/#\/schema\/person\/b38fbf43118f02820bd932f2e4b14ad3\",\"name\":\"admin\",\"image\":{\"@type\":\"ImageObject\",\"inLanguage\":\"pt-BR\",\"@id\":\"https:\/\/franciscanos.org.br\/noticias\/#\/schema\/person\/image\/\",\"url\":\"https:\/\/secure.gravatar.com\/avatar\/e8495742d34d0ba6448ea1c628263b3e?s=96&d=mm&r=g\",\"contentUrl\":\"https:\/\/secure.gravatar.com\/avatar\/e8495742d34d0ba6448ea1c628263b3e?s=96&d=mm&r=g\",\"caption\":\"admin\"},\"url\":\"https:\/\/franciscanos.org.br\/noticias\/author\/admin\"}]}<\/script>\n<!-- \/ Yoast SEO plugin. -->","yoast_head_json":{"title":"Alegria do encontro: acolhida e entusiasmo marcam primeiro dia do ENFJ - Not\u00edcias - Franciscanos","robots":{"index":"index","follow":"follow","max-snippet":"max-snippet:-1","max-image-preview":"max-image-preview:large","max-video-preview":"max-video-preview:-1"},"canonical":"https:\/\/franciscanos.org.br\/noticias\/alegria-do-encontro-acolhida-e-entusiasmo-marcam-primeiro-dia-do-enfj.html","og_locale":"pt_BR","og_type":"article","og_title":"Alegria do encontro: acolhida e entusiasmo marcam primeiro dia do ENFJ - Not\u00edcias - Franciscanos","og_description":"3\u00ba ENFJ","og_url":"https:\/\/franciscanos.org.br\/noticias\/alegria-do-encontro-acolhida-e-entusiasmo-marcam-primeiro-dia-do-enfj.html","og_site_name":"Not\u00edcias - Franciscanos","article_published_time":"2018-07-20T12:06:20+00:00","article_modified_time":"2019-10-30T14:21:24+00:00","og_image":[{"width":830,"height":398,"url":"https:\/\/franciscanos.org.br\/noticias\/wp-content\/uploads\/2018\/11\/encontro_200718_1-1.jpg","type":"image\/jpeg"}],"author":"admin","twitter_card":"summary_large_image","twitter_misc":{"Escrito por":"admin","Est. tempo de leitura":"3 minutos"},"schema":{"@context":"https:\/\/schema.org","@graph":[{"@type":"WebSite","@id":"https:\/\/franciscanos.org.br\/noticias\/#website","url":"https:\/\/franciscanos.org.br\/noticias\/","name":"Not\u00edcias - Franciscanos","description":"Prov\u00edncia Franciscana da Imaculada Concei\u00e7\u00e3o do Brasil - Ordem dos Frades Menores - OFM","potentialAction":[{"@type":"SearchAction","target":{"@type":"EntryPoint","urlTemplate":"https:\/\/franciscanos.org.br\/noticias\/?s={search_term_string}"},"query-input":"required name=search_term_string"}],"inLanguage":"pt-BR"},{"@type":"ImageObject","inLanguage":"pt-BR","@id":"https:\/\/franciscanos.org.br\/noticias\/alegria-do-encontro-acolhida-e-entusiasmo-marcam-primeiro-dia-do-enfj.html#primaryimage","url":"https:\/\/franciscanos.org.br\/noticias\/wp-content\/uploads\/2018\/11\/encontro_200718_1-1.jpg","contentUrl":"https:\/\/franciscanos.org.br\/noticias\/wp-content\/uploads\/2018\/11\/encontro_200718_1-1.jpg","width":830,"height":398},{"@type":"WebPage","@id":"https:\/\/franciscanos.org.br\/noticias\/alegria-do-encontro-acolhida-e-entusiasmo-marcam-primeiro-dia-do-enfj.html#webpage","url":"https:\/\/franciscanos.org.br\/noticias\/alegria-do-encontro-acolhida-e-entusiasmo-marcam-primeiro-dia-do-enfj.html","name":"Alegria do encontro: acolhida e entusiasmo marcam primeiro dia do ENFJ - Not\u00edcias - Franciscanos","isPartOf":{"@id":"https:\/\/franciscanos.org.br\/noticias\/#website"},"primaryImageOfPage":{"@id":"https:\/\/franciscanos.org.br\/noticias\/alegria-do-encontro-acolhida-e-entusiasmo-marcam-primeiro-dia-do-enfj.html#primaryimage"},"datePublished":"2018-07-20T12:06:20+00:00","dateModified":"2019-10-30T14:21:24+00:00","author":{"@id":"https:\/\/franciscanos.org.br\/noticias\/#\/schema\/person\/b38fbf43118f02820bd932f2e4b14ad3"},"breadcrumb":{"@id":"https:\/\/franciscanos.org.br\/noticias\/alegria-do-encontro-acolhida-e-entusiasmo-marcam-primeiro-dia-do-enfj.html#breadcrumb"},"inLanguage":"pt-BR","potentialAction":[{"@type":"ReadAction","target":["https:\/\/franciscanos.org.br\/noticias\/alegria-do-encontro-acolhida-e-entusiasmo-marcam-primeiro-dia-do-enfj.html"]}]},{"@type":"BreadcrumbList","@id":"https:\/\/franciscanos.org.br\/noticias\/alegria-do-encontro-acolhida-e-entusiasmo-marcam-primeiro-dia-do-enfj.html#breadcrumb","itemListElement":[{"@type":"ListItem","position":1,"name":"Home","item":"https:\/\/franciscanos.org.br\/noticias"},{"@type":"ListItem","position":2,"name":"Alegria do encontro: acolhida e entusiasmo marcam primeiro dia do ENFJ"}]},{"@type":"Person","@id":"https:\/\/franciscanos.org.br\/noticias\/#\/schema\/person\/b38fbf43118f02820bd932f2e4b14ad3","name":"admin","image":{"@type":"ImageObject","inLanguage":"pt-BR","@id":"https:\/\/franciscanos.org.br\/noticias\/#\/schema\/person\/image\/","url":"https:\/\/secure.gravatar.com\/avatar\/e8495742d34d0ba6448ea1c628263b3e?s=96&d=mm&r=g","contentUrl":"https:\/\/secure.gravatar.com\/avatar\/e8495742d34d0ba6448ea1c628263b3e?s=96&d=mm&r=g","caption":"admin"},"url":"https:\/\/franciscanos.org.br\/noticias\/author\/admin"}]}},"_links":{"self":[{"href":"https:\/\/franciscanos.org.br\/noticias\/wp-json\/wp\/v2\/posts\/166893"}],"collection":[{"href":"https:\/\/franciscanos.org.br\/noticias\/wp-json\/wp\/v2\/posts"}],"about":[{"href":"https:\/\/franciscanos.org.br\/noticias\/wp-json\/wp\/v2\/types\/post"}],"author":[{"embeddable":true,"href":"https:\/\/franciscanos.org.br\/noticias\/wp-json\/wp\/v2\/users\/1"}],"replies":[{"embeddable":true,"href":"https:\/\/franciscanos.org.br\/noticias\/wp-json\/wp\/v2\/comments?post=166893"}],"version-history":[{"count":0,"href":"https:\/\/franciscanos.org.br\/noticias\/wp-json\/wp\/v2\/posts\/166893\/revisions"}],"wp:featuredmedia":[{"embeddable":true,"href":"https:\/\/franciscanos.org.br\/noticias\/wp-json\/wp\/v2\/media\/187521"}],"wp:attachment":[{"href":"https:\/\/franciscanos.org.br\/noticias\/wp-json\/wp\/v2\/media?parent=166893"}],"wp:term":[{"taxonomy":"category","embeddable":true,"href":"https:\/\/franciscanos.org.br\/noticias\/wp-json\/wp\/v2\/categories?post=166893"},{"taxonomy":"post_tag","embeddable":true,"href":"https:\/\/franciscanos.org.br\/noticias\/wp-json\/wp\/v2\/tags?post=166893"}],"curies":[{"name":"wp","href":"https:\/\/api.w.org\/{rel}","templated":true}]}}