{"id":166830,"date":"2018-07-19T07:46:39","date_gmt":"2018-07-19T10:46:39","guid":{"rendered":"http:\/\/franciscanos.org.br\/?p=166830"},"modified":"2019-07-09T10:27:48","modified_gmt":"2019-07-09T13:27:48","slug":"exposicao-lembra-os-95-anos-de-dom-paulo-evaristo","status":"publish","type":"post","link":"https:\/\/franciscanos.org.br\/noticias\/exposicao-lembra-os-95-anos-de-dom-paulo-evaristo.html","title":{"rendered":"Exposi\u00e7\u00e3o lembra os 95 anos de Dom Paulo Evaristo"},"content":{"rendered":"<blockquote><p><img loading=\"lazy\" class=\"alignright size-full wp-image-166831\" src=\"http:\/\/franciscanos.org.br\/wp-content\/uploads\/2018\/07\/paulo_190718.jpg\" alt=\"paulo_190718\" width=\"465\" height=\"652\" \/>A exposi\u00e7\u00e3o de uma das personalidades mais expressivas do pa\u00eds come\u00e7a neste s\u00e1bado, 21 de julho, \u00e0s 15 horas, a 23 de setembro, no Centro Cultural dos Correios de S\u00e3o Paulo. Composta por seis eixos tem\u00e1ticos, a mostra trar\u00e1 elementos l\u00fadicos, interativos e multim\u00eddia, somando cerca de 1200 metros de espa\u00e7o expositivo<\/p><\/blockquote>\n<p>Cardeal da liberdade, da cidadania e guardi\u00e3o dos direitos humanos, Dom Paulo Evaristo Arns foi figura central no processo de redemocratiza\u00e7\u00e3o do pa\u00eds. Sua trajet\u00f3ria foi constantemente marcada pela justi\u00e7a social, defesa dos exclu\u00eddos e dos trabalhadores. Tudo isso o credencia para a alcunha pela qual escolheu ser lembrado, segundo suas pr\u00f3prias palavras, como \u201ccardeal do povo\u201d. Tamanha personalidade recebe agora uma homenagem \u00e0 altura. Trata-se da Exposi\u00e7\u00e3o Dom Paulo Evaristo Arns: 95 anos, que acontece no Centro Cultural dos Correios de S\u00e3o Paulo, entre os dias 21 de julho a 23 de setembro, com entrada franca. A exposi\u00e7\u00e3o \u00e9 uma realiza\u00e7\u00e3o da Mirar Lejos em parceria com a C\u00e1ritas Brasileira Regional S\u00e3o Paulo, com coordena\u00e7\u00e3o-geral das jornalistas e bi\u00f3grafas de Dom Paulo, Evanize Sydow e Marilda Ferri.<\/p>\n<p>A exposi\u00e7\u00e3o foi concebida, prioritariamente, pensando no p\u00fablico jovem e estudantes. Por isso contar\u00e1 com v\u00e1rios elementos interativos, l\u00fadicos e multim\u00eddia dispostos em v\u00e1rios ambientes do Centro Cultural dos Correios, somando cerca de 1.200 metros de espa\u00e7o expositivo. A mostra faz um passeio pela trajet\u00f3ria do cardeal, centrando aten\u00e7\u00e3o em assuntos como democracia, pol\u00edtica, sociedade, legado intelectual, Igreja e comunica\u00e7\u00e3o. Por esses eixos ser\u00e3o enfocados temas como Dom Paulo e o povo da rua; sua contribui\u00e7\u00e3o para a justi\u00e7a social; a import\u00e2ncia dele para os perseguidos pol\u00edticos brasileiros e do Cone Sul; Dom Paulo e os oper\u00e1rios; o papel da mulher na Igreja e na sociedade; o legado para os movimentos sociais, entre outros.<\/p>\n<p>Dentre as ambi\u00eancias, no \u00c1trio do Centro Cultural, ser\u00e1 montada uma reprodu\u00e7\u00e3o de cerca de 400 metros quadrados da Pra\u00e7a da S\u00e9 e Catedral da S\u00e9, com a representa\u00e7\u00e3o de momentos hist\u00f3ricos que ali aconteceram, como os cultos em mem\u00f3ria de Alexandre Vannucchi Leme, Vladimir Herzog, Santo Dias, Manoel Fiel Filho e as missas de Primeiro de Maio, Dia do Trabalhador. Al\u00e9m do \u00c1trio, outras salas conter\u00e3o farto material a respeito da trajet\u00f3ria de Dom Paulo, com dezenas de depoimentos, imagens in\u00e9ditas ao p\u00fablico e muita interatividade.<\/p>\n<p>Na Sala 2 ser\u00e1 retratado o per\u00edodo de regime militar e a atua\u00e7\u00e3o de dom Paulo contra os desmandos ocorridos. Numa reprodu\u00e7\u00e3o do DEOPS (Departamento Estadual de Ordem Pol\u00edtica e Social de S\u00e3o Paulo), um dos centros de tortura na capital paulista, o p\u00fablico ser\u00e1 convidado a participar da pe\u00e7a interativa &#8220;Lembrar \u00e9 Resistir&#8221;, adaptada e dirigida por Iza\u00edas Almada, ex-preso pol\u00edtico e autor do texto em co-autoria com Analy A. Pinto. Encenada por Tin Urbinatti, Neusa Felipe, Euz\u00e9bio Simioni e Cl\u00e9o Moraes, o p\u00fablico ser\u00e1 convidado a voltar aos anos 1960\/70, sendo conduzido de cela em cela, como presos pol\u00edticos da \u00e9poca. As apresenta\u00e7\u00f5es ser\u00e3o di\u00e1rias, de ter\u00e7a a domingo, \u00e0s 14h30 e 15h30, duas sess\u00f5es. No mesmo espa\u00e7o haver\u00e1 ainda uma vers\u00e3o gigante do livro &#8220;Brasil: Nunca Mais&#8221;, al\u00e9m de um grande vale remontando \u00e0 vala clandestina do cemit\u00e9rio de Perus, onde foram encontradas mais de mil ossadas humanas, muitas delas de presos pol\u00edticos desaparecidos, que ser\u00e3o lembrados com um memorial.<\/p>\n<p>A interatividade tamb\u00e9m estar\u00e1 presente em uma linha do tempo com temas como os 70 anos da Declara\u00e7\u00e3o Universal dos Direitos Humanos, que est\u00e1 sendo comemorado este ano. Em v\u00eddeo, os 30 artigos da Declara\u00e7\u00e3o ser\u00e3o lidos por 30 pessoas de origens diferentes, entre elas refugiados, moradores de rua e artistas, como Criolo, Martinho da Vila e Paulinho da Viola. Outros pontos relevantes da trajet\u00f3ria de Dom Paulo, como as redes de solidariedade no Cone Sul que ele ajudou a criar; a origem de alguns partidos pol\u00edticos no Brasil p\u00f3s 1980; a figura de S\u00e3o Francisco de Assis e a influ\u00eancia franciscana na vida simples que levava; o protagonismo que deu aos leigos; a divis\u00e3o da arquidiocese no final dos anos 1980; a venda do pal\u00e1cio episcopal para comprar mais de mil terrenos na periferia e distribuir para as comunidades se organizarem, entre outros, estar\u00e3o retratados na Ocupa\u00e7\u00e3o.<\/p>\n<p>No caminho entre o \u00c1trio e a Sala 2, uma reprodu\u00e7\u00e3o do campo do Corinthians, fotos hist\u00f3ricas e depoimentos de \u00edcones desportivos sobre a Democracia Corintiana, como Casagrande e Bas\u00edlio, lembrar\u00e3o o time do cora\u00e7\u00e3o do arcebispo. Tamb\u00e9m um espa\u00e7o totalmente dedicado \u00e0s crian\u00e7as, com jogos, desenhos, montagens l\u00fadicas e conta\u00e7\u00e3o de hist\u00f3rias propiciar\u00e3o \u00e0s crian\u00e7as o contato com temas que Dom Paulo defendeu, como a justi\u00e7a social, a democracia e os Direitos Humanos.<\/p>\n<p>A curadoria da exposi\u00e7\u00e3o \u00e9 de Evanize Sydow, Marilda Ferri, Maria Angela Borsoi e Paulo Pedrini. O evento conta com o apoio das seguintes institui\u00e7\u00f5es: Secretaria Municipal de Direitos Humanos e Cidadania de S\u00e3o Paulo, Sindicato dos Metal\u00fargicos de S\u00e3o Bernardo do Campo, Confedera\u00e7\u00e3o Nacional dos Metal\u00fargicos, Funda\u00e7\u00e3o Maur\u00edcio Grabois, Funda\u00e7\u00e3o Lauro Campos, Apeoesp \u2013 Sindicato dos Professores do Ensino Oficial do Estado de S\u00e3o Paulo, Funda\u00e7\u00e3o Leonel Brizola, Funda\u00e7\u00e3o Perseu Abramo, Conselho Regional de Psicologia de S\u00e3o Paulo, Sindicato dos Trabalhadores do Judici\u00e1rio Federal do Estado de S\u00e3o Paulo, O Autor na Pra\u00e7a, Federa\u00e7\u00e3o dos Trabalhadores do Ramo Qu\u00edmico da CUT no Estado de S\u00e3o Paulo e Central Mission\u00e1ria dos Franciscanos da Alemanha.<\/p>\n<p>A Exposi\u00e7\u00e3o &#8220;Dom Paulo Evaristo Arns: 95 anos&#8221; ser\u00e1 para todas as idades e promete tratar de temas fundamentais para os tempos atuais, tendo esse gigante da hist\u00f3ria brasileira como fio condutor.<\/p>\n<p style=\"padding-left: 30px;\"><strong>Servi\u00e7o<\/strong><br \/>\nExposi\u00e7\u00e3o Dom Paulo Evaristo Arns: 95 anos<br \/>\nData: de 21 de julho a 23 de setembro de 2018<br \/>\nHor\u00e1rio e dias: visita\u00e7\u00e3o das 11h \u00e0s 17h, de ter\u00e7a a domingo<br \/>\nEntrada franca<br \/>\nLocal: Av. S\u00e3o Jo\u00e3o, s\/n, Vale do Anhangaba\u00fa \u2013 Centro, S\u00e3o Paulo\/SP<\/p>\n","protected":false},"excerpt":{"rendered":"<p>S\u00e3o Paulo &#8211; Dia 21<\/p>\n","protected":false},"author":1,"featured_media":207483,"comment_status":"open","ping_status":"open","sticky":false,"template":"","format":"standard","meta":[],"categories":[1],"tags":[693],"acf":[],"yoast_head":"<!-- This site is optimized with the Yoast SEO plugin v19.2 - https:\/\/yoast.com\/wordpress\/plugins\/seo\/ -->\n<title>Exposi\u00e7\u00e3o lembra os 95 anos de Dom Paulo Evaristo - Not\u00edcias - Franciscanos<\/title>\n<meta name=\"robots\" content=\"index, follow, max-snippet:-1, max-image-preview:large, max-video-preview:-1\" \/>\n<link rel=\"canonical\" href=\"https:\/\/franciscanos.org.br\/noticias\/exposicao-lembra-os-95-anos-de-dom-paulo-evaristo.html\" \/>\n<meta property=\"og:locale\" content=\"pt_BR\" \/>\n<meta property=\"og:type\" content=\"article\" \/>\n<meta property=\"og:title\" content=\"Exposi\u00e7\u00e3o lembra os 95 anos de Dom Paulo Evaristo - Not\u00edcias - Franciscanos\" \/>\n<meta property=\"og:description\" content=\"S\u00e3o Paulo - Dia 21\" \/>\n<meta property=\"og:url\" content=\"https:\/\/franciscanos.org.br\/noticias\/exposicao-lembra-os-95-anos-de-dom-paulo-evaristo.html\" \/>\n<meta property=\"og:site_name\" content=\"Not\u00edcias - Franciscanos\" \/>\n<meta property=\"article:published_time\" content=\"2018-07-19T10:46:39+00:00\" \/>\n<meta property=\"article:modified_time\" content=\"2019-07-09T13:27:48+00:00\" \/>\n<meta property=\"og:image\" content=\"https:\/\/franciscanos.org.br\/noticias\/wp-content\/uploads\/2018\/07\/paulo_190718.jpg\" \/>\n\t<meta property=\"og:image:width\" content=\"273\" \/>\n\t<meta property=\"og:image:height\" content=\"181\" \/>\n\t<meta property=\"og:image:type\" content=\"image\/jpeg\" \/>\n<meta name=\"author\" content=\"admin\" \/>\n<meta name=\"twitter:card\" content=\"summary_large_image\" \/>\n<meta name=\"twitter:label1\" content=\"Escrito por\" \/>\n\t<meta name=\"twitter:data1\" content=\"admin\" \/>\n\t<meta name=\"twitter:label2\" content=\"Est. tempo de leitura\" \/>\n\t<meta name=\"twitter:data2\" content=\"5 minutos\" \/>\n<script type=\"application\/ld+json\" class=\"yoast-schema-graph\">{\"@context\":\"https:\/\/schema.org\",\"@graph\":[{\"@type\":\"WebSite\",\"@id\":\"https:\/\/franciscanos.org.br\/noticias\/#website\",\"url\":\"https:\/\/franciscanos.org.br\/noticias\/\",\"name\":\"Not\u00edcias - Franciscanos\",\"description\":\"Prov\u00edncia Franciscana da Imaculada Concei\u00e7\u00e3o do Brasil - Ordem dos Frades Menores - OFM\",\"potentialAction\":[{\"@type\":\"SearchAction\",\"target\":{\"@type\":\"EntryPoint\",\"urlTemplate\":\"https:\/\/franciscanos.org.br\/noticias\/?s={search_term_string}\"},\"query-input\":\"required name=search_term_string\"}],\"inLanguage\":\"pt-BR\"},{\"@type\":\"ImageObject\",\"inLanguage\":\"pt-BR\",\"@id\":\"https:\/\/franciscanos.org.br\/noticias\/exposicao-lembra-os-95-anos-de-dom-paulo-evaristo.html#primaryimage\",\"url\":\"https:\/\/franciscanos.org.br\/noticias\/wp-content\/uploads\/2018\/07\/paulo_190718.jpg\",\"contentUrl\":\"https:\/\/franciscanos.org.br\/noticias\/wp-content\/uploads\/2018\/07\/paulo_190718.jpg\",\"width\":273,\"height\":181},{\"@type\":\"WebPage\",\"@id\":\"https:\/\/franciscanos.org.br\/noticias\/exposicao-lembra-os-95-anos-de-dom-paulo-evaristo.html#webpage\",\"url\":\"https:\/\/franciscanos.org.br\/noticias\/exposicao-lembra-os-95-anos-de-dom-paulo-evaristo.html\",\"name\":\"Exposi\u00e7\u00e3o lembra os 95 anos de Dom Paulo Evaristo - Not\u00edcias - Franciscanos\",\"isPartOf\":{\"@id\":\"https:\/\/franciscanos.org.br\/noticias\/#website\"},\"primaryImageOfPage\":{\"@id\":\"https:\/\/franciscanos.org.br\/noticias\/exposicao-lembra-os-95-anos-de-dom-paulo-evaristo.html#primaryimage\"},\"datePublished\":\"2018-07-19T10:46:39+00:00\",\"dateModified\":\"2019-07-09T13:27:48+00:00\",\"author\":{\"@id\":\"https:\/\/franciscanos.org.br\/noticias\/#\/schema\/person\/b38fbf43118f02820bd932f2e4b14ad3\"},\"breadcrumb\":{\"@id\":\"https:\/\/franciscanos.org.br\/noticias\/exposicao-lembra-os-95-anos-de-dom-paulo-evaristo.html#breadcrumb\"},\"inLanguage\":\"pt-BR\",\"potentialAction\":[{\"@type\":\"ReadAction\",\"target\":[\"https:\/\/franciscanos.org.br\/noticias\/exposicao-lembra-os-95-anos-de-dom-paulo-evaristo.html\"]}]},{\"@type\":\"BreadcrumbList\",\"@id\":\"https:\/\/franciscanos.org.br\/noticias\/exposicao-lembra-os-95-anos-de-dom-paulo-evaristo.html#breadcrumb\",\"itemListElement\":[{\"@type\":\"ListItem\",\"position\":1,\"name\":\"Home\",\"item\":\"https:\/\/franciscanos.org.br\/noticias\"},{\"@type\":\"ListItem\",\"position\":2,\"name\":\"Exposi\u00e7\u00e3o lembra os 95 anos de Dom Paulo Evaristo\"}]},{\"@type\":\"Person\",\"@id\":\"https:\/\/franciscanos.org.br\/noticias\/#\/schema\/person\/b38fbf43118f02820bd932f2e4b14ad3\",\"name\":\"admin\",\"image\":{\"@type\":\"ImageObject\",\"inLanguage\":\"pt-BR\",\"@id\":\"https:\/\/franciscanos.org.br\/noticias\/#\/schema\/person\/image\/\",\"url\":\"https:\/\/secure.gravatar.com\/avatar\/e8495742d34d0ba6448ea1c628263b3e?s=96&d=mm&r=g\",\"contentUrl\":\"https:\/\/secure.gravatar.com\/avatar\/e8495742d34d0ba6448ea1c628263b3e?s=96&d=mm&r=g\",\"caption\":\"admin\"},\"url\":\"https:\/\/franciscanos.org.br\/noticias\/author\/admin\"}]}<\/script>\n<!-- \/ Yoast SEO plugin. -->","yoast_head_json":{"title":"Exposi\u00e7\u00e3o lembra os 95 anos de Dom Paulo Evaristo - Not\u00edcias - Franciscanos","robots":{"index":"index","follow":"follow","max-snippet":"max-snippet:-1","max-image-preview":"max-image-preview:large","max-video-preview":"max-video-preview:-1"},"canonical":"https:\/\/franciscanos.org.br\/noticias\/exposicao-lembra-os-95-anos-de-dom-paulo-evaristo.html","og_locale":"pt_BR","og_type":"article","og_title":"Exposi\u00e7\u00e3o lembra os 95 anos de Dom Paulo Evaristo - Not\u00edcias - Franciscanos","og_description":"S\u00e3o Paulo - Dia 21","og_url":"https:\/\/franciscanos.org.br\/noticias\/exposicao-lembra-os-95-anos-de-dom-paulo-evaristo.html","og_site_name":"Not\u00edcias - Franciscanos","article_published_time":"2018-07-19T10:46:39+00:00","article_modified_time":"2019-07-09T13:27:48+00:00","og_image":[{"width":273,"height":181,"url":"https:\/\/franciscanos.org.br\/noticias\/wp-content\/uploads\/2018\/07\/paulo_190718.jpg","type":"image\/jpeg"}],"author":"admin","twitter_card":"summary_large_image","twitter_misc":{"Escrito por":"admin","Est. tempo de leitura":"5 minutos"},"schema":{"@context":"https:\/\/schema.org","@graph":[{"@type":"WebSite","@id":"https:\/\/franciscanos.org.br\/noticias\/#website","url":"https:\/\/franciscanos.org.br\/noticias\/","name":"Not\u00edcias - Franciscanos","description":"Prov\u00edncia Franciscana da Imaculada Concei\u00e7\u00e3o do Brasil - Ordem dos Frades Menores - OFM","potentialAction":[{"@type":"SearchAction","target":{"@type":"EntryPoint","urlTemplate":"https:\/\/franciscanos.org.br\/noticias\/?s={search_term_string}"},"query-input":"required name=search_term_string"}],"inLanguage":"pt-BR"},{"@type":"ImageObject","inLanguage":"pt-BR","@id":"https:\/\/franciscanos.org.br\/noticias\/exposicao-lembra-os-95-anos-de-dom-paulo-evaristo.html#primaryimage","url":"https:\/\/franciscanos.org.br\/noticias\/wp-content\/uploads\/2018\/07\/paulo_190718.jpg","contentUrl":"https:\/\/franciscanos.org.br\/noticias\/wp-content\/uploads\/2018\/07\/paulo_190718.jpg","width":273,"height":181},{"@type":"WebPage","@id":"https:\/\/franciscanos.org.br\/noticias\/exposicao-lembra-os-95-anos-de-dom-paulo-evaristo.html#webpage","url":"https:\/\/franciscanos.org.br\/noticias\/exposicao-lembra-os-95-anos-de-dom-paulo-evaristo.html","name":"Exposi\u00e7\u00e3o lembra os 95 anos de Dom Paulo Evaristo - Not\u00edcias - Franciscanos","isPartOf":{"@id":"https:\/\/franciscanos.org.br\/noticias\/#website"},"primaryImageOfPage":{"@id":"https:\/\/franciscanos.org.br\/noticias\/exposicao-lembra-os-95-anos-de-dom-paulo-evaristo.html#primaryimage"},"datePublished":"2018-07-19T10:46:39+00:00","dateModified":"2019-07-09T13:27:48+00:00","author":{"@id":"https:\/\/franciscanos.org.br\/noticias\/#\/schema\/person\/b38fbf43118f02820bd932f2e4b14ad3"},"breadcrumb":{"@id":"https:\/\/franciscanos.org.br\/noticias\/exposicao-lembra-os-95-anos-de-dom-paulo-evaristo.html#breadcrumb"},"inLanguage":"pt-BR","potentialAction":[{"@type":"ReadAction","target":["https:\/\/franciscanos.org.br\/noticias\/exposicao-lembra-os-95-anos-de-dom-paulo-evaristo.html"]}]},{"@type":"BreadcrumbList","@id":"https:\/\/franciscanos.org.br\/noticias\/exposicao-lembra-os-95-anos-de-dom-paulo-evaristo.html#breadcrumb","itemListElement":[{"@type":"ListItem","position":1,"name":"Home","item":"https:\/\/franciscanos.org.br\/noticias"},{"@type":"ListItem","position":2,"name":"Exposi\u00e7\u00e3o lembra os 95 anos de Dom Paulo Evaristo"}]},{"@type":"Person","@id":"https:\/\/franciscanos.org.br\/noticias\/#\/schema\/person\/b38fbf43118f02820bd932f2e4b14ad3","name":"admin","image":{"@type":"ImageObject","inLanguage":"pt-BR","@id":"https:\/\/franciscanos.org.br\/noticias\/#\/schema\/person\/image\/","url":"https:\/\/secure.gravatar.com\/avatar\/e8495742d34d0ba6448ea1c628263b3e?s=96&d=mm&r=g","contentUrl":"https:\/\/secure.gravatar.com\/avatar\/e8495742d34d0ba6448ea1c628263b3e?s=96&d=mm&r=g","caption":"admin"},"url":"https:\/\/franciscanos.org.br\/noticias\/author\/admin"}]}},"_links":{"self":[{"href":"https:\/\/franciscanos.org.br\/noticias\/wp-json\/wp\/v2\/posts\/166830"}],"collection":[{"href":"https:\/\/franciscanos.org.br\/noticias\/wp-json\/wp\/v2\/posts"}],"about":[{"href":"https:\/\/franciscanos.org.br\/noticias\/wp-json\/wp\/v2\/types\/post"}],"author":[{"embeddable":true,"href":"https:\/\/franciscanos.org.br\/noticias\/wp-json\/wp\/v2\/users\/1"}],"replies":[{"embeddable":true,"href":"https:\/\/franciscanos.org.br\/noticias\/wp-json\/wp\/v2\/comments?post=166830"}],"version-history":[{"count":0,"href":"https:\/\/franciscanos.org.br\/noticias\/wp-json\/wp\/v2\/posts\/166830\/revisions"}],"wp:featuredmedia":[{"embeddable":true,"href":"https:\/\/franciscanos.org.br\/noticias\/wp-json\/wp\/v2\/media\/207483"}],"wp:attachment":[{"href":"https:\/\/franciscanos.org.br\/noticias\/wp-json\/wp\/v2\/media?parent=166830"}],"wp:term":[{"taxonomy":"category","embeddable":true,"href":"https:\/\/franciscanos.org.br\/noticias\/wp-json\/wp\/v2\/categories?post=166830"},{"taxonomy":"post_tag","embeddable":true,"href":"https:\/\/franciscanos.org.br\/noticias\/wp-json\/wp\/v2\/tags?post=166830"}],"curies":[{"name":"wp","href":"https:\/\/api.w.org\/{rel}","templated":true}]}}