{"id":16674,"date":"2012-04-25T11:20:52","date_gmt":"2012-04-25T14:20:52","guid":{"rendered":"http:\/\/new.franciscanos.org.br\/?p=16674"},"modified":"2019-09-13T10:36:14","modified_gmt":"2019-09-13T13:36:14","slug":"anselm-grun-entre-os-novos-lancamentos-da-editora-2","status":"publish","type":"post","link":"https:\/\/franciscanos.org.br\/noticias\/anselm-grun-entre-os-novos-lancamentos-da-editora-2.html","title":{"rendered":"Anselm Gr\u00fcn entre os novos lan\u00e7amentos da Editora"},"content":{"rendered":"<p><a href=\"http:\/\/franciscanos.org.br\/wp-content\/uploads\/2012\/04\/vozes_g25.jpg\"><img loading=\"lazy\" class=\"alignright\" title=\"Editora Vozes\" src=\"http:\/\/franciscanos.org.br\/wp-content\/uploads\/2012\/04\/vozes_g25.jpg\" alt=\"\" width=\"400\" height=\"612\" \/><\/a>\u00a0Entre os \u00faltimos lan\u00e7amentos da Editora Vozes, que neste ano completa 111 anos de funda\u00e7\u00e3o e tem sede em Petr\u00f3polis (RJ), est\u00e1 o livro &#8220;Imagens b\u00edblicas de reden\u00e7\u00e3o&#8221;, do m\u00edstico e escritor Anselm Gr\u00fcn.<\/p>\n<p>Segundo Gr\u00fcn, a esperan\u00e7a por reden\u00e7\u00e3o \u00e9, desde h\u00e1 dois mil\u00eanios, o n\u00facleo central da f\u00e9 crist\u00e3 e ao mesmo tempo o desejo mais profundo de cada indiv\u00edduo. No entanto, a &#8220;boa nova&#8221; do homem de Nazar\u00e9, hoje, est\u00e1 alcan\u00e7ando cada vez menos pessoas. Para muitos, a linguagem da B\u00edblia parece empoeirada e ressequida. Nesta obra sobre o tema da reden\u00e7\u00e3o, Anselm Gr\u00fcn encontra uma linguagem que volta a tocar o cora\u00e7\u00e3o das pessoas.<\/p>\n<p>Este livro (ISBN: 9788532643254), de 120 p\u00e1ginas, vendido ao pre\u00e7o de R$ 19,00.<\/p>\n<p>Confira todos os lan\u00e7amentos: &#8220;Pol\u00edticas P\u00fablicas e Desenvolvimento local &#8211; Instrumentos e proposi\u00e7\u00f5es de an\u00e1lise para o Brasil&#8221;, &#8220;Ontologia (Hermen\u00eautica da faticidade)&#8221;, &#8220;Sociologia para o Ensino M\u00e9dio&#8221;, &#8220;Psicopedagogia modular &#8211; Uma modalidade de avalia\u00e7\u00e3o interventiva&#8221;, &#8220;Reinventando a Educa\u00e7\u00e3o &#8211; Diversidade, descoloniza\u00e7\u00e3o e redes&#8221;, &#8220;10 li\u00e7\u00f5es sobre Santo Agostinho&#8221; e &#8220;Desenvolva o que voc\u00ea tem de melhor&#8221;.<\/p>\n<h2><strong>Pol\u00edticas P\u00fablicas e Desenvolvimento local &#8211; Instrumentos e proposi\u00e7\u00f5es de an\u00e1lise para o Brasil<\/strong><\/h2>\n<p>Essa obra contribuiu para aquisi\u00e7\u00e3o de conhecimentos de maneira did\u00e1tica e que podem favorecer a estrutura\u00e7\u00e3o de informa\u00e7\u00f5es de maneira pragm\u00e1tica para que o leitor possa exercer seu papel como estudante, pesquisador, administrador ou participante de temas relacionados a pol\u00edtica p\u00fablica e o processo de desenvolvimento local, com instrumentos e proposi\u00e7\u00f5es de an\u00e1lise da a\u00e7\u00e3o p\u00fablica nas comunidades brasileiras.<\/p>\n<p><em>ISBN: 9788532643308; 192 p\u00e1ginas; Pre\u00e7o: R$ 26,00; autor: Christian Luiz da Silva (org.); Peso: 212 gramas; 1\u00aa edi\u00e7\u00e3o; Assunto: Pol\u00edtica.<\/em><\/p>\n<h2><strong>Ontologia (Hermen\u00eautica da faticidade)<\/strong><\/h2>\n<p>Embora a hermen\u00eautica estivesse relacionada \u00e0 tradi\u00e7\u00e3o filos\u00f3fica e, a partir disso, a campos relativamente diversos, o que Heidegger busca tematizar e compreender sob o termo faticidade \u00e9 algo bastante inusitado. A faticidade designa o car\u00e1ter pr\u00f3prio de nosso ser-a\u00ed, n\u00e3o devendo ser apreendido como coisa ou objeto. Segundo Heidegger, em sua cotidianidade, o ser-a\u00ed mesmo n\u00e3o se v\u00ea como tal, uma vez que, enquanto j\u00e1 sempre \u00e9 ou est\u00e1 a\u00ed, este ente \u00e9 e est\u00e1 pr\u00f3pria e originariamente aberto ao ser.<\/p>\n<p><em>ISBN: 9788532643315; 136 p\u00e1ginas; Pre\u00e7o: R$ 29,00; autor: Martin Heidegger; Peso: 158 gramas; 1\u00aa edi\u00e7\u00e3o; Assunto: Filosofia; Cole\u00e7\u00e3o: Textos filos\u00f3ficos<\/em><\/p>\n<h2><strong>Sociologia para o Ensino M\u00e9dio<\/strong><\/h2>\n<p>O retorno da sociologia ao ensino m\u00e9dio traz consigo um grande desafio &#8211; quais os conte\u00fados e metodologias adequados \u00e0 disciplina nos dias de hoje? A principal preocupa\u00e7\u00e3o deste livro \u00e9 combinar a complexidade dos conte\u00fados sociol\u00f3gicos com a brevidade da carga hor\u00e1ria estabelecida para a sociologia. Para isto, a obra possui uma linguagem clara e, sobretudo, sint\u00e9tica no tratamento dos temas e conceitos sociol\u00f3gicos. Entretanto, a grande novidade \u00e9 a proposta de resumir todo o conte\u00fado da mat\u00e9ria numa formula\u00e7\u00e3o que seja o fio condutor das discuss\u00f5es e, ao mesmo tempo, a s\u00edntese do curso.<\/p>\n<p><em>ISBN: 9788532643070; 144 p\u00e1ginas; Pre\u00e7o: R$ 23,00; autor: Ramalho; Peso: 214 gramas; 1\u00aa edi\u00e7\u00e3o; Assunto: Sociologia<\/em><\/p>\n<h2>\u00a0<strong>Psicopedagogia modular &#8211; Uma modalidade de avalia\u00e7\u00e3o interventiva<\/strong><\/h2>\n<p>Este livro apresenta um modelo din\u00e2mico de avalia\u00e7\u00e3o, entendido como um processo interativo, flex\u00edvel e individualizado em que o profissional interp\u00f5e-se entre o sujeito e a tarefa, modificando-a (ajustando a ordem, a complexidade, o tempo&#8230;) para que o sujeito diante do obst\u00e1culo possa super\u00e1-lo e mostre assim o seu verdadeiro potencial. Por meio dos instrumentos &#8211; provas cognitivas modulares -, permite-se transitar pelos sistemas inteligentes do indiv\u00edduo, avaliando e intervindo de maneira a maximizar as capacidades do sujeito e desenvolver estrat\u00e9gias que favore\u00e7am sua aprendizagem.<\/p>\n<p><em>ISBN: 9788532642264; 256 p\u00e1ginas; Pre\u00e7o: R$ 35,00; autor: Elizabeth Carvalho da Veiga, Sandra Helena Tolardo, Andrea Oliveira Batista, Eliane Miyuki Mitsunaga Stein, Mary Aparecida Janjacomo Kowalski; Peso: 360 gramas; 1\u00aa edi\u00e7\u00e3o; Assunto: Educa\u00e7\u00e3o e pedagogia.<\/em><\/p>\n<h2><strong>Reinventando a Educa\u00e7\u00e3o &#8211; Diversidade, descoloniza\u00e7\u00e3o e redes<\/strong><\/h2>\n<p>Reinventando a educa\u00e7\u00e3o n\u00e3o \u00e9 um ensaio futurol\u00f3gico. \u00c9, antes, um repto reflexivo e pol\u00edtico \u00e0 velha pedagogia para que desperte da narcose colonial e assuma as muta\u00e7\u00f5es j\u00e1 em curso tanto no mundo do trabalho quanto do comportamento jovem. A reinven\u00e7\u00e3o se d\u00e1, assegura Muniz Sodr\u00e9, como uma disposi\u00e7\u00e3o e uma reinterpreta\u00e7\u00e3o abertas \u00e0 consci\u00eancia de hoje, assim como um alerta para a evid\u00eancia de que a educa\u00e7\u00e3o \u00e9 a luz no fundo do t\u00fanel social, obscurecido pela crise dos valores, pela viol\u00eancia das drogas, pelas amea\u00e7as \u00e0 sa\u00fade do planeta e pela retra\u00e7\u00e3o progressiva das formas propriamente humanas de exist\u00eancia. Aqui est\u00e1 um livro a ser realmente lido e discutido.<\/p>\n<p><em>ISBN: 9788532643056; 280 p\u00e1ginas; Pre\u00e7o: R$ 45,00; autor: Muniz Sodr\u00e9; Peso: 394 gramas; 1\u00aa edi\u00e7\u00e3o; Assunto: Educa\u00e7\u00e3o e pedagogia\u00a0<\/em><\/p>\n<h2>\u00a0<strong>10 li\u00e7\u00f5es sobre Santo Agostinho<\/strong><\/h2>\n<p>\u00c9 bem verdade que Santo Agostinho \u00e9 um homem de seu tempo, preocupado com problemas de sua \u00e9poca e limitado aos n\u00edveis de solu\u00e7\u00f5es intelectuais pr\u00f3prios de seu meio. Por outro lado, Agostinho influenciou homens e institui\u00e7\u00f5es ao longo dos s\u00e9culos. Suas reflex\u00f5es sobre temas filos\u00f3fico-teol\u00f3gicos, como a &#8220;Filosofia da Hist\u00f3ria&#8221;, &#8220;Liberdade Humana&#8221; ou a &#8220;Problem\u00e1tica do Tempo&#8221; e a &#8220;Trindade&#8221; s\u00e3o at\u00e9 hoje indispens\u00e1veis para estudiosos desses assuntos. Por isso, essas 10 li\u00e7\u00f5es pretendem apresentar ao leitor o essencial da filosofia de Santo Agostinho.<\/p>\n<p><em>ISBN: 9788532643223; 88 p\u00e1ginas; Pre\u00e7o: R$ 10,00; autor: Marcos Roberto Nunes Costa; Peso: 76 gramas; 1\u00aa edi\u00e7\u00e3o; Assunto: Filosofia; Cole\u00e7\u00e3o: 10 Li\u00e7\u00f5es.<\/em><\/p>\n<h2>\u00a0<strong>Desenvolva o que voc\u00ea tem de melhor<\/strong><\/h2>\n<p>Os autores deste livro prop\u00f5em caminhos baseados em exerc\u00edcios pr\u00e1ticos, compostos por diversos testes, que lhe permitir\u00e3o se conhecer melhor e progredir rapidamente. Estes testes ajudar\u00e3o voc\u00ea a se conhecer mais a fundo, avaliar com mais exatid\u00e3o as suas possibilidades, valorizar mais o seu potencial de relacionamentos com os outros e, por fim, descobrir, para voc\u00ea e as pessoas ao seu redor, o que voc\u00ea tem de melhor.<\/p>\n<p><em>ISBN: 9788532643292; 96 p\u00e1ginas; Pre\u00e7o: R$ 15,10; autor: Oliver Nunge e Simonne Mortera; Peso: 88 gramas; 1\u00aa edi\u00e7\u00e3o; Assunto: Literatura de autoconhecimento;<\/em><\/p>\n<p><em>Cole\u00e7\u00e3o: Pr\u00e1ticas para o bem viver.<\/em><\/p>\n<p>TODOS OS LIVROS PODEM SER ADQUIRIDOS NO SITE DA EDITORA VOZES:\u00a0<a href=\"http:\/\/www.universovozes.com.br\/view\/Home.aspx\" target=\"_blank\" rel=\"noopener noreferrer\">www.universovozes.com.br<\/a><\/p>\n","protected":false},"excerpt":{"rendered":"<p> Vozes<\/p>\n","protected":false},"author":1,"featured_media":210772,"comment_status":"closed","ping_status":"closed","sticky":false,"template":"","format":"standard","meta":[],"categories":[1],"tags":[235],"acf":[],"yoast_head":"<!-- This site is optimized with the Yoast SEO plugin v19.2 - https:\/\/yoast.com\/wordpress\/plugins\/seo\/ -->\n<title>Anselm Gr\u00fcn entre os novos lan\u00e7amentos da Editora - Not\u00edcias - Franciscanos<\/title>\n<meta name=\"robots\" content=\"index, follow, max-snippet:-1, max-image-preview:large, max-video-preview:-1\" \/>\n<link rel=\"canonical\" href=\"https:\/\/franciscanos.org.br\/noticias\/anselm-grun-entre-os-novos-lancamentos-da-editora-2.html\" \/>\n<meta property=\"og:locale\" content=\"pt_BR\" \/>\n<meta property=\"og:type\" content=\"article\" \/>\n<meta property=\"og:title\" content=\"Anselm Gr\u00fcn entre os novos lan\u00e7amentos da Editora - Not\u00edcias - Franciscanos\" \/>\n<meta property=\"og:description\" content=\"Vozes\" \/>\n<meta property=\"og:url\" content=\"https:\/\/franciscanos.org.br\/noticias\/anselm-grun-entre-os-novos-lancamentos-da-editora-2.html\" \/>\n<meta property=\"og:site_name\" content=\"Not\u00edcias - Franciscanos\" \/>\n<meta property=\"article:published_time\" content=\"2012-04-25T14:20:52+00:00\" \/>\n<meta property=\"article:modified_time\" content=\"2019-09-13T13:36:14+00:00\" \/>\n<meta property=\"og:image\" content=\"https:\/\/franciscanos.org.br\/noticias\/wp-content\/uploads\/2012\/04\/vozes_g25.jpg\" \/>\n\t<meta property=\"og:image:width\" content=\"273\" \/>\n\t<meta property=\"og:image:height\" content=\"182\" \/>\n\t<meta property=\"og:image:type\" content=\"image\/jpeg\" \/>\n<meta name=\"author\" content=\"admin\" \/>\n<meta name=\"twitter:card\" content=\"summary_large_image\" \/>\n<meta name=\"twitter:label1\" content=\"Escrito por\" \/>\n\t<meta name=\"twitter:data1\" content=\"admin\" \/>\n\t<meta name=\"twitter:label2\" content=\"Est. tempo de leitura\" \/>\n\t<meta name=\"twitter:data2\" content=\"5 minutos\" \/>\n<script type=\"application\/ld+json\" class=\"yoast-schema-graph\">{\"@context\":\"https:\/\/schema.org\",\"@graph\":[{\"@type\":\"WebSite\",\"@id\":\"https:\/\/franciscanos.org.br\/noticias\/#website\",\"url\":\"https:\/\/franciscanos.org.br\/noticias\/\",\"name\":\"Not\u00edcias - Franciscanos\",\"description\":\"Prov\u00edncia Franciscana da Imaculada Concei\u00e7\u00e3o do Brasil - Ordem dos Frades Menores - OFM\",\"potentialAction\":[{\"@type\":\"SearchAction\",\"target\":{\"@type\":\"EntryPoint\",\"urlTemplate\":\"https:\/\/franciscanos.org.br\/noticias\/?s={search_term_string}\"},\"query-input\":\"required name=search_term_string\"}],\"inLanguage\":\"pt-BR\"},{\"@type\":\"ImageObject\",\"inLanguage\":\"pt-BR\",\"@id\":\"https:\/\/franciscanos.org.br\/noticias\/anselm-grun-entre-os-novos-lancamentos-da-editora-2.html#primaryimage\",\"url\":\"https:\/\/franciscanos.org.br\/noticias\/wp-content\/uploads\/2012\/04\/vozes_g25.jpg\",\"contentUrl\":\"https:\/\/franciscanos.org.br\/noticias\/wp-content\/uploads\/2012\/04\/vozes_g25.jpg\",\"width\":273,\"height\":182},{\"@type\":\"WebPage\",\"@id\":\"https:\/\/franciscanos.org.br\/noticias\/anselm-grun-entre-os-novos-lancamentos-da-editora-2.html#webpage\",\"url\":\"https:\/\/franciscanos.org.br\/noticias\/anselm-grun-entre-os-novos-lancamentos-da-editora-2.html\",\"name\":\"Anselm Gr\u00fcn entre os novos lan\u00e7amentos da Editora - Not\u00edcias - Franciscanos\",\"isPartOf\":{\"@id\":\"https:\/\/franciscanos.org.br\/noticias\/#website\"},\"primaryImageOfPage\":{\"@id\":\"https:\/\/franciscanos.org.br\/noticias\/anselm-grun-entre-os-novos-lancamentos-da-editora-2.html#primaryimage\"},\"datePublished\":\"2012-04-25T14:20:52+00:00\",\"dateModified\":\"2019-09-13T13:36:14+00:00\",\"author\":{\"@id\":\"https:\/\/franciscanos.org.br\/noticias\/#\/schema\/person\/b38fbf43118f02820bd932f2e4b14ad3\"},\"breadcrumb\":{\"@id\":\"https:\/\/franciscanos.org.br\/noticias\/anselm-grun-entre-os-novos-lancamentos-da-editora-2.html#breadcrumb\"},\"inLanguage\":\"pt-BR\",\"potentialAction\":[{\"@type\":\"ReadAction\",\"target\":[\"https:\/\/franciscanos.org.br\/noticias\/anselm-grun-entre-os-novos-lancamentos-da-editora-2.html\"]}]},{\"@type\":\"BreadcrumbList\",\"@id\":\"https:\/\/franciscanos.org.br\/noticias\/anselm-grun-entre-os-novos-lancamentos-da-editora-2.html#breadcrumb\",\"itemListElement\":[{\"@type\":\"ListItem\",\"position\":1,\"name\":\"Home\",\"item\":\"https:\/\/franciscanos.org.br\/noticias\"},{\"@type\":\"ListItem\",\"position\":2,\"name\":\"Anselm Gr\u00fcn entre os novos lan\u00e7amentos da Editora\"}]},{\"@type\":\"Person\",\"@id\":\"https:\/\/franciscanos.org.br\/noticias\/#\/schema\/person\/b38fbf43118f02820bd932f2e4b14ad3\",\"name\":\"admin\",\"image\":{\"@type\":\"ImageObject\",\"inLanguage\":\"pt-BR\",\"@id\":\"https:\/\/franciscanos.org.br\/noticias\/#\/schema\/person\/image\/\",\"url\":\"https:\/\/secure.gravatar.com\/avatar\/e8495742d34d0ba6448ea1c628263b3e?s=96&d=mm&r=g\",\"contentUrl\":\"https:\/\/secure.gravatar.com\/avatar\/e8495742d34d0ba6448ea1c628263b3e?s=96&d=mm&r=g\",\"caption\":\"admin\"},\"url\":\"https:\/\/franciscanos.org.br\/noticias\/author\/admin\"}]}<\/script>\n<!-- \/ Yoast SEO plugin. -->","yoast_head_json":{"title":"Anselm Gr\u00fcn entre os novos lan\u00e7amentos da Editora - Not\u00edcias - Franciscanos","robots":{"index":"index","follow":"follow","max-snippet":"max-snippet:-1","max-image-preview":"max-image-preview:large","max-video-preview":"max-video-preview:-1"},"canonical":"https:\/\/franciscanos.org.br\/noticias\/anselm-grun-entre-os-novos-lancamentos-da-editora-2.html","og_locale":"pt_BR","og_type":"article","og_title":"Anselm Gr\u00fcn entre os novos lan\u00e7amentos da Editora - Not\u00edcias - Franciscanos","og_description":"Vozes","og_url":"https:\/\/franciscanos.org.br\/noticias\/anselm-grun-entre-os-novos-lancamentos-da-editora-2.html","og_site_name":"Not\u00edcias - Franciscanos","article_published_time":"2012-04-25T14:20:52+00:00","article_modified_time":"2019-09-13T13:36:14+00:00","og_image":[{"width":273,"height":182,"url":"https:\/\/franciscanos.org.br\/noticias\/wp-content\/uploads\/2012\/04\/vozes_g25.jpg","type":"image\/jpeg"}],"author":"admin","twitter_card":"summary_large_image","twitter_misc":{"Escrito por":"admin","Est. tempo de leitura":"5 minutos"},"schema":{"@context":"https:\/\/schema.org","@graph":[{"@type":"WebSite","@id":"https:\/\/franciscanos.org.br\/noticias\/#website","url":"https:\/\/franciscanos.org.br\/noticias\/","name":"Not\u00edcias - Franciscanos","description":"Prov\u00edncia Franciscana da Imaculada Concei\u00e7\u00e3o do Brasil - Ordem dos Frades Menores - OFM","potentialAction":[{"@type":"SearchAction","target":{"@type":"EntryPoint","urlTemplate":"https:\/\/franciscanos.org.br\/noticias\/?s={search_term_string}"},"query-input":"required name=search_term_string"}],"inLanguage":"pt-BR"},{"@type":"ImageObject","inLanguage":"pt-BR","@id":"https:\/\/franciscanos.org.br\/noticias\/anselm-grun-entre-os-novos-lancamentos-da-editora-2.html#primaryimage","url":"https:\/\/franciscanos.org.br\/noticias\/wp-content\/uploads\/2012\/04\/vozes_g25.jpg","contentUrl":"https:\/\/franciscanos.org.br\/noticias\/wp-content\/uploads\/2012\/04\/vozes_g25.jpg","width":273,"height":182},{"@type":"WebPage","@id":"https:\/\/franciscanos.org.br\/noticias\/anselm-grun-entre-os-novos-lancamentos-da-editora-2.html#webpage","url":"https:\/\/franciscanos.org.br\/noticias\/anselm-grun-entre-os-novos-lancamentos-da-editora-2.html","name":"Anselm Gr\u00fcn entre os novos lan\u00e7amentos da Editora - Not\u00edcias - Franciscanos","isPartOf":{"@id":"https:\/\/franciscanos.org.br\/noticias\/#website"},"primaryImageOfPage":{"@id":"https:\/\/franciscanos.org.br\/noticias\/anselm-grun-entre-os-novos-lancamentos-da-editora-2.html#primaryimage"},"datePublished":"2012-04-25T14:20:52+00:00","dateModified":"2019-09-13T13:36:14+00:00","author":{"@id":"https:\/\/franciscanos.org.br\/noticias\/#\/schema\/person\/b38fbf43118f02820bd932f2e4b14ad3"},"breadcrumb":{"@id":"https:\/\/franciscanos.org.br\/noticias\/anselm-grun-entre-os-novos-lancamentos-da-editora-2.html#breadcrumb"},"inLanguage":"pt-BR","potentialAction":[{"@type":"ReadAction","target":["https:\/\/franciscanos.org.br\/noticias\/anselm-grun-entre-os-novos-lancamentos-da-editora-2.html"]}]},{"@type":"BreadcrumbList","@id":"https:\/\/franciscanos.org.br\/noticias\/anselm-grun-entre-os-novos-lancamentos-da-editora-2.html#breadcrumb","itemListElement":[{"@type":"ListItem","position":1,"name":"Home","item":"https:\/\/franciscanos.org.br\/noticias"},{"@type":"ListItem","position":2,"name":"Anselm Gr\u00fcn entre os novos lan\u00e7amentos da Editora"}]},{"@type":"Person","@id":"https:\/\/franciscanos.org.br\/noticias\/#\/schema\/person\/b38fbf43118f02820bd932f2e4b14ad3","name":"admin","image":{"@type":"ImageObject","inLanguage":"pt-BR","@id":"https:\/\/franciscanos.org.br\/noticias\/#\/schema\/person\/image\/","url":"https:\/\/secure.gravatar.com\/avatar\/e8495742d34d0ba6448ea1c628263b3e?s=96&d=mm&r=g","contentUrl":"https:\/\/secure.gravatar.com\/avatar\/e8495742d34d0ba6448ea1c628263b3e?s=96&d=mm&r=g","caption":"admin"},"url":"https:\/\/franciscanos.org.br\/noticias\/author\/admin"}]}},"_links":{"self":[{"href":"https:\/\/franciscanos.org.br\/noticias\/wp-json\/wp\/v2\/posts\/16674"}],"collection":[{"href":"https:\/\/franciscanos.org.br\/noticias\/wp-json\/wp\/v2\/posts"}],"about":[{"href":"https:\/\/franciscanos.org.br\/noticias\/wp-json\/wp\/v2\/types\/post"}],"author":[{"embeddable":true,"href":"https:\/\/franciscanos.org.br\/noticias\/wp-json\/wp\/v2\/users\/1"}],"replies":[{"embeddable":true,"href":"https:\/\/franciscanos.org.br\/noticias\/wp-json\/wp\/v2\/comments?post=16674"}],"version-history":[{"count":0,"href":"https:\/\/franciscanos.org.br\/noticias\/wp-json\/wp\/v2\/posts\/16674\/revisions"}],"wp:featuredmedia":[{"embeddable":true,"href":"https:\/\/franciscanos.org.br\/noticias\/wp-json\/wp\/v2\/media\/210772"}],"wp:attachment":[{"href":"https:\/\/franciscanos.org.br\/noticias\/wp-json\/wp\/v2\/media?parent=16674"}],"wp:term":[{"taxonomy":"category","embeddable":true,"href":"https:\/\/franciscanos.org.br\/noticias\/wp-json\/wp\/v2\/categories?post=16674"},{"taxonomy":"post_tag","embeddable":true,"href":"https:\/\/franciscanos.org.br\/noticias\/wp-json\/wp\/v2\/tags?post=16674"}],"curies":[{"name":"wp","href":"https:\/\/api.w.org\/{rel}","templated":true}]}}