{"id":166625,"date":"2018-07-15T09:54:50","date_gmt":"2018-07-15T12:54:50","guid":{"rendered":"http:\/\/franciscanos.org.br\/?p=166625"},"modified":"2020-08-05T10:20:45","modified_gmt":"2020-08-05T13:20:45","slug":"missionarios-nao-sao-funcionarios-ou-divos-em-turne","status":"publish","type":"post","link":"https:\/\/franciscanos.org.br\/noticias\/missionarios-nao-sao-funcionarios-ou-divos-em-turne.html","title":{"rendered":"&#8220;Mission\u00e1rios n\u00e3o s\u00e3o funcion\u00e1rios ou divos em turn\u00ea&#8221;"},"content":{"rendered":"<div id=\"attachment_227485\" style=\"width: 1010px\" class=\"wp-caption alignnone\"><img aria-describedby=\"caption-attachment-227485\" loading=\"lazy\" class=\"wp-image-227485 size-full\" src=\"https:\/\/franciscanos.org.br\/noticias\/wp-content\/uploads\/2018\/07\/angelus_150718.jpg\" alt=\"\" width=\"1000\" height=\"563\" srcset=\"https:\/\/franciscanos.org.br\/noticias\/wp-content\/uploads\/2018\/07\/angelus_150718.jpg 1000w, https:\/\/franciscanos.org.br\/noticias\/wp-content\/uploads\/2018\/07\/angelus_150718-450x253.jpg 450w, https:\/\/franciscanos.org.br\/noticias\/wp-content\/uploads\/2018\/07\/angelus_150718-768x432.jpg 768w, https:\/\/franciscanos.org.br\/noticias\/wp-content\/uploads\/2018\/07\/angelus_150718-150x84.jpg 150w\" sizes=\"(max-width: 1000px) 100vw, 1000px\" \/><p id=\"caption-attachment-227485\" class=\"wp-caption-text\">\u00a0 \u00a0 \u00a0 \u00a0 \u00a0 \u00a0 \u00a0 \u00a0 \u00a0 \u00a0 \u00a0 \u00a0 \u00a0 \u00a0 \u00a0 \u00a0 \u00a0 \u00a0 \u00a0 \u00a0 \u00a0 \u00a0 \u00a0 \u00a0 \u00a0 \u00a0 \u00a0 \u00a0 \u00a0 \u00a0 \u00a0 \u00a0 \u00a0 \u00a0 \u00a0 \u00a0 \u00a0 \u00a0 \u00a0 \u00a0 \u00a0 \u00a0 \u00a0 \u00a0 \u00a0 \u00a0 \u00a0 \u00a0 \u00a0 \u00a0 \u00a0 \u00a0 \u00a0 \u00a0 \u00a0 \u00a0 \u00a0 \u00a0 \u00a0 \u00a0 \u00a0 \u00a0 \u00a0 \u00a0 \u00a0 \u00a0 \u00a0 \u00a0 \u00a0 \u00a0 \u00a0 \u00a0 \u00a0 \u00a0 \u00a0 \u00a0 \u00a0 \u00a0 \u00a0 \u00a0 \u00a0 \u00a0 \u00a0 \u00a0 \u00a0 \u00a0<em> \u00a0 Imagem: Vatican News<\/em><\/p><\/div>\n<blockquote><p>\u201cO bast\u00e3o e as sand\u00e1lias s\u00e3o a dota\u00e7\u00e3o dos peregrinos, porque assim s\u00e3o os mensageiros do reino de Deus, n\u00e3o gestores onipotentes, n\u00e3o funcion\u00e1rios est\u00e1veis, n\u00e3o divos em turn\u00ea\u201d. A miss\u00e3o tem um centro e a miss\u00e3o tem um rosto: estes s\u00e3o os dois pontos que resumem o &#8220;estilo mission\u00e1rio&#8221; destacado pelo Papa Francisco no Angelus deste domingo.<\/p><\/blockquote>\n<p><strong>Cidade do Vaticano<\/strong> &#8211; Disc\u00edpulos \u201clivres e leves, sem apoios e sem favores\u201d, ancorados unicamente no amor \u201cd\u2019Aquele que os envia\u201d e fortes \u201csomente de sua palavra que ir\u00e3o anunciar\u201d. Este \u00e9 o rosto que deve ter o disc\u00edpulo mission\u00e1rio. Inspirado no Evangelho do dia de S\u00e3o Marcos, que narra o momento em que Jesus envia os doze em Miss\u00e3o, o Papa Francisco refletiu sobre os dois pontos do estilo mission\u00e1rio: a miss\u00e3o tem um centro e a miss\u00e3o tem um rosto.<\/p>\n<p>\u201cO disc\u00edpulo mission\u00e1rio tem antes de tudo &#8211; explicou o Papa &#8211; um seu centro de refer\u00eancia, que \u00e9 a pessoa de Jesus\u201d, como comprova a narrativa pela s\u00e9rie de verbos usados a Ele referidos. Assim, seu modo de agir \u201cparece como que irradiando de um centro, a recorr\u00eancia da presen\u00e7a e da obra de Jesus em sua a\u00e7\u00e3o mission\u00e1ria\u201d: \u201cIsso mostra como os Ap\u00f3stolos n\u00e3o t\u00eam nada de pr\u00f3prio para anunciar, nem pr\u00f3pria capacidade de demonstrar, mas falam e agem como &#8220;enviados&#8221;, como mensageiros de Jesus. \u00c9 precisamente o Batismo que nos torna mission\u00e1rios. Um batizado que n\u00e3o sente a necessidade de anunciar o Evangelho, de anunciar Jesus, n\u00e3o \u00e9 um bom crist\u00e3o\u201d.<\/p>\n<p>Este epis\u00f3dio do Evangelho diz respeito tamb\u00e9m a todos os batizados, chamados a testemunhar nos v\u00e1rios ambientes da vida, o Evangelho de Cristo: \u201cE tamb\u00e9m para n\u00f3s esta miss\u00e3o \u00e9 aut\u00eantica, somente a partir do seu centro imut\u00e1vel que \u00e9 Jesus. N\u00e3o \u00e9 uma iniciativa individual dos fi\u00e9is, nem dos grupos e nem mesmo das grandes agremia\u00e7\u00f5es, mas \u00e9 a miss\u00e3o da Igreja inseparavelmente unida ao seu Senhor. Nenhum crist\u00e3o proclama o Evangelho &#8220;por si mesmo&#8221;, mas somente enviado pela Igreja que recebeu o mandato do pr\u00f3prio Cristo\u201d.<\/p>\n<p><strong>A miss\u00e3o tem um rosto<\/strong><\/p>\n<p>\u201cA segunda caracter\u00edstica do estilo do mission\u00e1rio \u00e9, por assim dizer, um rosto, que consiste na pobreza dos meios\u201d, disse Francisco, ressaltando que \u201cseu equipamento atende a um crit\u00e9rio de sobriedade\u201d. Por isso, de fato, os Doze t\u00eam a ordem de &#8220;n\u00e3o levar nada al\u00e9m de um bord\u00e3o para a jornada: nem p\u00e3o, nem mochila, nem dinheiro no cinto&#8221;: \u201cO Mestre os quer livres e leves, sem apoios e sem favores, seguros somente do amor d\u2019Aquele que os envia, fortes somente de sua palavra que ir\u00e3o anunciar\u201d.<\/p>\n<p>\u201cO bast\u00e3o e as sand\u00e1lias s\u00e3o a dota\u00e7\u00e3o dos peregrinos, porque assim s\u00e3o os mensageiros do reino de Deus, n\u00e3o s\u00e3o gestores onipotentes, n\u00e3o s\u00e3o funcion\u00e1rios est\u00e1veis, n\u00e3o s\u00e3o divos em turn\u00ea\u201d, disse o Papa.<\/p>\n<p>O Pont\u00edfice recordou ent\u00e3o os muitos Santos da Diocese de Roma, da qual \u00e9 bispo, que tinham este rosto, como S\u00e3o Filipe Neri, S\u00e3o Benedito Jos\u00e9 Labre, Santo Al\u00e9ssio, S\u00e3o Gaspar Del Bulfalo e tantos outros. \u201cN\u00e3o eram funcion\u00e1rios ou empreendedores, mas humildes trabalhadores do Reino\u201d.<\/p>\n<p>Mas a evangeliza\u00e7\u00e3o requer tamb\u00e9m a coragem, que somente pode ser encontrada se \u201cestivermos unidos a Ele, morto e ressuscitado\u201d: \u201cE a esse &#8220;rosto&#8221; tamb\u00e9m pertence a maneira pela qual a mensagem \u00e9 acolhida: de fato, pode acontecer que ela n\u00e3o seja acolhida ou escutada. Isso tamb\u00e9m \u00e9 pobreza: a experi\u00eancia do fracasso. A hist\u00f3ria de Jesus, que foi rejeitado e crucificado, prefigura o destino de seu mensageiro\u201d.<\/p>\n<p>\u201cQue a Virgem Maria, primeira disc\u00edpula e mission\u00e1ria da Palavra de Deus, nos ajude a levar ao mundo a mensagem do Evangelho em uma exulta\u00e7\u00e3o humilde e radiante, para al\u00e9m de toda rejei\u00e7\u00e3o, incompreens\u00e3o ou tribula\u00e7\u00e3o&#8221;, pediu.<\/p>\n<p>Ap\u00f3s rezar o Angelus, o Papa Francisco saudou os milhares de fi\u00e9is e turistas presentes na Pra\u00e7a S\u00e3o Pedro, em particular as Irm\u00e3s do Precios\u00edssimo Sangue de Monza, as novi\u00e7as das Filhas de Maria Auxiliadora provenientes de diversos pa\u00edses e os jovens poloneses da diocese de Pelplin (Pol\u00f4nia), que participam de um curso de exerc\u00edcios espirituais em Assis.<\/p>\n<hr \/>\n<p><em>Fonte: Vatican News\u00a0<\/em><\/p>\n","protected":false},"excerpt":{"rendered":"<p>Angelus<\/p>\n","protected":false},"author":1,"featured_media":227486,"comment_status":"open","ping_status":"open","sticky":false,"template":"","format":"standard","meta":[],"categories":[1428],"tags":[403],"acf":[],"yoast_head":"<!-- This site is optimized with the Yoast SEO plugin v19.2 - https:\/\/yoast.com\/wordpress\/plugins\/seo\/ -->\n<title>&quot;Mission\u00e1rios n\u00e3o s\u00e3o funcion\u00e1rios ou divos em turn\u00ea&quot; - Not\u00edcias - Franciscanos<\/title>\n<meta name=\"robots\" content=\"index, follow, max-snippet:-1, max-image-preview:large, max-video-preview:-1\" \/>\n<link rel=\"canonical\" href=\"https:\/\/franciscanos.org.br\/noticias\/missionarios-nao-sao-funcionarios-ou-divos-em-turne.html\" \/>\n<meta property=\"og:locale\" content=\"pt_BR\" \/>\n<meta property=\"og:type\" content=\"article\" \/>\n<meta property=\"og:title\" content=\"&quot;Mission\u00e1rios n\u00e3o s\u00e3o funcion\u00e1rios ou divos em turn\u00ea&quot; - Not\u00edcias - Franciscanos\" \/>\n<meta property=\"og:description\" content=\"Angelus\" \/>\n<meta property=\"og:url\" content=\"https:\/\/franciscanos.org.br\/noticias\/missionarios-nao-sao-funcionarios-ou-divos-em-turne.html\" \/>\n<meta property=\"og:site_name\" content=\"Not\u00edcias - Franciscanos\" \/>\n<meta property=\"article:published_time\" content=\"2018-07-15T12:54:50+00:00\" \/>\n<meta property=\"article:modified_time\" content=\"2020-08-05T13:20:45+00:00\" \/>\n<meta property=\"og:image\" content=\"https:\/\/franciscanos.org.br\/noticias\/wp-content\/uploads\/2018\/07\/angelus_150718d.jpg\" \/>\n\t<meta property=\"og:image:width\" content=\"800\" \/>\n\t<meta property=\"og:image:height\" content=\"601\" \/>\n\t<meta property=\"og:image:type\" content=\"image\/jpeg\" \/>\n<meta name=\"author\" content=\"admin\" \/>\n<meta name=\"twitter:card\" content=\"summary_large_image\" \/>\n<meta name=\"twitter:label1\" content=\"Escrito por\" \/>\n\t<meta name=\"twitter:data1\" content=\"admin\" \/>\n\t<meta name=\"twitter:label2\" content=\"Est. tempo de leitura\" \/>\n\t<meta name=\"twitter:data2\" content=\"4 minutos\" \/>\n<script type=\"application\/ld+json\" class=\"yoast-schema-graph\">{\"@context\":\"https:\/\/schema.org\",\"@graph\":[{\"@type\":\"WebSite\",\"@id\":\"https:\/\/franciscanos.org.br\/noticias\/#website\",\"url\":\"https:\/\/franciscanos.org.br\/noticias\/\",\"name\":\"Not\u00edcias - Franciscanos\",\"description\":\"Prov\u00edncia Franciscana da Imaculada Concei\u00e7\u00e3o do Brasil - Ordem dos Frades Menores - OFM\",\"potentialAction\":[{\"@type\":\"SearchAction\",\"target\":{\"@type\":\"EntryPoint\",\"urlTemplate\":\"https:\/\/franciscanos.org.br\/noticias\/?s={search_term_string}\"},\"query-input\":\"required name=search_term_string\"}],\"inLanguage\":\"pt-BR\"},{\"@type\":\"ImageObject\",\"inLanguage\":\"pt-BR\",\"@id\":\"https:\/\/franciscanos.org.br\/noticias\/missionarios-nao-sao-funcionarios-ou-divos-em-turne.html#primaryimage\",\"url\":\"https:\/\/franciscanos.org.br\/noticias\/wp-content\/uploads\/2018\/07\/angelus_150718d.jpg\",\"contentUrl\":\"https:\/\/franciscanos.org.br\/noticias\/wp-content\/uploads\/2018\/07\/angelus_150718d.jpg\",\"width\":800,\"height\":601},{\"@type\":\"WebPage\",\"@id\":\"https:\/\/franciscanos.org.br\/noticias\/missionarios-nao-sao-funcionarios-ou-divos-em-turne.html#webpage\",\"url\":\"https:\/\/franciscanos.org.br\/noticias\/missionarios-nao-sao-funcionarios-ou-divos-em-turne.html\",\"name\":\"\\\"Mission\u00e1rios n\u00e3o s\u00e3o funcion\u00e1rios ou divos em turn\u00ea\\\" - Not\u00edcias - Franciscanos\",\"isPartOf\":{\"@id\":\"https:\/\/franciscanos.org.br\/noticias\/#website\"},\"primaryImageOfPage\":{\"@id\":\"https:\/\/franciscanos.org.br\/noticias\/missionarios-nao-sao-funcionarios-ou-divos-em-turne.html#primaryimage\"},\"datePublished\":\"2018-07-15T12:54:50+00:00\",\"dateModified\":\"2020-08-05T13:20:45+00:00\",\"author\":{\"@id\":\"https:\/\/franciscanos.org.br\/noticias\/#\/schema\/person\/b38fbf43118f02820bd932f2e4b14ad3\"},\"breadcrumb\":{\"@id\":\"https:\/\/franciscanos.org.br\/noticias\/missionarios-nao-sao-funcionarios-ou-divos-em-turne.html#breadcrumb\"},\"inLanguage\":\"pt-BR\",\"potentialAction\":[{\"@type\":\"ReadAction\",\"target\":[\"https:\/\/franciscanos.org.br\/noticias\/missionarios-nao-sao-funcionarios-ou-divos-em-turne.html\"]}]},{\"@type\":\"BreadcrumbList\",\"@id\":\"https:\/\/franciscanos.org.br\/noticias\/missionarios-nao-sao-funcionarios-ou-divos-em-turne.html#breadcrumb\",\"itemListElement\":[{\"@type\":\"ListItem\",\"position\":1,\"name\":\"Home\",\"item\":\"https:\/\/franciscanos.org.br\/noticias\"},{\"@type\":\"ListItem\",\"position\":2,\"name\":\"&#8220;Mission\u00e1rios n\u00e3o s\u00e3o funcion\u00e1rios ou divos em turn\u00ea&#8221;\"}]},{\"@type\":\"Person\",\"@id\":\"https:\/\/franciscanos.org.br\/noticias\/#\/schema\/person\/b38fbf43118f02820bd932f2e4b14ad3\",\"name\":\"admin\",\"image\":{\"@type\":\"ImageObject\",\"inLanguage\":\"pt-BR\",\"@id\":\"https:\/\/franciscanos.org.br\/noticias\/#\/schema\/person\/image\/\",\"url\":\"https:\/\/secure.gravatar.com\/avatar\/e8495742d34d0ba6448ea1c628263b3e?s=96&d=mm&r=g\",\"contentUrl\":\"https:\/\/secure.gravatar.com\/avatar\/e8495742d34d0ba6448ea1c628263b3e?s=96&d=mm&r=g\",\"caption\":\"admin\"},\"url\":\"https:\/\/franciscanos.org.br\/noticias\/author\/admin\"}]}<\/script>\n<!-- \/ Yoast SEO plugin. -->","yoast_head_json":{"title":"\"Mission\u00e1rios n\u00e3o s\u00e3o funcion\u00e1rios ou divos em turn\u00ea\" - Not\u00edcias - Franciscanos","robots":{"index":"index","follow":"follow","max-snippet":"max-snippet:-1","max-image-preview":"max-image-preview:large","max-video-preview":"max-video-preview:-1"},"canonical":"https:\/\/franciscanos.org.br\/noticias\/missionarios-nao-sao-funcionarios-ou-divos-em-turne.html","og_locale":"pt_BR","og_type":"article","og_title":"\"Mission\u00e1rios n\u00e3o s\u00e3o funcion\u00e1rios ou divos em turn\u00ea\" - Not\u00edcias - Franciscanos","og_description":"Angelus","og_url":"https:\/\/franciscanos.org.br\/noticias\/missionarios-nao-sao-funcionarios-ou-divos-em-turne.html","og_site_name":"Not\u00edcias - Franciscanos","article_published_time":"2018-07-15T12:54:50+00:00","article_modified_time":"2020-08-05T13:20:45+00:00","og_image":[{"width":800,"height":601,"url":"https:\/\/franciscanos.org.br\/noticias\/wp-content\/uploads\/2018\/07\/angelus_150718d.jpg","type":"image\/jpeg"}],"author":"admin","twitter_card":"summary_large_image","twitter_misc":{"Escrito por":"admin","Est. tempo de leitura":"4 minutos"},"schema":{"@context":"https:\/\/schema.org","@graph":[{"@type":"WebSite","@id":"https:\/\/franciscanos.org.br\/noticias\/#website","url":"https:\/\/franciscanos.org.br\/noticias\/","name":"Not\u00edcias - Franciscanos","description":"Prov\u00edncia Franciscana da Imaculada Concei\u00e7\u00e3o do Brasil - Ordem dos Frades Menores - OFM","potentialAction":[{"@type":"SearchAction","target":{"@type":"EntryPoint","urlTemplate":"https:\/\/franciscanos.org.br\/noticias\/?s={search_term_string}"},"query-input":"required name=search_term_string"}],"inLanguage":"pt-BR"},{"@type":"ImageObject","inLanguage":"pt-BR","@id":"https:\/\/franciscanos.org.br\/noticias\/missionarios-nao-sao-funcionarios-ou-divos-em-turne.html#primaryimage","url":"https:\/\/franciscanos.org.br\/noticias\/wp-content\/uploads\/2018\/07\/angelus_150718d.jpg","contentUrl":"https:\/\/franciscanos.org.br\/noticias\/wp-content\/uploads\/2018\/07\/angelus_150718d.jpg","width":800,"height":601},{"@type":"WebPage","@id":"https:\/\/franciscanos.org.br\/noticias\/missionarios-nao-sao-funcionarios-ou-divos-em-turne.html#webpage","url":"https:\/\/franciscanos.org.br\/noticias\/missionarios-nao-sao-funcionarios-ou-divos-em-turne.html","name":"\"Mission\u00e1rios n\u00e3o s\u00e3o funcion\u00e1rios ou divos em turn\u00ea\" - Not\u00edcias - Franciscanos","isPartOf":{"@id":"https:\/\/franciscanos.org.br\/noticias\/#website"},"primaryImageOfPage":{"@id":"https:\/\/franciscanos.org.br\/noticias\/missionarios-nao-sao-funcionarios-ou-divos-em-turne.html#primaryimage"},"datePublished":"2018-07-15T12:54:50+00:00","dateModified":"2020-08-05T13:20:45+00:00","author":{"@id":"https:\/\/franciscanos.org.br\/noticias\/#\/schema\/person\/b38fbf43118f02820bd932f2e4b14ad3"},"breadcrumb":{"@id":"https:\/\/franciscanos.org.br\/noticias\/missionarios-nao-sao-funcionarios-ou-divos-em-turne.html#breadcrumb"},"inLanguage":"pt-BR","potentialAction":[{"@type":"ReadAction","target":["https:\/\/franciscanos.org.br\/noticias\/missionarios-nao-sao-funcionarios-ou-divos-em-turne.html"]}]},{"@type":"BreadcrumbList","@id":"https:\/\/franciscanos.org.br\/noticias\/missionarios-nao-sao-funcionarios-ou-divos-em-turne.html#breadcrumb","itemListElement":[{"@type":"ListItem","position":1,"name":"Home","item":"https:\/\/franciscanos.org.br\/noticias"},{"@type":"ListItem","position":2,"name":"&#8220;Mission\u00e1rios n\u00e3o s\u00e3o funcion\u00e1rios ou divos em turn\u00ea&#8221;"}]},{"@type":"Person","@id":"https:\/\/franciscanos.org.br\/noticias\/#\/schema\/person\/b38fbf43118f02820bd932f2e4b14ad3","name":"admin","image":{"@type":"ImageObject","inLanguage":"pt-BR","@id":"https:\/\/franciscanos.org.br\/noticias\/#\/schema\/person\/image\/","url":"https:\/\/secure.gravatar.com\/avatar\/e8495742d34d0ba6448ea1c628263b3e?s=96&d=mm&r=g","contentUrl":"https:\/\/secure.gravatar.com\/avatar\/e8495742d34d0ba6448ea1c628263b3e?s=96&d=mm&r=g","caption":"admin"},"url":"https:\/\/franciscanos.org.br\/noticias\/author\/admin"}]}},"_links":{"self":[{"href":"https:\/\/franciscanos.org.br\/noticias\/wp-json\/wp\/v2\/posts\/166625"}],"collection":[{"href":"https:\/\/franciscanos.org.br\/noticias\/wp-json\/wp\/v2\/posts"}],"about":[{"href":"https:\/\/franciscanos.org.br\/noticias\/wp-json\/wp\/v2\/types\/post"}],"author":[{"embeddable":true,"href":"https:\/\/franciscanos.org.br\/noticias\/wp-json\/wp\/v2\/users\/1"}],"replies":[{"embeddable":true,"href":"https:\/\/franciscanos.org.br\/noticias\/wp-json\/wp\/v2\/comments?post=166625"}],"version-history":[{"count":5,"href":"https:\/\/franciscanos.org.br\/noticias\/wp-json\/wp\/v2\/posts\/166625\/revisions"}],"predecessor-version":[{"id":227488,"href":"https:\/\/franciscanos.org.br\/noticias\/wp-json\/wp\/v2\/posts\/166625\/revisions\/227488"}],"wp:featuredmedia":[{"embeddable":true,"href":"https:\/\/franciscanos.org.br\/noticias\/wp-json\/wp\/v2\/media\/227486"}],"wp:attachment":[{"href":"https:\/\/franciscanos.org.br\/noticias\/wp-json\/wp\/v2\/media?parent=166625"}],"wp:term":[{"taxonomy":"category","embeddable":true,"href":"https:\/\/franciscanos.org.br\/noticias\/wp-json\/wp\/v2\/categories?post=166625"},{"taxonomy":"post_tag","embeddable":true,"href":"https:\/\/franciscanos.org.br\/noticias\/wp-json\/wp\/v2\/tags?post=166625"}],"curies":[{"name":"wp","href":"https:\/\/api.w.org\/{rel}","templated":true}]}}