{"id":166478,"date":"2018-07-12T10:24:35","date_gmt":"2018-07-12T13:24:35","guid":{"rendered":"http:\/\/franciscanos.org.br\/?p=166478"},"modified":"2019-01-02T14:12:26","modified_gmt":"2019-01-02T16:12:26","slug":"tres-lancamentos-de-frades-franciscanos","status":"publish","type":"post","link":"https:\/\/franciscanos.org.br\/noticias\/tres-lancamentos-de-frades-franciscanos.html","title":{"rendered":"Tr\u00eas lan\u00e7amentos imperd\u00edveis de frades franciscanos"},"content":{"rendered":"<h3><img loading=\"lazy\" class=\"alignright size-full wp-image-193520\" src=\"https:\/\/franciscanos.org.br\/noticias\/wp-content\/uploads\/2018\/07\/livro_120718_4.jpg\" alt=\"\" width=\"400\" height=\"625\" srcset=\"https:\/\/franciscanos.org.br\/noticias\/wp-content\/uploads\/2018\/07\/livro_120718_4.jpg 400w, https:\/\/franciscanos.org.br\/noticias\/wp-content\/uploads\/2018\/07\/livro_120718_4-288x450.jpg 288w, https:\/\/franciscanos.org.br\/noticias\/wp-content\/uploads\/2018\/07\/livro_120718_4-150x234.jpg 150w\" sizes=\"(max-width: 400px) 100vw, 400px\" \/>Ora\u00e7\u00f5es do crist\u00e3o cat\u00f3lico<\/h3>\n<p><strong>Frei Edrian Josu\u00e9 Pasini<\/strong><\/p>\n<p>Rezar faz parte, ou deveria fazer parte do dia a dia de cada pessoa crist\u00e3. A f\u00e9 se alimenta da ora\u00e7\u00e3o, seja mediante livros \u2013 na formalidade \u2013, ou na inspira\u00e7\u00e3o e intimidade que dela se desencadeiam. Ao rezar, demonstramos nossa f\u00e9, alimentamos e animamos nosso ser, dialogamos com Deus, que caminha conosco, junto com seus anjos e santos.<\/p>\n<p>Todas as ora\u00e7\u00f5es s\u00e3o v\u00e1lidas, desde que impulsionadas pela dedica\u00e7\u00e3o em manter a liga\u00e7\u00e3o com Deus. Ele, que do Alto tudo observa, tamb\u00e9m est\u00e1 presente no cora\u00e7\u00e3o que se abre \u00e0 sua gra\u00e7a.<\/p>\n<p>Este livro de ora\u00e7\u00f5es pode fazer surgir o sadio h\u00e1bito de criar intimidade com o Senhor dos nossos cora\u00e7\u00f5es. Neste pequeno livro de di\u00e1ria e constante companhia para adultos, jovens e crian\u00e7as, s\u00e3o oferecidas as ora\u00e7\u00f5es que est\u00e3o na mem\u00f3ria afetiva dos crist\u00e3os cat\u00f3licos.<\/p>\n<p>Da ora\u00e7\u00e3o nascem a inspira\u00e7\u00e3o e a for\u00e7a para nos manter animados, equilibrados e \u00edntegros em nossa vida.<\/p>\n<p>Frei Edrian Josu\u00e9 Pasini \u00e9 frade franciscano, natural de \u00c1gua Doce, SC. Editor de produtos sazonais da Editora Vozes, desde 1994 coordena o departamento que tem como principais obras a Folhinha do Sagrado Cora\u00e7\u00e3o de Jesus, o Almanaque Santo Ant\u00f4nio, o Encontro di\u00e1rio com Deus e o Medita\u00e7\u00f5es para o dia a dia. J\u00e1 publicou pela Vozes Orando com alegria e Mesa e sobremesa \u2013 ambos fora de cat\u00e1logo \u2013, e Dia a dia com Deus.<\/p>\n<blockquote><p><strong>Ficha T\u00e9cnica:<\/strong><br \/>\n<strong>Editora Vozes &#8211; 80 paginas &#8211; R$ 7,90<\/strong><\/p><\/blockquote>\n<hr \/>\n<p>&nbsp;<\/p>\n<h3><img loading=\"lazy\" class=\"alignleft size-full wp-image-193521\" src=\"https:\/\/franciscanos.org.br\/noticias\/wp-content\/uploads\/2018\/07\/livro_120718_2.jpg\" alt=\"\" width=\"400\" height=\"605\" srcset=\"https:\/\/franciscanos.org.br\/noticias\/wp-content\/uploads\/2018\/07\/livro_120718_2.jpg 400w, https:\/\/franciscanos.org.br\/noticias\/wp-content\/uploads\/2018\/07\/livro_120718_2-298x450.jpg 298w, https:\/\/franciscanos.org.br\/noticias\/wp-content\/uploads\/2018\/07\/livro_120718_2-150x227.jpg 150w\" sizes=\"(max-width: 400px) 100vw, 400px\" \/>O jeito franciscano de celebrar &#8211;\u00a0Guia da celebra\u00e7\u00e3o lit\u00fargica franciscana<\/h3>\n<p><strong>Frei Alberto Beckh\u00e4user<\/strong><\/p>\n<p>No ano de 2010, o governo Geral da Ordem dos Frades Menores instituiu uma comiss\u00e3o para proceder a uma revis\u00e3o e atualiza\u00e7\u00e3o do calend\u00e1rio lit\u00fargico da Ordem, particularmente referente ao Missal e \u00e0 Liturgia das Horas. Pediu ainda a elabora\u00e7\u00e3o de um Ritual Ser\u00e1fico, adaptando o Ritual Romano em celebra\u00e7\u00f5es pr\u00f3prias e t\u00edpicas da Ordem, como jubileus, ex\u00e9quias e outras.<\/p>\n<p>Esta comiss\u00e3o iniciou os trabalhos em fins de novembro de 2010. Ela achou por bem, juntamente com os livros lit\u00fargicos da Ordem, preparar um guia da celebra\u00e7\u00e3o lit\u00fargica franciscana, trabalho que foi confiado ao Frei Alberto Beckh\u00e4user, OFM, como um servi\u00e7o a toda a Ordem.<\/p>\n<p>O guia foi elaborado em quatro partes: I. Alguns conceitos b\u00e1sicos; II. O modo de celebrar de Francisco; III. O modo de celebrar do franciscano e IV. Liturgia celebrada e Liturgia vivida.<\/p>\n<p>O jeito franciscano de celebrar quer expressar a \u00edndole da celebra\u00e7\u00e3o franciscana. O subt\u00edtulo explicita os diversos aspectos da abordagem do tema, como foi proposto na comiss\u00e3o lit\u00fargica da Ordem: Guia da celebra\u00e7\u00e3o lit\u00fargica franciscana.<\/p>\n<p>Frei Alberto Beckh\u00e4user, OFM, nasceu em Forquilhinha, SC. Tinha doutorado em Liturgia pelo Pontif\u00edcio Instituto Lit\u00fargico de Santo Anselmo, em Roma. Desde 1967, acompanhou de perto a grande caminhada p\u00f3s-conciliar da renova\u00e7\u00e3o lit\u00fargica no Brasil. Durante seis anos foi Assessor de Liturgia da CNBB e durante quase 20 anos foi Coordenador de Tradu\u00e7\u00f5es e Edi\u00e7\u00e3o de Textos Lit\u00fargicos por parte da CNBB. Teve grande participa\u00e7\u00e3o em Congressos internacionais sobre o tema da adapta\u00e7\u00e3o e incultura\u00e7\u00e3o da Liturgia, dando especial aten\u00e7\u00e3o \u00e0 Religiosidade\/piedade popular. Seus numerosos livros e centenas de artigos levam os leitores a uma compreens\u00e3o teol\u00f3gica da Liturgia e \u00e0 participa\u00e7\u00e3o dos mist\u00e9rios celebrados. Foi professor no Instituto Teol\u00f3gico Franciscano, em Petr\u00f3polis, e deu in\u00fameros cursos e confer\u00eancias sobre a Sagrada Liturgia ao clero sobre quest\u00f5es de Liturgia. Ele faleceu em 28 de mar\u00e7o de 2017.<\/p>\n<blockquote><p><strong>Ficha t\u00e9cnica:<\/strong><br \/>\n<strong>Editora Vozes &#8211; 128 p\u00e1ginas &#8211; R$ 25,00<\/strong><\/p><\/blockquote>\n<hr \/>\n<p>&nbsp;<\/p>\n<h3><img loading=\"lazy\" class=\"alignright size-full wp-image-193522\" src=\"https:\/\/franciscanos.org.br\/noticias\/wp-content\/uploads\/2018\/07\/livro_120718_3.jpg\" alt=\"\" width=\"400\" height=\"592\" srcset=\"https:\/\/franciscanos.org.br\/noticias\/wp-content\/uploads\/2018\/07\/livro_120718_3.jpg 400w, https:\/\/franciscanos.org.br\/noticias\/wp-content\/uploads\/2018\/07\/livro_120718_3-304x450.jpg 304w, https:\/\/franciscanos.org.br\/noticias\/wp-content\/uploads\/2018\/07\/livro_120718_3-150x222.jpg 150w\" sizes=\"(max-width: 400px) 100vw, 400px\" \/>O tempo e a eternidade &#8211; A escatologia da cria\u00e7\u00e3o<\/h3>\n<p><strong>Luiz Carlos Susin<\/strong><\/p>\n<p>Repensar o tempo e a eternidade, a terra e os c\u00e9us, a destina\u00e7\u00e3o do universo e especialmente do ser humano, esta \u00e9 tarefa sempre inacabada, mas irrenunci\u00e1vel. Por isso h\u00e1 grandes e antigas tradi\u00e7\u00f5es que se renovam em busca de caminhos sempre \u00e1rduos para o pensamento. O cristianismo desenvolveu uma doutrina a respeito da destina\u00e7\u00e3o de toda a cria\u00e7\u00e3o, do ser humano inclusive, que denominamos escatologia. Ela est\u00e1 centrada em Cristo, tem marcas trinit\u00e1rias, est\u00e1 sob o signo da rela\u00e7\u00e3o de comunh\u00e3o. No horizonte escatol\u00f3gico se levanta o Sol de Cristo ressuscitado, promessa de P\u00e1scoa para toda criatura.<br \/>\n\u00c9 este o assunto deste livro, que pode soar como pretens\u00e3o exagerada e imposs\u00edvel \u00e0 raz\u00e3o humana. Mas quando a raz\u00e3o se alimenta de confian\u00e7a e de esperan\u00e7a, n\u00e3o \u00e9 v\u00e3 a experi\u00eancia e o apoio na tradi\u00e7\u00e3o que a aclara, corrige e confirma. A rela\u00e7\u00e3o entre tradi\u00e7\u00e3o e experi\u00eancia se torna m\u00e9todo e caminho de vida sob o horizonte escatol\u00f3gico de Cristo e seu reinado luminoso de paz \u00e0 sede de eternidade e felicidade.<br \/>\nA obra \u00e9 resultado de trinta anos de pesquisa e ensinamento na \u00e1rea de antropologia teol\u00f3gica, especialmente em escatologia e destina\u00e7\u00e3o da cria\u00e7\u00e3o. O contexto ecol\u00f3gico e cient\u00edfico de nosso tempo imp\u00f5e novas perguntas e oferece novos recursos, mas as grandes quest\u00f5es que atravessam os tempos e os contextos s\u00e3o aqui tratadas buscando na grande tradi\u00e7\u00e3o b\u00edblica e crist\u00e3 chaves de compreens\u00e3o, de esperan\u00e7a e de confian\u00e7a. A rela\u00e7\u00e3o dual \u2013 entre tempo e eternidade, terra e c\u00e9us, humano e divino, morte e vida \u2013 est\u00e1 posta sob a luz de um terceiro: Cristo.<\/p>\n<p>Frei Luiz Carlos Susin \u00e9 frade capuchinho, doutor em teologia pela Universidade Gregoriana de Roma, professor na Pontif\u00edcia Universidade Cat\u00f3lica do Rio Grande do Sul e da Escola Superior de Teologia e Espiritualidade Franciscana. Membro fundador e ex-presidente da Associa\u00e7\u00e3o de Teologia e Ci\u00eancias da Religi\u00e3o do Brasil. Foi membro da equipe de reda\u00e7\u00e3o da revista internacional de teologia Concilium de 2001 a 2015. Pesquisador na \u00e1rea de antropologia teol\u00f3gica.<\/p>\n<blockquote><p><strong>Ficha t\u00e9cnica:<\/strong><br \/>\n<strong>Editora Vozes &#8211; 280 p\u00e1ginas &#8211; R$ 55,00<\/strong><\/p><\/blockquote>\n","protected":false},"excerpt":{"rendered":"<p>Editora Vozes<\/p>\n","protected":false},"author":1,"featured_media":193523,"comment_status":"open","ping_status":"open","sticky":false,"template":"","format":"standard","meta":[],"categories":[1],"tags":[238],"acf":[],"yoast_head":"<!-- This site is optimized with the Yoast SEO plugin v19.2 - https:\/\/yoast.com\/wordpress\/plugins\/seo\/ -->\n<title>Tr\u00eas lan\u00e7amentos imperd\u00edveis de frades franciscanos - Not\u00edcias - Franciscanos<\/title>\n<meta name=\"robots\" content=\"index, follow, max-snippet:-1, max-image-preview:large, max-video-preview:-1\" \/>\n<link rel=\"canonical\" href=\"https:\/\/franciscanos.org.br\/noticias\/tres-lancamentos-de-frades-franciscanos.html\" \/>\n<meta property=\"og:locale\" content=\"pt_BR\" \/>\n<meta property=\"og:type\" content=\"article\" \/>\n<meta property=\"og:title\" content=\"Tr\u00eas lan\u00e7amentos imperd\u00edveis de frades franciscanos - Not\u00edcias - Franciscanos\" \/>\n<meta property=\"og:description\" content=\"Editora Vozes\" \/>\n<meta property=\"og:url\" content=\"https:\/\/franciscanos.org.br\/noticias\/tres-lancamentos-de-frades-franciscanos.html\" \/>\n<meta property=\"og:site_name\" content=\"Not\u00edcias - Franciscanos\" \/>\n<meta property=\"article:published_time\" content=\"2018-07-12T13:24:35+00:00\" \/>\n<meta property=\"article:modified_time\" content=\"2019-01-02T16:12:26+00:00\" \/>\n<meta property=\"og:image\" content=\"https:\/\/franciscanos.org.br\/noticias\/wp-content\/uploads\/2018\/07\/livro_120718_d.jpg\" \/>\n\t<meta property=\"og:image:width\" content=\"273\" \/>\n\t<meta property=\"og:image:height\" content=\"181\" \/>\n\t<meta property=\"og:image:type\" content=\"image\/jpeg\" \/>\n<meta name=\"author\" content=\"admin\" \/>\n<meta name=\"twitter:card\" content=\"summary_large_image\" \/>\n<meta name=\"twitter:label1\" content=\"Escrito por\" \/>\n\t<meta name=\"twitter:data1\" content=\"admin\" \/>\n\t<meta name=\"twitter:label2\" content=\"Est. tempo de leitura\" \/>\n\t<meta name=\"twitter:data2\" content=\"5 minutos\" \/>\n<script type=\"application\/ld+json\" class=\"yoast-schema-graph\">{\"@context\":\"https:\/\/schema.org\",\"@graph\":[{\"@type\":\"WebSite\",\"@id\":\"https:\/\/franciscanos.org.br\/noticias\/#website\",\"url\":\"https:\/\/franciscanos.org.br\/noticias\/\",\"name\":\"Not\u00edcias - Franciscanos\",\"description\":\"Prov\u00edncia Franciscana da Imaculada Concei\u00e7\u00e3o do Brasil - Ordem dos Frades Menores - OFM\",\"potentialAction\":[{\"@type\":\"SearchAction\",\"target\":{\"@type\":\"EntryPoint\",\"urlTemplate\":\"https:\/\/franciscanos.org.br\/noticias\/?s={search_term_string}\"},\"query-input\":\"required name=search_term_string\"}],\"inLanguage\":\"pt-BR\"},{\"@type\":\"ImageObject\",\"inLanguage\":\"pt-BR\",\"@id\":\"https:\/\/franciscanos.org.br\/noticias\/tres-lancamentos-de-frades-franciscanos.html#primaryimage\",\"url\":\"https:\/\/franciscanos.org.br\/noticias\/wp-content\/uploads\/2018\/07\/livro_120718_d.jpg\",\"contentUrl\":\"https:\/\/franciscanos.org.br\/noticias\/wp-content\/uploads\/2018\/07\/livro_120718_d.jpg\",\"width\":273,\"height\":181},{\"@type\":\"WebPage\",\"@id\":\"https:\/\/franciscanos.org.br\/noticias\/tres-lancamentos-de-frades-franciscanos.html#webpage\",\"url\":\"https:\/\/franciscanos.org.br\/noticias\/tres-lancamentos-de-frades-franciscanos.html\",\"name\":\"Tr\u00eas lan\u00e7amentos imperd\u00edveis de frades franciscanos - Not\u00edcias - Franciscanos\",\"isPartOf\":{\"@id\":\"https:\/\/franciscanos.org.br\/noticias\/#website\"},\"primaryImageOfPage\":{\"@id\":\"https:\/\/franciscanos.org.br\/noticias\/tres-lancamentos-de-frades-franciscanos.html#primaryimage\"},\"datePublished\":\"2018-07-12T13:24:35+00:00\",\"dateModified\":\"2019-01-02T16:12:26+00:00\",\"author\":{\"@id\":\"https:\/\/franciscanos.org.br\/noticias\/#\/schema\/person\/b38fbf43118f02820bd932f2e4b14ad3\"},\"breadcrumb\":{\"@id\":\"https:\/\/franciscanos.org.br\/noticias\/tres-lancamentos-de-frades-franciscanos.html#breadcrumb\"},\"inLanguage\":\"pt-BR\",\"potentialAction\":[{\"@type\":\"ReadAction\",\"target\":[\"https:\/\/franciscanos.org.br\/noticias\/tres-lancamentos-de-frades-franciscanos.html\"]}]},{\"@type\":\"BreadcrumbList\",\"@id\":\"https:\/\/franciscanos.org.br\/noticias\/tres-lancamentos-de-frades-franciscanos.html#breadcrumb\",\"itemListElement\":[{\"@type\":\"ListItem\",\"position\":1,\"name\":\"Home\",\"item\":\"https:\/\/franciscanos.org.br\/noticias\"},{\"@type\":\"ListItem\",\"position\":2,\"name\":\"Tr\u00eas lan\u00e7amentos imperd\u00edveis de frades franciscanos\"}]},{\"@type\":\"Person\",\"@id\":\"https:\/\/franciscanos.org.br\/noticias\/#\/schema\/person\/b38fbf43118f02820bd932f2e4b14ad3\",\"name\":\"admin\",\"image\":{\"@type\":\"ImageObject\",\"inLanguage\":\"pt-BR\",\"@id\":\"https:\/\/franciscanos.org.br\/noticias\/#\/schema\/person\/image\/\",\"url\":\"https:\/\/secure.gravatar.com\/avatar\/e8495742d34d0ba6448ea1c628263b3e?s=96&d=mm&r=g\",\"contentUrl\":\"https:\/\/secure.gravatar.com\/avatar\/e8495742d34d0ba6448ea1c628263b3e?s=96&d=mm&r=g\",\"caption\":\"admin\"},\"url\":\"https:\/\/franciscanos.org.br\/noticias\/author\/admin\"}]}<\/script>\n<!-- \/ Yoast SEO plugin. -->","yoast_head_json":{"title":"Tr\u00eas lan\u00e7amentos imperd\u00edveis de frades franciscanos - Not\u00edcias - Franciscanos","robots":{"index":"index","follow":"follow","max-snippet":"max-snippet:-1","max-image-preview":"max-image-preview:large","max-video-preview":"max-video-preview:-1"},"canonical":"https:\/\/franciscanos.org.br\/noticias\/tres-lancamentos-de-frades-franciscanos.html","og_locale":"pt_BR","og_type":"article","og_title":"Tr\u00eas lan\u00e7amentos imperd\u00edveis de frades franciscanos - Not\u00edcias - Franciscanos","og_description":"Editora Vozes","og_url":"https:\/\/franciscanos.org.br\/noticias\/tres-lancamentos-de-frades-franciscanos.html","og_site_name":"Not\u00edcias - Franciscanos","article_published_time":"2018-07-12T13:24:35+00:00","article_modified_time":"2019-01-02T16:12:26+00:00","og_image":[{"width":273,"height":181,"url":"https:\/\/franciscanos.org.br\/noticias\/wp-content\/uploads\/2018\/07\/livro_120718_d.jpg","type":"image\/jpeg"}],"author":"admin","twitter_card":"summary_large_image","twitter_misc":{"Escrito por":"admin","Est. tempo de leitura":"5 minutos"},"schema":{"@context":"https:\/\/schema.org","@graph":[{"@type":"WebSite","@id":"https:\/\/franciscanos.org.br\/noticias\/#website","url":"https:\/\/franciscanos.org.br\/noticias\/","name":"Not\u00edcias - Franciscanos","description":"Prov\u00edncia Franciscana da Imaculada Concei\u00e7\u00e3o do Brasil - Ordem dos Frades Menores - OFM","potentialAction":[{"@type":"SearchAction","target":{"@type":"EntryPoint","urlTemplate":"https:\/\/franciscanos.org.br\/noticias\/?s={search_term_string}"},"query-input":"required name=search_term_string"}],"inLanguage":"pt-BR"},{"@type":"ImageObject","inLanguage":"pt-BR","@id":"https:\/\/franciscanos.org.br\/noticias\/tres-lancamentos-de-frades-franciscanos.html#primaryimage","url":"https:\/\/franciscanos.org.br\/noticias\/wp-content\/uploads\/2018\/07\/livro_120718_d.jpg","contentUrl":"https:\/\/franciscanos.org.br\/noticias\/wp-content\/uploads\/2018\/07\/livro_120718_d.jpg","width":273,"height":181},{"@type":"WebPage","@id":"https:\/\/franciscanos.org.br\/noticias\/tres-lancamentos-de-frades-franciscanos.html#webpage","url":"https:\/\/franciscanos.org.br\/noticias\/tres-lancamentos-de-frades-franciscanos.html","name":"Tr\u00eas lan\u00e7amentos imperd\u00edveis de frades franciscanos - Not\u00edcias - Franciscanos","isPartOf":{"@id":"https:\/\/franciscanos.org.br\/noticias\/#website"},"primaryImageOfPage":{"@id":"https:\/\/franciscanos.org.br\/noticias\/tres-lancamentos-de-frades-franciscanos.html#primaryimage"},"datePublished":"2018-07-12T13:24:35+00:00","dateModified":"2019-01-02T16:12:26+00:00","author":{"@id":"https:\/\/franciscanos.org.br\/noticias\/#\/schema\/person\/b38fbf43118f02820bd932f2e4b14ad3"},"breadcrumb":{"@id":"https:\/\/franciscanos.org.br\/noticias\/tres-lancamentos-de-frades-franciscanos.html#breadcrumb"},"inLanguage":"pt-BR","potentialAction":[{"@type":"ReadAction","target":["https:\/\/franciscanos.org.br\/noticias\/tres-lancamentos-de-frades-franciscanos.html"]}]},{"@type":"BreadcrumbList","@id":"https:\/\/franciscanos.org.br\/noticias\/tres-lancamentos-de-frades-franciscanos.html#breadcrumb","itemListElement":[{"@type":"ListItem","position":1,"name":"Home","item":"https:\/\/franciscanos.org.br\/noticias"},{"@type":"ListItem","position":2,"name":"Tr\u00eas lan\u00e7amentos imperd\u00edveis de frades franciscanos"}]},{"@type":"Person","@id":"https:\/\/franciscanos.org.br\/noticias\/#\/schema\/person\/b38fbf43118f02820bd932f2e4b14ad3","name":"admin","image":{"@type":"ImageObject","inLanguage":"pt-BR","@id":"https:\/\/franciscanos.org.br\/noticias\/#\/schema\/person\/image\/","url":"https:\/\/secure.gravatar.com\/avatar\/e8495742d34d0ba6448ea1c628263b3e?s=96&d=mm&r=g","contentUrl":"https:\/\/secure.gravatar.com\/avatar\/e8495742d34d0ba6448ea1c628263b3e?s=96&d=mm&r=g","caption":"admin"},"url":"https:\/\/franciscanos.org.br\/noticias\/author\/admin"}]}},"_links":{"self":[{"href":"https:\/\/franciscanos.org.br\/noticias\/wp-json\/wp\/v2\/posts\/166478"}],"collection":[{"href":"https:\/\/franciscanos.org.br\/noticias\/wp-json\/wp\/v2\/posts"}],"about":[{"href":"https:\/\/franciscanos.org.br\/noticias\/wp-json\/wp\/v2\/types\/post"}],"author":[{"embeddable":true,"href":"https:\/\/franciscanos.org.br\/noticias\/wp-json\/wp\/v2\/users\/1"}],"replies":[{"embeddable":true,"href":"https:\/\/franciscanos.org.br\/noticias\/wp-json\/wp\/v2\/comments?post=166478"}],"version-history":[{"count":0,"href":"https:\/\/franciscanos.org.br\/noticias\/wp-json\/wp\/v2\/posts\/166478\/revisions"}],"wp:featuredmedia":[{"embeddable":true,"href":"https:\/\/franciscanos.org.br\/noticias\/wp-json\/wp\/v2\/media\/193523"}],"wp:attachment":[{"href":"https:\/\/franciscanos.org.br\/noticias\/wp-json\/wp\/v2\/media?parent=166478"}],"wp:term":[{"taxonomy":"category","embeddable":true,"href":"https:\/\/franciscanos.org.br\/noticias\/wp-json\/wp\/v2\/categories?post=166478"},{"taxonomy":"post_tag","embeddable":true,"href":"https:\/\/franciscanos.org.br\/noticias\/wp-json\/wp\/v2\/tags?post=166478"}],"curies":[{"name":"wp","href":"https:\/\/api.w.org\/{rel}","templated":true}]}}