{"id":16628,"date":"2012-04-25T07:41:07","date_gmt":"2012-04-25T10:41:07","guid":{"rendered":"http:\/\/new.franciscanos.org.br\/?p=16628"},"modified":"2021-07-05T20:05:54","modified_gmt":"2021-07-05T23:05:54","slug":"novas-cantoras-no-coral-das-meninas-dos-canarinhos","status":"publish","type":"post","link":"https:\/\/franciscanos.org.br\/noticias\/novas-cantoras-no-coral-das-meninas-dos-canarinhos.html","title":{"rendered":"Novas cantoras no Coral das Meninas"},"content":{"rendered":"<p><a href=\"http:\/\/franciscanos.org.br\/wp-content\/uploads\/2012\/04\/2114_250412.jpg\"><img loading=\"lazy\" class=\"alignleft size-full wp-image-16629\" title=\"2114_250412\" src=\"http:\/\/franciscanos.org.br\/wp-content\/uploads\/2012\/04\/2114_250412.jpg\" alt=\"\" width=\"300\" height=\"203\" \/><\/a>Quinze novas cantoras foram recebidas no Coral das Meninas dos Canarinhos de Petr\u00f3polis, sob a reg\u00eancia do maestro Marcelo Vizani. A cerim\u00f4nia aconteceu no \u00faltimo domingo, dia 22 de abril, durante a missa das 10 h, na Igreja do Sagrado Cora\u00e7\u00e3o de Jesus<\/p>\n<p>Todos os anos esta \u00e9 uma cerim\u00f4nia de grande emo\u00e7\u00e3o para as meninas e seus familiares, um rito de passagem que na vida delas se torna marcante. Depois da homilia, cada novata foi conduzida ao grupo por uma madrinha, coralista mais antiga escolhida para entregar a pasta com as m\u00fasicas e dar orienta\u00e7\u00e3o durante a sua jornada.<\/p>\n<p>As novas coralistas s\u00e3o: Ana Luiza da Silva, Ayane Rocha de Souza, Catarina Grion de Almeida Pfeiffer, Clara Luiza Barreto de Nascimento, Isabella Martins de Castro, Karina Beck Carlos, La\u00eds Aguiar de Souza Machado, Laura Geraldo Barros da Silva Nunes, L\u00edvia Azevedo Gon\u00e7alves, Luiza D\u2019Elia Kaizer, Manoela Fraguas Borre, Manuela Duringer Jacques Vargas Freitas, Maria Eduarda da Costa do Esp\u00edrito Santo, Sofia Kronenberger e Stela Brenda Lima Gril.<\/p>\n<p>Ap\u00f3s um ano de estudos, com musicaliza\u00e7\u00e3o, t\u00e9cnica vocal, flauta doce, estudo de repert\u00f3rio e v\u00e1rios testes no Curso de Aprendizes (que prepara meninos e meninas), estas coralistas finalmente passaram a fazer parte do Coral das Meninas dos Canarinhos. Representa uma nova etapa em suas vidas, j\u00e1 que o compromisso com o coral requer disciplina, ensaios regulares, aulas e in\u00fameras apresenta\u00e7\u00f5es, incluindo as viagens.<\/p>\n<p>O Coral das Meninas dos Canarinhos possui uma trajet\u00f3ria de sucesso dentro e fora do Brasil. O grupo, que vai completar 24 anos em outubro de 2012, pertence ao Instituto dos Meninos Cantores de Petr\u00f3polis \u2013 IMCP, entidade filantr\u00f3pica sem fins lucrativos. Para saber mais sobre a forma\u00e7\u00e3o dos corais basta acessar o site <a href=\"http:\/\/www.canarinhos.com.br\/\">www.canarinhos.com.br<\/a>.<\/p>\n<p><strong>Marilizia de Azevedo, especial para este site\u00a0<\/strong><\/p>\n","protected":false},"excerpt":{"rendered":"<p>Canarinhos<\/p>\n","protected":false},"author":1,"featured_media":211175,"comment_status":"closed","ping_status":"closed","sticky":false,"template":"","format":"standard","meta":[],"categories":[1],"tags":[1531],"acf":[],"yoast_head":"<!-- This site is optimized with the Yoast SEO plugin v19.2 - https:\/\/yoast.com\/wordpress\/plugins\/seo\/ -->\n<title>Novas cantoras no Coral das Meninas - Not\u00edcias - Franciscanos<\/title>\n<meta name=\"robots\" content=\"index, follow, max-snippet:-1, max-image-preview:large, max-video-preview:-1\" \/>\n<link rel=\"canonical\" href=\"https:\/\/franciscanos.org.br\/noticias\/novas-cantoras-no-coral-das-meninas-dos-canarinhos.html\" \/>\n<meta property=\"og:locale\" content=\"pt_BR\" \/>\n<meta property=\"og:type\" content=\"article\" \/>\n<meta property=\"og:title\" content=\"Novas cantoras no Coral das Meninas - Not\u00edcias - Franciscanos\" \/>\n<meta property=\"og:description\" content=\"Canarinhos\" \/>\n<meta property=\"og:url\" content=\"https:\/\/franciscanos.org.br\/noticias\/novas-cantoras-no-coral-das-meninas-dos-canarinhos.html\" \/>\n<meta property=\"og:site_name\" content=\"Not\u00edcias - Franciscanos\" \/>\n<meta property=\"article:published_time\" content=\"2012-04-25T10:41:07+00:00\" \/>\n<meta property=\"article:modified_time\" content=\"2021-07-05T23:05:54+00:00\" \/>\n<meta property=\"og:image\" content=\"https:\/\/franciscanos.org.br\/noticias\/wp-content\/uploads\/2012\/04\/2114_250412.jpg\" \/>\n\t<meta property=\"og:image:width\" content=\"273\" \/>\n\t<meta property=\"og:image:height\" content=\"181\" \/>\n\t<meta property=\"og:image:type\" content=\"image\/jpeg\" \/>\n<meta name=\"author\" content=\"admin\" \/>\n<meta name=\"twitter:card\" content=\"summary_large_image\" \/>\n<meta name=\"twitter:label1\" content=\"Escrito por\" \/>\n\t<meta name=\"twitter:data1\" content=\"admin\" \/>\n\t<meta name=\"twitter:label2\" content=\"Est. tempo de leitura\" \/>\n\t<meta name=\"twitter:data2\" content=\"2 minutos\" \/>\n<script type=\"application\/ld+json\" class=\"yoast-schema-graph\">{\"@context\":\"https:\/\/schema.org\",\"@graph\":[{\"@type\":\"WebSite\",\"@id\":\"https:\/\/franciscanos.org.br\/noticias\/#website\",\"url\":\"https:\/\/franciscanos.org.br\/noticias\/\",\"name\":\"Not\u00edcias - Franciscanos\",\"description\":\"Prov\u00edncia Franciscana da Imaculada Concei\u00e7\u00e3o do Brasil - Ordem dos Frades Menores - OFM\",\"potentialAction\":[{\"@type\":\"SearchAction\",\"target\":{\"@type\":\"EntryPoint\",\"urlTemplate\":\"https:\/\/franciscanos.org.br\/noticias\/?s={search_term_string}\"},\"query-input\":\"required name=search_term_string\"}],\"inLanguage\":\"pt-BR\"},{\"@type\":\"ImageObject\",\"inLanguage\":\"pt-BR\",\"@id\":\"https:\/\/franciscanos.org.br\/noticias\/novas-cantoras-no-coral-das-meninas-dos-canarinhos.html#primaryimage\",\"url\":\"https:\/\/franciscanos.org.br\/noticias\/wp-content\/uploads\/2012\/04\/2114_250412.jpg\",\"contentUrl\":\"https:\/\/franciscanos.org.br\/noticias\/wp-content\/uploads\/2012\/04\/2114_250412.jpg\",\"width\":273,\"height\":181},{\"@type\":\"WebPage\",\"@id\":\"https:\/\/franciscanos.org.br\/noticias\/novas-cantoras-no-coral-das-meninas-dos-canarinhos.html#webpage\",\"url\":\"https:\/\/franciscanos.org.br\/noticias\/novas-cantoras-no-coral-das-meninas-dos-canarinhos.html\",\"name\":\"Novas cantoras no Coral das Meninas - Not\u00edcias - Franciscanos\",\"isPartOf\":{\"@id\":\"https:\/\/franciscanos.org.br\/noticias\/#website\"},\"primaryImageOfPage\":{\"@id\":\"https:\/\/franciscanos.org.br\/noticias\/novas-cantoras-no-coral-das-meninas-dos-canarinhos.html#primaryimage\"},\"datePublished\":\"2012-04-25T10:41:07+00:00\",\"dateModified\":\"2021-07-05T23:05:54+00:00\",\"author\":{\"@id\":\"https:\/\/franciscanos.org.br\/noticias\/#\/schema\/person\/b38fbf43118f02820bd932f2e4b14ad3\"},\"breadcrumb\":{\"@id\":\"https:\/\/franciscanos.org.br\/noticias\/novas-cantoras-no-coral-das-meninas-dos-canarinhos.html#breadcrumb\"},\"inLanguage\":\"pt-BR\",\"potentialAction\":[{\"@type\":\"ReadAction\",\"target\":[\"https:\/\/franciscanos.org.br\/noticias\/novas-cantoras-no-coral-das-meninas-dos-canarinhos.html\"]}]},{\"@type\":\"BreadcrumbList\",\"@id\":\"https:\/\/franciscanos.org.br\/noticias\/novas-cantoras-no-coral-das-meninas-dos-canarinhos.html#breadcrumb\",\"itemListElement\":[{\"@type\":\"ListItem\",\"position\":1,\"name\":\"Home\",\"item\":\"https:\/\/franciscanos.org.br\/noticias\"},{\"@type\":\"ListItem\",\"position\":2,\"name\":\"Novas cantoras no Coral das Meninas\"}]},{\"@type\":\"Person\",\"@id\":\"https:\/\/franciscanos.org.br\/noticias\/#\/schema\/person\/b38fbf43118f02820bd932f2e4b14ad3\",\"name\":\"admin\",\"image\":{\"@type\":\"ImageObject\",\"inLanguage\":\"pt-BR\",\"@id\":\"https:\/\/franciscanos.org.br\/noticias\/#\/schema\/person\/image\/\",\"url\":\"https:\/\/secure.gravatar.com\/avatar\/e8495742d34d0ba6448ea1c628263b3e?s=96&d=mm&r=g\",\"contentUrl\":\"https:\/\/secure.gravatar.com\/avatar\/e8495742d34d0ba6448ea1c628263b3e?s=96&d=mm&r=g\",\"caption\":\"admin\"},\"url\":\"https:\/\/franciscanos.org.br\/noticias\/author\/admin\"}]}<\/script>\n<!-- \/ Yoast SEO plugin. -->","yoast_head_json":{"title":"Novas cantoras no Coral das Meninas - Not\u00edcias - Franciscanos","robots":{"index":"index","follow":"follow","max-snippet":"max-snippet:-1","max-image-preview":"max-image-preview:large","max-video-preview":"max-video-preview:-1"},"canonical":"https:\/\/franciscanos.org.br\/noticias\/novas-cantoras-no-coral-das-meninas-dos-canarinhos.html","og_locale":"pt_BR","og_type":"article","og_title":"Novas cantoras no Coral das Meninas - Not\u00edcias - Franciscanos","og_description":"Canarinhos","og_url":"https:\/\/franciscanos.org.br\/noticias\/novas-cantoras-no-coral-das-meninas-dos-canarinhos.html","og_site_name":"Not\u00edcias - Franciscanos","article_published_time":"2012-04-25T10:41:07+00:00","article_modified_time":"2021-07-05T23:05:54+00:00","og_image":[{"width":273,"height":181,"url":"https:\/\/franciscanos.org.br\/noticias\/wp-content\/uploads\/2012\/04\/2114_250412.jpg","type":"image\/jpeg"}],"author":"admin","twitter_card":"summary_large_image","twitter_misc":{"Escrito por":"admin","Est. tempo de leitura":"2 minutos"},"schema":{"@context":"https:\/\/schema.org","@graph":[{"@type":"WebSite","@id":"https:\/\/franciscanos.org.br\/noticias\/#website","url":"https:\/\/franciscanos.org.br\/noticias\/","name":"Not\u00edcias - Franciscanos","description":"Prov\u00edncia Franciscana da Imaculada Concei\u00e7\u00e3o do Brasil - Ordem dos Frades Menores - OFM","potentialAction":[{"@type":"SearchAction","target":{"@type":"EntryPoint","urlTemplate":"https:\/\/franciscanos.org.br\/noticias\/?s={search_term_string}"},"query-input":"required name=search_term_string"}],"inLanguage":"pt-BR"},{"@type":"ImageObject","inLanguage":"pt-BR","@id":"https:\/\/franciscanos.org.br\/noticias\/novas-cantoras-no-coral-das-meninas-dos-canarinhos.html#primaryimage","url":"https:\/\/franciscanos.org.br\/noticias\/wp-content\/uploads\/2012\/04\/2114_250412.jpg","contentUrl":"https:\/\/franciscanos.org.br\/noticias\/wp-content\/uploads\/2012\/04\/2114_250412.jpg","width":273,"height":181},{"@type":"WebPage","@id":"https:\/\/franciscanos.org.br\/noticias\/novas-cantoras-no-coral-das-meninas-dos-canarinhos.html#webpage","url":"https:\/\/franciscanos.org.br\/noticias\/novas-cantoras-no-coral-das-meninas-dos-canarinhos.html","name":"Novas cantoras no Coral das Meninas - Not\u00edcias - Franciscanos","isPartOf":{"@id":"https:\/\/franciscanos.org.br\/noticias\/#website"},"primaryImageOfPage":{"@id":"https:\/\/franciscanos.org.br\/noticias\/novas-cantoras-no-coral-das-meninas-dos-canarinhos.html#primaryimage"},"datePublished":"2012-04-25T10:41:07+00:00","dateModified":"2021-07-05T23:05:54+00:00","author":{"@id":"https:\/\/franciscanos.org.br\/noticias\/#\/schema\/person\/b38fbf43118f02820bd932f2e4b14ad3"},"breadcrumb":{"@id":"https:\/\/franciscanos.org.br\/noticias\/novas-cantoras-no-coral-das-meninas-dos-canarinhos.html#breadcrumb"},"inLanguage":"pt-BR","potentialAction":[{"@type":"ReadAction","target":["https:\/\/franciscanos.org.br\/noticias\/novas-cantoras-no-coral-das-meninas-dos-canarinhos.html"]}]},{"@type":"BreadcrumbList","@id":"https:\/\/franciscanos.org.br\/noticias\/novas-cantoras-no-coral-das-meninas-dos-canarinhos.html#breadcrumb","itemListElement":[{"@type":"ListItem","position":1,"name":"Home","item":"https:\/\/franciscanos.org.br\/noticias"},{"@type":"ListItem","position":2,"name":"Novas cantoras no Coral das Meninas"}]},{"@type":"Person","@id":"https:\/\/franciscanos.org.br\/noticias\/#\/schema\/person\/b38fbf43118f02820bd932f2e4b14ad3","name":"admin","image":{"@type":"ImageObject","inLanguage":"pt-BR","@id":"https:\/\/franciscanos.org.br\/noticias\/#\/schema\/person\/image\/","url":"https:\/\/secure.gravatar.com\/avatar\/e8495742d34d0ba6448ea1c628263b3e?s=96&d=mm&r=g","contentUrl":"https:\/\/secure.gravatar.com\/avatar\/e8495742d34d0ba6448ea1c628263b3e?s=96&d=mm&r=g","caption":"admin"},"url":"https:\/\/franciscanos.org.br\/noticias\/author\/admin"}]}},"_links":{"self":[{"href":"https:\/\/franciscanos.org.br\/noticias\/wp-json\/wp\/v2\/posts\/16628"}],"collection":[{"href":"https:\/\/franciscanos.org.br\/noticias\/wp-json\/wp\/v2\/posts"}],"about":[{"href":"https:\/\/franciscanos.org.br\/noticias\/wp-json\/wp\/v2\/types\/post"}],"author":[{"embeddable":true,"href":"https:\/\/franciscanos.org.br\/noticias\/wp-json\/wp\/v2\/users\/1"}],"replies":[{"embeddable":true,"href":"https:\/\/franciscanos.org.br\/noticias\/wp-json\/wp\/v2\/comments?post=16628"}],"version-history":[{"count":1,"href":"https:\/\/franciscanos.org.br\/noticias\/wp-json\/wp\/v2\/posts\/16628\/revisions"}],"predecessor-version":[{"id":232882,"href":"https:\/\/franciscanos.org.br\/noticias\/wp-json\/wp\/v2\/posts\/16628\/revisions\/232882"}],"wp:featuredmedia":[{"embeddable":true,"href":"https:\/\/franciscanos.org.br\/noticias\/wp-json\/wp\/v2\/media\/211175"}],"wp:attachment":[{"href":"https:\/\/franciscanos.org.br\/noticias\/wp-json\/wp\/v2\/media?parent=16628"}],"wp:term":[{"taxonomy":"category","embeddable":true,"href":"https:\/\/franciscanos.org.br\/noticias\/wp-json\/wp\/v2\/categories?post=16628"},{"taxonomy":"post_tag","embeddable":true,"href":"https:\/\/franciscanos.org.br\/noticias\/wp-json\/wp\/v2\/tags?post=16628"}],"curies":[{"name":"wp","href":"https:\/\/api.w.org\/{rel}","templated":true}]}}