{"id":166203,"date":"2018-07-04T14:14:17","date_gmt":"2018-07-04T17:14:17","guid":{"rendered":"http:\/\/franciscanos.org.br\/?p=166203"},"modified":"2020-05-18T08:46:32","modified_gmt":"2020-05-18T11:46:32","slug":"fazenda-da-esperanca-celebra-35-anos-de-fundacao","status":"publish","type":"post","link":"https:\/\/franciscanos.org.br\/noticias\/fazenda-da-esperanca-celebra-35-anos-de-fundacao.html","title":{"rendered":"Fazenda da Esperan\u00e7a celebra 35 anos de funda\u00e7\u00e3o"},"content":{"rendered":"<p><img loading=\"lazy\" src=\"http:\/\/franciscanos.org.br\/wp-content\/uploads\/2018\/07\/fazenda_040718-6.jpg\" alt=\"fazenda_040718 6\" width=\"830\" height=\"400\" \/><br \/>\nNo dia 29 de junho, a Fazenda da Esperan\u00e7a celebrou com muita alegria seus 35 anos de funda\u00e7\u00e3o. Uma comunidade nova, que conquista muitas pessoas atrav\u00e9s do estilo de vida que seu carisma, a Esperan\u00e7a, prop\u00f5e.<br \/>\nOs fundadores, Frei Hans Stapel, Iraci Leite, Lucilene Rosendo e Nelson Giovanelli, junto com o grupo da Escola Mission\u00e1ria Internacional, fazem uma viagem a Terra Santa, buscando aprofundar as origens da nossa f\u00e9, aprofundar e formar Homens novos e Mulheres novas, segundo o evangelho.<br \/>\nPara esta comemora\u00e7\u00e3o, houve a entroniza\u00e7\u00e3o do Vitral \u201cO Sim de Maria\u201d na Bas\u00edlica da Anuncia\u00e7\u00e3o em Nazar\u00e9. Este vitral simboliza a miseric\u00f3rdia de Deus, que se aproxima de n\u00f3s para nos salvar, e conta com a colabora\u00e7\u00e3o livre, pessoal e volunt\u00e1ria de cada um de n\u00f3s. Assim, Maria fez, e disse seu \u201cSim\u201d. E a Bas\u00edlica da Anuncia\u00e7\u00e3o tamb\u00e9m envia uma rel\u00edquia da casa de Maria para o Santu\u00e1rio da Esperan\u00e7a.<br \/>\nFrei Hans refor\u00e7a em seu discurso a import\u00e2ncia desse vitral, que foi entronizado no dia 23 de junho:<br \/>\n&#8220;O significado deste vitral estar em Nazar\u00e9, \u00e9 para comunicar a Miseric\u00f3rdia de Deus por todos n\u00f3s. Queremos que todos que passem por este lugar santo possam ver a import\u00e2ncia do \u201cSim\u201d de Maria para a humanidade, sem Ela estar\u00edamos distantes de Deus. Ela nos trouxe Deus, para nos aproximar do Pai, do Filho e do Esp\u00edrito Santo&#8221;.<\/p>\n<div id=\"attachment_166205\" style=\"width: 413px\" class=\"wp-caption alignleft\"><img aria-describedby=\"caption-attachment-166205\" loading=\"lazy\" class=\"wp-image-166205\" src=\"http:\/\/franciscanos.org.br\/wp-content\/uploads\/2018\/07\/fazenda_040718-e1530724352461.png\" alt=\"fazenda_040718\" width=\"403\" height=\"331\" \/><p id=\"caption-attachment-166205\" class=\"wp-caption-text\">Os fundadores em peregrina\u00e7\u00e3o pela Terra Santa<\/p><\/div>\n<p>Nelson Giovanelli explica como esse \u201cSim\u201d acontece nos dias atuais na vida de tantas pessoas:<br \/>\n&#8220;Aquilo que aconteceu h\u00e1 2000 anos n\u00e3o \u00e9 uma hist\u00f3ria. \u00c9 uma realidade que se atualiza todas as vezes que uma pessoa entra em contato com o carisma, porque de novo se encarna o Verbo na vida dessas pessoas&#8221;.<br \/>\nIraci Leite refor\u00e7a a mudan\u00e7a que o carisma traz na vida das pessoas:<br \/>\n\u201cTemos que ser sinal da presen\u00e7a de Deus, em qualquer lugar, seja no ponto de \u00f4nibus, na hora do almo\u00e7o, nas coisas simples da nossa vida n\u00f3s sentimos que ele esta no meio de n\u00f3s. Por isso \u00e9 importante estar dispostos a servir\u201d.<br \/>\nPor fim, Luci Rosendo ajuda a entender a presen\u00e7a de Maria na nossa vida:<br \/>\n\u201cNa Fazenda temos a voca\u00e7\u00e3o de estar a servi\u00e7o do outro, e Maria foi e \u00e9 esse modelo para n\u00f3s. Por isso \u00e9 importante estarmos atentos a cada momento que Deus \u201ccoloca\u201d na nossa vida, para estar prontos a servir, s\u00e3o oportunidades que ele nos d\u00e1, de se colocar imediatamente a servi\u00e7o do outro.\u201d<br \/>\n<em><strong>Confira o v\u00eddeo comemorativo:<\/strong><\/em><br \/>\n<iframe loading=\"lazy\" src=\"https:\/\/www.youtube.com\/embed\/8Lkt_X6RAtg\" width=\"100%\" height=\"420\" frameborder=\"0\" allowfullscreen=\"allowfullscreen\"><\/iframe><\/p>\n","protected":false},"excerpt":{"rendered":"<p>Celebra\u00e7\u00e3o<\/p>\n","protected":false},"author":1,"featured_media":223915,"comment_status":"open","ping_status":"open","sticky":false,"template":"","format":"standard","meta":[],"categories":[1],"tags":[720],"acf":[],"yoast_head":"<!-- This site is optimized with the Yoast SEO plugin v19.2 - https:\/\/yoast.com\/wordpress\/plugins\/seo\/ -->\n<title>Fazenda da Esperan\u00e7a celebra 35 anos de funda\u00e7\u00e3o - Not\u00edcias - Franciscanos<\/title>\n<meta name=\"robots\" content=\"index, follow, max-snippet:-1, max-image-preview:large, max-video-preview:-1\" \/>\n<link rel=\"canonical\" href=\"https:\/\/franciscanos.org.br\/noticias\/fazenda-da-esperanca-celebra-35-anos-de-fundacao.html\" \/>\n<meta property=\"og:locale\" content=\"pt_BR\" \/>\n<meta property=\"og:type\" content=\"article\" \/>\n<meta property=\"og:title\" content=\"Fazenda da Esperan\u00e7a celebra 35 anos de funda\u00e7\u00e3o - Not\u00edcias - Franciscanos\" \/>\n<meta property=\"og:description\" content=\"Celebra\u00e7\u00e3o\" \/>\n<meta property=\"og:url\" content=\"https:\/\/franciscanos.org.br\/noticias\/fazenda-da-esperanca-celebra-35-anos-de-fundacao.html\" \/>\n<meta property=\"og:site_name\" content=\"Not\u00edcias - Franciscanos\" \/>\n<meta property=\"article:published_time\" content=\"2018-07-04T17:14:17+00:00\" \/>\n<meta property=\"article:modified_time\" content=\"2020-05-18T11:46:32+00:00\" \/>\n<meta property=\"og:image\" content=\"https:\/\/franciscanos.org.br\/noticias\/wp-content\/uploads\/2018\/07\/fazenda_040718-6-1.jpg\" \/>\n\t<meta property=\"og:image:width\" content=\"800\" \/>\n\t<meta property=\"og:image:height\" content=\"601\" \/>\n\t<meta property=\"og:image:type\" content=\"image\/jpeg\" \/>\n<meta name=\"author\" content=\"admin\" \/>\n<meta name=\"twitter:card\" content=\"summary_large_image\" \/>\n<meta name=\"twitter:label1\" content=\"Escrito por\" \/>\n\t<meta name=\"twitter:data1\" content=\"admin\" \/>\n\t<meta name=\"twitter:label2\" content=\"Est. tempo de leitura\" \/>\n\t<meta name=\"twitter:data2\" content=\"2 minutos\" \/>\n<script type=\"application\/ld+json\" class=\"yoast-schema-graph\">{\"@context\":\"https:\/\/schema.org\",\"@graph\":[{\"@type\":\"WebSite\",\"@id\":\"https:\/\/franciscanos.org.br\/noticias\/#website\",\"url\":\"https:\/\/franciscanos.org.br\/noticias\/\",\"name\":\"Not\u00edcias - Franciscanos\",\"description\":\"Prov\u00edncia Franciscana da Imaculada Concei\u00e7\u00e3o do Brasil - Ordem dos Frades Menores - OFM\",\"potentialAction\":[{\"@type\":\"SearchAction\",\"target\":{\"@type\":\"EntryPoint\",\"urlTemplate\":\"https:\/\/franciscanos.org.br\/noticias\/?s={search_term_string}\"},\"query-input\":\"required name=search_term_string\"}],\"inLanguage\":\"pt-BR\"},{\"@type\":\"ImageObject\",\"inLanguage\":\"pt-BR\",\"@id\":\"https:\/\/franciscanos.org.br\/noticias\/fazenda-da-esperanca-celebra-35-anos-de-fundacao.html#primaryimage\",\"url\":\"https:\/\/franciscanos.org.br\/noticias\/wp-content\/uploads\/2018\/07\/fazenda_040718-6-1.jpg\",\"contentUrl\":\"https:\/\/franciscanos.org.br\/noticias\/wp-content\/uploads\/2018\/07\/fazenda_040718-6-1.jpg\",\"width\":800,\"height\":601},{\"@type\":\"WebPage\",\"@id\":\"https:\/\/franciscanos.org.br\/noticias\/fazenda-da-esperanca-celebra-35-anos-de-fundacao.html#webpage\",\"url\":\"https:\/\/franciscanos.org.br\/noticias\/fazenda-da-esperanca-celebra-35-anos-de-fundacao.html\",\"name\":\"Fazenda da Esperan\u00e7a celebra 35 anos de funda\u00e7\u00e3o - Not\u00edcias - Franciscanos\",\"isPartOf\":{\"@id\":\"https:\/\/franciscanos.org.br\/noticias\/#website\"},\"primaryImageOfPage\":{\"@id\":\"https:\/\/franciscanos.org.br\/noticias\/fazenda-da-esperanca-celebra-35-anos-de-fundacao.html#primaryimage\"},\"datePublished\":\"2018-07-04T17:14:17+00:00\",\"dateModified\":\"2020-05-18T11:46:32+00:00\",\"author\":{\"@id\":\"https:\/\/franciscanos.org.br\/noticias\/#\/schema\/person\/b38fbf43118f02820bd932f2e4b14ad3\"},\"breadcrumb\":{\"@id\":\"https:\/\/franciscanos.org.br\/noticias\/fazenda-da-esperanca-celebra-35-anos-de-fundacao.html#breadcrumb\"},\"inLanguage\":\"pt-BR\",\"potentialAction\":[{\"@type\":\"ReadAction\",\"target\":[\"https:\/\/franciscanos.org.br\/noticias\/fazenda-da-esperanca-celebra-35-anos-de-fundacao.html\"]}]},{\"@type\":\"BreadcrumbList\",\"@id\":\"https:\/\/franciscanos.org.br\/noticias\/fazenda-da-esperanca-celebra-35-anos-de-fundacao.html#breadcrumb\",\"itemListElement\":[{\"@type\":\"ListItem\",\"position\":1,\"name\":\"Home\",\"item\":\"https:\/\/franciscanos.org.br\/noticias\"},{\"@type\":\"ListItem\",\"position\":2,\"name\":\"Fazenda da Esperan\u00e7a celebra 35 anos de funda\u00e7\u00e3o\"}]},{\"@type\":\"Person\",\"@id\":\"https:\/\/franciscanos.org.br\/noticias\/#\/schema\/person\/b38fbf43118f02820bd932f2e4b14ad3\",\"name\":\"admin\",\"image\":{\"@type\":\"ImageObject\",\"inLanguage\":\"pt-BR\",\"@id\":\"https:\/\/franciscanos.org.br\/noticias\/#\/schema\/person\/image\/\",\"url\":\"https:\/\/secure.gravatar.com\/avatar\/e8495742d34d0ba6448ea1c628263b3e?s=96&d=mm&r=g\",\"contentUrl\":\"https:\/\/secure.gravatar.com\/avatar\/e8495742d34d0ba6448ea1c628263b3e?s=96&d=mm&r=g\",\"caption\":\"admin\"},\"url\":\"https:\/\/franciscanos.org.br\/noticias\/author\/admin\"}]}<\/script>\n<!-- \/ Yoast SEO plugin. -->","yoast_head_json":{"title":"Fazenda da Esperan\u00e7a celebra 35 anos de funda\u00e7\u00e3o - Not\u00edcias - Franciscanos","robots":{"index":"index","follow":"follow","max-snippet":"max-snippet:-1","max-image-preview":"max-image-preview:large","max-video-preview":"max-video-preview:-1"},"canonical":"https:\/\/franciscanos.org.br\/noticias\/fazenda-da-esperanca-celebra-35-anos-de-fundacao.html","og_locale":"pt_BR","og_type":"article","og_title":"Fazenda da Esperan\u00e7a celebra 35 anos de funda\u00e7\u00e3o - Not\u00edcias - Franciscanos","og_description":"Celebra\u00e7\u00e3o","og_url":"https:\/\/franciscanos.org.br\/noticias\/fazenda-da-esperanca-celebra-35-anos-de-fundacao.html","og_site_name":"Not\u00edcias - Franciscanos","article_published_time":"2018-07-04T17:14:17+00:00","article_modified_time":"2020-05-18T11:46:32+00:00","og_image":[{"width":800,"height":601,"url":"https:\/\/franciscanos.org.br\/noticias\/wp-content\/uploads\/2018\/07\/fazenda_040718-6-1.jpg","type":"image\/jpeg"}],"author":"admin","twitter_card":"summary_large_image","twitter_misc":{"Escrito por":"admin","Est. tempo de leitura":"2 minutos"},"schema":{"@context":"https:\/\/schema.org","@graph":[{"@type":"WebSite","@id":"https:\/\/franciscanos.org.br\/noticias\/#website","url":"https:\/\/franciscanos.org.br\/noticias\/","name":"Not\u00edcias - Franciscanos","description":"Prov\u00edncia Franciscana da Imaculada Concei\u00e7\u00e3o do Brasil - Ordem dos Frades Menores - OFM","potentialAction":[{"@type":"SearchAction","target":{"@type":"EntryPoint","urlTemplate":"https:\/\/franciscanos.org.br\/noticias\/?s={search_term_string}"},"query-input":"required name=search_term_string"}],"inLanguage":"pt-BR"},{"@type":"ImageObject","inLanguage":"pt-BR","@id":"https:\/\/franciscanos.org.br\/noticias\/fazenda-da-esperanca-celebra-35-anos-de-fundacao.html#primaryimage","url":"https:\/\/franciscanos.org.br\/noticias\/wp-content\/uploads\/2018\/07\/fazenda_040718-6-1.jpg","contentUrl":"https:\/\/franciscanos.org.br\/noticias\/wp-content\/uploads\/2018\/07\/fazenda_040718-6-1.jpg","width":800,"height":601},{"@type":"WebPage","@id":"https:\/\/franciscanos.org.br\/noticias\/fazenda-da-esperanca-celebra-35-anos-de-fundacao.html#webpage","url":"https:\/\/franciscanos.org.br\/noticias\/fazenda-da-esperanca-celebra-35-anos-de-fundacao.html","name":"Fazenda da Esperan\u00e7a celebra 35 anos de funda\u00e7\u00e3o - Not\u00edcias - Franciscanos","isPartOf":{"@id":"https:\/\/franciscanos.org.br\/noticias\/#website"},"primaryImageOfPage":{"@id":"https:\/\/franciscanos.org.br\/noticias\/fazenda-da-esperanca-celebra-35-anos-de-fundacao.html#primaryimage"},"datePublished":"2018-07-04T17:14:17+00:00","dateModified":"2020-05-18T11:46:32+00:00","author":{"@id":"https:\/\/franciscanos.org.br\/noticias\/#\/schema\/person\/b38fbf43118f02820bd932f2e4b14ad3"},"breadcrumb":{"@id":"https:\/\/franciscanos.org.br\/noticias\/fazenda-da-esperanca-celebra-35-anos-de-fundacao.html#breadcrumb"},"inLanguage":"pt-BR","potentialAction":[{"@type":"ReadAction","target":["https:\/\/franciscanos.org.br\/noticias\/fazenda-da-esperanca-celebra-35-anos-de-fundacao.html"]}]},{"@type":"BreadcrumbList","@id":"https:\/\/franciscanos.org.br\/noticias\/fazenda-da-esperanca-celebra-35-anos-de-fundacao.html#breadcrumb","itemListElement":[{"@type":"ListItem","position":1,"name":"Home","item":"https:\/\/franciscanos.org.br\/noticias"},{"@type":"ListItem","position":2,"name":"Fazenda da Esperan\u00e7a celebra 35 anos de funda\u00e7\u00e3o"}]},{"@type":"Person","@id":"https:\/\/franciscanos.org.br\/noticias\/#\/schema\/person\/b38fbf43118f02820bd932f2e4b14ad3","name":"admin","image":{"@type":"ImageObject","inLanguage":"pt-BR","@id":"https:\/\/franciscanos.org.br\/noticias\/#\/schema\/person\/image\/","url":"https:\/\/secure.gravatar.com\/avatar\/e8495742d34d0ba6448ea1c628263b3e?s=96&d=mm&r=g","contentUrl":"https:\/\/secure.gravatar.com\/avatar\/e8495742d34d0ba6448ea1c628263b3e?s=96&d=mm&r=g","caption":"admin"},"url":"https:\/\/franciscanos.org.br\/noticias\/author\/admin"}]}},"_links":{"self":[{"href":"https:\/\/franciscanos.org.br\/noticias\/wp-json\/wp\/v2\/posts\/166203"}],"collection":[{"href":"https:\/\/franciscanos.org.br\/noticias\/wp-json\/wp\/v2\/posts"}],"about":[{"href":"https:\/\/franciscanos.org.br\/noticias\/wp-json\/wp\/v2\/types\/post"}],"author":[{"embeddable":true,"href":"https:\/\/franciscanos.org.br\/noticias\/wp-json\/wp\/v2\/users\/1"}],"replies":[{"embeddable":true,"href":"https:\/\/franciscanos.org.br\/noticias\/wp-json\/wp\/v2\/comments?post=166203"}],"version-history":[{"count":1,"href":"https:\/\/franciscanos.org.br\/noticias\/wp-json\/wp\/v2\/posts\/166203\/revisions"}],"predecessor-version":[{"id":222448,"href":"https:\/\/franciscanos.org.br\/noticias\/wp-json\/wp\/v2\/posts\/166203\/revisions\/222448"}],"wp:featuredmedia":[{"embeddable":true,"href":"https:\/\/franciscanos.org.br\/noticias\/wp-json\/wp\/v2\/media\/223915"}],"wp:attachment":[{"href":"https:\/\/franciscanos.org.br\/noticias\/wp-json\/wp\/v2\/media?parent=166203"}],"wp:term":[{"taxonomy":"category","embeddable":true,"href":"https:\/\/franciscanos.org.br\/noticias\/wp-json\/wp\/v2\/categories?post=166203"},{"taxonomy":"post_tag","embeddable":true,"href":"https:\/\/franciscanos.org.br\/noticias\/wp-json\/wp\/v2\/tags?post=166203"}],"curies":[{"name":"wp","href":"https:\/\/api.w.org\/{rel}","templated":true}]}}