{"id":166145,"date":"2018-07-04T07:15:58","date_gmt":"2018-07-04T10:15:58","guid":{"rendered":"http:\/\/franciscanos.org.br\/?p=166145"},"modified":"2019-08-19T11:13:08","modified_gmt":"2019-08-19T14:13:08","slug":"novo-encontro-vai-celebrar-legado-de-frei-harada","status":"publish","type":"post","link":"https:\/\/franciscanos.org.br\/noticias\/novo-encontro-vai-celebrar-legado-de-frei-harada.html","title":{"rendered":"Novo encontro vai celebrar legado de Frei Harada"},"content":{"rendered":"<p><img loading=\"lazy\" class=\"alignnone wp-image-192364 size-full\" src=\"https:\/\/franciscanos.org.br\/noticias\/wp-content\/uploads\/2018\/07\/encontro_harada_4.jpg\" alt=\"\" width=\"890\" height=\"400\" srcset=\"https:\/\/franciscanos.org.br\/noticias\/wp-content\/uploads\/2018\/07\/encontro_harada_4.jpg 890w, https:\/\/franciscanos.org.br\/noticias\/wp-content\/uploads\/2018\/07\/encontro_harada_4-450x202.jpg 450w, https:\/\/franciscanos.org.br\/noticias\/wp-content\/uploads\/2018\/07\/encontro_harada_4-768x345.jpg 768w, https:\/\/franciscanos.org.br\/noticias\/wp-content\/uploads\/2018\/07\/encontro_harada_4-150x67.jpg 150w\" sizes=\"(max-width: 890px) 100vw, 890px\" \/><\/p>\n<p><strong>Frei Augusto Luiz Gabriel<\/strong><\/p>\n<p><strong>Rondinha (PR) \u2013<\/strong>\u00a0Uma ora\u00e7\u00e3o junto ao t\u00famulo de Frei Herm\u00f3genes Harada, no cemit\u00e9rio interno do Convento S\u00e3o Boaventura, em Rondinha,\u00a0 marcou ontem (03\/07) o encerramento do Encontro Celebrativo de 10 anos da morte deste frade e a certeza que a segunda edi\u00e7\u00e3o vai acontecer no ano que vem, j\u00e1 que este grande mestre da Filosofia e frade\u00a0franciscano desta Prov\u00edncia da Imaculada faleceu\u00a0 em 21 de maio de 2009.<\/p>\n<p>O dia come\u00e7ou com a Celebra\u00e7\u00e3o Eucar\u00edstica, \u00e0s 7 horas, na capela interna onde residem os frades de Profiss\u00e3o Tempor\u00e1ria e os formadores do tempo de Filosofia. Frei Alo\u00edsio de Oliveira, Ministro Provincial dos Frades Menores Conventuais foi o presidente da Santa Missa. Dom Jo\u00e3o Mamede Filho, da Diocese de Umuarama (PR), Frei Dorvalino Fassini, da Prov\u00edncia S\u00e3o Francisco de Assis (RS) e\u00a0Frei Levi Jones Botke, da Congrega\u00e7\u00e3o dos Frades Menores Mission\u00e1rios, foram os concelebrantes. Neste dia, a Igreja celebrou S\u00e3o Tom\u00e9, ap\u00f3stolo e pescador quando Jesus o encontrou e o admitiu entres seus disc\u00edpulos.<\/p>\n<p><img loading=\"lazy\" src=\"http:\/\/franciscanos.org.br\/wp-content\/uploads\/2018\/07\/frei_harada_030718_1.jpg\" alt=\"frei_harada_030718_1\" width=\"830\" height=\"400\" \/><\/p>\n<p>\u201cA atividade reflexiva de Frei Herm\u00f3genes Harada\u201d foi o tema que deu in\u00edcio \u00e0s medita\u00e7\u00f5es conduzidas pelo professor Marcos Aur\u00e9lio Fernandes. Para isso, ele usou o texto \u201cCrise e Deserto\u201d, de autoria de Frei Harada e de Emmanuel Carneiro Le\u00e3o, publicados na Revista Filos\u00f3fica S\u00e3o Boaventura, em 2010.<\/p>\n<p>Segundo ele, a palavra crise est\u00e1 relacionada com a crise da \u00e9tica. \u201cN\u00f3s vivemos hoje n\u00e3o apenas uma crise \u00e9tica entre outras, mas a crise da pr\u00f3pria \u00e9tica no seu todo. \u00c9tica remete a <em>Ethos<\/em> (Morada). N\u00e3o \u00e9 apenas uma quest\u00e3o de regras, padr\u00f5es, modelos, mudan\u00e7as de valores, mas a quest\u00e3o \u00e9 mais profunda. Ela \u00e9 a pr\u00f3pria subtra\u00e7\u00e3o do <em>ethos<\/em>\u201d, explicou Marcos. Para esse momento de partilha, o professor selecionou temas que apresentam a travessia da crise e do deserto, e n\u00e3o se preocupou em oferecer aos participantes respostas prontas sobre o assunto, muito menos textos de ordem cronol\u00f3gica.<\/p>\n<p><img loading=\"lazy\" class=\"size-medium wp-image-192366 alignleft\" src=\"https:\/\/franciscanos.org.br\/noticias\/wp-content\/uploads\/2018\/07\/frei_harada_030718_2-442x450.jpg\" alt=\"\" width=\"442\" height=\"450\" srcset=\"https:\/\/franciscanos.org.br\/noticias\/wp-content\/uploads\/2018\/07\/frei_harada_030718_2-442x450.jpg 442w, https:\/\/franciscanos.org.br\/noticias\/wp-content\/uploads\/2018\/07\/frei_harada_030718_2-768x782.jpg 768w, https:\/\/franciscanos.org.br\/noticias\/wp-content\/uploads\/2018\/07\/frei_harada_030718_2-1005x1024.jpg 1005w, https:\/\/franciscanos.org.br\/noticias\/wp-content\/uploads\/2018\/07\/frei_harada_030718_2-150x153.jpg 150w, https:\/\/franciscanos.org.br\/noticias\/wp-content\/uploads\/2018\/07\/frei_harada_030718_2-1200x1223.jpg 1200w\" sizes=\"(max-width: 442px) 100vw, 442px\" \/>Para Marcos, o encontro em homenagem a Frei Herm\u00f3genes faz vir \u00e0 mem\u00f3ria tudo o que foi vivido junto a ele e com ele. \u201cAo mesmo tempo nos \u00e9 dado o desafio de olhar para o futuro e fazer este passado frutificar no presente e no futuro\u201d, refletiu. Segundo ele, o tema da crise e do deserto foi proposto para o Encontro justamente porque o passado n\u00e3o foi apenas uma coisa que passou e que n\u00e3o tem retorno, mas que tendo sido, se recolhe, \u201ce nesse recolhimento nos precede no futuro\u201d, disse.<\/p>\n<p>\u201cEm 1988, estudei aqui neste Convento e lembro-me das primeiras aulas do estudo de filosofia de um semin\u00e1rio que tivemos com o Harada. Temos anota\u00e7\u00f5es at\u00e9 hoje. Como foi impactante as primeiras impress\u00f5es! J\u00e1 conhecia alguns textos dele antes de entrar na Ordem porque alguns amigos haviam partilhado comigo. Em um momento de dificuldade no come\u00e7o do ano, certo dia decidi falar com o Herm\u00f3genes e, no meio da conversa, ele me disse: \u2018N\u00f3s fil\u00f3sofos&#8230;\u2019 estranhei essa express\u00e3o e ele repetiu \u2018n\u00f3s fil\u00f3sofos\u2019&#8230; Assim falava ele para nos sentirmos irmanados na Filosofia. Trago esta partilha como uma recorda\u00e7\u00e3o e homenagem a Frei Herm\u00f3genes, um grande pensador, cujo pensamento tem muito o que ser descoberto e pensado\u201d, acredita o professor. Ap\u00f3s a leitura corrida do texto, os participantes tamb\u00e9m tiraram suas d\u00favidas e deram suas contribui\u00e7\u00f5es na palestra.<\/p>\n<p>\u00c0 tarde, \u00canio Paulo Giachini, editor da Revista Filos\u00f3fica S\u00e3o Boaventura e tamb\u00e9m grande admirador de Frei Harada, apresentou aos participantes o professor Gilvan \u00a0Fogel, que \u00e9 docente da Universidade Federal do Rio de Janeiro e tamb\u00e9m membro do Conselho editorial da cole\u00e7\u00e3o Pensamento Humano, da Editora Vozes de Petr\u00f3polis (RJ). Atua principalmente na \u00e1rea de Filosofia Antiga. \u201cAntes de mais nada quero agradecer muito ao convite e \u00e0 hospitalidade. \u00c9 sempre uma satisfa\u00e7\u00e3o, \u00e9 a mesma satisfa\u00e7\u00e3o de participar de qualquer coisa que seja uma lembran\u00e7a em mem\u00f3ria do Harada\u201d, disse Gilvan emocionado. \u201cSe\u00a0 aprendi alguma coisa em Filosofia, realmente foi com o Harada. Com ele aprendi a aprender\u201d, revelou.<\/p>\n<p>Gilvan retomou alguns pontos a partir daquilo que foi destacado durante a manh\u00e3, principalmente em rela\u00e7\u00e3o ao tema do da crise e do deserto. Segundo ele, quando Harada fala de uma crise de valores, est\u00e1 falando de uma crise real. &#8220;Ele fala na verdade da crise do fundamento, ou fundo de estabelecimento desses valores\u201d, refletiu o fil\u00f3sofo.<\/p>\n<div style=\"width: 840px\" class=\"wp-caption alignnone\"><img loading=\"lazy\" src=\"http:\/\/franciscanos.org.br\/wp-content\/uploads\/2018\/07\/frei_harada_030718_3.jpg\" alt=\"frei_harada_030718_3\" width=\"830\" height=\"400\" \/><p class=\"wp-caption-text\">Professor Gilvan Fogel<\/p><\/div>\n<p>Segundo ele, o mundo em que o homem habita est\u00e1 em crise. Quando a crise \u00e9 real, quando realmente \u00e9 crise, tem um lado cat\u00e1rtico. \u201cA vida realmente em crise \u00e9 como que uma vida num instante de um terremoto, ou seja, quando nada, absolutamente nada est\u00e1 firme em que se possa colocar os p\u00e9s\u201d, exemplificou o professor.<\/p>\n<p>Ap\u00f3s as reflex\u00f5es, discuss\u00f5es e contribui\u00e7\u00f5es acerca do tema, no cemit\u00e9rio interno do Convento, onde est\u00e3o os restos mortais de Frei Herm\u00f3genes, foi realizado um momento celebrativo. Segundo a comiss\u00e3o ser\u00e1 realizado o segundo encontro ainda sem data definida.<\/p>\n<p><img loading=\"lazy\" src=\"http:\/\/franciscanos.org.br\/wp-content\/uploads\/2018\/07\/frei_harada_030718_4.jpg\" alt=\"frei_harada_030718_4\" width=\"830\" height=\"460\" \/><\/p>\n<p><strong>&#8220;ELE EST\u00c1 VIVO ENTRE N\u00d3S&#8221;<\/strong><\/p>\n<p>Segundo Frei Guido Moacir Scheidt, para que este Encontro Celebrativo acontecesse foi criada uma comiss\u00e3o.\u00a0 Desde ent\u00e3o, ela organizou um programa de encontros e partilhas dos frades, religiosos e leigos que conheceram Frei Herm\u00f3genes, atrav\u00e9s de aulas e palestras. &#8220;A repercuss\u00e3o e aproveitamento do encontro foi muito proveitosa, causando gratid\u00e3o e alegria pela oportunidade de relembrar o pensamento e a riqueza de seu legado na forma\u00e7\u00e3o inicial e permanente dos religiosos e leigos que o conheceram. Nossa gratid\u00e3o pelo evento realizado\u201d, agradeceu Frei Guido.<\/p>\n<p>Para a Irm\u00e3 Ananias de Oliveira, o convite para participar do Encontro Celebrativo foi um presente para ela. \u201cPor ter conhecido e bebido na fonte da sabedoria de Frei Harada, desde minha inicia\u00e7\u00e3o nas Irm\u00e3s Franciscanas de Bonlanden foi dom de pura gra\u00e7a divina. A partilha neste encontro reavivou o esfor\u00e7o de retomar com vigor a busca do sentido da vida, o trabalho de encontrar a Deus humanado\u201d, animou-se.<\/p>\n<p>Irm\u00e3 Luci Fontenelle, das Irm\u00e3s Mission\u00e1rias da Imaculada Concei\u00e7\u00e3o, disse que os participantes deste encontro puderam celebrar a preciosa exist\u00eancia de Frei Harada: \u201cEle est\u00e1 vivo entre n\u00f3s, atrav\u00e9s da heran\u00e7a inestim\u00e1vel que ele nos deixou. Ele falou-nos do seguimento, a exemplo de S\u00e3o Francisco, e nos incentivou a abra\u00e7armos a Cruz de Jesus Cristo, inserida no tecido de nossas vidas\u201d.<\/p>\n<p><strong>O LEGADO DE FREI HARADA<\/strong><\/p>\n<p><img loading=\"lazy\" src=\"http:\/\/franciscanos.org.br\/wp-content\/uploads\/2014\/02\/harada_alto-e1530665687233.jpg\" alt=\"harada_alto\" width=\"820\" height=\"309\" \/><\/p>\n<p>Em 2014 foi criado o site oficial de Frei Harada, a pedido de Frei Guido, presidente do Grupo Bom Jesus daquele tempo. No site est\u00e1 dispon\u00edvel um rico acervo em textos, fotos e \u00e1udios de palestras e confer\u00eancias de Frei Harada. Frei Herm\u00f3genes Harada foi um inovador da filosofia no Brasil. Oriundo da tradi\u00e7\u00e3o budista, que conhecia em profundidade e formado por, Heinrich Rombach, um dos grandes mestres do pensamento filos\u00f3fico-fenomenol\u00f3gico, Harada soube, com raro \u00eaxito, realizar o di\u00e1logo de integra\u00e7\u00e3o e inova\u00e7\u00e3o entre o pensamento ocidental e oriental, entre filosofia e exist\u00eancia contempor\u00e2nea, entre cristianismo e mundo t\u00e9cnico-cient\u00edfico, numa proposta, ao mesmo tempo, ontol\u00f3gica como pedag\u00f3gica. No rigor do trabalho filos\u00f3fico e na despretens\u00e3o de um sempre principiante, inovou a atitude mais provocante e universal da filosofia: a de preparar um questionamento de tal maneira amplo, profundo e origin\u00e1rio de tudo, que se inicia na singularidade de cada homem, e se enra\u00edza na complexa estrutura\u00e7\u00e3o do mundo em que somos. Acesse: <a href=\"http:\/\/www.freiharada.com.br\/\">http:\/\/www.freiharada.com.br\/<\/a><\/p>\n<p style=\"text-align: center;\"><strong>VEJA MAIS IMAGENS DO ENCERRAMENTO DO ENCONTRO<\/strong><\/p>\n\n\t\t<style type=\"text\/css\">\n\t\t\t#gallery-1 {\n\t\t\t\tmargin: auto;\n\t\t\t}\n\t\t\t#gallery-1 .gallery-item {\n\t\t\t\tfloat: left;\n\t\t\t\tmargin-top: 10px;\n\t\t\t\ttext-align: center;\n\t\t\t\twidth: 25%;\n\t\t\t}\n\t\t\t#gallery-1 img {\n\t\t\t\tborder: 2px solid #cfcfcf;\n\t\t\t}\n\t\t\t#gallery-1 .gallery-caption {\n\t\t\t\tmargin-left: 0;\n\t\t\t}\n\t\t\t\/* see gallery_shortcode() in wp-includes\/media.php *\/\n\t\t<\/style>\n\t\t<div id='gallery-1' class='gallery galleryid-166145 gallery-columns-4 gallery-size-thumbnail'><dl class='gallery-item'>\n\t\t\t<dt class='gallery-icon landscape'>\n\t\t\t\t<a href='https:\/\/franciscanos.org.br\/noticias\/wp-content\/uploads\/2018\/07\/frei_harada_030718-1.jpg'><img width=\"300\" height=\"300\" src=\"https:\/\/franciscanos.org.br\/noticias\/wp-content\/uploads\/2018\/07\/frei_harada_030718-1-300x300.jpg\" class=\"attachment-thumbnail size-thumbnail\" alt=\"\" loading=\"lazy\" srcset=\"https:\/\/franciscanos.org.br\/noticias\/wp-content\/uploads\/2018\/07\/frei_harada_030718-1-300x300.jpg 300w, https:\/\/franciscanos.org.br\/noticias\/wp-content\/uploads\/2018\/07\/frei_harada_030718-1-400x400.jpg 400w\" sizes=\"(max-width: 300px) 100vw, 300px\" \/><\/a>\n\t\t\t<\/dt><\/dl><dl class='gallery-item'>\n\t\t\t<dt class='gallery-icon landscape'>\n\t\t\t\t<a href='https:\/\/franciscanos.org.br\/noticias\/wp-content\/uploads\/2018\/07\/frei_harada_030718-2.jpg'><img width=\"300\" height=\"300\" src=\"https:\/\/franciscanos.org.br\/noticias\/wp-content\/uploads\/2018\/07\/frei_harada_030718-2-300x300.jpg\" class=\"attachment-thumbnail size-thumbnail\" alt=\"\" loading=\"lazy\" srcset=\"https:\/\/franciscanos.org.br\/noticias\/wp-content\/uploads\/2018\/07\/frei_harada_030718-2-300x300.jpg 300w, https:\/\/franciscanos.org.br\/noticias\/wp-content\/uploads\/2018\/07\/frei_harada_030718-2-400x400.jpg 400w\" sizes=\"(max-width: 300px) 100vw, 300px\" \/><\/a>\n\t\t\t<\/dt><\/dl><dl class='gallery-item'>\n\t\t\t<dt class='gallery-icon landscape'>\n\t\t\t\t<a href='https:\/\/franciscanos.org.br\/noticias\/wp-content\/uploads\/2018\/07\/frei_harada_030718-3.jpg'><img width=\"300\" height=\"300\" src=\"https:\/\/franciscanos.org.br\/noticias\/wp-content\/uploads\/2018\/07\/frei_harada_030718-3-300x300.jpg\" class=\"attachment-thumbnail size-thumbnail\" alt=\"\" loading=\"lazy\" srcset=\"https:\/\/franciscanos.org.br\/noticias\/wp-content\/uploads\/2018\/07\/frei_harada_030718-3-300x300.jpg 300w, https:\/\/franciscanos.org.br\/noticias\/wp-content\/uploads\/2018\/07\/frei_harada_030718-3-400x400.jpg 400w\" sizes=\"(max-width: 300px) 100vw, 300px\" \/><\/a>\n\t\t\t<\/dt><\/dl><dl class='gallery-item'>\n\t\t\t<dt class='gallery-icon landscape'>\n\t\t\t\t<a href='https:\/\/franciscanos.org.br\/noticias\/wp-content\/uploads\/2018\/07\/frei_harada_030718-4.jpg'><img width=\"300\" height=\"300\" src=\"https:\/\/franciscanos.org.br\/noticias\/wp-content\/uploads\/2018\/07\/frei_harada_030718-4-300x300.jpg\" class=\"attachment-thumbnail size-thumbnail\" alt=\"\" loading=\"lazy\" srcset=\"https:\/\/franciscanos.org.br\/noticias\/wp-content\/uploads\/2018\/07\/frei_harada_030718-4-300x300.jpg 300w, https:\/\/franciscanos.org.br\/noticias\/wp-content\/uploads\/2018\/07\/frei_harada_030718-4-400x400.jpg 400w\" sizes=\"(max-width: 300px) 100vw, 300px\" \/><\/a>\n\t\t\t<\/dt><\/dl><br style=\"clear: both\" \/><dl class='gallery-item'>\n\t\t\t<dt class='gallery-icon landscape'>\n\t\t\t\t<a href='https:\/\/franciscanos.org.br\/noticias\/wp-content\/uploads\/2018\/07\/frei_harada_030718-5.jpg'><img width=\"300\" height=\"300\" src=\"https:\/\/franciscanos.org.br\/noticias\/wp-content\/uploads\/2018\/07\/frei_harada_030718-5-300x300.jpg\" class=\"attachment-thumbnail size-thumbnail\" alt=\"\" loading=\"lazy\" srcset=\"https:\/\/franciscanos.org.br\/noticias\/wp-content\/uploads\/2018\/07\/frei_harada_030718-5-300x300.jpg 300w, https:\/\/franciscanos.org.br\/noticias\/wp-content\/uploads\/2018\/07\/frei_harada_030718-5-400x400.jpg 400w\" sizes=\"(max-width: 300px) 100vw, 300px\" \/><\/a>\n\t\t\t<\/dt><\/dl><dl class='gallery-item'>\n\t\t\t<dt class='gallery-icon landscape'>\n\t\t\t\t<a href='https:\/\/franciscanos.org.br\/noticias\/wp-content\/uploads\/2018\/07\/frei_harada_030718-6.jpg'><img width=\"300\" height=\"300\" src=\"https:\/\/franciscanos.org.br\/noticias\/wp-content\/uploads\/2018\/07\/frei_harada_030718-6-300x300.jpg\" class=\"attachment-thumbnail size-thumbnail\" alt=\"\" loading=\"lazy\" srcset=\"https:\/\/franciscanos.org.br\/noticias\/wp-content\/uploads\/2018\/07\/frei_harada_030718-6-300x300.jpg 300w, https:\/\/franciscanos.org.br\/noticias\/wp-content\/uploads\/2018\/07\/frei_harada_030718-6-400x400.jpg 400w\" sizes=\"(max-width: 300px) 100vw, 300px\" \/><\/a>\n\t\t\t<\/dt><\/dl><dl class='gallery-item'>\n\t\t\t<dt class='gallery-icon landscape'>\n\t\t\t\t<a href='https:\/\/franciscanos.org.br\/noticias\/wp-content\/uploads\/2018\/07\/frei_harada_030718-7.jpg'><img width=\"300\" height=\"300\" src=\"https:\/\/franciscanos.org.br\/noticias\/wp-content\/uploads\/2018\/07\/frei_harada_030718-7-300x300.jpg\" class=\"attachment-thumbnail size-thumbnail\" alt=\"\" loading=\"lazy\" srcset=\"https:\/\/franciscanos.org.br\/noticias\/wp-content\/uploads\/2018\/07\/frei_harada_030718-7-300x300.jpg 300w, https:\/\/franciscanos.org.br\/noticias\/wp-content\/uploads\/2018\/07\/frei_harada_030718-7-400x400.jpg 400w\" sizes=\"(max-width: 300px) 100vw, 300px\" \/><\/a>\n\t\t\t<\/dt><\/dl><dl class='gallery-item'>\n\t\t\t<dt class='gallery-icon landscape'>\n\t\t\t\t<a href='https:\/\/franciscanos.org.br\/noticias\/wp-content\/uploads\/2018\/07\/frei_harada_030718-8.jpg'><img width=\"300\" height=\"300\" src=\"https:\/\/franciscanos.org.br\/noticias\/wp-content\/uploads\/2018\/07\/frei_harada_030718-8-300x300.jpg\" class=\"attachment-thumbnail size-thumbnail\" alt=\"\" loading=\"lazy\" srcset=\"https:\/\/franciscanos.org.br\/noticias\/wp-content\/uploads\/2018\/07\/frei_harada_030718-8-300x300.jpg 300w, https:\/\/franciscanos.org.br\/noticias\/wp-content\/uploads\/2018\/07\/frei_harada_030718-8-400x400.jpg 400w\" sizes=\"(max-width: 300px) 100vw, 300px\" \/><\/a>\n\t\t\t<\/dt><\/dl><br style=\"clear: both\" \/><dl class='gallery-item'>\n\t\t\t<dt class='gallery-icon landscape'>\n\t\t\t\t<a href='https:\/\/franciscanos.org.br\/noticias\/wp-content\/uploads\/2018\/07\/frei_harada_030718-9.jpg'><img width=\"300\" height=\"300\" src=\"https:\/\/franciscanos.org.br\/noticias\/wp-content\/uploads\/2018\/07\/frei_harada_030718-9-300x300.jpg\" class=\"attachment-thumbnail size-thumbnail\" alt=\"\" loading=\"lazy\" srcset=\"https:\/\/franciscanos.org.br\/noticias\/wp-content\/uploads\/2018\/07\/frei_harada_030718-9-300x300.jpg 300w, https:\/\/franciscanos.org.br\/noticias\/wp-content\/uploads\/2018\/07\/frei_harada_030718-9-400x400.jpg 400w\" sizes=\"(max-width: 300px) 100vw, 300px\" \/><\/a>\n\t\t\t<\/dt><\/dl><dl class='gallery-item'>\n\t\t\t<dt class='gallery-icon landscape'>\n\t\t\t\t<a href='https:\/\/franciscanos.org.br\/noticias\/wp-content\/uploads\/2018\/07\/frei_harada_030718-10.jpg'><img width=\"300\" height=\"300\" src=\"https:\/\/franciscanos.org.br\/noticias\/wp-content\/uploads\/2018\/07\/frei_harada_030718-10-300x300.jpg\" class=\"attachment-thumbnail size-thumbnail\" alt=\"\" loading=\"lazy\" srcset=\"https:\/\/franciscanos.org.br\/noticias\/wp-content\/uploads\/2018\/07\/frei_harada_030718-10-300x300.jpg 300w, https:\/\/franciscanos.org.br\/noticias\/wp-content\/uploads\/2018\/07\/frei_harada_030718-10-400x400.jpg 400w\" sizes=\"(max-width: 300px) 100vw, 300px\" \/><\/a>\n\t\t\t<\/dt><\/dl><dl class='gallery-item'>\n\t\t\t<dt class='gallery-icon landscape'>\n\t\t\t\t<a href='https:\/\/franciscanos.org.br\/noticias\/wp-content\/uploads\/2018\/07\/frei_harada_030718-11.jpg'><img width=\"300\" height=\"300\" src=\"https:\/\/franciscanos.org.br\/noticias\/wp-content\/uploads\/2018\/07\/frei_harada_030718-11-300x300.jpg\" class=\"attachment-thumbnail size-thumbnail\" alt=\"\" loading=\"lazy\" srcset=\"https:\/\/franciscanos.org.br\/noticias\/wp-content\/uploads\/2018\/07\/frei_harada_030718-11-300x300.jpg 300w, https:\/\/franciscanos.org.br\/noticias\/wp-content\/uploads\/2018\/07\/frei_harada_030718-11-400x400.jpg 400w\" sizes=\"(max-width: 300px) 100vw, 300px\" \/><\/a>\n\t\t\t<\/dt><\/dl><dl class='gallery-item'>\n\t\t\t<dt class='gallery-icon landscape'>\n\t\t\t\t<a href='https:\/\/franciscanos.org.br\/noticias\/wp-content\/uploads\/2018\/07\/frei_harada_030718-12.jpg'><img width=\"300\" height=\"300\" src=\"https:\/\/franciscanos.org.br\/noticias\/wp-content\/uploads\/2018\/07\/frei_harada_030718-12-300x300.jpg\" class=\"attachment-thumbnail size-thumbnail\" alt=\"\" loading=\"lazy\" srcset=\"https:\/\/franciscanos.org.br\/noticias\/wp-content\/uploads\/2018\/07\/frei_harada_030718-12-300x300.jpg 300w, https:\/\/franciscanos.org.br\/noticias\/wp-content\/uploads\/2018\/07\/frei_harada_030718-12-400x400.jpg 400w\" sizes=\"(max-width: 300px) 100vw, 300px\" \/><\/a>\n\t\t\t<\/dt><\/dl><br style=\"clear: both\" \/><dl class='gallery-item'>\n\t\t\t<dt class='gallery-icon landscape'>\n\t\t\t\t<a href='https:\/\/franciscanos.org.br\/noticias\/wp-content\/uploads\/2018\/07\/frei_harada_030718-13.jpg'><img width=\"300\" height=\"300\" src=\"https:\/\/franciscanos.org.br\/noticias\/wp-content\/uploads\/2018\/07\/frei_harada_030718-13-300x300.jpg\" class=\"attachment-thumbnail size-thumbnail\" alt=\"\" loading=\"lazy\" srcset=\"https:\/\/franciscanos.org.br\/noticias\/wp-content\/uploads\/2018\/07\/frei_harada_030718-13-300x300.jpg 300w, https:\/\/franciscanos.org.br\/noticias\/wp-content\/uploads\/2018\/07\/frei_harada_030718-13-400x400.jpg 400w\" sizes=\"(max-width: 300px) 100vw, 300px\" \/><\/a>\n\t\t\t<\/dt><\/dl><dl class='gallery-item'>\n\t\t\t<dt class='gallery-icon landscape'>\n\t\t\t\t<a href='https:\/\/franciscanos.org.br\/noticias\/wp-content\/uploads\/2018\/07\/frei_harada_030718-14.jpg'><img width=\"300\" height=\"300\" src=\"https:\/\/franciscanos.org.br\/noticias\/wp-content\/uploads\/2018\/07\/frei_harada_030718-14-300x300.jpg\" class=\"attachment-thumbnail size-thumbnail\" alt=\"\" loading=\"lazy\" srcset=\"https:\/\/franciscanos.org.br\/noticias\/wp-content\/uploads\/2018\/07\/frei_harada_030718-14-300x300.jpg 300w, https:\/\/franciscanos.org.br\/noticias\/wp-content\/uploads\/2018\/07\/frei_harada_030718-14-400x400.jpg 400w\" sizes=\"(max-width: 300px) 100vw, 300px\" \/><\/a>\n\t\t\t<\/dt><\/dl><dl class='gallery-item'>\n\t\t\t<dt class='gallery-icon landscape'>\n\t\t\t\t<a href='https:\/\/franciscanos.org.br\/noticias\/wp-content\/uploads\/2018\/07\/frei_harada_030718-15.jpg'><img width=\"300\" height=\"300\" src=\"https:\/\/franciscanos.org.br\/noticias\/wp-content\/uploads\/2018\/07\/frei_harada_030718-15-300x300.jpg\" class=\"attachment-thumbnail size-thumbnail\" alt=\"\" loading=\"lazy\" srcset=\"https:\/\/franciscanos.org.br\/noticias\/wp-content\/uploads\/2018\/07\/frei_harada_030718-15-300x300.jpg 300w, https:\/\/franciscanos.org.br\/noticias\/wp-content\/uploads\/2018\/07\/frei_harada_030718-15-400x400.jpg 400w\" sizes=\"(max-width: 300px) 100vw, 300px\" \/><\/a>\n\t\t\t<\/dt><\/dl><dl class='gallery-item'>\n\t\t\t<dt class='gallery-icon portrait'>\n\t\t\t\t<a href='https:\/\/franciscanos.org.br\/noticias\/wp-content\/uploads\/2018\/07\/frei_harada_030718-17-e1544200298917.jpg'><img width=\"300\" height=\"300\" src=\"https:\/\/franciscanos.org.br\/noticias\/wp-content\/uploads\/2018\/07\/frei_harada_030718-17-e1544200298917-300x300.jpg\" class=\"attachment-thumbnail size-thumbnail\" alt=\"\" loading=\"lazy\" srcset=\"https:\/\/franciscanos.org.br\/noticias\/wp-content\/uploads\/2018\/07\/frei_harada_030718-17-e1544200298917-300x300.jpg 300w, https:\/\/franciscanos.org.br\/noticias\/wp-content\/uploads\/2018\/07\/frei_harada_030718-17-e1544200298917-400x400.jpg 400w\" sizes=\"(max-width: 300px) 100vw, 300px\" \/><\/a>\n\t\t\t<\/dt><\/dl><br style=\"clear: both\" \/><dl class='gallery-item'>\n\t\t\t<dt class='gallery-icon landscape'>\n\t\t\t\t<a href='https:\/\/franciscanos.org.br\/noticias\/wp-content\/uploads\/2018\/07\/frei_harada_030718-18.jpg'><img width=\"300\" height=\"300\" src=\"https:\/\/franciscanos.org.br\/noticias\/wp-content\/uploads\/2018\/07\/frei_harada_030718-18-300x300.jpg\" class=\"attachment-thumbnail size-thumbnail\" alt=\"\" loading=\"lazy\" srcset=\"https:\/\/franciscanos.org.br\/noticias\/wp-content\/uploads\/2018\/07\/frei_harada_030718-18-300x300.jpg 300w, https:\/\/franciscanos.org.br\/noticias\/wp-content\/uploads\/2018\/07\/frei_harada_030718-18-400x400.jpg 400w\" sizes=\"(max-width: 300px) 100vw, 300px\" \/><\/a>\n\t\t\t<\/dt><\/dl><dl class='gallery-item'>\n\t\t\t<dt class='gallery-icon landscape'>\n\t\t\t\t<a href='https:\/\/franciscanos.org.br\/noticias\/wp-content\/uploads\/2018\/07\/frei_harada_030718-19.jpg'><img width=\"300\" height=\"300\" src=\"https:\/\/franciscanos.org.br\/noticias\/wp-content\/uploads\/2018\/07\/frei_harada_030718-19-300x300.jpg\" class=\"attachment-thumbnail size-thumbnail\" alt=\"\" loading=\"lazy\" srcset=\"https:\/\/franciscanos.org.br\/noticias\/wp-content\/uploads\/2018\/07\/frei_harada_030718-19-300x300.jpg 300w, https:\/\/franciscanos.org.br\/noticias\/wp-content\/uploads\/2018\/07\/frei_harada_030718-19-400x400.jpg 400w\" sizes=\"(max-width: 300px) 100vw, 300px\" \/><\/a>\n\t\t\t<\/dt><\/dl><dl class='gallery-item'>\n\t\t\t<dt class='gallery-icon landscape'>\n\t\t\t\t<a href='https:\/\/franciscanos.org.br\/noticias\/wp-content\/uploads\/2018\/07\/frei_harada_030718-20.jpg'><img width=\"300\" height=\"300\" src=\"https:\/\/franciscanos.org.br\/noticias\/wp-content\/uploads\/2018\/07\/frei_harada_030718-20-300x300.jpg\" class=\"attachment-thumbnail size-thumbnail\" alt=\"\" loading=\"lazy\" srcset=\"https:\/\/franciscanos.org.br\/noticias\/wp-content\/uploads\/2018\/07\/frei_harada_030718-20-300x300.jpg 300w, https:\/\/franciscanos.org.br\/noticias\/wp-content\/uploads\/2018\/07\/frei_harada_030718-20-400x400.jpg 400w\" sizes=\"(max-width: 300px) 100vw, 300px\" \/><\/a>\n\t\t\t<\/dt><\/dl><dl class='gallery-item'>\n\t\t\t<dt class='gallery-icon portrait'>\n\t\t\t\t<a href='https:\/\/franciscanos.org.br\/noticias\/wp-content\/uploads\/2018\/07\/frei_harada_030718-21-e1544200312962.jpg'><img width=\"300\" height=\"300\" src=\"https:\/\/franciscanos.org.br\/noticias\/wp-content\/uploads\/2018\/07\/frei_harada_030718-21-e1544200312962-300x300.jpg\" class=\"attachment-thumbnail size-thumbnail\" alt=\"\" loading=\"lazy\" srcset=\"https:\/\/franciscanos.org.br\/noticias\/wp-content\/uploads\/2018\/07\/frei_harada_030718-21-e1544200312962-300x300.jpg 300w, https:\/\/franciscanos.org.br\/noticias\/wp-content\/uploads\/2018\/07\/frei_harada_030718-21-e1544200312962-400x400.jpg 400w\" sizes=\"(max-width: 300px) 100vw, 300px\" \/><\/a>\n\t\t\t<\/dt><\/dl><br style=\"clear: both\" \/><dl class='gallery-item'>\n\t\t\t<dt class='gallery-icon portrait'>\n\t\t\t\t<a href='https:\/\/franciscanos.org.br\/noticias\/wp-content\/uploads\/2018\/07\/frei_harada_030718-22-e1544200334281.jpg'><img width=\"300\" height=\"300\" src=\"https:\/\/franciscanos.org.br\/noticias\/wp-content\/uploads\/2018\/07\/frei_harada_030718-22-e1544200334281-300x300.jpg\" class=\"attachment-thumbnail size-thumbnail\" alt=\"\" loading=\"lazy\" srcset=\"https:\/\/franciscanos.org.br\/noticias\/wp-content\/uploads\/2018\/07\/frei_harada_030718-22-e1544200334281-300x300.jpg 300w, https:\/\/franciscanos.org.br\/noticias\/wp-content\/uploads\/2018\/07\/frei_harada_030718-22-e1544200334281-400x400.jpg 400w\" sizes=\"(max-width: 300px) 100vw, 300px\" \/><\/a>\n\t\t\t<\/dt><\/dl><dl class='gallery-item'>\n\t\t\t<dt class='gallery-icon landscape'>\n\t\t\t\t<a href='https:\/\/franciscanos.org.br\/noticias\/wp-content\/uploads\/2018\/07\/frei_harada_030718-23.jpg'><img width=\"300\" height=\"300\" src=\"https:\/\/franciscanos.org.br\/noticias\/wp-content\/uploads\/2018\/07\/frei_harada_030718-23-300x300.jpg\" class=\"attachment-thumbnail size-thumbnail\" alt=\"\" loading=\"lazy\" srcset=\"https:\/\/franciscanos.org.br\/noticias\/wp-content\/uploads\/2018\/07\/frei_harada_030718-23-300x300.jpg 300w, https:\/\/franciscanos.org.br\/noticias\/wp-content\/uploads\/2018\/07\/frei_harada_030718-23-400x400.jpg 400w\" sizes=\"(max-width: 300px) 100vw, 300px\" \/><\/a>\n\t\t\t<\/dt><\/dl><dl class='gallery-item'>\n\t\t\t<dt class='gallery-icon landscape'>\n\t\t\t\t<a href='https:\/\/franciscanos.org.br\/noticias\/wp-content\/uploads\/2018\/07\/frei_harada_030718-24.jpg'><img width=\"300\" height=\"300\" src=\"https:\/\/franciscanos.org.br\/noticias\/wp-content\/uploads\/2018\/07\/frei_harada_030718-24-300x300.jpg\" class=\"attachment-thumbnail size-thumbnail\" alt=\"\" loading=\"lazy\" srcset=\"https:\/\/franciscanos.org.br\/noticias\/wp-content\/uploads\/2018\/07\/frei_harada_030718-24-300x300.jpg 300w, https:\/\/franciscanos.org.br\/noticias\/wp-content\/uploads\/2018\/07\/frei_harada_030718-24-400x400.jpg 400w\" sizes=\"(max-width: 300px) 100vw, 300px\" \/><\/a>\n\t\t\t<\/dt><\/dl><dl class='gallery-item'>\n\t\t\t<dt class='gallery-icon portrait'>\n\t\t\t\t<a href='https:\/\/franciscanos.org.br\/noticias\/wp-content\/uploads\/2018\/07\/frei_harada_030718-25-e1544200344722.jpg'><img width=\"300\" height=\"300\" src=\"https:\/\/franciscanos.org.br\/noticias\/wp-content\/uploads\/2018\/07\/frei_harada_030718-25-e1544200344722-300x300.jpg\" class=\"attachment-thumbnail size-thumbnail\" alt=\"\" loading=\"lazy\" srcset=\"https:\/\/franciscanos.org.br\/noticias\/wp-content\/uploads\/2018\/07\/frei_harada_030718-25-e1544200344722-300x300.jpg 300w, https:\/\/franciscanos.org.br\/noticias\/wp-content\/uploads\/2018\/07\/frei_harada_030718-25-e1544200344722-400x400.jpg 400w\" sizes=\"(max-width: 300px) 100vw, 300px\" \/><\/a>\n\t\t\t<\/dt><\/dl><br style=\"clear: both\" \/><dl class='gallery-item'>\n\t\t\t<dt class='gallery-icon landscape'>\n\t\t\t\t<a href='https:\/\/franciscanos.org.br\/noticias\/wp-content\/uploads\/2018\/07\/frei_harada_030718-26.jpg'><img width=\"300\" height=\"300\" src=\"https:\/\/franciscanos.org.br\/noticias\/wp-content\/uploads\/2018\/07\/frei_harada_030718-26-300x300.jpg\" class=\"attachment-thumbnail size-thumbnail\" alt=\"\" loading=\"lazy\" srcset=\"https:\/\/franciscanos.org.br\/noticias\/wp-content\/uploads\/2018\/07\/frei_harada_030718-26-300x300.jpg 300w, https:\/\/franciscanos.org.br\/noticias\/wp-content\/uploads\/2018\/07\/frei_harada_030718-26-400x400.jpg 400w\" sizes=\"(max-width: 300px) 100vw, 300px\" \/><\/a>\n\t\t\t<\/dt><\/dl><dl class='gallery-item'>\n\t\t\t<dt class='gallery-icon landscape'>\n\t\t\t\t<a href='https:\/\/franciscanos.org.br\/noticias\/wp-content\/uploads\/2018\/07\/frei_harada_030718-27.jpg'><img width=\"300\" height=\"300\" src=\"https:\/\/franciscanos.org.br\/noticias\/wp-content\/uploads\/2018\/07\/frei_harada_030718-27-300x300.jpg\" class=\"attachment-thumbnail size-thumbnail\" alt=\"\" loading=\"lazy\" srcset=\"https:\/\/franciscanos.org.br\/noticias\/wp-content\/uploads\/2018\/07\/frei_harada_030718-27-300x300.jpg 300w, https:\/\/franciscanos.org.br\/noticias\/wp-content\/uploads\/2018\/07\/frei_harada_030718-27-400x400.jpg 400w\" sizes=\"(max-width: 300px) 100vw, 300px\" \/><\/a>\n\t\t\t<\/dt><\/dl><dl class='gallery-item'>\n\t\t\t<dt class='gallery-icon landscape'>\n\t\t\t\t<a href='https:\/\/franciscanos.org.br\/noticias\/wp-content\/uploads\/2018\/07\/frei_harada_030718-28.jpg'><img width=\"300\" height=\"300\" src=\"https:\/\/franciscanos.org.br\/noticias\/wp-content\/uploads\/2018\/07\/frei_harada_030718-28-300x300.jpg\" class=\"attachment-thumbnail size-thumbnail\" alt=\"\" loading=\"lazy\" srcset=\"https:\/\/franciscanos.org.br\/noticias\/wp-content\/uploads\/2018\/07\/frei_harada_030718-28-300x300.jpg 300w, https:\/\/franciscanos.org.br\/noticias\/wp-content\/uploads\/2018\/07\/frei_harada_030718-28-400x400.jpg 400w\" sizes=\"(max-width: 300px) 100vw, 300px\" \/><\/a>\n\t\t\t<\/dt><\/dl><dl class='gallery-item'>\n\t\t\t<dt class='gallery-icon landscape'>\n\t\t\t\t<a href='https:\/\/franciscanos.org.br\/noticias\/wp-content\/uploads\/2018\/07\/frei_harada_030718-29.jpg'><img width=\"300\" height=\"300\" src=\"https:\/\/franciscanos.org.br\/noticias\/wp-content\/uploads\/2018\/07\/frei_harada_030718-29-300x300.jpg\" class=\"attachment-thumbnail size-thumbnail\" alt=\"\" loading=\"lazy\" srcset=\"https:\/\/franciscanos.org.br\/noticias\/wp-content\/uploads\/2018\/07\/frei_harada_030718-29-300x300.jpg 300w, https:\/\/franciscanos.org.br\/noticias\/wp-content\/uploads\/2018\/07\/frei_harada_030718-29-400x400.jpg 400w\" sizes=\"(max-width: 300px) 100vw, 300px\" \/><\/a>\n\t\t\t<\/dt><\/dl><br style=\"clear: both\" \/>\n\t\t<\/div>\n\n","protected":false},"excerpt":{"rendered":"<p>Encontro Celebrativo<\/p>\n","protected":false},"author":5,"featured_media":192367,"comment_status":"open","ping_status":"open","sticky":false,"template":"","format":"standard","meta":[],"categories":[1],"tags":[586],"acf":[],"yoast_head":"<!-- This site is optimized with the Yoast SEO plugin v19.2 - https:\/\/yoast.com\/wordpress\/plugins\/seo\/ -->\n<title>Novo encontro vai celebrar legado de Frei Harada - Not\u00edcias - Franciscanos<\/title>\n<meta name=\"robots\" content=\"index, follow, max-snippet:-1, max-image-preview:large, max-video-preview:-1\" \/>\n<link rel=\"canonical\" href=\"https:\/\/franciscanos.org.br\/noticias\/novo-encontro-vai-celebrar-legado-de-frei-harada.html\" \/>\n<meta property=\"og:locale\" content=\"pt_BR\" \/>\n<meta property=\"og:type\" content=\"article\" \/>\n<meta property=\"og:title\" content=\"Novo encontro vai celebrar legado de Frei Harada - Not\u00edcias - Franciscanos\" \/>\n<meta property=\"og:description\" content=\"Encontro Celebrativo\" \/>\n<meta property=\"og:url\" content=\"https:\/\/franciscanos.org.br\/noticias\/novo-encontro-vai-celebrar-legado-de-frei-harada.html\" \/>\n<meta property=\"og:site_name\" content=\"Not\u00edcias - Franciscanos\" \/>\n<meta property=\"article:published_time\" content=\"2018-07-04T10:15:58+00:00\" \/>\n<meta property=\"article:modified_time\" content=\"2019-08-19T14:13:08+00:00\" \/>\n<meta property=\"og:image\" content=\"https:\/\/franciscanos.org.br\/noticias\/wp-content\/uploads\/2018\/07\/encontro_harada_5.jpg\" \/>\n\t<meta property=\"og:image:width\" content=\"330\" \/>\n\t<meta property=\"og:image:height\" content=\"219\" \/>\n\t<meta property=\"og:image:type\" content=\"image\/jpeg\" \/>\n<meta name=\"author\" content=\"freiaugusto\" \/>\n<meta name=\"twitter:card\" content=\"summary_large_image\" \/>\n<meta name=\"twitter:label1\" content=\"Escrito por\" \/>\n\t<meta name=\"twitter:data1\" content=\"freiaugusto\" \/>\n\t<meta name=\"twitter:label2\" content=\"Est. tempo de leitura\" \/>\n\t<meta name=\"twitter:data2\" content=\"7 minutos\" \/>\n<script type=\"application\/ld+json\" class=\"yoast-schema-graph\">{\"@context\":\"https:\/\/schema.org\",\"@graph\":[{\"@type\":\"WebSite\",\"@id\":\"https:\/\/franciscanos.org.br\/noticias\/#website\",\"url\":\"https:\/\/franciscanos.org.br\/noticias\/\",\"name\":\"Not\u00edcias - Franciscanos\",\"description\":\"Prov\u00edncia Franciscana da Imaculada Concei\u00e7\u00e3o do Brasil - Ordem dos Frades Menores - OFM\",\"potentialAction\":[{\"@type\":\"SearchAction\",\"target\":{\"@type\":\"EntryPoint\",\"urlTemplate\":\"https:\/\/franciscanos.org.br\/noticias\/?s={search_term_string}\"},\"query-input\":\"required name=search_term_string\"}],\"inLanguage\":\"pt-BR\"},{\"@type\":\"ImageObject\",\"inLanguage\":\"pt-BR\",\"@id\":\"https:\/\/franciscanos.org.br\/noticias\/novo-encontro-vai-celebrar-legado-de-frei-harada.html#primaryimage\",\"url\":\"https:\/\/franciscanos.org.br\/noticias\/wp-content\/uploads\/2018\/07\/encontro_harada_5.jpg\",\"contentUrl\":\"https:\/\/franciscanos.org.br\/noticias\/wp-content\/uploads\/2018\/07\/encontro_harada_5.jpg\",\"width\":330,\"height\":219},{\"@type\":\"WebPage\",\"@id\":\"https:\/\/franciscanos.org.br\/noticias\/novo-encontro-vai-celebrar-legado-de-frei-harada.html#webpage\",\"url\":\"https:\/\/franciscanos.org.br\/noticias\/novo-encontro-vai-celebrar-legado-de-frei-harada.html\",\"name\":\"Novo encontro vai celebrar legado de Frei Harada - Not\u00edcias - Franciscanos\",\"isPartOf\":{\"@id\":\"https:\/\/franciscanos.org.br\/noticias\/#website\"},\"primaryImageOfPage\":{\"@id\":\"https:\/\/franciscanos.org.br\/noticias\/novo-encontro-vai-celebrar-legado-de-frei-harada.html#primaryimage\"},\"datePublished\":\"2018-07-04T10:15:58+00:00\",\"dateModified\":\"2019-08-19T14:13:08+00:00\",\"author\":{\"@id\":\"https:\/\/franciscanos.org.br\/noticias\/#\/schema\/person\/37f88f0d111cd5358b12a6556a99eb91\"},\"breadcrumb\":{\"@id\":\"https:\/\/franciscanos.org.br\/noticias\/novo-encontro-vai-celebrar-legado-de-frei-harada.html#breadcrumb\"},\"inLanguage\":\"pt-BR\",\"potentialAction\":[{\"@type\":\"ReadAction\",\"target\":[\"https:\/\/franciscanos.org.br\/noticias\/novo-encontro-vai-celebrar-legado-de-frei-harada.html\"]}]},{\"@type\":\"BreadcrumbList\",\"@id\":\"https:\/\/franciscanos.org.br\/noticias\/novo-encontro-vai-celebrar-legado-de-frei-harada.html#breadcrumb\",\"itemListElement\":[{\"@type\":\"ListItem\",\"position\":1,\"name\":\"Home\",\"item\":\"https:\/\/franciscanos.org.br\/noticias\"},{\"@type\":\"ListItem\",\"position\":2,\"name\":\"Novo encontro vai celebrar legado de Frei Harada\"}]},{\"@type\":\"Person\",\"@id\":\"https:\/\/franciscanos.org.br\/noticias\/#\/schema\/person\/37f88f0d111cd5358b12a6556a99eb91\",\"name\":\"freiaugusto\",\"image\":{\"@type\":\"ImageObject\",\"inLanguage\":\"pt-BR\",\"@id\":\"https:\/\/franciscanos.org.br\/noticias\/#\/schema\/person\/image\/\",\"url\":\"https:\/\/secure.gravatar.com\/avatar\/9840b940e621801b24f3e6b059efb4b7?s=96&d=mm&r=g\",\"contentUrl\":\"https:\/\/secure.gravatar.com\/avatar\/9840b940e621801b24f3e6b059efb4b7?s=96&d=mm&r=g\",\"caption\":\"freiaugusto\"},\"url\":\"https:\/\/franciscanos.org.br\/noticias\/author\/freiaugusto\"}]}<\/script>\n<!-- \/ Yoast SEO plugin. -->","yoast_head_json":{"title":"Novo encontro vai celebrar legado de Frei Harada - Not\u00edcias - Franciscanos","robots":{"index":"index","follow":"follow","max-snippet":"max-snippet:-1","max-image-preview":"max-image-preview:large","max-video-preview":"max-video-preview:-1"},"canonical":"https:\/\/franciscanos.org.br\/noticias\/novo-encontro-vai-celebrar-legado-de-frei-harada.html","og_locale":"pt_BR","og_type":"article","og_title":"Novo encontro vai celebrar legado de Frei Harada - Not\u00edcias - Franciscanos","og_description":"Encontro Celebrativo","og_url":"https:\/\/franciscanos.org.br\/noticias\/novo-encontro-vai-celebrar-legado-de-frei-harada.html","og_site_name":"Not\u00edcias - Franciscanos","article_published_time":"2018-07-04T10:15:58+00:00","article_modified_time":"2019-08-19T14:13:08+00:00","og_image":[{"width":330,"height":219,"url":"https:\/\/franciscanos.org.br\/noticias\/wp-content\/uploads\/2018\/07\/encontro_harada_5.jpg","type":"image\/jpeg"}],"author":"freiaugusto","twitter_card":"summary_large_image","twitter_misc":{"Escrito por":"freiaugusto","Est. tempo de leitura":"7 minutos"},"schema":{"@context":"https:\/\/schema.org","@graph":[{"@type":"WebSite","@id":"https:\/\/franciscanos.org.br\/noticias\/#website","url":"https:\/\/franciscanos.org.br\/noticias\/","name":"Not\u00edcias - Franciscanos","description":"Prov\u00edncia Franciscana da Imaculada Concei\u00e7\u00e3o do Brasil - Ordem dos Frades Menores - OFM","potentialAction":[{"@type":"SearchAction","target":{"@type":"EntryPoint","urlTemplate":"https:\/\/franciscanos.org.br\/noticias\/?s={search_term_string}"},"query-input":"required name=search_term_string"}],"inLanguage":"pt-BR"},{"@type":"ImageObject","inLanguage":"pt-BR","@id":"https:\/\/franciscanos.org.br\/noticias\/novo-encontro-vai-celebrar-legado-de-frei-harada.html#primaryimage","url":"https:\/\/franciscanos.org.br\/noticias\/wp-content\/uploads\/2018\/07\/encontro_harada_5.jpg","contentUrl":"https:\/\/franciscanos.org.br\/noticias\/wp-content\/uploads\/2018\/07\/encontro_harada_5.jpg","width":330,"height":219},{"@type":"WebPage","@id":"https:\/\/franciscanos.org.br\/noticias\/novo-encontro-vai-celebrar-legado-de-frei-harada.html#webpage","url":"https:\/\/franciscanos.org.br\/noticias\/novo-encontro-vai-celebrar-legado-de-frei-harada.html","name":"Novo encontro vai celebrar legado de Frei Harada - Not\u00edcias - Franciscanos","isPartOf":{"@id":"https:\/\/franciscanos.org.br\/noticias\/#website"},"primaryImageOfPage":{"@id":"https:\/\/franciscanos.org.br\/noticias\/novo-encontro-vai-celebrar-legado-de-frei-harada.html#primaryimage"},"datePublished":"2018-07-04T10:15:58+00:00","dateModified":"2019-08-19T14:13:08+00:00","author":{"@id":"https:\/\/franciscanos.org.br\/noticias\/#\/schema\/person\/37f88f0d111cd5358b12a6556a99eb91"},"breadcrumb":{"@id":"https:\/\/franciscanos.org.br\/noticias\/novo-encontro-vai-celebrar-legado-de-frei-harada.html#breadcrumb"},"inLanguage":"pt-BR","potentialAction":[{"@type":"ReadAction","target":["https:\/\/franciscanos.org.br\/noticias\/novo-encontro-vai-celebrar-legado-de-frei-harada.html"]}]},{"@type":"BreadcrumbList","@id":"https:\/\/franciscanos.org.br\/noticias\/novo-encontro-vai-celebrar-legado-de-frei-harada.html#breadcrumb","itemListElement":[{"@type":"ListItem","position":1,"name":"Home","item":"https:\/\/franciscanos.org.br\/noticias"},{"@type":"ListItem","position":2,"name":"Novo encontro vai celebrar legado de Frei Harada"}]},{"@type":"Person","@id":"https:\/\/franciscanos.org.br\/noticias\/#\/schema\/person\/37f88f0d111cd5358b12a6556a99eb91","name":"freiaugusto","image":{"@type":"ImageObject","inLanguage":"pt-BR","@id":"https:\/\/franciscanos.org.br\/noticias\/#\/schema\/person\/image\/","url":"https:\/\/secure.gravatar.com\/avatar\/9840b940e621801b24f3e6b059efb4b7?s=96&d=mm&r=g","contentUrl":"https:\/\/secure.gravatar.com\/avatar\/9840b940e621801b24f3e6b059efb4b7?s=96&d=mm&r=g","caption":"freiaugusto"},"url":"https:\/\/franciscanos.org.br\/noticias\/author\/freiaugusto"}]}},"_links":{"self":[{"href":"https:\/\/franciscanos.org.br\/noticias\/wp-json\/wp\/v2\/posts\/166145"}],"collection":[{"href":"https:\/\/franciscanos.org.br\/noticias\/wp-json\/wp\/v2\/posts"}],"about":[{"href":"https:\/\/franciscanos.org.br\/noticias\/wp-json\/wp\/v2\/types\/post"}],"author":[{"embeddable":true,"href":"https:\/\/franciscanos.org.br\/noticias\/wp-json\/wp\/v2\/users\/5"}],"replies":[{"embeddable":true,"href":"https:\/\/franciscanos.org.br\/noticias\/wp-json\/wp\/v2\/comments?post=166145"}],"version-history":[{"count":0,"href":"https:\/\/franciscanos.org.br\/noticias\/wp-json\/wp\/v2\/posts\/166145\/revisions"}],"wp:featuredmedia":[{"embeddable":true,"href":"https:\/\/franciscanos.org.br\/noticias\/wp-json\/wp\/v2\/media\/192367"}],"wp:attachment":[{"href":"https:\/\/franciscanos.org.br\/noticias\/wp-json\/wp\/v2\/media?parent=166145"}],"wp:term":[{"taxonomy":"category","embeddable":true,"href":"https:\/\/franciscanos.org.br\/noticias\/wp-json\/wp\/v2\/categories?post=166145"},{"taxonomy":"post_tag","embeddable":true,"href":"https:\/\/franciscanos.org.br\/noticias\/wp-json\/wp\/v2\/tags?post=166145"}],"curies":[{"name":"wp","href":"https:\/\/api.w.org\/{rel}","templated":true}]}}