{"id":165936,"date":"2018-07-02T08:24:38","date_gmt":"2018-07-02T11:24:38","guid":{"rendered":"http:\/\/franciscanos.org.br\/?p=165936"},"modified":"2020-06-07T09:08:32","modified_gmt":"2020-06-07T12:08:32","slug":"de-surpresa-papa-janta-com-os-pobres-no-vaticano","status":"publish","type":"post","link":"https:\/\/franciscanos.org.br\/noticias\/de-surpresa-papa-janta-com-os-pobres-no-vaticano.html","title":{"rendered":"De surpresa, Papa janta com os pobres no Vaticano"},"content":{"rendered":"<p><img loading=\"lazy\" src=\"http:\/\/franciscanos.org.br\/wp-content\/uploads\/2018\/07\/papa_020718.jpg\" alt=\"papa_020718\" width=\"820\" height=\"461\" \/><\/p>\n<p><strong>Vaticano &#8211;<\/strong> Grande festa ontem no Vaticano, onde cerca de 280 pessoas pobres foram convidadas para jantar, pelo novo-cardeal Konrad Krajewski, capel\u00e3o papal, que quis assim celebrar a p\u00farpura recebida no Consist\u00f3rio de 28 de junho. De supresa apareceu tamb\u00e9m o Papa Francisco que sentou-se em uma cadeira deixada livre na \u00faltima mesa do refeit\u00f3rio, usado pelos funcion\u00e1rios do Vaticano. Nem mesmo o novo-cardeal sabia de sua chegada.<\/p>\n<p>&#8220;Eu vim para os pobres, n\u00e3o para voc\u00ea&#8221;, disse Francisco sorrindo a \u201cDom Corrado\u201d, que pede para ser chamado ainda assim, n\u00e3o obstante tenha recebido o barrete. Francisco partilhou o jantar e ficou cerca de duas horas conversando com os presentes de uma forma muito familiar e ouvindo as suas hist\u00f3rias, muitas vezes de sofrimento, mas tamb\u00e9m de esperan\u00e7a.<\/p>\n<p><strong>A hist\u00f3ria do volunt\u00e1rio de Santo Egidio<\/strong><\/p>\n<p>Cerca de sessenta volunt\u00e1rios presentes serviram o jantar para os pobres: entre estes estava Carlo Santoro, da Comunidade de Santo Eg\u00eddio, que colabora com a Esmolaria Pontif\u00edcia na ajuda aos sem moradia fixa em Roma. &#8220;Foi uma visita de um calor muito especial&#8221;, disse Santoro, &#8220;porque foi uma refei\u00e7\u00e3o de um novo cardeal com os pobres. Para grande surpresa de todos, chegou o Santo Padre. Pens\u00e1vamos que fosse uma simples sauda\u00e7\u00e3o e que iria embora durante o jantar. Em vez disso, de repente, Dom Konrad me disse que abrisse espa\u00e7o pr\u00f3ximo a mim e ali sentou o Papa. O Papa cumprimentou a todos com muito carinho. \u00c0 nossa mesa estavam sentados v\u00e1rios refugiados s\u00edrios que chegaram com nossos corredores humanit\u00e1rios; um deles tinha vindo de Lesbos no avi\u00e3o do Papa; portanto, mesmo de uma maneira bastante inesperada, ele se viu falando novamente com o Papa e deixou claro que agora ele tinha se integrado e trabalhava&#8221;.<\/p>\n<p><strong>Di\u00e1logo com refugiados<\/strong><\/p>\n<p>&#8220;O Papa &#8211; conta o volunt\u00e1rio de S. Egidio &#8211; disse que nestes \u00faltimos meses v\u00e1rias vezes encontrou-se com refugiados que vinham de campos de refugiados do L\u00edbano e estava impressionado que os primeiros a falarem o italiano eram crian\u00e7as. Como ele frequentemente repete, disse que a integra\u00e7\u00e3o \u00e9 uma coisa fundamental, porque n\u00e3o basta receber: o problema \u00e9 quando n\u00e3o h\u00e1 integra\u00e7\u00e3o e falta trabalho, porque isso n\u00e3o d\u00e1 perspectivas. Na nossa mesa havia tamb\u00e9m outro refugiado que lhe contou como chegou \u00e0 It\u00e1lia: uma jornada de onze meses, tamb\u00e9m atrav\u00e9s do deserto, uma viagem definitivamente cheia de perigos e armadilhas. Ele chegou aqui na It\u00e1lia h\u00e1 alguns anos e tamb\u00e9m se integrou. Outro amigo do Senegal, um mu\u00e7ulmano, disse a ele que \u00e9 a terceira vez que se encontra para almo\u00e7ar com um Papa. Ele lhe disse que j\u00e1 tinha estado no almo\u00e7o tanto com S\u00e3o Jo\u00e3o Paulo II como com Bento XVI, e esta era a terceira vez. Ent\u00e3o o Papa Francisco lhe disse: tu fazes cole\u00e7\u00e3o de Papas!\u201d<\/p>\n<p><img loading=\"lazy\" src=\"http:\/\/franciscanos.org.br\/wp-content\/uploads\/2018\/07\/papa_020718_1.jpg\" alt=\"papa_020718_1\" width=\"820\" height=\"461\" \/><\/p>\n<p><strong>Vizinhos do Papa<\/strong><\/p>\n<p>&#8220;Ent\u00e3o, o Papa falou com v\u00e1rios dos nossos amigos, o meu e Dom Konrad, com quem colaboramos todos os dias: s\u00e3o pessoas que dormem em S\u00e3o Pedro. N\u00f3s os apresentamos a ele porque eles s\u00e3o um pouco seus vizinhos e ele era muito afetuoso com eles. Dom Konrad explicou ao Papa que tamb\u00e9m colaboramos muito com ele para organizar o funeral de quem morre na rua. \u00c9 uma maneira para dar dignidade \u00e0queles que foram descartados e tiveram uma vida particularmente dif\u00edcil. E sobre isso o Papa quis se informar&#8221;.<\/p>\n<p><strong>Preocupado com crian\u00e7as separadas dos pais no Texas<\/strong><\/p>\n<p>&#8220;A presen\u00e7a de crian\u00e7as tocou muito o papa. Havia, em particular, uma crian\u00e7a refugiada s\u00edria nascida em Roma h\u00e1 alguns meses e que recebeu o batismo ontem: o Papa aben\u00e7oou-a. A presen\u00e7a das crian\u00e7as era muito vis\u00edvel e alegre em torno do Santo Padre. O Papa, entre outras coisas, nos disse que ficou muito impressionado com a quest\u00e3o das crian\u00e7as tiradas das m\u00e3es no Texas&#8221;.<\/p>\n<p><strong>Europa \u00e0 beira do suic\u00eddio<\/strong><\/p>\n<p>O volunt\u00e1rio de Santo Eg\u00eddio explica que essas pessoas &#8220;sentem-se ajudadas, sentem-se compreendidas, numa situa\u00e7\u00e3o que \u00e9 objetivamente dif\u00edcil na Europa&#8221;. Eu penso sobretudo nos estrangeiros, nos refugiados. Eles sentem que muitas vezes a atmosfera n\u00e3o \u00e9 favor\u00e1vel a eles. O Papa repetiu que a Europa est\u00e1 \u00e0 beira do suic\u00eddio porque o fato de n\u00e3o aceitar os imigrantes e de n\u00e3o ter filhos n\u00e3o abre perspectivas para o futuro do continente. Isso \u00e9 uma coisa muito preocupante e a mesma coisa tamb\u00e9m \u00e9 registrada em outras partes do mundo e, em particular, dava o exemplo dos Estados Unidos &#8220;.<\/p>\n<p><strong>No jantar com ex-condenados<\/strong><\/p>\n<p>&#8220;O Papa &#8211; disse Santoro &#8211; tamb\u00e9m falou com alguns ex-prisioneiros, repetindo algo que costuma dizer: &#8216;Mas por que n\u00e3o eu?&#8217; O Papa se identifica muito com os pobres e principalmente com os que est\u00e3o na pris\u00e3o. De fato, junto com o Papa, cada um de n\u00f3s poderia dizer: &#8216;Eu tamb\u00e9m poderia ser pobre&#8217;. Quando contamos a ele a hist\u00f3ria de um sem-teto, alco\u00f3latra, ele disse: &#8216;O \u00e1lcool pode afetar qualquer um de n\u00f3s, porque \u00e9 um mal que te sequestra, um mal que n\u00e3o te deixa, \u00e9 um mal do qual voc\u00ea pode sair somente junto com os outros. O problema nosso, tamb\u00e9m como Igreja, \u00e9 ajudar as pessoas a sair de situa\u00e7\u00f5es dif\u00edceis e fazer isso juntos &#8220;.<\/p>\n<p><strong>Pessoas pobres que ajudam os pobres<\/strong><\/p>\n<p>&#8220;O Santo Padre ficou muito impressionado com o fato de que dissemos a ele que muitos sem-teto nos ajudam a ajudar os outros. Por exemplo, quando houve uma emerg\u00eancia com o frio este ano, muitos deles nos ajudaram a trazer cobertores. Eu acho que o problema para os pobres \u00e9 recuperar a dignidade que lhes foi negada. E \u00e9 exatamente o mesmo para n\u00f3s: ajudar os outros \u00e9 ter dignidade &#8220;.<\/p>\n<p><strong>Um homem pobre com o barrete vermelho<\/strong><\/p>\n<p>&#8220;O jantar &#8211; conclui Santoro &#8211; teve lugar em um ambiente familiar de grande festa e de alegria. Ontem estava um amigo nosso, com uma longa barba, e que fez a foto com Don Konrad e o Papa e Don Konrad colocou o barrete vermelho em sua cabe\u00e7a. Foi uma grande festa&#8221;.<\/p>\n<hr \/>\n<p><em>Fonte: Vatican News<\/em><\/p>\n","protected":false},"excerpt":{"rendered":"<p>Duas horas com os pobres<\/p>\n","protected":false},"author":1,"featured_media":187498,"comment_status":"open","ping_status":"open","sticky":false,"template":"","format":"standard","meta":[],"categories":[1428],"tags":[1651],"acf":[],"yoast_head":"<!-- This site is optimized with the Yoast SEO plugin v19.2 - https:\/\/yoast.com\/wordpress\/plugins\/seo\/ -->\n<title>De surpresa, Papa janta com os pobres no Vaticano - Not\u00edcias - Franciscanos<\/title>\n<meta name=\"robots\" content=\"index, follow, max-snippet:-1, max-image-preview:large, max-video-preview:-1\" \/>\n<link rel=\"canonical\" href=\"https:\/\/franciscanos.org.br\/noticias\/de-surpresa-papa-janta-com-os-pobres-no-vaticano.html\" \/>\n<meta property=\"og:locale\" content=\"pt_BR\" \/>\n<meta property=\"og:type\" content=\"article\" \/>\n<meta property=\"og:title\" content=\"De surpresa, Papa janta com os pobres no Vaticano - Not\u00edcias - Franciscanos\" \/>\n<meta property=\"og:description\" content=\"Duas horas com os pobres\" \/>\n<meta property=\"og:url\" content=\"https:\/\/franciscanos.org.br\/noticias\/de-surpresa-papa-janta-com-os-pobres-no-vaticano.html\" \/>\n<meta property=\"og:site_name\" content=\"Not\u00edcias - Franciscanos\" \/>\n<meta property=\"article:published_time\" content=\"2018-07-02T11:24:38+00:00\" \/>\n<meta property=\"article:modified_time\" content=\"2020-06-07T12:08:32+00:00\" \/>\n<meta property=\"og:image\" content=\"https:\/\/franciscanos.org.br\/noticias\/wp-content\/uploads\/2018\/11\/papa_020718-1.jpg\" \/>\n\t<meta property=\"og:image:width\" content=\"820\" \/>\n\t<meta property=\"og:image:height\" content=\"461\" \/>\n\t<meta property=\"og:image:type\" content=\"image\/jpeg\" \/>\n<meta name=\"author\" content=\"admin\" \/>\n<meta name=\"twitter:card\" content=\"summary_large_image\" \/>\n<meta name=\"twitter:label1\" content=\"Escrito por\" \/>\n\t<meta name=\"twitter:data1\" content=\"admin\" \/>\n\t<meta name=\"twitter:label2\" content=\"Est. tempo de leitura\" \/>\n\t<meta name=\"twitter:data2\" content=\"5 minutos\" \/>\n<script type=\"application\/ld+json\" class=\"yoast-schema-graph\">{\"@context\":\"https:\/\/schema.org\",\"@graph\":[{\"@type\":\"WebSite\",\"@id\":\"https:\/\/franciscanos.org.br\/noticias\/#website\",\"url\":\"https:\/\/franciscanos.org.br\/noticias\/\",\"name\":\"Not\u00edcias - Franciscanos\",\"description\":\"Prov\u00edncia Franciscana da Imaculada Concei\u00e7\u00e3o do Brasil - Ordem dos Frades Menores - OFM\",\"potentialAction\":[{\"@type\":\"SearchAction\",\"target\":{\"@type\":\"EntryPoint\",\"urlTemplate\":\"https:\/\/franciscanos.org.br\/noticias\/?s={search_term_string}\"},\"query-input\":\"required name=search_term_string\"}],\"inLanguage\":\"pt-BR\"},{\"@type\":\"ImageObject\",\"inLanguage\":\"pt-BR\",\"@id\":\"https:\/\/franciscanos.org.br\/noticias\/de-surpresa-papa-janta-com-os-pobres-no-vaticano.html#primaryimage\",\"url\":\"https:\/\/franciscanos.org.br\/noticias\/wp-content\/uploads\/2018\/11\/papa_020718-1.jpg\",\"contentUrl\":\"https:\/\/franciscanos.org.br\/noticias\/wp-content\/uploads\/2018\/11\/papa_020718-1.jpg\",\"width\":820,\"height\":461},{\"@type\":\"WebPage\",\"@id\":\"https:\/\/franciscanos.org.br\/noticias\/de-surpresa-papa-janta-com-os-pobres-no-vaticano.html#webpage\",\"url\":\"https:\/\/franciscanos.org.br\/noticias\/de-surpresa-papa-janta-com-os-pobres-no-vaticano.html\",\"name\":\"De surpresa, Papa janta com os pobres no Vaticano - Not\u00edcias - Franciscanos\",\"isPartOf\":{\"@id\":\"https:\/\/franciscanos.org.br\/noticias\/#website\"},\"primaryImageOfPage\":{\"@id\":\"https:\/\/franciscanos.org.br\/noticias\/de-surpresa-papa-janta-com-os-pobres-no-vaticano.html#primaryimage\"},\"datePublished\":\"2018-07-02T11:24:38+00:00\",\"dateModified\":\"2020-06-07T12:08:32+00:00\",\"author\":{\"@id\":\"https:\/\/franciscanos.org.br\/noticias\/#\/schema\/person\/b38fbf43118f02820bd932f2e4b14ad3\"},\"breadcrumb\":{\"@id\":\"https:\/\/franciscanos.org.br\/noticias\/de-surpresa-papa-janta-com-os-pobres-no-vaticano.html#breadcrumb\"},\"inLanguage\":\"pt-BR\",\"potentialAction\":[{\"@type\":\"ReadAction\",\"target\":[\"https:\/\/franciscanos.org.br\/noticias\/de-surpresa-papa-janta-com-os-pobres-no-vaticano.html\"]}]},{\"@type\":\"BreadcrumbList\",\"@id\":\"https:\/\/franciscanos.org.br\/noticias\/de-surpresa-papa-janta-com-os-pobres-no-vaticano.html#breadcrumb\",\"itemListElement\":[{\"@type\":\"ListItem\",\"position\":1,\"name\":\"Home\",\"item\":\"https:\/\/franciscanos.org.br\/noticias\"},{\"@type\":\"ListItem\",\"position\":2,\"name\":\"De surpresa, Papa janta com os pobres no Vaticano\"}]},{\"@type\":\"Person\",\"@id\":\"https:\/\/franciscanos.org.br\/noticias\/#\/schema\/person\/b38fbf43118f02820bd932f2e4b14ad3\",\"name\":\"admin\",\"image\":{\"@type\":\"ImageObject\",\"inLanguage\":\"pt-BR\",\"@id\":\"https:\/\/franciscanos.org.br\/noticias\/#\/schema\/person\/image\/\",\"url\":\"https:\/\/secure.gravatar.com\/avatar\/e8495742d34d0ba6448ea1c628263b3e?s=96&d=mm&r=g\",\"contentUrl\":\"https:\/\/secure.gravatar.com\/avatar\/e8495742d34d0ba6448ea1c628263b3e?s=96&d=mm&r=g\",\"caption\":\"admin\"},\"url\":\"https:\/\/franciscanos.org.br\/noticias\/author\/admin\"}]}<\/script>\n<!-- \/ Yoast SEO plugin. -->","yoast_head_json":{"title":"De surpresa, Papa janta com os pobres no Vaticano - Not\u00edcias - Franciscanos","robots":{"index":"index","follow":"follow","max-snippet":"max-snippet:-1","max-image-preview":"max-image-preview:large","max-video-preview":"max-video-preview:-1"},"canonical":"https:\/\/franciscanos.org.br\/noticias\/de-surpresa-papa-janta-com-os-pobres-no-vaticano.html","og_locale":"pt_BR","og_type":"article","og_title":"De surpresa, Papa janta com os pobres no Vaticano - Not\u00edcias - Franciscanos","og_description":"Duas horas com os pobres","og_url":"https:\/\/franciscanos.org.br\/noticias\/de-surpresa-papa-janta-com-os-pobres-no-vaticano.html","og_site_name":"Not\u00edcias - Franciscanos","article_published_time":"2018-07-02T11:24:38+00:00","article_modified_time":"2020-06-07T12:08:32+00:00","og_image":[{"width":820,"height":461,"url":"https:\/\/franciscanos.org.br\/noticias\/wp-content\/uploads\/2018\/11\/papa_020718-1.jpg","type":"image\/jpeg"}],"author":"admin","twitter_card":"summary_large_image","twitter_misc":{"Escrito por":"admin","Est. tempo de leitura":"5 minutos"},"schema":{"@context":"https:\/\/schema.org","@graph":[{"@type":"WebSite","@id":"https:\/\/franciscanos.org.br\/noticias\/#website","url":"https:\/\/franciscanos.org.br\/noticias\/","name":"Not\u00edcias - Franciscanos","description":"Prov\u00edncia Franciscana da Imaculada Concei\u00e7\u00e3o do Brasil - Ordem dos Frades Menores - OFM","potentialAction":[{"@type":"SearchAction","target":{"@type":"EntryPoint","urlTemplate":"https:\/\/franciscanos.org.br\/noticias\/?s={search_term_string}"},"query-input":"required name=search_term_string"}],"inLanguage":"pt-BR"},{"@type":"ImageObject","inLanguage":"pt-BR","@id":"https:\/\/franciscanos.org.br\/noticias\/de-surpresa-papa-janta-com-os-pobres-no-vaticano.html#primaryimage","url":"https:\/\/franciscanos.org.br\/noticias\/wp-content\/uploads\/2018\/11\/papa_020718-1.jpg","contentUrl":"https:\/\/franciscanos.org.br\/noticias\/wp-content\/uploads\/2018\/11\/papa_020718-1.jpg","width":820,"height":461},{"@type":"WebPage","@id":"https:\/\/franciscanos.org.br\/noticias\/de-surpresa-papa-janta-com-os-pobres-no-vaticano.html#webpage","url":"https:\/\/franciscanos.org.br\/noticias\/de-surpresa-papa-janta-com-os-pobres-no-vaticano.html","name":"De surpresa, Papa janta com os pobres no Vaticano - Not\u00edcias - Franciscanos","isPartOf":{"@id":"https:\/\/franciscanos.org.br\/noticias\/#website"},"primaryImageOfPage":{"@id":"https:\/\/franciscanos.org.br\/noticias\/de-surpresa-papa-janta-com-os-pobres-no-vaticano.html#primaryimage"},"datePublished":"2018-07-02T11:24:38+00:00","dateModified":"2020-06-07T12:08:32+00:00","author":{"@id":"https:\/\/franciscanos.org.br\/noticias\/#\/schema\/person\/b38fbf43118f02820bd932f2e4b14ad3"},"breadcrumb":{"@id":"https:\/\/franciscanos.org.br\/noticias\/de-surpresa-papa-janta-com-os-pobres-no-vaticano.html#breadcrumb"},"inLanguage":"pt-BR","potentialAction":[{"@type":"ReadAction","target":["https:\/\/franciscanos.org.br\/noticias\/de-surpresa-papa-janta-com-os-pobres-no-vaticano.html"]}]},{"@type":"BreadcrumbList","@id":"https:\/\/franciscanos.org.br\/noticias\/de-surpresa-papa-janta-com-os-pobres-no-vaticano.html#breadcrumb","itemListElement":[{"@type":"ListItem","position":1,"name":"Home","item":"https:\/\/franciscanos.org.br\/noticias"},{"@type":"ListItem","position":2,"name":"De surpresa, Papa janta com os pobres no Vaticano"}]},{"@type":"Person","@id":"https:\/\/franciscanos.org.br\/noticias\/#\/schema\/person\/b38fbf43118f02820bd932f2e4b14ad3","name":"admin","image":{"@type":"ImageObject","inLanguage":"pt-BR","@id":"https:\/\/franciscanos.org.br\/noticias\/#\/schema\/person\/image\/","url":"https:\/\/secure.gravatar.com\/avatar\/e8495742d34d0ba6448ea1c628263b3e?s=96&d=mm&r=g","contentUrl":"https:\/\/secure.gravatar.com\/avatar\/e8495742d34d0ba6448ea1c628263b3e?s=96&d=mm&r=g","caption":"admin"},"url":"https:\/\/franciscanos.org.br\/noticias\/author\/admin"}]}},"_links":{"self":[{"href":"https:\/\/franciscanos.org.br\/noticias\/wp-json\/wp\/v2\/posts\/165936"}],"collection":[{"href":"https:\/\/franciscanos.org.br\/noticias\/wp-json\/wp\/v2\/posts"}],"about":[{"href":"https:\/\/franciscanos.org.br\/noticias\/wp-json\/wp\/v2\/types\/post"}],"author":[{"embeddable":true,"href":"https:\/\/franciscanos.org.br\/noticias\/wp-json\/wp\/v2\/users\/1"}],"replies":[{"embeddable":true,"href":"https:\/\/franciscanos.org.br\/noticias\/wp-json\/wp\/v2\/comments?post=165936"}],"version-history":[{"count":1,"href":"https:\/\/franciscanos.org.br\/noticias\/wp-json\/wp\/v2\/posts\/165936\/revisions"}],"predecessor-version":[{"id":224913,"href":"https:\/\/franciscanos.org.br\/noticias\/wp-json\/wp\/v2\/posts\/165936\/revisions\/224913"}],"wp:featuredmedia":[{"embeddable":true,"href":"https:\/\/franciscanos.org.br\/noticias\/wp-json\/wp\/v2\/media\/187498"}],"wp:attachment":[{"href":"https:\/\/franciscanos.org.br\/noticias\/wp-json\/wp\/v2\/media?parent=165936"}],"wp:term":[{"taxonomy":"category","embeddable":true,"href":"https:\/\/franciscanos.org.br\/noticias\/wp-json\/wp\/v2\/categories?post=165936"},{"taxonomy":"post_tag","embeddable":true,"href":"https:\/\/franciscanos.org.br\/noticias\/wp-json\/wp\/v2\/tags?post=165936"}],"curies":[{"name":"wp","href":"https:\/\/api.w.org\/{rel}","templated":true}]}}