{"id":165840,"date":"2018-07-01T16:52:13","date_gmt":"2018-07-01T19:52:13","guid":{"rendered":"http:\/\/franciscanos.org.br\/?p=165840"},"modified":"2019-01-02T14:25:17","modified_gmt":"2019-01-02T16:25:17","slug":"a-grande-festa-de-sao-pedro-em-gaspar","status":"publish","type":"post","link":"https:\/\/franciscanos.org.br\/noticias\/a-grande-festa-de-sao-pedro-em-gaspar.html","title":{"rendered":"A grande Festa de S\u00e3o Pedro Ap\u00f3stolo em Gaspar"},"content":{"rendered":"<p><img loading=\"lazy\" src=\"http:\/\/franciscanos.org.br\/wp-content\/uploads\/2018\/07\/solene_010718_3.jpg\" alt=\"solene_010718_3\" width=\"830\" height=\"553\" \/><\/p>\n<p><strong>Frei Jo\u00e3o Manoel Zechinatto<\/strong><\/p>\n<p><strong>Gaspar (SC)<\/strong>\u00a0&#8211; O Solene dia de S\u00e3o Pedro Ap\u00f3stolo de Gaspar (SC) foi celebrado neste domingo (1\u00ba de Julho) com a missa festiva \u00e0s 9h30 na Igreja Matriz. A missa foi presidida pelo arcebispo metropolitano de Porto Alegre (RS), Dom Jaime Spengler, natural da cidade de Gaspar e franciscano.<\/p>\n<p>\u00c0s 7h da manh\u00e3 a imagem de S\u00e3o Pedro saiu em prociss\u00e3o fluvial pelas \u00e1guas do Rio Itaja\u00ed, uma tradi\u00e7\u00e3o do povo gasparense no dia de seu Padroeiro. Marinheiros, paroquianos e frades acompanharam nas embarca\u00e7\u00f5es o cortejo que seguia pelas \u00e1guas do rio. Muitos cantos e ora\u00e7\u00f5es animavam o fi\u00e9is sobre as \u00e1guas nas embarca\u00e7\u00f5es e chamavam o povo que mora perto das margens e vinham saudar os devotos de S\u00e3o Pedro que rumavam \u00e0 Igreja Matriz, no\u00a0 centro da cidade.<\/p>\n<p>Alguns festeiros esperavam a chegada da imagem de S\u00e3o Pedro, que foi levada at\u00e9 a Igreja pelos condutores das embarca\u00e7\u00f5es. Nas escadarias da Igreja, o povo acolhia com palmas e roj\u00f5es a imagem de seu Padroeiro trazida em um andor em forma de barca. Na prociss\u00e3o de entrada, a imagem foi acompanhada por oficiais da marinha do Brasil.<\/p>\n<p><img loading=\"lazy\" src=\"http:\/\/franciscanos.org.br\/wp-content\/uploads\/2018\/07\/solene_010718_1.jpg\" alt=\"solene_010718_1\" width=\"830\" height=\"484\" \/><\/p>\n<p>Frei Paulijacson acolheu a todos os presentes, de modo especial, \u00a0Dom Jaime, que foi muito aplaudido pelo povo, os confrades da fraternidade local, o guardi\u00e3o Frei Carlos Ign\u00e1cia e o vig\u00e1rio paroquial, Frei Lindolfo Jaspers. Acolheu tamb\u00e9m o Vig\u00e1rio Provincial da Prov\u00edncia Franciscana da Imaculada Concei\u00e7\u00e3o do Brasil, Frei C\u00e9sar K\u00fclkamp, que no ano passado pregou o tr\u00edduo da festa e este ano retornou para celebrar novamente com o povo gasparense o seu Padroeiro.<\/p>\n<p>Dom Jaime externou que estava muito feliz de estar presidindo a festa do Padroeiro de sua terra e seu povo. Disse que \u00e9 bom rever tantos rostos conhecidos e estar entre amigos e familiares. Em sua homilia, Dom Jaime iniciou fazendo um agradecimento a todos os festeiros, disse que a festa \u00e9 parte da vida humana e que mesmo que a festa n\u00e3o desse lucro nenhum, se ainda assim, estiv\u00e9ssemos reunidos entre amigos e familiares celebrando a vida, a festa teria valido a pena. \u201cNum mundo corrido e estressado \u00e9 preciso ter tempo para sentarmos e festejarmos tudo aquilo que recebemos do Senhor\u201d, disse.<\/p>\n<p><img loading=\"lazy\" src=\"http:\/\/franciscanos.org.br\/wp-content\/uploads\/2018\/07\/solene_010718.jpg\" alt=\"solene_010718\" width=\"830\" height=\"553\" \/><\/p>\n<p>Referindo-se a figura de S\u00e3o Pedro, Dom Jaime disse que o Ap\u00f3stolo n\u00e3o compreendeu facilmente o caminho de Jesus e sua miss\u00e3o. \u201cPedro precisou de tempo e mais, precisou errar e negar o Senhor, para ent\u00e3o compreender qual o verdadeiro caminho que Jesus estava lhe ensinando\u201d. Dirigindo-se aos dias atuais, o bispo ressaltou que tamb\u00e9m n\u00f3s precisamos de discernimento para compreender aonde nos leva o caminho do discipulado que nos aponta o Mestre. \u201cN\u00e3o somos os donos do caminho, nem da verdade e nem da vida. Tudo pertence ao Senhor, fa\u00e7amos como Pedro, entreguemos o leme de todo o nosso ser \u00c0quele que nos guiar\u00e1 ao porto seguro do Pai\u201d. Por fim, Dom Jaime disse aos presentes que a transforma\u00e7\u00e3o de nossa sociedade s\u00f3 ser\u00e1 poss\u00edvel se resgatarmos os valores do Evangelho que Pedro anunciou com sua vida at\u00e9 o mart\u00edrio. Terminou sua mensagem dizendo: \u201cEvangelho na m\u00e3o e joelho no ch\u00e3o\u201d!<\/p>\n<p>No final da celebra\u00e7\u00e3o, Frei Paulijacson agradeceu a todos que trabalharam para o grande sucesso desta 168\u00aa edi\u00e7\u00e3o da Festa, a Dom Jaime pela prega\u00e7\u00e3o do tr\u00edduo, a Frei C\u00e9sar pela presen\u00e7a neste dia e, representando toda a comunidade, homenageou algumas lideran\u00e7as da Par\u00f3quia que com empenho mostram a for\u00e7a e o protagonismo dos leigos na miss\u00e3o eclesial. Terminada a missa, o povo, juntamente com a Banda S\u00e3o Pedro, desceu as escadarias da Igreja e levou a imagem de S\u00e3o Pedro at\u00e9 o Centro de Eventos Cristo-Rei, onde ocorrem os festejos populares.<\/p>\n<p><img loading=\"lazy\" src=\"http:\/\/franciscanos.org.br\/wp-content\/uploads\/2018\/07\/coral_010718.jpg\" alt=\"coral_010718\" width=\"830\" height=\"400\" \/><\/p>\n<p><strong>120 anos do Coral Santa Cec\u00edlia<\/strong><\/p>\n<p>Abrilhantou a celebra\u00e7\u00e3o da festa de S\u00e3o Pedro o Coral Santa Cec\u00edlia da cidade de Gaspar que nesse ano de 2018 completa 120 anos ininterruptos de hist\u00f3ria com a cultura e a arte no Vale do Itaja\u00ed. O coral foi fundado por iniciativa dos franciscanos em 1898 quando estes ainda residiam apenas em Blumenau (SC). Em 1900, quando os frades fixaram resid\u00eancia em Gaspar, Frei Pedro Sinzig, compositor e m\u00fasico, veio morar na primeira fraternidade dos frades em terras gasparenses. Frei Pedro tomou com ardor a dire\u00e7\u00e3o do coral e o incentivou para sempre atuarem nos eventos e solenidades da cidade e da Igreja. O Coral Santa Cec\u00edlia de Gaspar \u00e9 um dos corais mais longevos em atividade ininterrupta em todo o Brasil.<\/p>\n<p>O coral sempre busca valorizar cantos cl\u00e1ssicos \u00e0 v\u00e1rias vozes, mas tamb\u00e9m interpreta cantos lit\u00fargicos mais conhecidos do povo. Nesta Solenidade de S\u00e3o Pedro, o coral cantou na entrada da imagem de S\u00e3o Pedro \u201cTu \u00e9s Petrus\u201d. No final da celebra\u00e7\u00e3o, em homenagem ao dia do Papa cantaram o Hino Pontif\u00edcio, \u201c\u00d3 Roma Eterna\u201d.<\/p>\n<p><img loading=\"lazy\" src=\"http:\/\/franciscanos.org.br\/wp-content\/uploads\/2018\/07\/solene_010718_2.jpg\" alt=\"solene_010718_2\" width=\"830\" height=\"553\" \/><\/p>\n","protected":false},"excerpt":{"rendered":"<p>Par\u00f3quia de Gaspar<\/p>\n","protected":false},"author":1,"featured_media":187496,"comment_status":"open","ping_status":"open","sticky":false,"template":"","format":"standard","meta":[],"categories":[1],"tags":[292],"acf":[],"yoast_head":"<!-- This site is optimized with the Yoast SEO plugin v19.2 - https:\/\/yoast.com\/wordpress\/plugins\/seo\/ -->\n<title>A grande Festa de S\u00e3o Pedro Ap\u00f3stolo em Gaspar - Not\u00edcias - Franciscanos<\/title>\n<meta name=\"robots\" content=\"index, follow, max-snippet:-1, max-image-preview:large, max-video-preview:-1\" \/>\n<link rel=\"canonical\" href=\"https:\/\/franciscanos.org.br\/noticias\/a-grande-festa-de-sao-pedro-em-gaspar.html\" \/>\n<meta property=\"og:locale\" content=\"pt_BR\" \/>\n<meta property=\"og:type\" content=\"article\" \/>\n<meta property=\"og:title\" content=\"A grande Festa de S\u00e3o Pedro Ap\u00f3stolo em Gaspar - Not\u00edcias - Franciscanos\" \/>\n<meta property=\"og:description\" content=\"Par\u00f3quia de Gaspar\" \/>\n<meta property=\"og:url\" content=\"https:\/\/franciscanos.org.br\/noticias\/a-grande-festa-de-sao-pedro-em-gaspar.html\" \/>\n<meta property=\"og:site_name\" content=\"Not\u00edcias - Franciscanos\" \/>\n<meta property=\"article:published_time\" content=\"2018-07-01T19:52:13+00:00\" \/>\n<meta property=\"article:modified_time\" content=\"2019-01-02T16:25:17+00:00\" \/>\n<meta property=\"og:image\" content=\"https:\/\/franciscanos.org.br\/noticias\/wp-content\/uploads\/2018\/11\/solene_010718_3-1.jpg\" \/>\n\t<meta property=\"og:image:width\" content=\"830\" \/>\n\t<meta property=\"og:image:height\" content=\"553\" \/>\n\t<meta property=\"og:image:type\" content=\"image\/jpeg\" \/>\n<meta name=\"author\" content=\"admin\" \/>\n<meta name=\"twitter:card\" content=\"summary_large_image\" \/>\n<meta name=\"twitter:label1\" content=\"Escrito por\" \/>\n\t<meta name=\"twitter:data1\" content=\"admin\" \/>\n\t<meta name=\"twitter:label2\" content=\"Est. tempo de leitura\" \/>\n\t<meta name=\"twitter:data2\" content=\"4 minutos\" \/>\n<script type=\"application\/ld+json\" class=\"yoast-schema-graph\">{\"@context\":\"https:\/\/schema.org\",\"@graph\":[{\"@type\":\"WebSite\",\"@id\":\"https:\/\/franciscanos.org.br\/noticias\/#website\",\"url\":\"https:\/\/franciscanos.org.br\/noticias\/\",\"name\":\"Not\u00edcias - Franciscanos\",\"description\":\"Prov\u00edncia Franciscana da Imaculada Concei\u00e7\u00e3o do Brasil - Ordem dos Frades Menores - OFM\",\"potentialAction\":[{\"@type\":\"SearchAction\",\"target\":{\"@type\":\"EntryPoint\",\"urlTemplate\":\"https:\/\/franciscanos.org.br\/noticias\/?s={search_term_string}\"},\"query-input\":\"required name=search_term_string\"}],\"inLanguage\":\"pt-BR\"},{\"@type\":\"ImageObject\",\"inLanguage\":\"pt-BR\",\"@id\":\"https:\/\/franciscanos.org.br\/noticias\/a-grande-festa-de-sao-pedro-em-gaspar.html#primaryimage\",\"url\":\"https:\/\/franciscanos.org.br\/noticias\/wp-content\/uploads\/2018\/11\/solene_010718_3-1.jpg\",\"contentUrl\":\"https:\/\/franciscanos.org.br\/noticias\/wp-content\/uploads\/2018\/11\/solene_010718_3-1.jpg\",\"width\":830,\"height\":553},{\"@type\":\"WebPage\",\"@id\":\"https:\/\/franciscanos.org.br\/noticias\/a-grande-festa-de-sao-pedro-em-gaspar.html#webpage\",\"url\":\"https:\/\/franciscanos.org.br\/noticias\/a-grande-festa-de-sao-pedro-em-gaspar.html\",\"name\":\"A grande Festa de S\u00e3o Pedro Ap\u00f3stolo em Gaspar - Not\u00edcias - Franciscanos\",\"isPartOf\":{\"@id\":\"https:\/\/franciscanos.org.br\/noticias\/#website\"},\"primaryImageOfPage\":{\"@id\":\"https:\/\/franciscanos.org.br\/noticias\/a-grande-festa-de-sao-pedro-em-gaspar.html#primaryimage\"},\"datePublished\":\"2018-07-01T19:52:13+00:00\",\"dateModified\":\"2019-01-02T16:25:17+00:00\",\"author\":{\"@id\":\"https:\/\/franciscanos.org.br\/noticias\/#\/schema\/person\/b38fbf43118f02820bd932f2e4b14ad3\"},\"breadcrumb\":{\"@id\":\"https:\/\/franciscanos.org.br\/noticias\/a-grande-festa-de-sao-pedro-em-gaspar.html#breadcrumb\"},\"inLanguage\":\"pt-BR\",\"potentialAction\":[{\"@type\":\"ReadAction\",\"target\":[\"https:\/\/franciscanos.org.br\/noticias\/a-grande-festa-de-sao-pedro-em-gaspar.html\"]}]},{\"@type\":\"BreadcrumbList\",\"@id\":\"https:\/\/franciscanos.org.br\/noticias\/a-grande-festa-de-sao-pedro-em-gaspar.html#breadcrumb\",\"itemListElement\":[{\"@type\":\"ListItem\",\"position\":1,\"name\":\"Home\",\"item\":\"https:\/\/franciscanos.org.br\/noticias\"},{\"@type\":\"ListItem\",\"position\":2,\"name\":\"A grande Festa de S\u00e3o Pedro Ap\u00f3stolo em Gaspar\"}]},{\"@type\":\"Person\",\"@id\":\"https:\/\/franciscanos.org.br\/noticias\/#\/schema\/person\/b38fbf43118f02820bd932f2e4b14ad3\",\"name\":\"admin\",\"image\":{\"@type\":\"ImageObject\",\"inLanguage\":\"pt-BR\",\"@id\":\"https:\/\/franciscanos.org.br\/noticias\/#\/schema\/person\/image\/\",\"url\":\"https:\/\/secure.gravatar.com\/avatar\/e8495742d34d0ba6448ea1c628263b3e?s=96&d=mm&r=g\",\"contentUrl\":\"https:\/\/secure.gravatar.com\/avatar\/e8495742d34d0ba6448ea1c628263b3e?s=96&d=mm&r=g\",\"caption\":\"admin\"},\"url\":\"https:\/\/franciscanos.org.br\/noticias\/author\/admin\"}]}<\/script>\n<!-- \/ Yoast SEO plugin. -->","yoast_head_json":{"title":"A grande Festa de S\u00e3o Pedro Ap\u00f3stolo em Gaspar - Not\u00edcias - Franciscanos","robots":{"index":"index","follow":"follow","max-snippet":"max-snippet:-1","max-image-preview":"max-image-preview:large","max-video-preview":"max-video-preview:-1"},"canonical":"https:\/\/franciscanos.org.br\/noticias\/a-grande-festa-de-sao-pedro-em-gaspar.html","og_locale":"pt_BR","og_type":"article","og_title":"A grande Festa de S\u00e3o Pedro Ap\u00f3stolo em Gaspar - Not\u00edcias - Franciscanos","og_description":"Par\u00f3quia de Gaspar","og_url":"https:\/\/franciscanos.org.br\/noticias\/a-grande-festa-de-sao-pedro-em-gaspar.html","og_site_name":"Not\u00edcias - Franciscanos","article_published_time":"2018-07-01T19:52:13+00:00","article_modified_time":"2019-01-02T16:25:17+00:00","og_image":[{"width":830,"height":553,"url":"https:\/\/franciscanos.org.br\/noticias\/wp-content\/uploads\/2018\/11\/solene_010718_3-1.jpg","type":"image\/jpeg"}],"author":"admin","twitter_card":"summary_large_image","twitter_misc":{"Escrito por":"admin","Est. tempo de leitura":"4 minutos"},"schema":{"@context":"https:\/\/schema.org","@graph":[{"@type":"WebSite","@id":"https:\/\/franciscanos.org.br\/noticias\/#website","url":"https:\/\/franciscanos.org.br\/noticias\/","name":"Not\u00edcias - Franciscanos","description":"Prov\u00edncia Franciscana da Imaculada Concei\u00e7\u00e3o do Brasil - Ordem dos Frades Menores - OFM","potentialAction":[{"@type":"SearchAction","target":{"@type":"EntryPoint","urlTemplate":"https:\/\/franciscanos.org.br\/noticias\/?s={search_term_string}"},"query-input":"required name=search_term_string"}],"inLanguage":"pt-BR"},{"@type":"ImageObject","inLanguage":"pt-BR","@id":"https:\/\/franciscanos.org.br\/noticias\/a-grande-festa-de-sao-pedro-em-gaspar.html#primaryimage","url":"https:\/\/franciscanos.org.br\/noticias\/wp-content\/uploads\/2018\/11\/solene_010718_3-1.jpg","contentUrl":"https:\/\/franciscanos.org.br\/noticias\/wp-content\/uploads\/2018\/11\/solene_010718_3-1.jpg","width":830,"height":553},{"@type":"WebPage","@id":"https:\/\/franciscanos.org.br\/noticias\/a-grande-festa-de-sao-pedro-em-gaspar.html#webpage","url":"https:\/\/franciscanos.org.br\/noticias\/a-grande-festa-de-sao-pedro-em-gaspar.html","name":"A grande Festa de S\u00e3o Pedro Ap\u00f3stolo em Gaspar - Not\u00edcias - Franciscanos","isPartOf":{"@id":"https:\/\/franciscanos.org.br\/noticias\/#website"},"primaryImageOfPage":{"@id":"https:\/\/franciscanos.org.br\/noticias\/a-grande-festa-de-sao-pedro-em-gaspar.html#primaryimage"},"datePublished":"2018-07-01T19:52:13+00:00","dateModified":"2019-01-02T16:25:17+00:00","author":{"@id":"https:\/\/franciscanos.org.br\/noticias\/#\/schema\/person\/b38fbf43118f02820bd932f2e4b14ad3"},"breadcrumb":{"@id":"https:\/\/franciscanos.org.br\/noticias\/a-grande-festa-de-sao-pedro-em-gaspar.html#breadcrumb"},"inLanguage":"pt-BR","potentialAction":[{"@type":"ReadAction","target":["https:\/\/franciscanos.org.br\/noticias\/a-grande-festa-de-sao-pedro-em-gaspar.html"]}]},{"@type":"BreadcrumbList","@id":"https:\/\/franciscanos.org.br\/noticias\/a-grande-festa-de-sao-pedro-em-gaspar.html#breadcrumb","itemListElement":[{"@type":"ListItem","position":1,"name":"Home","item":"https:\/\/franciscanos.org.br\/noticias"},{"@type":"ListItem","position":2,"name":"A grande Festa de S\u00e3o Pedro Ap\u00f3stolo em Gaspar"}]},{"@type":"Person","@id":"https:\/\/franciscanos.org.br\/noticias\/#\/schema\/person\/b38fbf43118f02820bd932f2e4b14ad3","name":"admin","image":{"@type":"ImageObject","inLanguage":"pt-BR","@id":"https:\/\/franciscanos.org.br\/noticias\/#\/schema\/person\/image\/","url":"https:\/\/secure.gravatar.com\/avatar\/e8495742d34d0ba6448ea1c628263b3e?s=96&d=mm&r=g","contentUrl":"https:\/\/secure.gravatar.com\/avatar\/e8495742d34d0ba6448ea1c628263b3e?s=96&d=mm&r=g","caption":"admin"},"url":"https:\/\/franciscanos.org.br\/noticias\/author\/admin"}]}},"_links":{"self":[{"href":"https:\/\/franciscanos.org.br\/noticias\/wp-json\/wp\/v2\/posts\/165840"}],"collection":[{"href":"https:\/\/franciscanos.org.br\/noticias\/wp-json\/wp\/v2\/posts"}],"about":[{"href":"https:\/\/franciscanos.org.br\/noticias\/wp-json\/wp\/v2\/types\/post"}],"author":[{"embeddable":true,"href":"https:\/\/franciscanos.org.br\/noticias\/wp-json\/wp\/v2\/users\/1"}],"replies":[{"embeddable":true,"href":"https:\/\/franciscanos.org.br\/noticias\/wp-json\/wp\/v2\/comments?post=165840"}],"version-history":[{"count":0,"href":"https:\/\/franciscanos.org.br\/noticias\/wp-json\/wp\/v2\/posts\/165840\/revisions"}],"wp:featuredmedia":[{"embeddable":true,"href":"https:\/\/franciscanos.org.br\/noticias\/wp-json\/wp\/v2\/media\/187496"}],"wp:attachment":[{"href":"https:\/\/franciscanos.org.br\/noticias\/wp-json\/wp\/v2\/media?parent=165840"}],"wp:term":[{"taxonomy":"category","embeddable":true,"href":"https:\/\/franciscanos.org.br\/noticias\/wp-json\/wp\/v2\/categories?post=165840"},{"taxonomy":"post_tag","embeddable":true,"href":"https:\/\/franciscanos.org.br\/noticias\/wp-json\/wp\/v2\/tags?post=165840"}],"curies":[{"name":"wp","href":"https:\/\/api.w.org\/{rel}","templated":true}]}}