{"id":165833,"date":"2018-07-01T15:05:39","date_gmt":"2018-07-01T18:05:39","guid":{"rendered":"http:\/\/franciscanos.org.br\/?p=165833"},"modified":"2020-06-07T09:09:13","modified_gmt":"2020-06-07T12:09:13","slug":"ninguem-deve-se-sentir-como-um-intruso-no-caminho-do-senhor","status":"publish","type":"post","link":"https:\/\/franciscanos.org.br\/noticias\/ninguem-deve-se-sentir-como-um-intruso-no-caminho-do-senhor.html","title":{"rendered":"Ningu\u00e9m deve se sentir um intruso no caminho do Senhor"},"content":{"rendered":"<p><img loading=\"lazy\" src=\"http:\/\/franciscanos.org.br\/wp-content\/uploads\/2018\/07\/angelus_010718.jpg\" alt=\"angelus_010718\" width=\"820\" height=\"440\" \/><\/p>\n<p><strong>Cidade do Vaticano<\/strong> &#8211; Dois milagres, em duas hist\u00f3rias interligadas que tem um \u00fanico centro, a f\u00e9, mostram Jesus como fonte de vida, \u201ccomo aquele que devolve a vida \u00e0queles que confiam n&#8217;Ele plenamente\u201d. Inspirando-se nas curas da filha de Jairo e da hemorro\u00edsa, narradas no Evangelho de Marcos proposto pela liturgia do dia, o Papa Francisco falou aos 20 mil fi\u00e9is e turistas reunidos na Pra\u00e7a S\u00e3o Pedro sobre a f\u00e9 e a vida nova trazidas por Jesus, ressaltando que a \u00fanica morte que devemos temer \u00e9 a do cora\u00e7\u00e3o endurecido pelo mal, mumificado.<\/p>\n<p>\u201cO Evangelho deste domingo apresenta dois prod\u00edgios realizados por Jesus, descrevendo-os quase como uma esp\u00e9cie de marcha triunfal para a vida\u201d, disse Francisco ao come\u00e7ar sua alocu\u00e7\u00e3o, para ent\u00e3o descrever o que aconteceu na casa de Jairo naquele dia.<\/p>\n<p>Ao saber da not\u00edcia de que a filha dele havia morrido, Jesus lhe disse apenas: &#8220;N\u00e3o tenha medo, apenas tenha f\u00e9!&#8221; E ao chegar na casa, mandou sair a multid\u00e3o que lamentava e dirigiu-se ao quarto da menina, dizendo: \u201cLevanta-te\u201d. \u201cE imediatamente a menina levantou-se, como se despertasse de um sono profundo\u201d.<\/p>\n<p>Francisco passa ent\u00e3o ao segundo milagre narrado por Marcos, a cura da hemorro\u00edsa, destacando o fato de que \u201ca f\u00e9 dessa mulher atrai, e me vem o desejo de dizer \u201crouba\u201d, precisou Francisco &#8211; o poder salvador divino que existe em Cristo, que, sentindo que uma for\u00e7a que &#8220;saiu dele&#8221;, tenta entender quem tenha sido. E quando a mulher, com tanta vergonha, se aproxima e confessa tudo, Ele diz a ela: &#8220;Filha, a tua f\u00e9 te salvou&#8221;:<\/p>\n<p>\u201cTrata-se de duas hist\u00f3rias interligadas, com um \u00fanico centro: a f\u00e9, e mostram Jesus como fonte de vida, como aquele que devolve a vida \u00e0queles que confiam nele plenamente \u201d<\/p>\n<p>O pai da menina e a mulher doente \u2013 explicou o Papa &#8211; n\u00e3o s\u00e3o disc\u00edpulos de Jesus e ainda assim ficam tocados pela sua f\u00e9. T\u00eam f\u00e9 naquele homem: \u201cA partir disso entendemos que todos s\u00e3o admitidos no caminho do Senhor: ningu\u00e9m deve se sentir como um intruso, uma pessoa abusiva ou algu\u00e9m que n\u00e3o tem direito. Para ter acesso ao seu cora\u00e7\u00e3o, ao cora\u00e7\u00e3o de Jesus, h\u00e1 apenas um requisito: sentir necessidade de cura e confiar n\u2019Ele\u201d.<\/p>\n<p>E o Santo Padre questiona os presentes: \u201cEu pergunto a voc\u00eas: cada um de n\u00f3s se sente necessitado de alguma cura? De qualquer coisa, de qualquer pecado, de qualquer problema? E se sente isto, tem f\u00e9 em Jesus? S\u00e3o dois os requisitos para ser curado, para ter acesso ao seu cora\u00e7\u00e3o: sentir-se necessitado de cura e confiar n\u2019Ele\u201d.<\/p>\n<p>O Papa sabiamente observa que Jesus descobre essas pessoas em meio \u00e0 multid\u00e3o, \u201ce as tira do anonimato, libertando-as do medo de viver e ousar\u201d, e explica como Ele faz isto:<\/p>\n<p>\u201cEle faz isso com um olhar e com uma palavra que as coloca em caminho depois de tantos sofrimentos e humilha\u00e7\u00f5es&#8221;.<\/p>\n<p>\u201cN\u00f3s tamb\u00e9m somos chamados a aprender e a imitar essas palavras que libertam e esses olhares que restituem \u00e0queles que s\u00e3o privados disto, o desejo de viver\u201d, disse.<\/p>\n<p>Nesta p\u00e1gina do Evangelho \u2013 explicou &#8211; os temas da f\u00e9 e da nova vida que Jesus veio oferecer a todos se entrela\u00e7am. \u201cJesus \u00e9 o Senhor e, diante dele, a morte f\u00edsica \u00e9 como um sono: n\u00e3o h\u00e1 motivo para desesperar-se. Outra \u00e9 a morte da qual devemos ter medo: a do cora\u00e7\u00e3o endurecido pelo mal!\u201d: \u201cAh, dela sim devemos ter medo! Quando n\u00f3s sentimos ter o cora\u00e7\u00e3o endurecido, o cora\u00e7\u00e3o que se endurece e me permito a palavra: o cora\u00e7\u00e3o mumificado. Devemos ter medo disto. Esta \u00e9 a morte do cora\u00e7\u00e3o. Mas mesmo o pecado, mesmo o cora\u00e7\u00e3o mumificado, para Jesus nunca \u00e9 a \u00faltima palavra, porque Ele nos trouxe a infinita miseric\u00f3rdia do Pai. E mesmo que ca\u00edssemos, a sua voz suave e forte nos alcan\u00e7a: &#8220;Eu te digo: levanta-te!&#8221;\u201d<\/p>\n<p>\u201c\u00c9 belo ouvir aquela palavra de Jesus dirigida a cada um de n\u00f3s: \u201cEu te digo: levanta-te. Vai. Levanta-te, coragem. Levanta-te\u201d. E Jesus restitui a vida \u00e0 menina e restitui a vida \u00e0 mulher curada: vida e f\u00e9 \u00e0s duas\u201d.<\/p>\n<p>Ao concluir o Papa pede para invocarmos a intercess\u00e3o materna da Virgem Maria, \u201cpor nossos irm\u00e3os que sofrem no corpo e esp\u00edrito\u201d.<\/p>\n<hr \/>\n<p><em>Fonte: Vatican News<\/em><\/p>\n","protected":false},"excerpt":{"rendered":"<p>Angelus<\/p>\n","protected":false},"author":1,"featured_media":213270,"comment_status":"open","ping_status":"open","sticky":false,"template":"","format":"standard","meta":[],"categories":[1428],"tags":[403],"acf":[],"yoast_head":"<!-- This site is optimized with the Yoast SEO plugin v19.2 - https:\/\/yoast.com\/wordpress\/plugins\/seo\/ -->\n<title>Ningu\u00e9m deve se sentir um intruso no caminho do Senhor - Not\u00edcias - Franciscanos<\/title>\n<meta name=\"robots\" content=\"index, follow, max-snippet:-1, max-image-preview:large, max-video-preview:-1\" \/>\n<link rel=\"canonical\" href=\"https:\/\/franciscanos.org.br\/noticias\/ninguem-deve-se-sentir-como-um-intruso-no-caminho-do-senhor.html\" \/>\n<meta property=\"og:locale\" content=\"pt_BR\" \/>\n<meta property=\"og:type\" content=\"article\" \/>\n<meta property=\"og:title\" content=\"Ningu\u00e9m deve se sentir um intruso no caminho do Senhor - Not\u00edcias - Franciscanos\" \/>\n<meta property=\"og:description\" content=\"Angelus\" \/>\n<meta property=\"og:url\" content=\"https:\/\/franciscanos.org.br\/noticias\/ninguem-deve-se-sentir-como-um-intruso-no-caminho-do-senhor.html\" \/>\n<meta property=\"og:site_name\" content=\"Not\u00edcias - Franciscanos\" \/>\n<meta property=\"article:published_time\" content=\"2018-07-01T18:05:39+00:00\" \/>\n<meta property=\"article:modified_time\" content=\"2020-06-07T12:09:13+00:00\" \/>\n<meta property=\"og:image\" content=\"https:\/\/franciscanos.org.br\/noticias\/wp-content\/uploads\/2018\/07\/angelus_010718.jpg\" \/>\n\t<meta property=\"og:image:width\" content=\"273\" \/>\n\t<meta property=\"og:image:height\" content=\"181\" \/>\n\t<meta property=\"og:image:type\" content=\"image\/jpeg\" \/>\n<meta name=\"author\" content=\"admin\" \/>\n<meta name=\"twitter:card\" content=\"summary_large_image\" \/>\n<meta name=\"twitter:label1\" content=\"Escrito por\" \/>\n\t<meta name=\"twitter:data1\" content=\"admin\" \/>\n\t<meta name=\"twitter:label2\" content=\"Est. tempo de leitura\" \/>\n\t<meta name=\"twitter:data2\" content=\"4 minutos\" \/>\n<script type=\"application\/ld+json\" class=\"yoast-schema-graph\">{\"@context\":\"https:\/\/schema.org\",\"@graph\":[{\"@type\":\"WebSite\",\"@id\":\"https:\/\/franciscanos.org.br\/noticias\/#website\",\"url\":\"https:\/\/franciscanos.org.br\/noticias\/\",\"name\":\"Not\u00edcias - Franciscanos\",\"description\":\"Prov\u00edncia Franciscana da Imaculada Concei\u00e7\u00e3o do Brasil - Ordem dos Frades Menores - OFM\",\"potentialAction\":[{\"@type\":\"SearchAction\",\"target\":{\"@type\":\"EntryPoint\",\"urlTemplate\":\"https:\/\/franciscanos.org.br\/noticias\/?s={search_term_string}\"},\"query-input\":\"required name=search_term_string\"}],\"inLanguage\":\"pt-BR\"},{\"@type\":\"ImageObject\",\"inLanguage\":\"pt-BR\",\"@id\":\"https:\/\/franciscanos.org.br\/noticias\/ninguem-deve-se-sentir-como-um-intruso-no-caminho-do-senhor.html#primaryimage\",\"url\":\"https:\/\/franciscanos.org.br\/noticias\/wp-content\/uploads\/2018\/07\/angelus_010718.jpg\",\"contentUrl\":\"https:\/\/franciscanos.org.br\/noticias\/wp-content\/uploads\/2018\/07\/angelus_010718.jpg\",\"width\":273,\"height\":181},{\"@type\":\"WebPage\",\"@id\":\"https:\/\/franciscanos.org.br\/noticias\/ninguem-deve-se-sentir-como-um-intruso-no-caminho-do-senhor.html#webpage\",\"url\":\"https:\/\/franciscanos.org.br\/noticias\/ninguem-deve-se-sentir-como-um-intruso-no-caminho-do-senhor.html\",\"name\":\"Ningu\u00e9m deve se sentir um intruso no caminho do Senhor - Not\u00edcias - Franciscanos\",\"isPartOf\":{\"@id\":\"https:\/\/franciscanos.org.br\/noticias\/#website\"},\"primaryImageOfPage\":{\"@id\":\"https:\/\/franciscanos.org.br\/noticias\/ninguem-deve-se-sentir-como-um-intruso-no-caminho-do-senhor.html#primaryimage\"},\"datePublished\":\"2018-07-01T18:05:39+00:00\",\"dateModified\":\"2020-06-07T12:09:13+00:00\",\"author\":{\"@id\":\"https:\/\/franciscanos.org.br\/noticias\/#\/schema\/person\/b38fbf43118f02820bd932f2e4b14ad3\"},\"breadcrumb\":{\"@id\":\"https:\/\/franciscanos.org.br\/noticias\/ninguem-deve-se-sentir-como-um-intruso-no-caminho-do-senhor.html#breadcrumb\"},\"inLanguage\":\"pt-BR\",\"potentialAction\":[{\"@type\":\"ReadAction\",\"target\":[\"https:\/\/franciscanos.org.br\/noticias\/ninguem-deve-se-sentir-como-um-intruso-no-caminho-do-senhor.html\"]}]},{\"@type\":\"BreadcrumbList\",\"@id\":\"https:\/\/franciscanos.org.br\/noticias\/ninguem-deve-se-sentir-como-um-intruso-no-caminho-do-senhor.html#breadcrumb\",\"itemListElement\":[{\"@type\":\"ListItem\",\"position\":1,\"name\":\"Home\",\"item\":\"https:\/\/franciscanos.org.br\/noticias\"},{\"@type\":\"ListItem\",\"position\":2,\"name\":\"Ningu\u00e9m deve se sentir um intruso no caminho do Senhor\"}]},{\"@type\":\"Person\",\"@id\":\"https:\/\/franciscanos.org.br\/noticias\/#\/schema\/person\/b38fbf43118f02820bd932f2e4b14ad3\",\"name\":\"admin\",\"image\":{\"@type\":\"ImageObject\",\"inLanguage\":\"pt-BR\",\"@id\":\"https:\/\/franciscanos.org.br\/noticias\/#\/schema\/person\/image\/\",\"url\":\"https:\/\/secure.gravatar.com\/avatar\/e8495742d34d0ba6448ea1c628263b3e?s=96&d=mm&r=g\",\"contentUrl\":\"https:\/\/secure.gravatar.com\/avatar\/e8495742d34d0ba6448ea1c628263b3e?s=96&d=mm&r=g\",\"caption\":\"admin\"},\"url\":\"https:\/\/franciscanos.org.br\/noticias\/author\/admin\"}]}<\/script>\n<!-- \/ Yoast SEO plugin. -->","yoast_head_json":{"title":"Ningu\u00e9m deve se sentir um intruso no caminho do Senhor - Not\u00edcias - Franciscanos","robots":{"index":"index","follow":"follow","max-snippet":"max-snippet:-1","max-image-preview":"max-image-preview:large","max-video-preview":"max-video-preview:-1"},"canonical":"https:\/\/franciscanos.org.br\/noticias\/ninguem-deve-se-sentir-como-um-intruso-no-caminho-do-senhor.html","og_locale":"pt_BR","og_type":"article","og_title":"Ningu\u00e9m deve se sentir um intruso no caminho do Senhor - Not\u00edcias - Franciscanos","og_description":"Angelus","og_url":"https:\/\/franciscanos.org.br\/noticias\/ninguem-deve-se-sentir-como-um-intruso-no-caminho-do-senhor.html","og_site_name":"Not\u00edcias - Franciscanos","article_published_time":"2018-07-01T18:05:39+00:00","article_modified_time":"2020-06-07T12:09:13+00:00","og_image":[{"width":273,"height":181,"url":"https:\/\/franciscanos.org.br\/noticias\/wp-content\/uploads\/2018\/07\/angelus_010718.jpg","type":"image\/jpeg"}],"author":"admin","twitter_card":"summary_large_image","twitter_misc":{"Escrito por":"admin","Est. tempo de leitura":"4 minutos"},"schema":{"@context":"https:\/\/schema.org","@graph":[{"@type":"WebSite","@id":"https:\/\/franciscanos.org.br\/noticias\/#website","url":"https:\/\/franciscanos.org.br\/noticias\/","name":"Not\u00edcias - Franciscanos","description":"Prov\u00edncia Franciscana da Imaculada Concei\u00e7\u00e3o do Brasil - Ordem dos Frades Menores - OFM","potentialAction":[{"@type":"SearchAction","target":{"@type":"EntryPoint","urlTemplate":"https:\/\/franciscanos.org.br\/noticias\/?s={search_term_string}"},"query-input":"required name=search_term_string"}],"inLanguage":"pt-BR"},{"@type":"ImageObject","inLanguage":"pt-BR","@id":"https:\/\/franciscanos.org.br\/noticias\/ninguem-deve-se-sentir-como-um-intruso-no-caminho-do-senhor.html#primaryimage","url":"https:\/\/franciscanos.org.br\/noticias\/wp-content\/uploads\/2018\/07\/angelus_010718.jpg","contentUrl":"https:\/\/franciscanos.org.br\/noticias\/wp-content\/uploads\/2018\/07\/angelus_010718.jpg","width":273,"height":181},{"@type":"WebPage","@id":"https:\/\/franciscanos.org.br\/noticias\/ninguem-deve-se-sentir-como-um-intruso-no-caminho-do-senhor.html#webpage","url":"https:\/\/franciscanos.org.br\/noticias\/ninguem-deve-se-sentir-como-um-intruso-no-caminho-do-senhor.html","name":"Ningu\u00e9m deve se sentir um intruso no caminho do Senhor - Not\u00edcias - Franciscanos","isPartOf":{"@id":"https:\/\/franciscanos.org.br\/noticias\/#website"},"primaryImageOfPage":{"@id":"https:\/\/franciscanos.org.br\/noticias\/ninguem-deve-se-sentir-como-um-intruso-no-caminho-do-senhor.html#primaryimage"},"datePublished":"2018-07-01T18:05:39+00:00","dateModified":"2020-06-07T12:09:13+00:00","author":{"@id":"https:\/\/franciscanos.org.br\/noticias\/#\/schema\/person\/b38fbf43118f02820bd932f2e4b14ad3"},"breadcrumb":{"@id":"https:\/\/franciscanos.org.br\/noticias\/ninguem-deve-se-sentir-como-um-intruso-no-caminho-do-senhor.html#breadcrumb"},"inLanguage":"pt-BR","potentialAction":[{"@type":"ReadAction","target":["https:\/\/franciscanos.org.br\/noticias\/ninguem-deve-se-sentir-como-um-intruso-no-caminho-do-senhor.html"]}]},{"@type":"BreadcrumbList","@id":"https:\/\/franciscanos.org.br\/noticias\/ninguem-deve-se-sentir-como-um-intruso-no-caminho-do-senhor.html#breadcrumb","itemListElement":[{"@type":"ListItem","position":1,"name":"Home","item":"https:\/\/franciscanos.org.br\/noticias"},{"@type":"ListItem","position":2,"name":"Ningu\u00e9m deve se sentir um intruso no caminho do Senhor"}]},{"@type":"Person","@id":"https:\/\/franciscanos.org.br\/noticias\/#\/schema\/person\/b38fbf43118f02820bd932f2e4b14ad3","name":"admin","image":{"@type":"ImageObject","inLanguage":"pt-BR","@id":"https:\/\/franciscanos.org.br\/noticias\/#\/schema\/person\/image\/","url":"https:\/\/secure.gravatar.com\/avatar\/e8495742d34d0ba6448ea1c628263b3e?s=96&d=mm&r=g","contentUrl":"https:\/\/secure.gravatar.com\/avatar\/e8495742d34d0ba6448ea1c628263b3e?s=96&d=mm&r=g","caption":"admin"},"url":"https:\/\/franciscanos.org.br\/noticias\/author\/admin"}]}},"_links":{"self":[{"href":"https:\/\/franciscanos.org.br\/noticias\/wp-json\/wp\/v2\/posts\/165833"}],"collection":[{"href":"https:\/\/franciscanos.org.br\/noticias\/wp-json\/wp\/v2\/posts"}],"about":[{"href":"https:\/\/franciscanos.org.br\/noticias\/wp-json\/wp\/v2\/types\/post"}],"author":[{"embeddable":true,"href":"https:\/\/franciscanos.org.br\/noticias\/wp-json\/wp\/v2\/users\/1"}],"replies":[{"embeddable":true,"href":"https:\/\/franciscanos.org.br\/noticias\/wp-json\/wp\/v2\/comments?post=165833"}],"version-history":[{"count":1,"href":"https:\/\/franciscanos.org.br\/noticias\/wp-json\/wp\/v2\/posts\/165833\/revisions"}],"predecessor-version":[{"id":224914,"href":"https:\/\/franciscanos.org.br\/noticias\/wp-json\/wp\/v2\/posts\/165833\/revisions\/224914"}],"wp:featuredmedia":[{"embeddable":true,"href":"https:\/\/franciscanos.org.br\/noticias\/wp-json\/wp\/v2\/media\/213270"}],"wp:attachment":[{"href":"https:\/\/franciscanos.org.br\/noticias\/wp-json\/wp\/v2\/media?parent=165833"}],"wp:term":[{"taxonomy":"category","embeddable":true,"href":"https:\/\/franciscanos.org.br\/noticias\/wp-json\/wp\/v2\/categories?post=165833"},{"taxonomy":"post_tag","embeddable":true,"href":"https:\/\/franciscanos.org.br\/noticias\/wp-json\/wp\/v2\/tags?post=165833"}],"curies":[{"name":"wp","href":"https:\/\/api.w.org\/{rel}","templated":true}]}}