{"id":165645,"date":"2018-06-30T06:39:34","date_gmt":"2018-06-30T09:39:34","guid":{"rendered":"http:\/\/franciscanos.org.br\/?p=165645"},"modified":"2019-06-28T07:47:03","modified_gmt":"2019-06-28T10:47:03","slug":"um-discipulo-como-cada-um-de-nos-diz-dom-jaime","status":"publish","type":"post","link":"https:\/\/franciscanos.org.br\/noticias\/um-discipulo-como-cada-um-de-nos-diz-dom-jaime.html","title":{"rendered":"\u201cUm disc\u00edpulo como cada um de n\u00f3s\u201d, diz Dom Jaime"},"content":{"rendered":"<p><img loading=\"lazy\" src=\"http:\/\/franciscanos.org.br\/wp-content\/uploads\/2018\/06\/jaime_300618.jpg\" alt=\"jaime_300618\" width=\"830\" height=\"357\" \/><\/p>\n<p><strong>Frei Jo\u00e3o Manoel Zechinatto<\/strong><\/p>\n<p><strong>Gaspar (SC)<\/strong> &#8211; \u201cDos disc\u00edpulos de Jesus, S\u00e3o Pedro tem grande destaque, n\u00e3o apenas por ser o l\u00edder dos Ap\u00f3stolos, mas porque entre todos \u00e9 o mais perecido conosco. Os Evangelhos nos mostram a figura de uma pessoa humana, como cada um de n\u00f3s\u201d. Assim Dom Jaime iniciou sua homilia no 2\u00ba dia do Tr\u00edduo da 168\u00aa Festa de S\u00e3o Pedro Ap\u00f3stolo de Gaspar (SC), tendo como base o tema: \u201cPedro, disc\u00edpulo do Senhor\u201d. O arcebispo de Porto Alegre disse aos fi\u00e9is que os medos, d\u00favidas e falhas que Pedro teve em sua vida s\u00e3o os mesmos que tamb\u00e9m n\u00f3s enfrentamos em nossa jornada. Jesus nos chama pelo nome, nos confere identidade e nos faz dignos da miss\u00e3o. Nossa dignidade n\u00e3o se atesta em n\u00f3s mesmos, mas \u00e9 o Senhor que nos capacita na for\u00e7a do amor e do servi\u00e7o.<\/p>\n<p>\u201cJesus trata seus disc\u00edpulos como pessoas e n\u00e3o como n\u00fameros, Ele confere identidade aos seus\u201d, disse Dom Jaime, fazendo refer\u00eancia aos dias atuais em que a dignidade humana d\u00e1 lugar aos n\u00fameros, rankings e estat\u00edsticas, em detrimento daquilo que realmente importa. \u201cNo mundo dos n\u00fameros, nossa identidade se dissolve, somos tratados pelo que podemos produzir ou pelo que valemos e n\u00e3o pelo que somos. O verdadeiro disc\u00edpulo do Senhor n\u00e3o \u00e9 o da efici\u00eancia ou da rapidez, mas \u00e9 aquele que em sua humanidade, persevera e \u00e9 fiel. S\u00e3o Pedro trope\u00e7ou e cambaleou, mas provou com sua vida a fidelidade. O verdadeiro disc\u00edpulo de Jesus \u00e9 aquele que olha para cada humano com ternura e no exerc\u00edcio da caridade deixa que os n\u00fameros deem lugar \u00e0quele valor que \u00e9 invis\u00edvel aos olhos, \u00e9 esta a parte que o Senhor quer de n\u00f3s\u201d, concluiu o bispo em sua mensagem.<\/p>\n<p><img loading=\"lazy\" src=\"http:\/\/franciscanos.org.br\/wp-content\/uploads\/2018\/06\/jaime_300618_1.jpg\" alt=\"jaime_300618_1\" width=\"830\" height=\"553\" \/><\/p>\n<p>Ao final da celebra\u00e7\u00e3o, Dom Jaime, lembrou de saudosos momentos de sua inf\u00e2ncia com rela\u00e7\u00e3o a Festa do Padroeiro da Par\u00f3quia. Recordou que, certa vez, alguns festeiros foram at\u00e9 sua casa pedir prendas para sua m\u00e3e, enquanto alguns pediam prendas outros foram ao galinheiro e pegaram escondidos v\u00e1rias galinhas. No ano seguinte, quando avisaram que os festeiros iam passar pegar prenda, sua m\u00e3e ficou esperando-os no galinheiro e disse: \u201cAqui ningu\u00e9m entra\u201d! S\u00e3o momentos, disse o bispo, que permanecem para sempre na mem\u00f3ria. \u201c\u00c9 preciso n\u00e3o deixar as belas lembran\u00e7as e tradi\u00e7\u00f5es se perderem\u201d, exortou ele aos fi\u00e9is.<\/p>\n<p>Como no Primeiro dia do Tr\u00edduo, tamb\u00e9m nesta sexta-feira, v\u00e1rias comunidades, movimentos e pastorais participaram desta bela Celebra\u00e7\u00e3o Eucar\u00edstica. O p\u00e1roco Frei Paulijacson Moura acolheu a todos que chegavam da carreata e entravam na Igreja-Matriz cantando com muita alegria na festa de seu Padroeiro.<\/p>\n<p><strong>As del\u00edcias desta festa centen\u00e1ria!<\/strong><\/p>\n<p><img loading=\"lazy\" class=\"alignleft wp-image-165646 \" src=\"http:\/\/franciscanos.org.br\/wp-content\/uploads\/2018\/06\/lidia_300618.jpg\" alt=\"lidia_300618\" width=\"319\" height=\"339\" \/>Dentre as grandes atra\u00e7\u00f5es da Festa de S\u00e3o Pedro, em Gaspar, destacam-se duas \u201cdel\u00edcias\u201d que remontam h\u00e1 d\u00e9cadas e s\u00e3o queridinhas do povo: o sonho e o pastel. As filas enormes durante todo os dias atestam a for\u00e7a desta tradi\u00e7\u00e3o que permanece e \u00e9 sempre um grande sucesso. Dona L\u00eddia Nagel, que h\u00e1 mais de cinquenta anos trabalha nessa festa, diz que desde mo\u00e7a lembra com feliz mem\u00f3ria do pastel da Festa. No in\u00edcio, relatou ela, o pastel era frito numa panelinha, hoje v\u00e1rias fritadeiras ainda parecem insuficientes para a grande demanda. A receita \u00e9 passada entre gera\u00e7\u00f5es, segundo Dona L\u00eddia, \u00e9 o modo caseiro da massa que faz dela t\u00e3o saborosa.<\/p>\n<p>No espa\u00e7o da padaria onde \u00e9 vendido o \u201csonho\u201d n\u00e3o \u00e9 diferente, o toque caseiro e a boa receita da \u201cnona\u201d d\u00e3o aquele gosto todo especial. Mais de 80 volunt\u00e1rios trabalham no pastel e na padaria para atendar a demanda, a previs\u00e3o \u00e9 produzir 20 mil past\u00e9is e 10 mil sonhos. A grande sa\u00edda faz com que os produtos estejam sempre frescos e quentinhos, mas o verdadeiro ingrediente secreto, segundo Dona L\u00eddia, \u00e9 o desejo do povo de colaborar com a comunidade paroquial. \u00c9 certamente isso, diz ela, que d\u00e1 o mais sublime sabor a cada produto da festa que a cada ano s\u00f3 cresce.<\/p>\n","protected":false},"excerpt":{"rendered":"<p>Festa de S\u00e3o Pedro Ap\u00f3stolo Par\u00f3quia de Gaspar<\/p>\n","protected":false},"author":1,"featured_media":206579,"comment_status":"open","ping_status":"open","sticky":false,"template":"","format":"standard","meta":[],"categories":[1],"tags":[298,292],"acf":[],"yoast_head":"<!-- This site is optimized with the Yoast SEO plugin v19.2 - https:\/\/yoast.com\/wordpress\/plugins\/seo\/ -->\n<title>\u201cUm disc\u00edpulo como cada um de n\u00f3s\u201d, diz Dom Jaime - Not\u00edcias - Franciscanos<\/title>\n<meta name=\"robots\" content=\"index, follow, max-snippet:-1, max-image-preview:large, max-video-preview:-1\" \/>\n<link rel=\"canonical\" href=\"https:\/\/franciscanos.org.br\/noticias\/um-discipulo-como-cada-um-de-nos-diz-dom-jaime.html\" \/>\n<meta property=\"og:locale\" content=\"pt_BR\" \/>\n<meta property=\"og:type\" content=\"article\" \/>\n<meta property=\"og:title\" content=\"\u201cUm disc\u00edpulo como cada um de n\u00f3s\u201d, diz Dom Jaime - Not\u00edcias - Franciscanos\" \/>\n<meta property=\"og:description\" content=\"Festa de S\u00e3o Pedro Ap\u00f3stolo Par\u00f3quia de Gaspar\" \/>\n<meta property=\"og:url\" content=\"https:\/\/franciscanos.org.br\/noticias\/um-discipulo-como-cada-um-de-nos-diz-dom-jaime.html\" \/>\n<meta property=\"og:site_name\" content=\"Not\u00edcias - Franciscanos\" \/>\n<meta property=\"article:published_time\" content=\"2018-06-30T09:39:34+00:00\" \/>\n<meta property=\"article:modified_time\" content=\"2019-06-28T10:47:03+00:00\" \/>\n<meta property=\"og:image\" content=\"https:\/\/franciscanos.org.br\/noticias\/wp-content\/uploads\/2018\/06\/jaime_300618.jpg\" \/>\n\t<meta property=\"og:image:width\" content=\"273\" \/>\n\t<meta property=\"og:image:height\" content=\"181\" \/>\n\t<meta property=\"og:image:type\" content=\"image\/jpeg\" \/>\n<meta name=\"author\" content=\"admin\" \/>\n<meta name=\"twitter:card\" content=\"summary_large_image\" \/>\n<meta name=\"twitter:label1\" content=\"Escrito por\" \/>\n\t<meta name=\"twitter:data1\" content=\"admin\" \/>\n\t<meta name=\"twitter:label2\" content=\"Est. tempo de leitura\" \/>\n\t<meta name=\"twitter:data2\" content=\"4 minutos\" \/>\n<script type=\"application\/ld+json\" class=\"yoast-schema-graph\">{\"@context\":\"https:\/\/schema.org\",\"@graph\":[{\"@type\":\"WebSite\",\"@id\":\"https:\/\/franciscanos.org.br\/noticias\/#website\",\"url\":\"https:\/\/franciscanos.org.br\/noticias\/\",\"name\":\"Not\u00edcias - Franciscanos\",\"description\":\"Prov\u00edncia Franciscana da Imaculada Concei\u00e7\u00e3o do Brasil - Ordem dos Frades Menores - OFM\",\"potentialAction\":[{\"@type\":\"SearchAction\",\"target\":{\"@type\":\"EntryPoint\",\"urlTemplate\":\"https:\/\/franciscanos.org.br\/noticias\/?s={search_term_string}\"},\"query-input\":\"required name=search_term_string\"}],\"inLanguage\":\"pt-BR\"},{\"@type\":\"ImageObject\",\"inLanguage\":\"pt-BR\",\"@id\":\"https:\/\/franciscanos.org.br\/noticias\/um-discipulo-como-cada-um-de-nos-diz-dom-jaime.html#primaryimage\",\"url\":\"https:\/\/franciscanos.org.br\/noticias\/wp-content\/uploads\/2018\/06\/jaime_300618.jpg\",\"contentUrl\":\"https:\/\/franciscanos.org.br\/noticias\/wp-content\/uploads\/2018\/06\/jaime_300618.jpg\",\"width\":273,\"height\":181},{\"@type\":\"WebPage\",\"@id\":\"https:\/\/franciscanos.org.br\/noticias\/um-discipulo-como-cada-um-de-nos-diz-dom-jaime.html#webpage\",\"url\":\"https:\/\/franciscanos.org.br\/noticias\/um-discipulo-como-cada-um-de-nos-diz-dom-jaime.html\",\"name\":\"\u201cUm disc\u00edpulo como cada um de n\u00f3s\u201d, diz Dom Jaime - Not\u00edcias - Franciscanos\",\"isPartOf\":{\"@id\":\"https:\/\/franciscanos.org.br\/noticias\/#website\"},\"primaryImageOfPage\":{\"@id\":\"https:\/\/franciscanos.org.br\/noticias\/um-discipulo-como-cada-um-de-nos-diz-dom-jaime.html#primaryimage\"},\"datePublished\":\"2018-06-30T09:39:34+00:00\",\"dateModified\":\"2019-06-28T10:47:03+00:00\",\"author\":{\"@id\":\"https:\/\/franciscanos.org.br\/noticias\/#\/schema\/person\/b38fbf43118f02820bd932f2e4b14ad3\"},\"breadcrumb\":{\"@id\":\"https:\/\/franciscanos.org.br\/noticias\/um-discipulo-como-cada-um-de-nos-diz-dom-jaime.html#breadcrumb\"},\"inLanguage\":\"pt-BR\",\"potentialAction\":[{\"@type\":\"ReadAction\",\"target\":[\"https:\/\/franciscanos.org.br\/noticias\/um-discipulo-como-cada-um-de-nos-diz-dom-jaime.html\"]}]},{\"@type\":\"BreadcrumbList\",\"@id\":\"https:\/\/franciscanos.org.br\/noticias\/um-discipulo-como-cada-um-de-nos-diz-dom-jaime.html#breadcrumb\",\"itemListElement\":[{\"@type\":\"ListItem\",\"position\":1,\"name\":\"Home\",\"item\":\"https:\/\/franciscanos.org.br\/noticias\"},{\"@type\":\"ListItem\",\"position\":2,\"name\":\"\u201cUm disc\u00edpulo como cada um de n\u00f3s\u201d, diz Dom Jaime\"}]},{\"@type\":\"Person\",\"@id\":\"https:\/\/franciscanos.org.br\/noticias\/#\/schema\/person\/b38fbf43118f02820bd932f2e4b14ad3\",\"name\":\"admin\",\"image\":{\"@type\":\"ImageObject\",\"inLanguage\":\"pt-BR\",\"@id\":\"https:\/\/franciscanos.org.br\/noticias\/#\/schema\/person\/image\/\",\"url\":\"https:\/\/secure.gravatar.com\/avatar\/e8495742d34d0ba6448ea1c628263b3e?s=96&d=mm&r=g\",\"contentUrl\":\"https:\/\/secure.gravatar.com\/avatar\/e8495742d34d0ba6448ea1c628263b3e?s=96&d=mm&r=g\",\"caption\":\"admin\"},\"url\":\"https:\/\/franciscanos.org.br\/noticias\/author\/admin\"}]}<\/script>\n<!-- \/ Yoast SEO plugin. -->","yoast_head_json":{"title":"\u201cUm disc\u00edpulo como cada um de n\u00f3s\u201d, diz Dom Jaime - Not\u00edcias - Franciscanos","robots":{"index":"index","follow":"follow","max-snippet":"max-snippet:-1","max-image-preview":"max-image-preview:large","max-video-preview":"max-video-preview:-1"},"canonical":"https:\/\/franciscanos.org.br\/noticias\/um-discipulo-como-cada-um-de-nos-diz-dom-jaime.html","og_locale":"pt_BR","og_type":"article","og_title":"\u201cUm disc\u00edpulo como cada um de n\u00f3s\u201d, diz Dom Jaime - Not\u00edcias - Franciscanos","og_description":"Festa de S\u00e3o Pedro Ap\u00f3stolo Par\u00f3quia de Gaspar","og_url":"https:\/\/franciscanos.org.br\/noticias\/um-discipulo-como-cada-um-de-nos-diz-dom-jaime.html","og_site_name":"Not\u00edcias - Franciscanos","article_published_time":"2018-06-30T09:39:34+00:00","article_modified_time":"2019-06-28T10:47:03+00:00","og_image":[{"width":273,"height":181,"url":"https:\/\/franciscanos.org.br\/noticias\/wp-content\/uploads\/2018\/06\/jaime_300618.jpg","type":"image\/jpeg"}],"author":"admin","twitter_card":"summary_large_image","twitter_misc":{"Escrito por":"admin","Est. tempo de leitura":"4 minutos"},"schema":{"@context":"https:\/\/schema.org","@graph":[{"@type":"WebSite","@id":"https:\/\/franciscanos.org.br\/noticias\/#website","url":"https:\/\/franciscanos.org.br\/noticias\/","name":"Not\u00edcias - Franciscanos","description":"Prov\u00edncia Franciscana da Imaculada Concei\u00e7\u00e3o do Brasil - Ordem dos Frades Menores - OFM","potentialAction":[{"@type":"SearchAction","target":{"@type":"EntryPoint","urlTemplate":"https:\/\/franciscanos.org.br\/noticias\/?s={search_term_string}"},"query-input":"required name=search_term_string"}],"inLanguage":"pt-BR"},{"@type":"ImageObject","inLanguage":"pt-BR","@id":"https:\/\/franciscanos.org.br\/noticias\/um-discipulo-como-cada-um-de-nos-diz-dom-jaime.html#primaryimage","url":"https:\/\/franciscanos.org.br\/noticias\/wp-content\/uploads\/2018\/06\/jaime_300618.jpg","contentUrl":"https:\/\/franciscanos.org.br\/noticias\/wp-content\/uploads\/2018\/06\/jaime_300618.jpg","width":273,"height":181},{"@type":"WebPage","@id":"https:\/\/franciscanos.org.br\/noticias\/um-discipulo-como-cada-um-de-nos-diz-dom-jaime.html#webpage","url":"https:\/\/franciscanos.org.br\/noticias\/um-discipulo-como-cada-um-de-nos-diz-dom-jaime.html","name":"\u201cUm disc\u00edpulo como cada um de n\u00f3s\u201d, diz Dom Jaime - Not\u00edcias - Franciscanos","isPartOf":{"@id":"https:\/\/franciscanos.org.br\/noticias\/#website"},"primaryImageOfPage":{"@id":"https:\/\/franciscanos.org.br\/noticias\/um-discipulo-como-cada-um-de-nos-diz-dom-jaime.html#primaryimage"},"datePublished":"2018-06-30T09:39:34+00:00","dateModified":"2019-06-28T10:47:03+00:00","author":{"@id":"https:\/\/franciscanos.org.br\/noticias\/#\/schema\/person\/b38fbf43118f02820bd932f2e4b14ad3"},"breadcrumb":{"@id":"https:\/\/franciscanos.org.br\/noticias\/um-discipulo-como-cada-um-de-nos-diz-dom-jaime.html#breadcrumb"},"inLanguage":"pt-BR","potentialAction":[{"@type":"ReadAction","target":["https:\/\/franciscanos.org.br\/noticias\/um-discipulo-como-cada-um-de-nos-diz-dom-jaime.html"]}]},{"@type":"BreadcrumbList","@id":"https:\/\/franciscanos.org.br\/noticias\/um-discipulo-como-cada-um-de-nos-diz-dom-jaime.html#breadcrumb","itemListElement":[{"@type":"ListItem","position":1,"name":"Home","item":"https:\/\/franciscanos.org.br\/noticias"},{"@type":"ListItem","position":2,"name":"\u201cUm disc\u00edpulo como cada um de n\u00f3s\u201d, diz Dom Jaime"}]},{"@type":"Person","@id":"https:\/\/franciscanos.org.br\/noticias\/#\/schema\/person\/b38fbf43118f02820bd932f2e4b14ad3","name":"admin","image":{"@type":"ImageObject","inLanguage":"pt-BR","@id":"https:\/\/franciscanos.org.br\/noticias\/#\/schema\/person\/image\/","url":"https:\/\/secure.gravatar.com\/avatar\/e8495742d34d0ba6448ea1c628263b3e?s=96&d=mm&r=g","contentUrl":"https:\/\/secure.gravatar.com\/avatar\/e8495742d34d0ba6448ea1c628263b3e?s=96&d=mm&r=g","caption":"admin"},"url":"https:\/\/franciscanos.org.br\/noticias\/author\/admin"}]}},"_links":{"self":[{"href":"https:\/\/franciscanos.org.br\/noticias\/wp-json\/wp\/v2\/posts\/165645"}],"collection":[{"href":"https:\/\/franciscanos.org.br\/noticias\/wp-json\/wp\/v2\/posts"}],"about":[{"href":"https:\/\/franciscanos.org.br\/noticias\/wp-json\/wp\/v2\/types\/post"}],"author":[{"embeddable":true,"href":"https:\/\/franciscanos.org.br\/noticias\/wp-json\/wp\/v2\/users\/1"}],"replies":[{"embeddable":true,"href":"https:\/\/franciscanos.org.br\/noticias\/wp-json\/wp\/v2\/comments?post=165645"}],"version-history":[{"count":0,"href":"https:\/\/franciscanos.org.br\/noticias\/wp-json\/wp\/v2\/posts\/165645\/revisions"}],"wp:featuredmedia":[{"embeddable":true,"href":"https:\/\/franciscanos.org.br\/noticias\/wp-json\/wp\/v2\/media\/206579"}],"wp:attachment":[{"href":"https:\/\/franciscanos.org.br\/noticias\/wp-json\/wp\/v2\/media?parent=165645"}],"wp:term":[{"taxonomy":"category","embeddable":true,"href":"https:\/\/franciscanos.org.br\/noticias\/wp-json\/wp\/v2\/categories?post=165645"},{"taxonomy":"post_tag","embeddable":true,"href":"https:\/\/franciscanos.org.br\/noticias\/wp-json\/wp\/v2\/tags?post=165645"}],"curies":[{"name":"wp","href":"https:\/\/api.w.org\/{rel}","templated":true}]}}