{"id":165404,"date":"2018-06-29T08:09:06","date_gmt":"2018-06-29T11:09:06","guid":{"rendered":"http:\/\/franciscanos.org.br\/?p=165404"},"modified":"2019-06-28T07:45:06","modified_gmt":"2019-06-28T10:45:06","slug":"dom-jaime-prega-o-triduo-da-festa-de-sao-pedro","status":"publish","type":"post","link":"https:\/\/franciscanos.org.br\/noticias\/dom-jaime-prega-o-triduo-da-festa-de-sao-pedro.html","title":{"rendered":"Dom Jaime prega o Tr\u00edduo da Festa de S\u00e3o Pedro"},"content":{"rendered":"<p><img loading=\"lazy\" src=\"http:\/\/franciscanos.org.br\/wp-content\/uploads\/2018\/06\/gaspar_290618.jpg\" alt=\"gaspar_290618\" width=\"830\" height=\"395\" \/><\/p>\n<p><strong>Frei Jo\u00e3o Manoel Zechinatto<\/strong><\/p>\n<p><strong>Gaspar (SC)<\/strong> &#8211; A Par\u00f3quia S\u00e3o Pedro Ap\u00f3stolo de Gaspar (SC) iniciou nesta quinta-feira, 28 de junho, o Tr\u00edduo em louvor ao seu Padroeiro. Esta \u00e9 a 168\u00aa edi\u00e7\u00e3o da Festa que se confunde com a hist\u00f3ria da pr\u00f3pria cidade edificada \u00e0s margens do Rio Itaja\u00ed A\u00e7u. Com o Tema \u201cCom S\u00e3o Pedro, crist\u00e3os em sa\u00edda, a servi\u00e7o do Reino\u201d e lema \u201cV\u00f3s sois o sal da terra. V\u00f3s sois a luz do mundo\u201d (Mt 5, 13-14), a Par\u00f3quia quis, nesse Ano Nacional do Laicato, ressaltar o protagonismo dos fi\u00e9is leigos na evangeliza\u00e7\u00e3o e na miss\u00e3o. Cada dia do Tr\u00edduo lembrar\u00e1 uma virtude de S\u00e3o Pedro em fun\u00e7\u00e3o de uma Igreja verdadeiramente em sa\u00edda, que possa iluminar e ser sabor nesse mundo.<\/p>\n<p>O pregador do Tr\u00edduo neste ano \u00e9 o Arcebispo de Porto Alegre (RS), Dom Frei Jaime Spengler, franciscano e filho desta terra de Gaspar. Dom Jaime ficou muito honrado com o convite de ser o pregador na Festa, que \u00e9 a festa do seu povo: \u201cSinto-me honrado de estar com meus conterr\u00e2neos e familiares nesta Festa que, por muitos anos, n\u00e3o pude participar\u201d! Nascido em 1960, Dom Jaime ingressou na Ordem dos Frades Menores em 1982 e foi ordenado sacerdote em 1990. Fez doutorado em Filosofia, em Roma, e trabalhou, sobretudo, no ensino e na forma\u00e7\u00e3o na Prov\u00edncia Franciscana da Imaculada Concei\u00e7\u00e3o. Em 2010 foi nomeado pelo Papa Bento XVI como bispo auxiliar de Porto Alegre. Em 2013, o Papa Francisco o nomeou arcebispo metropolitano de Porto Alegre, cargo que exerce at\u00e9 o presente momento. Dom Jaime foi ordenado presb\u00edtero e bispo na Igreja Matriz de S\u00e3o Pedro Ap\u00f3stolo, em Gaspar.<\/p>\n<p><img loading=\"lazy\" src=\"http:\/\/franciscanos.org.br\/wp-content\/uploads\/2018\/06\/gaspar_290618_2.jpg\" alt=\"gaspar_290618_2\" width=\"830\" height=\"445\" \/><\/p>\n<p>Em cada dia do Tr\u00edduo v\u00e1rias comunidades, pastorais e movimentos participam da Celebra\u00e7\u00e3o Eucar\u00edstica. As comunidades v\u00eam em carreata at\u00e9 a Igreja Matriz trazendo S\u00e3o Pedro na barca, juntamente com as imagens de seus Padroeiros. Antes de iniciar a celebra\u00e7\u00e3o o p\u00e1roco, Frei Paulijacson de Moura, acolheu os fi\u00e9is e externou profunda gratid\u00e3o por Dom Jaime ter aceitado o convite de ser o pregador.<\/p>\n<p>Neste primeiro dia do Tr\u00edduo, Dom Jaime abordou o tema: \u201cPedro, trabalhador e chefe de fam\u00edlia\u201d. Em sua homilia, o bispo ressaltou que Pedro era um homem comum como todos n\u00f3s, um trabalhador que precisava lutar pela sua vida, mas que num determinado momento foi atingido por quem era o sentido de toda a vida: \u201cPedro foi atingido, tocado e transformado pelo modo de ser de Nosso Senhor. Cada um de n\u00f3s \u00e9 hoje chamado a ser atingido e transformado por este modo de ser, sempre novo, que faz da vida ser mais vida\u201d!<\/p>\n<p>A Festa, que vai at\u00e9 domingo, 1\u00ba de julho, \u00e9 uma das mais tradicionais e famosas do Vale do Itaja\u00ed. Segundo o P\u00e1roco, Frei Paulijacson, s\u00e3o esperadas mais de 40 mil pessoas nos cinco dias do evento. \u201cN\u00e3o \u00e9 uma festa apenas da Par\u00f3quia, mas uma festa que congrega todo o povo de Gaspar e das cidades vizinhas\u201d, disse Frei Paulijacson. Aos p\u00e9s do monte onde fica a imponente Igreja Matriz encontra-se o Complexo de Eventos Cristo-Rei, onde s\u00e3o realizados os festejos populares com v\u00e1rias atra\u00e7\u00f5es. Desde segunda-feira, mais de 400 volunt\u00e1rios trabalham para que esta festa seja grandiosa.<\/p>\n","protected":false},"excerpt":{"rendered":"<p>Festa de S\u00e3o Pedro Ap\u00f3stolo na Par\u00f3quia de Gaspar<\/p>\n","protected":false},"author":1,"featured_media":206577,"comment_status":"open","ping_status":"open","sticky":false,"template":"","format":"standard","meta":[],"categories":[1],"tags":[298,292],"acf":[],"yoast_head":"<!-- This site is optimized with the Yoast SEO plugin v19.2 - https:\/\/yoast.com\/wordpress\/plugins\/seo\/ -->\n<title>Dom Jaime prega o Tr\u00edduo da Festa de S\u00e3o Pedro - Not\u00edcias - Franciscanos<\/title>\n<meta name=\"robots\" content=\"index, follow, max-snippet:-1, max-image-preview:large, max-video-preview:-1\" \/>\n<link rel=\"canonical\" href=\"https:\/\/franciscanos.org.br\/noticias\/dom-jaime-prega-o-triduo-da-festa-de-sao-pedro.html\" \/>\n<meta property=\"og:locale\" content=\"pt_BR\" \/>\n<meta property=\"og:type\" content=\"article\" \/>\n<meta property=\"og:title\" content=\"Dom Jaime prega o Tr\u00edduo da Festa de S\u00e3o Pedro - Not\u00edcias - Franciscanos\" \/>\n<meta property=\"og:description\" content=\"Festa de S\u00e3o Pedro Ap\u00f3stolo na Par\u00f3quia de Gaspar\" \/>\n<meta property=\"og:url\" content=\"https:\/\/franciscanos.org.br\/noticias\/dom-jaime-prega-o-triduo-da-festa-de-sao-pedro.html\" \/>\n<meta property=\"og:site_name\" content=\"Not\u00edcias - Franciscanos\" \/>\n<meta property=\"article:published_time\" content=\"2018-06-29T11:09:06+00:00\" \/>\n<meta property=\"article:modified_time\" content=\"2019-06-28T10:45:06+00:00\" \/>\n<meta property=\"og:image\" content=\"https:\/\/franciscanos.org.br\/noticias\/wp-content\/uploads\/2018\/06\/gaspar_290618_2.jpg\" \/>\n\t<meta property=\"og:image:width\" content=\"273\" \/>\n\t<meta property=\"og:image:height\" content=\"181\" \/>\n\t<meta property=\"og:image:type\" content=\"image\/jpeg\" \/>\n<meta name=\"author\" content=\"admin\" \/>\n<meta name=\"twitter:card\" content=\"summary_large_image\" \/>\n<meta name=\"twitter:label1\" content=\"Escrito por\" \/>\n\t<meta name=\"twitter:data1\" content=\"admin\" \/>\n\t<meta name=\"twitter:label2\" content=\"Est. tempo de leitura\" \/>\n\t<meta name=\"twitter:data2\" content=\"3 minutos\" \/>\n<script type=\"application\/ld+json\" class=\"yoast-schema-graph\">{\"@context\":\"https:\/\/schema.org\",\"@graph\":[{\"@type\":\"WebSite\",\"@id\":\"https:\/\/franciscanos.org.br\/noticias\/#website\",\"url\":\"https:\/\/franciscanos.org.br\/noticias\/\",\"name\":\"Not\u00edcias - Franciscanos\",\"description\":\"Prov\u00edncia Franciscana da Imaculada Concei\u00e7\u00e3o do Brasil - Ordem dos Frades Menores - OFM\",\"potentialAction\":[{\"@type\":\"SearchAction\",\"target\":{\"@type\":\"EntryPoint\",\"urlTemplate\":\"https:\/\/franciscanos.org.br\/noticias\/?s={search_term_string}\"},\"query-input\":\"required name=search_term_string\"}],\"inLanguage\":\"pt-BR\"},{\"@type\":\"ImageObject\",\"inLanguage\":\"pt-BR\",\"@id\":\"https:\/\/franciscanos.org.br\/noticias\/dom-jaime-prega-o-triduo-da-festa-de-sao-pedro.html#primaryimage\",\"url\":\"https:\/\/franciscanos.org.br\/noticias\/wp-content\/uploads\/2018\/06\/gaspar_290618_2.jpg\",\"contentUrl\":\"https:\/\/franciscanos.org.br\/noticias\/wp-content\/uploads\/2018\/06\/gaspar_290618_2.jpg\",\"width\":273,\"height\":181},{\"@type\":\"WebPage\",\"@id\":\"https:\/\/franciscanos.org.br\/noticias\/dom-jaime-prega-o-triduo-da-festa-de-sao-pedro.html#webpage\",\"url\":\"https:\/\/franciscanos.org.br\/noticias\/dom-jaime-prega-o-triduo-da-festa-de-sao-pedro.html\",\"name\":\"Dom Jaime prega o Tr\u00edduo da Festa de S\u00e3o Pedro - Not\u00edcias - Franciscanos\",\"isPartOf\":{\"@id\":\"https:\/\/franciscanos.org.br\/noticias\/#website\"},\"primaryImageOfPage\":{\"@id\":\"https:\/\/franciscanos.org.br\/noticias\/dom-jaime-prega-o-triduo-da-festa-de-sao-pedro.html#primaryimage\"},\"datePublished\":\"2018-06-29T11:09:06+00:00\",\"dateModified\":\"2019-06-28T10:45:06+00:00\",\"author\":{\"@id\":\"https:\/\/franciscanos.org.br\/noticias\/#\/schema\/person\/b38fbf43118f02820bd932f2e4b14ad3\"},\"breadcrumb\":{\"@id\":\"https:\/\/franciscanos.org.br\/noticias\/dom-jaime-prega-o-triduo-da-festa-de-sao-pedro.html#breadcrumb\"},\"inLanguage\":\"pt-BR\",\"potentialAction\":[{\"@type\":\"ReadAction\",\"target\":[\"https:\/\/franciscanos.org.br\/noticias\/dom-jaime-prega-o-triduo-da-festa-de-sao-pedro.html\"]}]},{\"@type\":\"BreadcrumbList\",\"@id\":\"https:\/\/franciscanos.org.br\/noticias\/dom-jaime-prega-o-triduo-da-festa-de-sao-pedro.html#breadcrumb\",\"itemListElement\":[{\"@type\":\"ListItem\",\"position\":1,\"name\":\"Home\",\"item\":\"https:\/\/franciscanos.org.br\/noticias\"},{\"@type\":\"ListItem\",\"position\":2,\"name\":\"Dom Jaime prega o Tr\u00edduo da Festa de S\u00e3o Pedro\"}]},{\"@type\":\"Person\",\"@id\":\"https:\/\/franciscanos.org.br\/noticias\/#\/schema\/person\/b38fbf43118f02820bd932f2e4b14ad3\",\"name\":\"admin\",\"image\":{\"@type\":\"ImageObject\",\"inLanguage\":\"pt-BR\",\"@id\":\"https:\/\/franciscanos.org.br\/noticias\/#\/schema\/person\/image\/\",\"url\":\"https:\/\/secure.gravatar.com\/avatar\/e8495742d34d0ba6448ea1c628263b3e?s=96&d=mm&r=g\",\"contentUrl\":\"https:\/\/secure.gravatar.com\/avatar\/e8495742d34d0ba6448ea1c628263b3e?s=96&d=mm&r=g\",\"caption\":\"admin\"},\"url\":\"https:\/\/franciscanos.org.br\/noticias\/author\/admin\"}]}<\/script>\n<!-- \/ Yoast SEO plugin. -->","yoast_head_json":{"title":"Dom Jaime prega o Tr\u00edduo da Festa de S\u00e3o Pedro - Not\u00edcias - Franciscanos","robots":{"index":"index","follow":"follow","max-snippet":"max-snippet:-1","max-image-preview":"max-image-preview:large","max-video-preview":"max-video-preview:-1"},"canonical":"https:\/\/franciscanos.org.br\/noticias\/dom-jaime-prega-o-triduo-da-festa-de-sao-pedro.html","og_locale":"pt_BR","og_type":"article","og_title":"Dom Jaime prega o Tr\u00edduo da Festa de S\u00e3o Pedro - Not\u00edcias - Franciscanos","og_description":"Festa de S\u00e3o Pedro Ap\u00f3stolo na Par\u00f3quia de Gaspar","og_url":"https:\/\/franciscanos.org.br\/noticias\/dom-jaime-prega-o-triduo-da-festa-de-sao-pedro.html","og_site_name":"Not\u00edcias - Franciscanos","article_published_time":"2018-06-29T11:09:06+00:00","article_modified_time":"2019-06-28T10:45:06+00:00","og_image":[{"width":273,"height":181,"url":"https:\/\/franciscanos.org.br\/noticias\/wp-content\/uploads\/2018\/06\/gaspar_290618_2.jpg","type":"image\/jpeg"}],"author":"admin","twitter_card":"summary_large_image","twitter_misc":{"Escrito por":"admin","Est. tempo de leitura":"3 minutos"},"schema":{"@context":"https:\/\/schema.org","@graph":[{"@type":"WebSite","@id":"https:\/\/franciscanos.org.br\/noticias\/#website","url":"https:\/\/franciscanos.org.br\/noticias\/","name":"Not\u00edcias - Franciscanos","description":"Prov\u00edncia Franciscana da Imaculada Concei\u00e7\u00e3o do Brasil - Ordem dos Frades Menores - OFM","potentialAction":[{"@type":"SearchAction","target":{"@type":"EntryPoint","urlTemplate":"https:\/\/franciscanos.org.br\/noticias\/?s={search_term_string}"},"query-input":"required name=search_term_string"}],"inLanguage":"pt-BR"},{"@type":"ImageObject","inLanguage":"pt-BR","@id":"https:\/\/franciscanos.org.br\/noticias\/dom-jaime-prega-o-triduo-da-festa-de-sao-pedro.html#primaryimage","url":"https:\/\/franciscanos.org.br\/noticias\/wp-content\/uploads\/2018\/06\/gaspar_290618_2.jpg","contentUrl":"https:\/\/franciscanos.org.br\/noticias\/wp-content\/uploads\/2018\/06\/gaspar_290618_2.jpg","width":273,"height":181},{"@type":"WebPage","@id":"https:\/\/franciscanos.org.br\/noticias\/dom-jaime-prega-o-triduo-da-festa-de-sao-pedro.html#webpage","url":"https:\/\/franciscanos.org.br\/noticias\/dom-jaime-prega-o-triduo-da-festa-de-sao-pedro.html","name":"Dom Jaime prega o Tr\u00edduo da Festa de S\u00e3o Pedro - Not\u00edcias - Franciscanos","isPartOf":{"@id":"https:\/\/franciscanos.org.br\/noticias\/#website"},"primaryImageOfPage":{"@id":"https:\/\/franciscanos.org.br\/noticias\/dom-jaime-prega-o-triduo-da-festa-de-sao-pedro.html#primaryimage"},"datePublished":"2018-06-29T11:09:06+00:00","dateModified":"2019-06-28T10:45:06+00:00","author":{"@id":"https:\/\/franciscanos.org.br\/noticias\/#\/schema\/person\/b38fbf43118f02820bd932f2e4b14ad3"},"breadcrumb":{"@id":"https:\/\/franciscanos.org.br\/noticias\/dom-jaime-prega-o-triduo-da-festa-de-sao-pedro.html#breadcrumb"},"inLanguage":"pt-BR","potentialAction":[{"@type":"ReadAction","target":["https:\/\/franciscanos.org.br\/noticias\/dom-jaime-prega-o-triduo-da-festa-de-sao-pedro.html"]}]},{"@type":"BreadcrumbList","@id":"https:\/\/franciscanos.org.br\/noticias\/dom-jaime-prega-o-triduo-da-festa-de-sao-pedro.html#breadcrumb","itemListElement":[{"@type":"ListItem","position":1,"name":"Home","item":"https:\/\/franciscanos.org.br\/noticias"},{"@type":"ListItem","position":2,"name":"Dom Jaime prega o Tr\u00edduo da Festa de S\u00e3o Pedro"}]},{"@type":"Person","@id":"https:\/\/franciscanos.org.br\/noticias\/#\/schema\/person\/b38fbf43118f02820bd932f2e4b14ad3","name":"admin","image":{"@type":"ImageObject","inLanguage":"pt-BR","@id":"https:\/\/franciscanos.org.br\/noticias\/#\/schema\/person\/image\/","url":"https:\/\/secure.gravatar.com\/avatar\/e8495742d34d0ba6448ea1c628263b3e?s=96&d=mm&r=g","contentUrl":"https:\/\/secure.gravatar.com\/avatar\/e8495742d34d0ba6448ea1c628263b3e?s=96&d=mm&r=g","caption":"admin"},"url":"https:\/\/franciscanos.org.br\/noticias\/author\/admin"}]}},"_links":{"self":[{"href":"https:\/\/franciscanos.org.br\/noticias\/wp-json\/wp\/v2\/posts\/165404"}],"collection":[{"href":"https:\/\/franciscanos.org.br\/noticias\/wp-json\/wp\/v2\/posts"}],"about":[{"href":"https:\/\/franciscanos.org.br\/noticias\/wp-json\/wp\/v2\/types\/post"}],"author":[{"embeddable":true,"href":"https:\/\/franciscanos.org.br\/noticias\/wp-json\/wp\/v2\/users\/1"}],"replies":[{"embeddable":true,"href":"https:\/\/franciscanos.org.br\/noticias\/wp-json\/wp\/v2\/comments?post=165404"}],"version-history":[{"count":0,"href":"https:\/\/franciscanos.org.br\/noticias\/wp-json\/wp\/v2\/posts\/165404\/revisions"}],"wp:featuredmedia":[{"embeddable":true,"href":"https:\/\/franciscanos.org.br\/noticias\/wp-json\/wp\/v2\/media\/206577"}],"wp:attachment":[{"href":"https:\/\/franciscanos.org.br\/noticias\/wp-json\/wp\/v2\/media?parent=165404"}],"wp:term":[{"taxonomy":"category","embeddable":true,"href":"https:\/\/franciscanos.org.br\/noticias\/wp-json\/wp\/v2\/categories?post=165404"},{"taxonomy":"post_tag","embeddable":true,"href":"https:\/\/franciscanos.org.br\/noticias\/wp-json\/wp\/v2\/tags?post=165404"}],"curies":[{"name":"wp","href":"https:\/\/api.w.org\/{rel}","templated":true}]}}