{"id":165347,"date":"2018-06-28T20:14:43","date_gmt":"2018-06-28T23:14:43","guid":{"rendered":"http:\/\/franciscanos.org.br\/?p=165347"},"modified":"2019-08-19T11:30:23","modified_gmt":"2019-08-19T14:30:23","slug":"fila-do-pastel-nao-tem-fim-em-pato-branco","status":"publish","type":"post","link":"https:\/\/franciscanos.org.br\/noticias\/fila-do-pastel-nao-tem-fim-em-pato-branco.html","title":{"rendered":"Fila do pastel n\u00e3o tem fim em Pato Branco"},"content":{"rendered":"<p><img loading=\"lazy\" class=\"alignnone wp-image-200006 size-full\" src=\"https:\/\/franciscanos.org.br\/noticias\/wp-content\/uploads\/2018\/06\/sao_pedro_280618_05.jpg\" alt=\"\" width=\"890\" height=\"400\" srcset=\"https:\/\/franciscanos.org.br\/noticias\/wp-content\/uploads\/2018\/06\/sao_pedro_280618_05.jpg 890w, https:\/\/franciscanos.org.br\/noticias\/wp-content\/uploads\/2018\/06\/sao_pedro_280618_05-450x202.jpg 450w, https:\/\/franciscanos.org.br\/noticias\/wp-content\/uploads\/2018\/06\/sao_pedro_280618_05-768x345.jpg 768w, https:\/\/franciscanos.org.br\/noticias\/wp-content\/uploads\/2018\/06\/sao_pedro_280618_05-150x67.jpg 150w\" sizes=\"(max-width: 890px) 100vw, 890px\" \/><\/p>\n<p><strong>Frei Augusto Luiz Gabriel<\/strong><\/p>\n<p><strong>Pato Branco (PR) \u2013<\/strong> Na v\u00e9spera do feriado municipal do Padroeiro da Par\u00f3quia e da cidade de Pato Branco, do Sudoeste do Paran\u00e1, as movimenta\u00e7\u00f5es e os \u00faltimos preparativos para a grande Solenidade de S\u00e3o Pedro e S\u00e3o Paulo est\u00e3o a todo vapor. Nesta quarta-feira (28\/06), dia chuvoso, muita gente j\u00e1 passou e ainda deve passar pelo sal\u00e3o paroquial para prestigiar a festa que envolve grande parte da cidade. Desde que a festa come\u00e7ou, uma grande equipe de volunt\u00e1rios n\u00e3o mede esfor\u00e7os e se dedica totalmente aos servi\u00e7os em prol da festa do Padroeiro.<\/p>\n<div id=\"attachment_200008\" style=\"width: 301px\" class=\"wp-caption alignleft\"><img aria-describedby=\"caption-attachment-200008\" loading=\"lazy\" class=\"wp-image-200008\" src=\"https:\/\/franciscanos.org.br\/noticias\/wp-content\/uploads\/2018\/06\/sao_pedro_280618_1-450x430.jpg\" alt=\"\" width=\"291\" height=\"278\" srcset=\"https:\/\/franciscanos.org.br\/noticias\/wp-content\/uploads\/2018\/06\/sao_pedro_280618_1-450x430.jpg 450w, https:\/\/franciscanos.org.br\/noticias\/wp-content\/uploads\/2018\/06\/sao_pedro_280618_1-768x733.jpg 768w, https:\/\/franciscanos.org.br\/noticias\/wp-content\/uploads\/2018\/06\/sao_pedro_280618_1-150x143.jpg 150w, https:\/\/franciscanos.org.br\/noticias\/wp-content\/uploads\/2018\/06\/sao_pedro_280618_1.jpg 889w\" sizes=\"(max-width: 291px) 100vw, 291px\" \/><p id=\"caption-attachment-200008\" class=\"wp-caption-text\">Catequista Moire Silva<\/p><\/div>\n<p>A pastoral da catequese \u00e9 respons\u00e1vel pelo setor da confec\u00e7\u00e3o e venda dos doces. A coordenadora Moire B. Silva conta que os catequizandos ajudam nos trabalhos de arrecada\u00e7\u00e3o das doa\u00e7\u00f5es para a fabrica\u00e7\u00e3o dos bolos. Segundo ela, s\u00e3o as catequistas que assumem a responsabilidade de fazer os doces e os bolos para a comercializa\u00e7\u00e3o. H\u00e1 20 anos este trabalho \u00e9 realizado pela pastoral da catequese. \u201cCome\u00e7amos num grupo bem pequeno. Primeiramente, n\u00f3s apenas vend\u00edamos o produto nos dias da festa, pois uma senhora fazia em casa. Alguns anos depois, assumimos o tamb\u00e9m o trabalho de fazer os doces. N\u00f3s produzimos bolo recheado, morango no espeto, cocada de maracuj\u00e1 e de coco, p\u00e9 de moleque, amendoim \u2018cri, cri\u2019, doce de ab\u00f3bora, canjica, arroz doce, cuscuz de tapioca, sagu com creme e puro, chocolate quente, enfim, tudo \u00e9 produzido por n\u00f3s, catequistas\u201d, enfatizou a coordenadora, destacando que este ano apresentaram tamb\u00e9m a novidade do famoso \u201cbolo no pote\u201d, o culpado pelo grande sucesso do setor de doces.<\/p>\n<p>Moire acredita que um dos desafios hoje \u00e9 encontrar pessoas que sejam comprometidas para assumir os trabalhos. \u201cMuitas vezes nos sobrecarregamos para dar conta dos trabalhos, pois n\u00e3o encontramos pessoas para nos ajudar\u201d, confessou. Para ela, as expectativas para o dia do Padroeiro s\u00e3o as melhores poss\u00edveis. \u201c\u00c9 o dia que a gente mais espera\u201d, disse ela, alegre e empolgada.<\/p>\n<p>Segundo o p\u00e1roco Frei Olivo Marrafon, o carro-chefe da Festa de S\u00e3o Pedro s\u00e3o os past\u00e9is. S\u00e3o produzidos mais de 30 mil unidades e \u00e9 um dos setores que conta com um grande n\u00famero de volunt\u00e1rios, pois a \u2018fila do pastel\u2019, como dizem os patobranquenses, nunca tem fim. A coordenadora do setor, Carmem Bortolon, menciona que a prepara\u00e7\u00e3o das massas \u00e9 produzida com um m\u00eas de anteced\u00eancia. \u201cEste ano confeccionamos 35 mil massas de past\u00e9is que exigiu de n\u00f3s uma prepara\u00e7\u00e3o grande. Contamos com os sabores de carne, pizza, queijo, banana, prest\u00edgio e chocolate, todos eles t\u00eam uma sa\u00edda muito boa\u201d, ressaltou. Carmem acredita que o maior desafio do setor \u00e9 fazer um trabalho que venha carregado de amor e carinho. \u201cA expectativa para o dia do Padroeiro \u00e9 muito grande, todos n\u00f3s acreditamos que vamos vender todos os past\u00e9is que produzimos\u201d, aposta a coordenadora, convidando: \u201cVenham saborear os nossos past\u00e9is!\u201d.<\/p>\n<div id=\"attachment_200019\" style=\"width: 311px\" class=\"wp-caption alignright\"><img aria-describedby=\"caption-attachment-200019\" loading=\"lazy\" class=\"wp-image-200019\" src=\"https:\/\/franciscanos.org.br\/noticias\/wp-content\/uploads\/2018\/06\/sao_pedro_280618_3.1-450x265.jpg\" alt=\"\" width=\"301\" height=\"177\" \/><p id=\"caption-attachment-200019\" class=\"wp-caption-text\">Paulo e Olanda<\/p><\/div>\n<p>O casal Paulo e Olanda trabalha voluntariamente h\u00e1 mais de 27 anos no setor da cozinha. A organiza\u00e7\u00e3o depende sempre do calend\u00e1rio que o Conselho Paroquial realiza. Assim, de acordo com a necessidade de cada ano, com a ajuda de uma grande equipe de volunt\u00e1rios, o casal coordena e distribu\u00ed os trabalhos. \u201cSem os volunt\u00e1rios, a festa n\u00e3o aconteceria\u201d, destacam eles. Acreditam tamb\u00e9m que nestes \u00faltimos anos a venda e a comercializa\u00e7\u00e3o dos produtos tem tido um grande aumento. Outra novidade \u00e9 a produ\u00e7\u00e3o do quent\u00e3o sem \u00e1lcool, uma norma que a Diocese de Francisco Beltr\u00e3o instaurou em todo o territ\u00f3rio da Diocese. Paulo e Olanda acrescentam que para o dia do Padroeiro as expectativas s\u00e3o as melhores. \u201cEstamos cansados, mas mesmo assim j\u00e1 bate uma saudade de fazer tudo de novo. \u00c9 gratificante, gra\u00e7as a Deus!\u201d, enfatizam eles.<\/p>\n<p>As missas da Solenidade de S\u00e3o Pedro e S\u00e3o Paulo acontecer\u00e3o em tr\u00eas hor\u00e1rios. \u00c0s 7 horas, \u00e0s 9h30 e \u00e0s 19 horas na Par\u00f3quia. Al\u00e9m disso, o dia todo ser\u00e1 de festa com a deliciosa churrascada, jogo do bingo e festejos em geral.<\/p>\n","protected":false},"excerpt":{"rendered":"<p>Festa de S\u00e3o Pedro<\/p>\n","protected":false},"author":5,"featured_media":200023,"comment_status":"open","ping_status":"open","sticky":false,"template":"","format":"standard","meta":[],"categories":[1],"tags":[298],"acf":[],"yoast_head":"<!-- This site is optimized with the Yoast SEO plugin v19.2 - https:\/\/yoast.com\/wordpress\/plugins\/seo\/ -->\n<title>Fila do pastel n\u00e3o tem fim em Pato Branco - Not\u00edcias - Franciscanos<\/title>\n<meta name=\"robots\" content=\"index, follow, max-snippet:-1, max-image-preview:large, max-video-preview:-1\" \/>\n<link rel=\"canonical\" href=\"https:\/\/franciscanos.org.br\/noticias\/fila-do-pastel-nao-tem-fim-em-pato-branco.html\" \/>\n<meta property=\"og:locale\" content=\"pt_BR\" \/>\n<meta property=\"og:type\" content=\"article\" \/>\n<meta property=\"og:title\" content=\"Fila do pastel n\u00e3o tem fim em Pato Branco - Not\u00edcias - Franciscanos\" \/>\n<meta property=\"og:description\" content=\"Festa de S\u00e3o Pedro\" \/>\n<meta property=\"og:url\" content=\"https:\/\/franciscanos.org.br\/noticias\/fila-do-pastel-nao-tem-fim-em-pato-branco.html\" \/>\n<meta property=\"og:site_name\" content=\"Not\u00edcias - Franciscanos\" \/>\n<meta property=\"article:published_time\" content=\"2018-06-28T23:14:43+00:00\" \/>\n<meta property=\"article:modified_time\" content=\"2019-08-19T14:30:23+00:00\" \/>\n<meta property=\"og:image\" content=\"https:\/\/franciscanos.org.br\/noticias\/wp-content\/uploads\/2018\/06\/sao_pedro_280618_06-1.jpg\" \/>\n\t<meta property=\"og:image:width\" content=\"273\" \/>\n\t<meta property=\"og:image:height\" content=\"181\" \/>\n\t<meta property=\"og:image:type\" content=\"image\/jpeg\" \/>\n<meta name=\"author\" content=\"freiaugusto\" \/>\n<meta name=\"twitter:card\" content=\"summary_large_image\" \/>\n<meta name=\"twitter:label1\" content=\"Escrito por\" \/>\n\t<meta name=\"twitter:data1\" content=\"freiaugusto\" \/>\n\t<meta name=\"twitter:label2\" content=\"Est. tempo de leitura\" \/>\n\t<meta name=\"twitter:data2\" content=\"4 minutos\" \/>\n<script type=\"application\/ld+json\" class=\"yoast-schema-graph\">{\"@context\":\"https:\/\/schema.org\",\"@graph\":[{\"@type\":\"WebSite\",\"@id\":\"https:\/\/franciscanos.org.br\/noticias\/#website\",\"url\":\"https:\/\/franciscanos.org.br\/noticias\/\",\"name\":\"Not\u00edcias - Franciscanos\",\"description\":\"Prov\u00edncia Franciscana da Imaculada Concei\u00e7\u00e3o do Brasil - Ordem dos Frades Menores - OFM\",\"potentialAction\":[{\"@type\":\"SearchAction\",\"target\":{\"@type\":\"EntryPoint\",\"urlTemplate\":\"https:\/\/franciscanos.org.br\/noticias\/?s={search_term_string}\"},\"query-input\":\"required name=search_term_string\"}],\"inLanguage\":\"pt-BR\"},{\"@type\":\"ImageObject\",\"inLanguage\":\"pt-BR\",\"@id\":\"https:\/\/franciscanos.org.br\/noticias\/fila-do-pastel-nao-tem-fim-em-pato-branco.html#primaryimage\",\"url\":\"https:\/\/franciscanos.org.br\/noticias\/wp-content\/uploads\/2018\/06\/sao_pedro_280618_06-1.jpg\",\"contentUrl\":\"https:\/\/franciscanos.org.br\/noticias\/wp-content\/uploads\/2018\/06\/sao_pedro_280618_06-1.jpg\",\"width\":273,\"height\":181},{\"@type\":\"WebPage\",\"@id\":\"https:\/\/franciscanos.org.br\/noticias\/fila-do-pastel-nao-tem-fim-em-pato-branco.html#webpage\",\"url\":\"https:\/\/franciscanos.org.br\/noticias\/fila-do-pastel-nao-tem-fim-em-pato-branco.html\",\"name\":\"Fila do pastel n\u00e3o tem fim em Pato Branco - Not\u00edcias - Franciscanos\",\"isPartOf\":{\"@id\":\"https:\/\/franciscanos.org.br\/noticias\/#website\"},\"primaryImageOfPage\":{\"@id\":\"https:\/\/franciscanos.org.br\/noticias\/fila-do-pastel-nao-tem-fim-em-pato-branco.html#primaryimage\"},\"datePublished\":\"2018-06-28T23:14:43+00:00\",\"dateModified\":\"2019-08-19T14:30:23+00:00\",\"author\":{\"@id\":\"https:\/\/franciscanos.org.br\/noticias\/#\/schema\/person\/37f88f0d111cd5358b12a6556a99eb91\"},\"breadcrumb\":{\"@id\":\"https:\/\/franciscanos.org.br\/noticias\/fila-do-pastel-nao-tem-fim-em-pato-branco.html#breadcrumb\"},\"inLanguage\":\"pt-BR\",\"potentialAction\":[{\"@type\":\"ReadAction\",\"target\":[\"https:\/\/franciscanos.org.br\/noticias\/fila-do-pastel-nao-tem-fim-em-pato-branco.html\"]}]},{\"@type\":\"BreadcrumbList\",\"@id\":\"https:\/\/franciscanos.org.br\/noticias\/fila-do-pastel-nao-tem-fim-em-pato-branco.html#breadcrumb\",\"itemListElement\":[{\"@type\":\"ListItem\",\"position\":1,\"name\":\"Home\",\"item\":\"https:\/\/franciscanos.org.br\/noticias\"},{\"@type\":\"ListItem\",\"position\":2,\"name\":\"Fila do pastel n\u00e3o tem fim em Pato Branco\"}]},{\"@type\":\"Person\",\"@id\":\"https:\/\/franciscanos.org.br\/noticias\/#\/schema\/person\/37f88f0d111cd5358b12a6556a99eb91\",\"name\":\"freiaugusto\",\"image\":{\"@type\":\"ImageObject\",\"inLanguage\":\"pt-BR\",\"@id\":\"https:\/\/franciscanos.org.br\/noticias\/#\/schema\/person\/image\/\",\"url\":\"https:\/\/secure.gravatar.com\/avatar\/9840b940e621801b24f3e6b059efb4b7?s=96&d=mm&r=g\",\"contentUrl\":\"https:\/\/secure.gravatar.com\/avatar\/9840b940e621801b24f3e6b059efb4b7?s=96&d=mm&r=g\",\"caption\":\"freiaugusto\"},\"url\":\"https:\/\/franciscanos.org.br\/noticias\/author\/freiaugusto\"}]}<\/script>\n<!-- \/ Yoast SEO plugin. -->","yoast_head_json":{"title":"Fila do pastel n\u00e3o tem fim em Pato Branco - Not\u00edcias - Franciscanos","robots":{"index":"index","follow":"follow","max-snippet":"max-snippet:-1","max-image-preview":"max-image-preview:large","max-video-preview":"max-video-preview:-1"},"canonical":"https:\/\/franciscanos.org.br\/noticias\/fila-do-pastel-nao-tem-fim-em-pato-branco.html","og_locale":"pt_BR","og_type":"article","og_title":"Fila do pastel n\u00e3o tem fim em Pato Branco - Not\u00edcias - Franciscanos","og_description":"Festa de S\u00e3o Pedro","og_url":"https:\/\/franciscanos.org.br\/noticias\/fila-do-pastel-nao-tem-fim-em-pato-branco.html","og_site_name":"Not\u00edcias - Franciscanos","article_published_time":"2018-06-28T23:14:43+00:00","article_modified_time":"2019-08-19T14:30:23+00:00","og_image":[{"width":273,"height":181,"url":"https:\/\/franciscanos.org.br\/noticias\/wp-content\/uploads\/2018\/06\/sao_pedro_280618_06-1.jpg","type":"image\/jpeg"}],"author":"freiaugusto","twitter_card":"summary_large_image","twitter_misc":{"Escrito por":"freiaugusto","Est. tempo de leitura":"4 minutos"},"schema":{"@context":"https:\/\/schema.org","@graph":[{"@type":"WebSite","@id":"https:\/\/franciscanos.org.br\/noticias\/#website","url":"https:\/\/franciscanos.org.br\/noticias\/","name":"Not\u00edcias - Franciscanos","description":"Prov\u00edncia Franciscana da Imaculada Concei\u00e7\u00e3o do Brasil - Ordem dos Frades Menores - OFM","potentialAction":[{"@type":"SearchAction","target":{"@type":"EntryPoint","urlTemplate":"https:\/\/franciscanos.org.br\/noticias\/?s={search_term_string}"},"query-input":"required name=search_term_string"}],"inLanguage":"pt-BR"},{"@type":"ImageObject","inLanguage":"pt-BR","@id":"https:\/\/franciscanos.org.br\/noticias\/fila-do-pastel-nao-tem-fim-em-pato-branco.html#primaryimage","url":"https:\/\/franciscanos.org.br\/noticias\/wp-content\/uploads\/2018\/06\/sao_pedro_280618_06-1.jpg","contentUrl":"https:\/\/franciscanos.org.br\/noticias\/wp-content\/uploads\/2018\/06\/sao_pedro_280618_06-1.jpg","width":273,"height":181},{"@type":"WebPage","@id":"https:\/\/franciscanos.org.br\/noticias\/fila-do-pastel-nao-tem-fim-em-pato-branco.html#webpage","url":"https:\/\/franciscanos.org.br\/noticias\/fila-do-pastel-nao-tem-fim-em-pato-branco.html","name":"Fila do pastel n\u00e3o tem fim em Pato Branco - Not\u00edcias - Franciscanos","isPartOf":{"@id":"https:\/\/franciscanos.org.br\/noticias\/#website"},"primaryImageOfPage":{"@id":"https:\/\/franciscanos.org.br\/noticias\/fila-do-pastel-nao-tem-fim-em-pato-branco.html#primaryimage"},"datePublished":"2018-06-28T23:14:43+00:00","dateModified":"2019-08-19T14:30:23+00:00","author":{"@id":"https:\/\/franciscanos.org.br\/noticias\/#\/schema\/person\/37f88f0d111cd5358b12a6556a99eb91"},"breadcrumb":{"@id":"https:\/\/franciscanos.org.br\/noticias\/fila-do-pastel-nao-tem-fim-em-pato-branco.html#breadcrumb"},"inLanguage":"pt-BR","potentialAction":[{"@type":"ReadAction","target":["https:\/\/franciscanos.org.br\/noticias\/fila-do-pastel-nao-tem-fim-em-pato-branco.html"]}]},{"@type":"BreadcrumbList","@id":"https:\/\/franciscanos.org.br\/noticias\/fila-do-pastel-nao-tem-fim-em-pato-branco.html#breadcrumb","itemListElement":[{"@type":"ListItem","position":1,"name":"Home","item":"https:\/\/franciscanos.org.br\/noticias"},{"@type":"ListItem","position":2,"name":"Fila do pastel n\u00e3o tem fim em Pato Branco"}]},{"@type":"Person","@id":"https:\/\/franciscanos.org.br\/noticias\/#\/schema\/person\/37f88f0d111cd5358b12a6556a99eb91","name":"freiaugusto","image":{"@type":"ImageObject","inLanguage":"pt-BR","@id":"https:\/\/franciscanos.org.br\/noticias\/#\/schema\/person\/image\/","url":"https:\/\/secure.gravatar.com\/avatar\/9840b940e621801b24f3e6b059efb4b7?s=96&d=mm&r=g","contentUrl":"https:\/\/secure.gravatar.com\/avatar\/9840b940e621801b24f3e6b059efb4b7?s=96&d=mm&r=g","caption":"freiaugusto"},"url":"https:\/\/franciscanos.org.br\/noticias\/author\/freiaugusto"}]}},"_links":{"self":[{"href":"https:\/\/franciscanos.org.br\/noticias\/wp-json\/wp\/v2\/posts\/165347"}],"collection":[{"href":"https:\/\/franciscanos.org.br\/noticias\/wp-json\/wp\/v2\/posts"}],"about":[{"href":"https:\/\/franciscanos.org.br\/noticias\/wp-json\/wp\/v2\/types\/post"}],"author":[{"embeddable":true,"href":"https:\/\/franciscanos.org.br\/noticias\/wp-json\/wp\/v2\/users\/5"}],"replies":[{"embeddable":true,"href":"https:\/\/franciscanos.org.br\/noticias\/wp-json\/wp\/v2\/comments?post=165347"}],"version-history":[{"count":0,"href":"https:\/\/franciscanos.org.br\/noticias\/wp-json\/wp\/v2\/posts\/165347\/revisions"}],"wp:featuredmedia":[{"embeddable":true,"href":"https:\/\/franciscanos.org.br\/noticias\/wp-json\/wp\/v2\/media\/200023"}],"wp:attachment":[{"href":"https:\/\/franciscanos.org.br\/noticias\/wp-json\/wp\/v2\/media?parent=165347"}],"wp:term":[{"taxonomy":"category","embeddable":true,"href":"https:\/\/franciscanos.org.br\/noticias\/wp-json\/wp\/v2\/categories?post=165347"},{"taxonomy":"post_tag","embeddable":true,"href":"https:\/\/franciscanos.org.br\/noticias\/wp-json\/wp\/v2\/tags?post=165347"}],"curies":[{"name":"wp","href":"https:\/\/api.w.org\/{rel}","templated":true}]}}