{"id":165320,"date":"2018-06-28T13:44:45","date_gmt":"2018-06-28T16:44:45","guid":{"rendered":"http:\/\/franciscanos.org.br\/?p=165320"},"modified":"2020-06-07T09:11:41","modified_gmt":"2020-06-07T12:11:41","slug":"papa-aos-novos-cardeais-colocar-se-aos-pes-dos-outros-para-servir","status":"publish","type":"post","link":"https:\/\/franciscanos.org.br\/noticias\/papa-aos-novos-cardeais-colocar-se-aos-pes-dos-outros-para-servir.html","title":{"rendered":"Colocar-se aos p\u00e9s dos outros para servir, pede Papa"},"content":{"rendered":"<p><img loading=\"lazy\" src=\"http:\/\/franciscanos.org.br\/wp-content\/uploads\/2018\/06\/papa_280618-830.jpg\" alt=\"papa_280618 830\" width=\"830\" height=\"399\" \/><\/p>\n<p><strong>Cidade do Vaticano<\/strong> &#8211; O Papa Francisco presidiu, na tarde desta quinta-feira (28\/06), na Bas\u00edlica de S\u00e3o Pedro, no Vaticano, o Consist\u00f3rio Ordin\u00e1rio P\u00fablico para a cria\u00e7\u00e3o de catorze novos cardeais. O Pont\u00edfice iniciou a sua homilia com a seguinte passagem do Evangelho de Marcos: \u201cEstavam a caminho, subindo para Jerusal\u00e9m. Jesus ia na frente deles.\u201d<\/p>\n<p>\u201cO in\u00edcio desta passagem paradigm\u00e1tica de Marcos sempre nos ajuda a ver como o Senhor cuida do seu povo com uma pedagogia incompar\u00e1vel. No caminho para Jerusal\u00e9m, Jesus n\u00e3o se esquece de preceder os seus.\u201d<\/p>\n<p>Francisco frisou que \u201cJerusal\u00e9m representa a hora das grandes resolu\u00e7\u00f5es e decis\u00f5es. Todos sabemos que, na vida, os momentos importantes e cruciais deixam falar o cora\u00e7\u00e3o e manifestam as inten\u00e7\u00f5es e as tens\u00f5es que vivem em n\u00f3s\u201d. \u201cTais encruzilhadas da exist\u00eancia nos interpelam e fazem surgir quest\u00f5es e desejos nem sempre transparentes do cora\u00e7\u00e3o humano; \u00e9 o que nos mostra, com grande simplicidade e realismo, o texto do Evangelho que acabamos de ouvir.\u201d<\/p>\n<p><strong>N\u00e3o aos ci\u00fames, invejas e intrigas<\/strong><br \/>\n\u201cEm contraponto ao terceiro e mais duro an\u00fancio da Paix\u00e3o, o Evangelista n\u00e3o teme desvendar alguns segredos do cora\u00e7\u00e3o dos disc\u00edpulos: busca dos primeiros lugares, ci\u00fames, invejas, intrigas, ajustes e acordos; esta l\u00f3gica n\u00e3o s\u00f3 desgasta e corr\u00f3i a partir de dentro as rela\u00e7\u00f5es entre eles, mas os fecha e envolve em discuss\u00f5es in\u00fateis e de pouca import\u00e2ncia.\u201d<\/p>\n<p>\u201cEntretanto Jesus n\u00e3o se det\u00e9m nisso, mas continua adiante, precede-os e diz-lhes vigorosamente: \u2018N\u00e3o deve ser assim entre v\u00f3s. Quem quiser ser grande entre v\u00f3s, fa\u00e7a-se vosso servo\u2019. Com este comportamento, o Senhor procura centrar de novo o olhar e o cora\u00e7\u00e3o de seus disc\u00edpulos, n\u00e3o permitindo que discuss\u00f5es est\u00e9reis e autorreferenciais tenham espa\u00e7o na comunidade.<\/p>\n<p>Que adianta ganhar o mundo inteiro, se se fica corro\u00eddo por dentro? Que adianta ganhar o mundo inteiro, se todos vivem prisioneiros de asfixiantes intrigas que secam e tornam est\u00e9ril o cora\u00e7\u00e3o e a miss\u00e3o? Nesta situa\u00e7\u00e3o \u2013 como algu\u00e9m observou \u2013, poder-se-iam j\u00e1 vislumbrar as intrigas de pal\u00e1cio, mesmo nas c\u00farias eclesi\u00e1sticas\u201d, disse ainda o Papa.<\/p>\n<p><strong>A miss\u00e3o<\/strong><br \/>\n\u201cN\u00e3o deve ser assim entre v\u00f3s\u201d: \u00e9 a resposta do Senhor, que constitui primeiramente um convite e uma aposta para recuperar o que h\u00e1 de melhor nos disc\u00edpulos e, assim, n\u00e3o se deixarem arruinar e prender por l\u00f3gicas mundanas que afastam o olhar daquilo que \u00e9 importante. \u2018N\u00e3o deve ser assim entre v\u00f3s\u2019: \u00e9 a voz do Senhor que salva a comunidade de se fixar demasiado em si mesma, em vez de dirigir o olhar, os recursos, as expectativas e o cora\u00e7\u00e3o para o que conta, a miss\u00e3o.\u201d<\/p>\n<p>\u201cDeste modo, Jesus nos ensina que a convers\u00e3o, a transforma\u00e7\u00e3o do cora\u00e7\u00e3o e a reforma da Igreja s\u00e3o feitas, e sempre devem ser, em chave mission\u00e1ria, pois pressup\u00f5em que se deixe de olhar e cuidar dos interesses pr\u00f3prios para olhar e cuidar dos interesses do Pai.\u201d<\/p>\n<p>\u201cA convers\u00e3o dos nossos pecados, dos nossos ego\u00edsmos n\u00e3o \u00e9 nem ser\u00e1 jamais um fim em si mesma, mas visa principalmente crescer em fidelidade e disponibilidade para abra\u00e7ar a miss\u00e3o; e isto de tal maneira que na hora da verdade, especialmente nos momentos dif\u00edceis dos nossos irm\u00e3os, estejamos claramente dispostos e dispon\u00edveis para acompanhar e acolher a todos e cada um e n\u00e3o nos transformemos em \u00f3timos repelentes por termos vistas curtas ou, pior ainda, por estarmos pensando e discutindo entre n\u00f3s quem ser\u00e1 o mais importante\u201d, disse ainda o Papa. \u201cQuando nos esquecemos da miss\u00e3o, quando perdemos de vista o rosto concreto dos irm\u00e3os, a nossa vida fecha-se na busca dos pr\u00f3prios interesses e seguran\u00e7as\u201d, acrescentou.<\/p>\n<p>E, assim, come\u00e7am a crescer o ressentimento, a tristeza e a avers\u00e3o. Pouco a pouco diminui o espa\u00e7o para os outros, para a comunidade eclesial, para os pobres, para escutar a voz do Senhor. Deste modo perde-se a alegria, e o cora\u00e7\u00e3o acaba na aridez.\u201d<\/p>\n<p>\u201c&#8217;N\u00e3o deve ser assim entre v\u00f3s \u2013 diz o Senhor \u2013 (\u2026) e quem quiser ser o primeiro entre v\u00f3s, fa\u00e7a-se o servo de todos&#8217;. \u00c9 a bem-aventuran\u00e7a e o <em>magnificat<\/em> que somos chamados a entoar todos os dias. \u00c9 o convite que o Senhor nos faz, para n\u00e3o esquecermos que a autoridade na Igreja cresce com esta capacidade de promover a dignidade do outro, ungir o outro, para curar as suas feridas e a sua esperan\u00e7a tantas vezes ofendida.<\/p>\n<p>\u00c9 lembrar que estamos aqui porque fomos enviados para \u2018anunciar a Boa-Nova aos pobres, proclamar a liberta\u00e7\u00e3o aos cativos e, aos cegos, a recupera\u00e7\u00e3o da vista; para mandar em liberdade os oprimidos, para proclamar um ano favor\u00e1vel da parte do Senhor\u2019.\u201d<br \/>\n<img loading=\"lazy\" src=\"http:\/\/franciscanos.org.br\/wp-content\/uploads\/2018\/06\/papa_280618-830-2.jpg\" alt=\"papa_280618 830 2\" width=\"830\" height=\"400\" \/><br \/>\n<strong>Colocar-se aos p\u00e9s dos outros para servir a Cristo<\/strong><br \/>\nAmados irm\u00e3os cardeais e novos cardeais! Estando n\u00f3s na estrada para Jerusal\u00e9m, o Senhor caminha \u00e0 nossa frente para nos lembrar mais uma vez que a \u00fanica autoridade cr\u00edvel \u00e9 a que nasce do se colocar aos p\u00e9s dos outros para servir a Cristo. \u00c9 a que deriva de n\u00e3o esquecer que Jesus, antes de inclinar a cabe\u00e7a na cruz, n\u00e3o teve medo de Se inclinar diante dos disc\u00edpulos e lavar os seus p\u00e9s.<\/p>\n<p>Esta \u00e9 a mais alta condecora\u00e7\u00e3o que podemos obter, a maior promo\u00e7\u00e3o que nos pode ser dada: servir Cristo no povo fiel de Deus, no faminto, no esquecido, no recluso, no doente, no toxicodependente, no abandonado, em pessoas concretas com as suas hist\u00f3rias e esperan\u00e7as, com os seus anseios e decep\u00e7\u00f5es, com os seus sofrimentos e feridas. S\u00f3 assim a autoridade do pastor ter\u00e1 o sabor do Evangelho e n\u00e3o ser\u00e1 \u00abcomo um bronze que soa ou um c\u00edmbalo que retine\u00bb (1 Cor 13, 1).<\/p>\n<p>Nenhum de n\u00f3s deve se sentir \u2018superior\u2019 aos outros. Nenhum de n\u00f3s deve olhar os outros de cima para baixo; s\u00f3 podemos olhar assim uma pessoa, quando a ajudamos a se levantar.<\/p>\n<p><strong>Testamento espiritual de S\u00e3o Jo\u00e3o XXIII<\/strong><br \/>\n&#8220;Gostaria de recordar convosco uma parte do testamento espiritual de S\u00e3o Jo\u00e3o XXIII que, j\u00e1 adiantado no caminho, p\u00f4de dizer: \u00abNascido pobre, mas de gente honrada e humilde, sinto-me particularmente feliz por morrer pobre, tendo distribu\u00eddo, segundo as v\u00e1rias exig\u00eancias e circunst\u00e2ncias da minha vida simples e modesta a servi\u00e7o dos pobres e da Santa Igreja que me alimentou, tudo o que me chegou \u00e0s m\u00e3os \u2013 em medida, ali\u00e1s, muito limitada \u2013 durante os anos do meu sacerd\u00f3cio e do meu episcopado.<\/p>\n<p>Apar\u00eancias de fartura encobriram, muitas vezes, espinhos ocultos de pobreza aflita que me impediram de dar mais do que eu gostaria. Agrade\u00e7o a Deus por esta gra\u00e7a da pobreza, de que fiz voto na minha juventude, pobreza de esp\u00edrito, como Padre do Sagrado Cora\u00e7\u00e3o, e pobreza real; e por me sustentar para nunca pedir nada, nem lugares, nem dinheiro, nem favores, nunca, nem para mim nem para os meus parentes ou amigos\u00bb (29 de junho de 1954).&#8221;<\/p>\n<hr \/>\n<p><em>Fonte: Vatican News<\/em><\/p>\n","protected":false},"excerpt":{"rendered":"<p>Consist\u00f3rio<\/p>\n","protected":false},"author":1,"featured_media":219007,"comment_status":"open","ping_status":"open","sticky":false,"template":"","format":"standard","meta":[],"categories":[1428],"tags":[575,55],"acf":[],"yoast_head":"<!-- This site is optimized with the Yoast SEO plugin v19.2 - https:\/\/yoast.com\/wordpress\/plugins\/seo\/ -->\n<title>Colocar-se aos p\u00e9s dos outros para servir, pede Papa - Not\u00edcias - Franciscanos<\/title>\n<meta name=\"robots\" content=\"index, follow, max-snippet:-1, max-image-preview:large, max-video-preview:-1\" \/>\n<link rel=\"canonical\" href=\"https:\/\/franciscanos.org.br\/noticias\/papa-aos-novos-cardeais-colocar-se-aos-pes-dos-outros-para-servir.html\" \/>\n<meta property=\"og:locale\" content=\"pt_BR\" \/>\n<meta property=\"og:type\" content=\"article\" \/>\n<meta property=\"og:title\" content=\"Colocar-se aos p\u00e9s dos outros para servir, pede Papa - Not\u00edcias - Franciscanos\" \/>\n<meta property=\"og:description\" content=\"Consist\u00f3rio\" \/>\n<meta property=\"og:url\" content=\"https:\/\/franciscanos.org.br\/noticias\/papa-aos-novos-cardeais-colocar-se-aos-pes-dos-outros-para-servir.html\" \/>\n<meta property=\"og:site_name\" content=\"Not\u00edcias - Franciscanos\" \/>\n<meta property=\"article:published_time\" content=\"2018-06-28T16:44:45+00:00\" \/>\n<meta property=\"article:modified_time\" content=\"2020-06-07T12:11:41+00:00\" \/>\n<meta property=\"og:image\" content=\"https:\/\/franciscanos.org.br\/noticias\/wp-content\/uploads\/2018\/06\/papa_280618-830.jpg\" \/>\n\t<meta property=\"og:image:width\" content=\"273\" \/>\n\t<meta property=\"og:image:height\" content=\"181\" \/>\n\t<meta property=\"og:image:type\" content=\"image\/jpeg\" \/>\n<meta name=\"author\" content=\"admin\" \/>\n<meta name=\"twitter:card\" content=\"summary_large_image\" \/>\n<meta name=\"twitter:label1\" content=\"Escrito por\" \/>\n\t<meta name=\"twitter:data1\" content=\"admin\" \/>\n\t<meta name=\"twitter:label2\" content=\"Est. tempo de leitura\" \/>\n\t<meta name=\"twitter:data2\" content=\"6 minutos\" \/>\n<script type=\"application\/ld+json\" class=\"yoast-schema-graph\">{\"@context\":\"https:\/\/schema.org\",\"@graph\":[{\"@type\":\"WebSite\",\"@id\":\"https:\/\/franciscanos.org.br\/noticias\/#website\",\"url\":\"https:\/\/franciscanos.org.br\/noticias\/\",\"name\":\"Not\u00edcias - Franciscanos\",\"description\":\"Prov\u00edncia Franciscana da Imaculada Concei\u00e7\u00e3o do Brasil - Ordem dos Frades Menores - OFM\",\"potentialAction\":[{\"@type\":\"SearchAction\",\"target\":{\"@type\":\"EntryPoint\",\"urlTemplate\":\"https:\/\/franciscanos.org.br\/noticias\/?s={search_term_string}\"},\"query-input\":\"required name=search_term_string\"}],\"inLanguage\":\"pt-BR\"},{\"@type\":\"ImageObject\",\"inLanguage\":\"pt-BR\",\"@id\":\"https:\/\/franciscanos.org.br\/noticias\/papa-aos-novos-cardeais-colocar-se-aos-pes-dos-outros-para-servir.html#primaryimage\",\"url\":\"https:\/\/franciscanos.org.br\/noticias\/wp-content\/uploads\/2018\/06\/papa_280618-830.jpg\",\"contentUrl\":\"https:\/\/franciscanos.org.br\/noticias\/wp-content\/uploads\/2018\/06\/papa_280618-830.jpg\",\"width\":273,\"height\":181},{\"@type\":\"WebPage\",\"@id\":\"https:\/\/franciscanos.org.br\/noticias\/papa-aos-novos-cardeais-colocar-se-aos-pes-dos-outros-para-servir.html#webpage\",\"url\":\"https:\/\/franciscanos.org.br\/noticias\/papa-aos-novos-cardeais-colocar-se-aos-pes-dos-outros-para-servir.html\",\"name\":\"Colocar-se aos p\u00e9s dos outros para servir, pede Papa - Not\u00edcias - Franciscanos\",\"isPartOf\":{\"@id\":\"https:\/\/franciscanos.org.br\/noticias\/#website\"},\"primaryImageOfPage\":{\"@id\":\"https:\/\/franciscanos.org.br\/noticias\/papa-aos-novos-cardeais-colocar-se-aos-pes-dos-outros-para-servir.html#primaryimage\"},\"datePublished\":\"2018-06-28T16:44:45+00:00\",\"dateModified\":\"2020-06-07T12:11:41+00:00\",\"author\":{\"@id\":\"https:\/\/franciscanos.org.br\/noticias\/#\/schema\/person\/b38fbf43118f02820bd932f2e4b14ad3\"},\"breadcrumb\":{\"@id\":\"https:\/\/franciscanos.org.br\/noticias\/papa-aos-novos-cardeais-colocar-se-aos-pes-dos-outros-para-servir.html#breadcrumb\"},\"inLanguage\":\"pt-BR\",\"potentialAction\":[{\"@type\":\"ReadAction\",\"target\":[\"https:\/\/franciscanos.org.br\/noticias\/papa-aos-novos-cardeais-colocar-se-aos-pes-dos-outros-para-servir.html\"]}]},{\"@type\":\"BreadcrumbList\",\"@id\":\"https:\/\/franciscanos.org.br\/noticias\/papa-aos-novos-cardeais-colocar-se-aos-pes-dos-outros-para-servir.html#breadcrumb\",\"itemListElement\":[{\"@type\":\"ListItem\",\"position\":1,\"name\":\"Home\",\"item\":\"https:\/\/franciscanos.org.br\/noticias\"},{\"@type\":\"ListItem\",\"position\":2,\"name\":\"Colocar-se aos p\u00e9s dos outros para servir, pede Papa\"}]},{\"@type\":\"Person\",\"@id\":\"https:\/\/franciscanos.org.br\/noticias\/#\/schema\/person\/b38fbf43118f02820bd932f2e4b14ad3\",\"name\":\"admin\",\"image\":{\"@type\":\"ImageObject\",\"inLanguage\":\"pt-BR\",\"@id\":\"https:\/\/franciscanos.org.br\/noticias\/#\/schema\/person\/image\/\",\"url\":\"https:\/\/secure.gravatar.com\/avatar\/e8495742d34d0ba6448ea1c628263b3e?s=96&d=mm&r=g\",\"contentUrl\":\"https:\/\/secure.gravatar.com\/avatar\/e8495742d34d0ba6448ea1c628263b3e?s=96&d=mm&r=g\",\"caption\":\"admin\"},\"url\":\"https:\/\/franciscanos.org.br\/noticias\/author\/admin\"}]}<\/script>\n<!-- \/ Yoast SEO plugin. -->","yoast_head_json":{"title":"Colocar-se aos p\u00e9s dos outros para servir, pede Papa - Not\u00edcias - Franciscanos","robots":{"index":"index","follow":"follow","max-snippet":"max-snippet:-1","max-image-preview":"max-image-preview:large","max-video-preview":"max-video-preview:-1"},"canonical":"https:\/\/franciscanos.org.br\/noticias\/papa-aos-novos-cardeais-colocar-se-aos-pes-dos-outros-para-servir.html","og_locale":"pt_BR","og_type":"article","og_title":"Colocar-se aos p\u00e9s dos outros para servir, pede Papa - Not\u00edcias - Franciscanos","og_description":"Consist\u00f3rio","og_url":"https:\/\/franciscanos.org.br\/noticias\/papa-aos-novos-cardeais-colocar-se-aos-pes-dos-outros-para-servir.html","og_site_name":"Not\u00edcias - Franciscanos","article_published_time":"2018-06-28T16:44:45+00:00","article_modified_time":"2020-06-07T12:11:41+00:00","og_image":[{"width":273,"height":181,"url":"https:\/\/franciscanos.org.br\/noticias\/wp-content\/uploads\/2018\/06\/papa_280618-830.jpg","type":"image\/jpeg"}],"author":"admin","twitter_card":"summary_large_image","twitter_misc":{"Escrito por":"admin","Est. tempo de leitura":"6 minutos"},"schema":{"@context":"https:\/\/schema.org","@graph":[{"@type":"WebSite","@id":"https:\/\/franciscanos.org.br\/noticias\/#website","url":"https:\/\/franciscanos.org.br\/noticias\/","name":"Not\u00edcias - Franciscanos","description":"Prov\u00edncia Franciscana da Imaculada Concei\u00e7\u00e3o do Brasil - Ordem dos Frades Menores - OFM","potentialAction":[{"@type":"SearchAction","target":{"@type":"EntryPoint","urlTemplate":"https:\/\/franciscanos.org.br\/noticias\/?s={search_term_string}"},"query-input":"required name=search_term_string"}],"inLanguage":"pt-BR"},{"@type":"ImageObject","inLanguage":"pt-BR","@id":"https:\/\/franciscanos.org.br\/noticias\/papa-aos-novos-cardeais-colocar-se-aos-pes-dos-outros-para-servir.html#primaryimage","url":"https:\/\/franciscanos.org.br\/noticias\/wp-content\/uploads\/2018\/06\/papa_280618-830.jpg","contentUrl":"https:\/\/franciscanos.org.br\/noticias\/wp-content\/uploads\/2018\/06\/papa_280618-830.jpg","width":273,"height":181},{"@type":"WebPage","@id":"https:\/\/franciscanos.org.br\/noticias\/papa-aos-novos-cardeais-colocar-se-aos-pes-dos-outros-para-servir.html#webpage","url":"https:\/\/franciscanos.org.br\/noticias\/papa-aos-novos-cardeais-colocar-se-aos-pes-dos-outros-para-servir.html","name":"Colocar-se aos p\u00e9s dos outros para servir, pede Papa - Not\u00edcias - Franciscanos","isPartOf":{"@id":"https:\/\/franciscanos.org.br\/noticias\/#website"},"primaryImageOfPage":{"@id":"https:\/\/franciscanos.org.br\/noticias\/papa-aos-novos-cardeais-colocar-se-aos-pes-dos-outros-para-servir.html#primaryimage"},"datePublished":"2018-06-28T16:44:45+00:00","dateModified":"2020-06-07T12:11:41+00:00","author":{"@id":"https:\/\/franciscanos.org.br\/noticias\/#\/schema\/person\/b38fbf43118f02820bd932f2e4b14ad3"},"breadcrumb":{"@id":"https:\/\/franciscanos.org.br\/noticias\/papa-aos-novos-cardeais-colocar-se-aos-pes-dos-outros-para-servir.html#breadcrumb"},"inLanguage":"pt-BR","potentialAction":[{"@type":"ReadAction","target":["https:\/\/franciscanos.org.br\/noticias\/papa-aos-novos-cardeais-colocar-se-aos-pes-dos-outros-para-servir.html"]}]},{"@type":"BreadcrumbList","@id":"https:\/\/franciscanos.org.br\/noticias\/papa-aos-novos-cardeais-colocar-se-aos-pes-dos-outros-para-servir.html#breadcrumb","itemListElement":[{"@type":"ListItem","position":1,"name":"Home","item":"https:\/\/franciscanos.org.br\/noticias"},{"@type":"ListItem","position":2,"name":"Colocar-se aos p\u00e9s dos outros para servir, pede Papa"}]},{"@type":"Person","@id":"https:\/\/franciscanos.org.br\/noticias\/#\/schema\/person\/b38fbf43118f02820bd932f2e4b14ad3","name":"admin","image":{"@type":"ImageObject","inLanguage":"pt-BR","@id":"https:\/\/franciscanos.org.br\/noticias\/#\/schema\/person\/image\/","url":"https:\/\/secure.gravatar.com\/avatar\/e8495742d34d0ba6448ea1c628263b3e?s=96&d=mm&r=g","contentUrl":"https:\/\/secure.gravatar.com\/avatar\/e8495742d34d0ba6448ea1c628263b3e?s=96&d=mm&r=g","caption":"admin"},"url":"https:\/\/franciscanos.org.br\/noticias\/author\/admin"}]}},"_links":{"self":[{"href":"https:\/\/franciscanos.org.br\/noticias\/wp-json\/wp\/v2\/posts\/165320"}],"collection":[{"href":"https:\/\/franciscanos.org.br\/noticias\/wp-json\/wp\/v2\/posts"}],"about":[{"href":"https:\/\/franciscanos.org.br\/noticias\/wp-json\/wp\/v2\/types\/post"}],"author":[{"embeddable":true,"href":"https:\/\/franciscanos.org.br\/noticias\/wp-json\/wp\/v2\/users\/1"}],"replies":[{"embeddable":true,"href":"https:\/\/franciscanos.org.br\/noticias\/wp-json\/wp\/v2\/comments?post=165320"}],"version-history":[{"count":1,"href":"https:\/\/franciscanos.org.br\/noticias\/wp-json\/wp\/v2\/posts\/165320\/revisions"}],"predecessor-version":[{"id":224917,"href":"https:\/\/franciscanos.org.br\/noticias\/wp-json\/wp\/v2\/posts\/165320\/revisions\/224917"}],"wp:featuredmedia":[{"embeddable":true,"href":"https:\/\/franciscanos.org.br\/noticias\/wp-json\/wp\/v2\/media\/219007"}],"wp:attachment":[{"href":"https:\/\/franciscanos.org.br\/noticias\/wp-json\/wp\/v2\/media?parent=165320"}],"wp:term":[{"taxonomy":"category","embeddable":true,"href":"https:\/\/franciscanos.org.br\/noticias\/wp-json\/wp\/v2\/categories?post=165320"},{"taxonomy":"post_tag","embeddable":true,"href":"https:\/\/franciscanos.org.br\/noticias\/wp-json\/wp\/v2\/tags?post=165320"}],"curies":[{"name":"wp","href":"https:\/\/api.w.org\/{rel}","templated":true}]}}