{"id":165217,"date":"2018-06-27T10:02:26","date_gmt":"2018-06-27T13:02:26","guid":{"rendered":"http:\/\/franciscanos.org.br\/?p=165217"},"modified":"2019-07-13T10:11:43","modified_gmt":"2019-07-13T13:11:43","slug":"88a-festa-de-sao-pedro-apostolo-em-pato-branco","status":"publish","type":"post","link":"https:\/\/franciscanos.org.br\/noticias\/88a-festa-de-sao-pedro-apostolo-em-pato-branco.html","title":{"rendered":"Tradi\u00e7\u00e3o e f\u00e9 na 88\u00aa Festa de S\u00e3o Pedro Ap\u00f3stolo"},"content":{"rendered":"<p><img loading=\"lazy\" class=\"wp-image-200000  aligncenter\" src=\"https:\/\/franciscanos.org.br\/noticias\/wp-content\/uploads\/2018\/06\/pato_branco_270618-1024x683.jpg\" alt=\"\" width=\"890\" height=\"593\" \/><\/p>\n<p><strong>Frei Augusto Luiz Gabriel<\/strong><\/p>\n<p><strong>Pato Branco (PR) &#8211;<\/strong> A Par\u00f3quia de S\u00e3o Pedro Ap\u00f3stolo de Pato Branco, Sudoeste do Paran\u00e1 (PR), chega, neste ano, \u00e0 88\u00aa edi\u00e7\u00e3o da Festa em homenagem ao seu Padroeiro. \u00c9, sem d\u00favida, uma das maiores e mais tradicionais festas do Estado paranaense, que surgiu antes mesmo de a Par\u00f3quia ser reconhecida.<\/p>\n<p>Os festejos come\u00e7aram desde o dia 15 de junho com a venda de cucas e do mondongo. Desde o dia 20 at\u00e9 o dia 28\/06, a comunidade celebra a Novena de S\u00e3o Pedro, \u00e0s 19h30, na Matriz dedicada a ele, que neste ano tem como tema: \u201cSede todos un\u00e2nimes, compassivos, fraternos, misericordiosos e humildes\u201d (1Pe 3,8). Cada dia da Novena, a Celebra\u00e7\u00e3o Eucar\u00edstica \u00e9 recheada com uma tem\u00e1tica. A prepara\u00e7\u00e3o da liturgia ficou sob os cuidados de equipes e setores dos bairros da regi\u00e3o em torno \u00e0 Par\u00f3quia.<\/p>\n<p>Paralela \u00e0s celebra\u00e7\u00f5es da Novena, a comunidade possui sua programa\u00e7\u00e3o festiva bastante ampla, que conta com o festival do pastel, jantar <em>Mangia Bene<\/em>, carreata de S\u00e3o Pedro, venda de churrasco e festejos em geral com comes, bebes, jogos e divers\u00f5es. Nesta quarta-feira (27\/06), os organizadores\u00a0 prepararam um tel\u00e3o no Sal\u00e3o S\u00e3o Pedro para que todos possam assistir a transmiss\u00e3o ao vivo do jogo do Brasil contra a S\u00e9rvia, \u00e0s 15 horas. Ainda neste dia acontecer\u00e1 o 8\u00ba dia da Novena que ter\u00e1 como tema: \u201cFam\u00edlia, lugar de acolhimento, amor e perd\u00e3o\u201d.<\/p>\n<p>O P\u00e1roco Frei Olivo Marafom destaca que a 88\u00ba edi\u00e7\u00e3o da Festa \u00e9 mais antiga da cidade, at\u00e9 mesmo da institui\u00e7\u00e3o do munic\u00edpio de Pato Branco. Segundo ele, os padres e os freis vinham de longe tr\u00eas vezes por ano, por ocasi\u00e3o da festa do Padroeiro e das Celebra\u00e7\u00f5es da P\u00e1scoa e do Natal.<\/p>\n<p>\u201cCome\u00e7amos a prepara\u00e7\u00e3o da festa logo em janeiro, onde realizamos as primeiras reuni\u00f5es. O Conselho Administrativo da Par\u00f3quia faz um projeto de calend\u00e1rio da festa e depois reunimos todas as lideran\u00e7as e volunt\u00e1rios, pois contamos com v\u00e1rios setores e coordena\u00e7\u00f5es. Em seguida, discutimos juntos a proje\u00e7\u00e3o da programa\u00e7\u00e3o. A decis\u00e3o \u00a0sempre \u00e9 feito em consenso pelo grupo. Aproximadamente 60 pessoas contribuem para fazer a programa\u00e7\u00e3o do evento e depois as equipes j\u00e1 come\u00e7am a trabalhar a longo prazo\u201d, explica o frade.<\/p>\n<p><img loading=\"lazy\" src=\"http:\/\/franciscanos.org.br\/wp-content\/uploads\/2018\/06\/pato_branco_270618_1.jpg\" alt=\"pato_branco_270618_1\" width=\"830\" height=\"450\" \/><\/p>\n<p>Segundo ele, a novidade deste ano \u00e9 o n\u00e3o uso da bebida alco\u00f3lica, uma norma que a Diocese de Francisco Beltr\u00e3o instaurou em toda a regi\u00e3o. \u201cNos primeiros momentos uma mudan\u00e7a assim n\u00e3o \u00e9 f\u00e1cil, mas j\u00e1 se percebe os benef\u00edcios, inclusive fam\u00edlias se sentem atra\u00eddas e participam da festa trazendo at\u00e9 mesmo as crian\u00e7as\u201d, ressaltou.<\/p>\n<p>Frei Olivo disse que o que \u00e9 tradicional da festa continua. Revela que o carro-chefe s\u00e3o os past\u00e9is que contam com mais de 30 mil unidades. Toda a noite tamb\u00e9m \u00e9 realizado um bingo. \u201c\u00c9 uma festa bastante completa e n\u00e3o pode ser menos de cinco dias. Este ano s\u00e3o sete dias\u201d, mencionou.<\/p>\n<p>O P\u00e1roco lembrou que um dos desafios \u00e9 a estrutura onde a festa acontece, pois o mesmo j\u00e1 n\u00e3o comporta mais tantas pessoas. Por isso, adiantou ele, que j\u00e1 existe um projeto e, assim que poss\u00edvel, ser\u00e1 posto em pr\u00e1tica. \u201cA expectativa para o dia do Padroeiro \u00e9 o envolvimento de toda a comunidade, assim como est\u00e1 acontecendo na novena. Infelizmente, este ano a chuva esta atrapalhando um pouco, mas mesmo assim o pessoal tem marcado presen\u00e7a\u201d, frisou.<\/p>\n<p>Nos bastidores h\u00e1 uma grande equipe que se ocupa da prepara\u00e7\u00e3o da Festa. Todos, de algum modo, contribuem para que seja n\u00e3o apenas um marco cultural, mas tamb\u00e9m uma aut\u00eantica express\u00e3o da f\u00e9 do povo patobranquense e daqueles que vir\u00e3o fazer esta experi\u00eancia. Praticamente, a cidade inteira, numa s\u00f3 f\u00e9, celebra o seu Padroeiro.<\/p>\n<p>No dia 29, tr\u00eas Celebra\u00e7\u00f5es Eucar\u00edsticas est\u00e3o sendo preparadas. A missa das 7 horas da manh\u00e3 ser\u00e1 na capela do anexo \u00e0 Par\u00f3quia e como de costume ser\u00e1 presidida por Frei Policarpo Berri. \u00c0s 9h30, o p\u00e1roco Frei Olivo Marafon presidir\u00e1 a Solenidade de S\u00e3o Pedro acompanhado de padres e freis da cidade e regi\u00e3o. A celebra\u00e7\u00e3o ser\u00e1 transmitida pela TV Sudoeste e tamb\u00e9m pela r\u00e1dio Celinauta. E, \u00e0s 19h30, acontecer\u00e1 a Missa festiva em a\u00e7\u00e3o de gra\u00e7as pela Festa.<\/p>\n","protected":false},"excerpt":{"rendered":"<p>Pato Branco<\/p>\n","protected":false},"author":5,"featured_media":200002,"comment_status":"open","ping_status":"open","sticky":false,"template":"","format":"standard","meta":[],"categories":[1],"tags":[298],"acf":[],"yoast_head":"<!-- This site is optimized with the Yoast SEO plugin v19.2 - https:\/\/yoast.com\/wordpress\/plugins\/seo\/ -->\n<title>Tradi\u00e7\u00e3o e f\u00e9 na 88\u00aa Festa de S\u00e3o Pedro Ap\u00f3stolo - Not\u00edcias - Franciscanos<\/title>\n<meta name=\"robots\" content=\"index, follow, max-snippet:-1, max-image-preview:large, max-video-preview:-1\" \/>\n<link rel=\"canonical\" href=\"https:\/\/franciscanos.org.br\/noticias\/88a-festa-de-sao-pedro-apostolo-em-pato-branco.html\" \/>\n<meta property=\"og:locale\" content=\"pt_BR\" \/>\n<meta property=\"og:type\" content=\"article\" \/>\n<meta property=\"og:title\" content=\"Tradi\u00e7\u00e3o e f\u00e9 na 88\u00aa Festa de S\u00e3o Pedro Ap\u00f3stolo - Not\u00edcias - Franciscanos\" \/>\n<meta property=\"og:description\" content=\"Pato Branco\" \/>\n<meta property=\"og:url\" content=\"https:\/\/franciscanos.org.br\/noticias\/88a-festa-de-sao-pedro-apostolo-em-pato-branco.html\" \/>\n<meta property=\"og:site_name\" content=\"Not\u00edcias - Franciscanos\" \/>\n<meta property=\"article:published_time\" content=\"2018-06-27T13:02:26+00:00\" \/>\n<meta property=\"article:modified_time\" content=\"2019-07-13T13:11:43+00:00\" \/>\n<meta property=\"og:image\" content=\"https:\/\/franciscanos.org.br\/noticias\/wp-content\/uploads\/2018\/06\/pato_branco_270618_min.jpg\" \/>\n\t<meta property=\"og:image:width\" content=\"273\" \/>\n\t<meta property=\"og:image:height\" content=\"181\" \/>\n\t<meta property=\"og:image:type\" content=\"image\/jpeg\" \/>\n<meta name=\"author\" content=\"freiaugusto\" \/>\n<meta name=\"twitter:card\" content=\"summary_large_image\" \/>\n<meta name=\"twitter:label1\" content=\"Escrito por\" \/>\n\t<meta name=\"twitter:data1\" content=\"freiaugusto\" \/>\n\t<meta name=\"twitter:label2\" content=\"Est. tempo de leitura\" \/>\n\t<meta name=\"twitter:data2\" content=\"4 minutos\" \/>\n<script type=\"application\/ld+json\" class=\"yoast-schema-graph\">{\"@context\":\"https:\/\/schema.org\",\"@graph\":[{\"@type\":\"WebSite\",\"@id\":\"https:\/\/franciscanos.org.br\/noticias\/#website\",\"url\":\"https:\/\/franciscanos.org.br\/noticias\/\",\"name\":\"Not\u00edcias - Franciscanos\",\"description\":\"Prov\u00edncia Franciscana da Imaculada Concei\u00e7\u00e3o do Brasil - Ordem dos Frades Menores - OFM\",\"potentialAction\":[{\"@type\":\"SearchAction\",\"target\":{\"@type\":\"EntryPoint\",\"urlTemplate\":\"https:\/\/franciscanos.org.br\/noticias\/?s={search_term_string}\"},\"query-input\":\"required name=search_term_string\"}],\"inLanguage\":\"pt-BR\"},{\"@type\":\"ImageObject\",\"inLanguage\":\"pt-BR\",\"@id\":\"https:\/\/franciscanos.org.br\/noticias\/88a-festa-de-sao-pedro-apostolo-em-pato-branco.html#primaryimage\",\"url\":\"https:\/\/franciscanos.org.br\/noticias\/wp-content\/uploads\/2018\/06\/pato_branco_270618_min.jpg\",\"contentUrl\":\"https:\/\/franciscanos.org.br\/noticias\/wp-content\/uploads\/2018\/06\/pato_branco_270618_min.jpg\",\"width\":273,\"height\":181},{\"@type\":\"WebPage\",\"@id\":\"https:\/\/franciscanos.org.br\/noticias\/88a-festa-de-sao-pedro-apostolo-em-pato-branco.html#webpage\",\"url\":\"https:\/\/franciscanos.org.br\/noticias\/88a-festa-de-sao-pedro-apostolo-em-pato-branco.html\",\"name\":\"Tradi\u00e7\u00e3o e f\u00e9 na 88\u00aa Festa de S\u00e3o Pedro Ap\u00f3stolo - Not\u00edcias - Franciscanos\",\"isPartOf\":{\"@id\":\"https:\/\/franciscanos.org.br\/noticias\/#website\"},\"primaryImageOfPage\":{\"@id\":\"https:\/\/franciscanos.org.br\/noticias\/88a-festa-de-sao-pedro-apostolo-em-pato-branco.html#primaryimage\"},\"datePublished\":\"2018-06-27T13:02:26+00:00\",\"dateModified\":\"2019-07-13T13:11:43+00:00\",\"author\":{\"@id\":\"https:\/\/franciscanos.org.br\/noticias\/#\/schema\/person\/37f88f0d111cd5358b12a6556a99eb91\"},\"breadcrumb\":{\"@id\":\"https:\/\/franciscanos.org.br\/noticias\/88a-festa-de-sao-pedro-apostolo-em-pato-branco.html#breadcrumb\"},\"inLanguage\":\"pt-BR\",\"potentialAction\":[{\"@type\":\"ReadAction\",\"target\":[\"https:\/\/franciscanos.org.br\/noticias\/88a-festa-de-sao-pedro-apostolo-em-pato-branco.html\"]}]},{\"@type\":\"BreadcrumbList\",\"@id\":\"https:\/\/franciscanos.org.br\/noticias\/88a-festa-de-sao-pedro-apostolo-em-pato-branco.html#breadcrumb\",\"itemListElement\":[{\"@type\":\"ListItem\",\"position\":1,\"name\":\"Home\",\"item\":\"https:\/\/franciscanos.org.br\/noticias\"},{\"@type\":\"ListItem\",\"position\":2,\"name\":\"Tradi\u00e7\u00e3o e f\u00e9 na 88\u00aa Festa de S\u00e3o Pedro Ap\u00f3stolo\"}]},{\"@type\":\"Person\",\"@id\":\"https:\/\/franciscanos.org.br\/noticias\/#\/schema\/person\/37f88f0d111cd5358b12a6556a99eb91\",\"name\":\"freiaugusto\",\"image\":{\"@type\":\"ImageObject\",\"inLanguage\":\"pt-BR\",\"@id\":\"https:\/\/franciscanos.org.br\/noticias\/#\/schema\/person\/image\/\",\"url\":\"https:\/\/secure.gravatar.com\/avatar\/9840b940e621801b24f3e6b059efb4b7?s=96&d=mm&r=g\",\"contentUrl\":\"https:\/\/secure.gravatar.com\/avatar\/9840b940e621801b24f3e6b059efb4b7?s=96&d=mm&r=g\",\"caption\":\"freiaugusto\"},\"url\":\"https:\/\/franciscanos.org.br\/noticias\/author\/freiaugusto\"}]}<\/script>\n<!-- \/ Yoast SEO plugin. -->","yoast_head_json":{"title":"Tradi\u00e7\u00e3o e f\u00e9 na 88\u00aa Festa de S\u00e3o Pedro Ap\u00f3stolo - Not\u00edcias - Franciscanos","robots":{"index":"index","follow":"follow","max-snippet":"max-snippet:-1","max-image-preview":"max-image-preview:large","max-video-preview":"max-video-preview:-1"},"canonical":"https:\/\/franciscanos.org.br\/noticias\/88a-festa-de-sao-pedro-apostolo-em-pato-branco.html","og_locale":"pt_BR","og_type":"article","og_title":"Tradi\u00e7\u00e3o e f\u00e9 na 88\u00aa Festa de S\u00e3o Pedro Ap\u00f3stolo - Not\u00edcias - Franciscanos","og_description":"Pato Branco","og_url":"https:\/\/franciscanos.org.br\/noticias\/88a-festa-de-sao-pedro-apostolo-em-pato-branco.html","og_site_name":"Not\u00edcias - Franciscanos","article_published_time":"2018-06-27T13:02:26+00:00","article_modified_time":"2019-07-13T13:11:43+00:00","og_image":[{"width":273,"height":181,"url":"https:\/\/franciscanos.org.br\/noticias\/wp-content\/uploads\/2018\/06\/pato_branco_270618_min.jpg","type":"image\/jpeg"}],"author":"freiaugusto","twitter_card":"summary_large_image","twitter_misc":{"Escrito por":"freiaugusto","Est. tempo de leitura":"4 minutos"},"schema":{"@context":"https:\/\/schema.org","@graph":[{"@type":"WebSite","@id":"https:\/\/franciscanos.org.br\/noticias\/#website","url":"https:\/\/franciscanos.org.br\/noticias\/","name":"Not\u00edcias - Franciscanos","description":"Prov\u00edncia Franciscana da Imaculada Concei\u00e7\u00e3o do Brasil - Ordem dos Frades Menores - OFM","potentialAction":[{"@type":"SearchAction","target":{"@type":"EntryPoint","urlTemplate":"https:\/\/franciscanos.org.br\/noticias\/?s={search_term_string}"},"query-input":"required name=search_term_string"}],"inLanguage":"pt-BR"},{"@type":"ImageObject","inLanguage":"pt-BR","@id":"https:\/\/franciscanos.org.br\/noticias\/88a-festa-de-sao-pedro-apostolo-em-pato-branco.html#primaryimage","url":"https:\/\/franciscanos.org.br\/noticias\/wp-content\/uploads\/2018\/06\/pato_branco_270618_min.jpg","contentUrl":"https:\/\/franciscanos.org.br\/noticias\/wp-content\/uploads\/2018\/06\/pato_branco_270618_min.jpg","width":273,"height":181},{"@type":"WebPage","@id":"https:\/\/franciscanos.org.br\/noticias\/88a-festa-de-sao-pedro-apostolo-em-pato-branco.html#webpage","url":"https:\/\/franciscanos.org.br\/noticias\/88a-festa-de-sao-pedro-apostolo-em-pato-branco.html","name":"Tradi\u00e7\u00e3o e f\u00e9 na 88\u00aa Festa de S\u00e3o Pedro Ap\u00f3stolo - Not\u00edcias - Franciscanos","isPartOf":{"@id":"https:\/\/franciscanos.org.br\/noticias\/#website"},"primaryImageOfPage":{"@id":"https:\/\/franciscanos.org.br\/noticias\/88a-festa-de-sao-pedro-apostolo-em-pato-branco.html#primaryimage"},"datePublished":"2018-06-27T13:02:26+00:00","dateModified":"2019-07-13T13:11:43+00:00","author":{"@id":"https:\/\/franciscanos.org.br\/noticias\/#\/schema\/person\/37f88f0d111cd5358b12a6556a99eb91"},"breadcrumb":{"@id":"https:\/\/franciscanos.org.br\/noticias\/88a-festa-de-sao-pedro-apostolo-em-pato-branco.html#breadcrumb"},"inLanguage":"pt-BR","potentialAction":[{"@type":"ReadAction","target":["https:\/\/franciscanos.org.br\/noticias\/88a-festa-de-sao-pedro-apostolo-em-pato-branco.html"]}]},{"@type":"BreadcrumbList","@id":"https:\/\/franciscanos.org.br\/noticias\/88a-festa-de-sao-pedro-apostolo-em-pato-branco.html#breadcrumb","itemListElement":[{"@type":"ListItem","position":1,"name":"Home","item":"https:\/\/franciscanos.org.br\/noticias"},{"@type":"ListItem","position":2,"name":"Tradi\u00e7\u00e3o e f\u00e9 na 88\u00aa Festa de S\u00e3o Pedro Ap\u00f3stolo"}]},{"@type":"Person","@id":"https:\/\/franciscanos.org.br\/noticias\/#\/schema\/person\/37f88f0d111cd5358b12a6556a99eb91","name":"freiaugusto","image":{"@type":"ImageObject","inLanguage":"pt-BR","@id":"https:\/\/franciscanos.org.br\/noticias\/#\/schema\/person\/image\/","url":"https:\/\/secure.gravatar.com\/avatar\/9840b940e621801b24f3e6b059efb4b7?s=96&d=mm&r=g","contentUrl":"https:\/\/secure.gravatar.com\/avatar\/9840b940e621801b24f3e6b059efb4b7?s=96&d=mm&r=g","caption":"freiaugusto"},"url":"https:\/\/franciscanos.org.br\/noticias\/author\/freiaugusto"}]}},"_links":{"self":[{"href":"https:\/\/franciscanos.org.br\/noticias\/wp-json\/wp\/v2\/posts\/165217"}],"collection":[{"href":"https:\/\/franciscanos.org.br\/noticias\/wp-json\/wp\/v2\/posts"}],"about":[{"href":"https:\/\/franciscanos.org.br\/noticias\/wp-json\/wp\/v2\/types\/post"}],"author":[{"embeddable":true,"href":"https:\/\/franciscanos.org.br\/noticias\/wp-json\/wp\/v2\/users\/5"}],"replies":[{"embeddable":true,"href":"https:\/\/franciscanos.org.br\/noticias\/wp-json\/wp\/v2\/comments?post=165217"}],"version-history":[{"count":0,"href":"https:\/\/franciscanos.org.br\/noticias\/wp-json\/wp\/v2\/posts\/165217\/revisions"}],"wp:featuredmedia":[{"embeddable":true,"href":"https:\/\/franciscanos.org.br\/noticias\/wp-json\/wp\/v2\/media\/200002"}],"wp:attachment":[{"href":"https:\/\/franciscanos.org.br\/noticias\/wp-json\/wp\/v2\/media?parent=165217"}],"wp:term":[{"taxonomy":"category","embeddable":true,"href":"https:\/\/franciscanos.org.br\/noticias\/wp-json\/wp\/v2\/categories?post=165217"},{"taxonomy":"post_tag","embeddable":true,"href":"https:\/\/franciscanos.org.br\/noticias\/wp-json\/wp\/v2\/tags?post=165217"}],"curies":[{"name":"wp","href":"https:\/\/api.w.org\/{rel}","templated":true}]}}