{"id":165140,"date":"2018-06-26T13:04:47","date_gmt":"2018-06-26T16:04:47","guid":{"rendered":"http:\/\/franciscanos.org.br\/?p=165140"},"modified":"2019-01-02T14:43:51","modified_gmt":"2019-01-02T16:43:51","slug":"frei-michael-propoe-itinerancia-para-a-renovacao","status":"publish","type":"post","link":"https:\/\/franciscanos.org.br\/noticias\/frei-michael-propoe-itinerancia-para-a-renovacao.html","title":{"rendered":"Frei Michael prop\u00f5e itiner\u00e2ncia para a renova\u00e7\u00e3o"},"content":{"rendered":"<p><strong>S\u00e3o Paulo (SP)<\/strong> &#8211; &#8220;\u00c9 dif\u00edcil acreditar que temos apenas dois dias para o fim do Conselho Plen\u00e1rio! Enquanto nos preparamos para deixar Nair\u00f3bi, a grande quest\u00e3o que colocamos \u00e9: o que acontecer\u00e1 depois?&#8221;. \u00c9 com este questionamento que os frades que participam do Conselho Plen\u00e1rio da Ordem (CPO), em andamento na capital do Qu\u00eania, Nair\u00f3bi, desde o dia 12\/06, fazem pr\u00f3ximos do encerramento do evento, no pr\u00f3ximo dia 28. Nesta ter\u00e7a-feira, 26\/06, os 63 frades participantes do Conselho continuaram os trabalhos tendo em vista o documento final, que vai ser elaborado em Roma pelo Governo e Definit\u00f3rio Geral.<\/p>\n<p>O Ministro Geral, Frei Michael Perry, apontou uma dire\u00e7\u00e3o ao questionamento. &#8220;Devemos lembrar que os frades que estamos de viagem, a itiner\u00e2ncia n\u00e3o \u00e9 s\u00f3 um meio para renovar nossas vidas, mas cont\u00e9m as pr\u00f3prias sementes dessa renova\u00e7\u00e3o&#8221;, disse o Ministro Geral. &#8220;Sem movimento, seja interno (espiritual) ou externo (estrutural), n\u00e3o haver\u00e1 convers\u00e3o, \u00e9 simples assim!&#8221;, emendou.<\/p>\n<p>A finalidade Conselho Plen\u00e1rio, conforme expresso no artigo 194 das Constitui\u00e7\u00f5es Gerais, \u00e9 ajudar o Ministro Geral e seu Definit\u00f3rio a orientar e inspirar a Ordem, para melhorar as rela\u00e7\u00f5es entre entidades, aprofundar a comunica\u00e7\u00e3o entre o C\u00faria Geral e as Confer\u00eancias (e entre as pr\u00f3prias Confer\u00eancias) e ajudar a preparar o pr\u00f3ximo Cap\u00edtulo Geral.<\/p>\n<p>Segundo Frei Alvaci Mendes da Luz, frade desta Prov\u00edncia da Imaculada, que \u00e9 um dos conselheiros do CPO, afirmou que os participantes indicaram ao Governo Geral que as discuss\u00f5es feitas neste encontro n\u00e3o podem ser perdidas, mas devem ser levadas adiante para o pr\u00f3ximo Cap\u00edtulo Geral, em 2021.<\/p>\n<p>Tradicionalmente, o Cap\u00edtulo Geral acontece na cidade de Assis, mas para a pr\u00f3xima edi\u00e7\u00e3o, os conselheiros foram convidados a indicar um local para que ele se realize. As duas cidades com mais votos foram Jacarta, na Indon\u00e9sia e Manila, nas Filipinas. &#8220;Isso pode ser o reflexo de um novo olhar da Ordem para a \u00c1frica e \u00c1sia, que s\u00e3o dois continentes onde a Igreja cresce&#8221;, acrescentou Frei Alvaci.<\/p>\n<p><img loading=\"lazy\" src=\"http:\/\/franciscanos.org.br\/wp-content\/uploads\/2018\/06\/cpo_260618_2.jpg\" alt=\"cpo_260618_2\" width=\"830\" height=\"437\" \/><\/p>\n<p>O Ministro geral, em nome do Definit\u00f3rio Geral, assegurou aos membros do Conselho que o trabalho de revisar todos os relat\u00f3rios das Confer\u00eancias, bem como o material que surgiu durante o CPO, abundante e precioso, come\u00e7ar\u00e1 imediatamente ap\u00f3s o retorno a Roma. Depois de haver estudado toda a documenta\u00e7\u00e3o, o Definit\u00f3rio Geral preparar\u00e1 o documento final do Conselho Plen\u00e1rio para toda a Ordem.<\/p>\n<p>\u00c9 muito prov\u00e1vel que o Definit\u00f3rio Geral, com base nas delibera\u00e7\u00f5es do Conselho Plen\u00e1rio, proponha v\u00e1rias iniciativas em n\u00edvel de toda a Ordem, por exemplo, respostas \u00e0 realidade da migra\u00e7\u00e3o, os desafios apresentados pela Enc\u00edclica do Papa Francisco Laudato S\u00ed, evangeliza\u00e7\u00e3o e miss\u00e3o, etc. Isso contribuir\u00e1 para criar um sentimento mais profundo de perten\u00e7a a uma fraternidade mundial que \u00e9 chamada a viver e a agir como participantes de nosso lar comum. Uma fraternidade comprometida com a promo\u00e7\u00e3o do desenvolvimento humano e espiritual integral, de acordo com a tradi\u00e7\u00e3o e o carisma franciscano cat\u00f3lico. Cada um dos delegados deve ser um embaixador da experi\u00eancia do CPO e compartilhar os frutos da reuni\u00e3o em suas respectivas Confer\u00eancias e entidades.<\/p>\n<p>Na parte da noite, os frades participantes do CPO fizeram a renova\u00e7\u00e3o dos votos, na presen\u00e7a do Vig\u00e1rio Geral, Frei Julio Bunader.<\/p>\n<p>Fonte: www.ofm.org<\/p>\n<p><img loading=\"lazy\" src=\"http:\/\/franciscanos.org.br\/wp-content\/uploads\/2018\/06\/cpo_260618_1.jpg\" alt=\"cpo_260618_1\" width=\"830\" height=\"509\" \/><\/p>\n","protected":false},"excerpt":{"rendered":"<p>Frades Menores<\/p>\n","protected":false},"author":1,"featured_media":187484,"comment_status":"open","ping_status":"open","sticky":false,"template":"","format":"standard","meta":[],"categories":[1],"tags":[723],"acf":[],"yoast_head":"<!-- This site is optimized with the Yoast SEO plugin v19.2 - https:\/\/yoast.com\/wordpress\/plugins\/seo\/ -->\n<title>Frei Michael prop\u00f5e itiner\u00e2ncia para a renova\u00e7\u00e3o - Not\u00edcias - Franciscanos<\/title>\n<meta name=\"robots\" content=\"index, follow, max-snippet:-1, max-image-preview:large, max-video-preview:-1\" \/>\n<link rel=\"canonical\" href=\"https:\/\/franciscanos.org.br\/noticias\/frei-michael-propoe-itinerancia-para-a-renovacao.html\" \/>\n<meta property=\"og:locale\" content=\"pt_BR\" \/>\n<meta property=\"og:type\" content=\"article\" \/>\n<meta property=\"og:title\" content=\"Frei Michael prop\u00f5e itiner\u00e2ncia para a renova\u00e7\u00e3o - Not\u00edcias - Franciscanos\" \/>\n<meta property=\"og:description\" content=\"Frades Menores\" \/>\n<meta property=\"og:url\" content=\"https:\/\/franciscanos.org.br\/noticias\/frei-michael-propoe-itinerancia-para-a-renovacao.html\" \/>\n<meta property=\"og:site_name\" content=\"Not\u00edcias - Franciscanos\" \/>\n<meta property=\"article:published_time\" content=\"2018-06-26T16:04:47+00:00\" \/>\n<meta property=\"article:modified_time\" content=\"2019-01-02T16:43:51+00:00\" \/>\n<meta property=\"og:image\" content=\"https:\/\/franciscanos.org.br\/noticias\/wp-content\/uploads\/2018\/11\/cpo_260618_2-1.jpg\" \/>\n\t<meta property=\"og:image:width\" content=\"830\" \/>\n\t<meta property=\"og:image:height\" content=\"437\" \/>\n\t<meta property=\"og:image:type\" content=\"image\/jpeg\" \/>\n<meta name=\"author\" content=\"admin\" \/>\n<meta name=\"twitter:card\" content=\"summary_large_image\" \/>\n<meta name=\"twitter:label1\" content=\"Escrito por\" \/>\n\t<meta name=\"twitter:data1\" content=\"admin\" \/>\n\t<meta name=\"twitter:label2\" content=\"Est. tempo de leitura\" \/>\n\t<meta name=\"twitter:data2\" content=\"3 minutos\" \/>\n<script type=\"application\/ld+json\" class=\"yoast-schema-graph\">{\"@context\":\"https:\/\/schema.org\",\"@graph\":[{\"@type\":\"WebSite\",\"@id\":\"https:\/\/franciscanos.org.br\/noticias\/#website\",\"url\":\"https:\/\/franciscanos.org.br\/noticias\/\",\"name\":\"Not\u00edcias - Franciscanos\",\"description\":\"Prov\u00edncia Franciscana da Imaculada Concei\u00e7\u00e3o do Brasil - Ordem dos Frades Menores - OFM\",\"potentialAction\":[{\"@type\":\"SearchAction\",\"target\":{\"@type\":\"EntryPoint\",\"urlTemplate\":\"https:\/\/franciscanos.org.br\/noticias\/?s={search_term_string}\"},\"query-input\":\"required name=search_term_string\"}],\"inLanguage\":\"pt-BR\"},{\"@type\":\"ImageObject\",\"inLanguage\":\"pt-BR\",\"@id\":\"https:\/\/franciscanos.org.br\/noticias\/frei-michael-propoe-itinerancia-para-a-renovacao.html#primaryimage\",\"url\":\"https:\/\/franciscanos.org.br\/noticias\/wp-content\/uploads\/2018\/11\/cpo_260618_2-1.jpg\",\"contentUrl\":\"https:\/\/franciscanos.org.br\/noticias\/wp-content\/uploads\/2018\/11\/cpo_260618_2-1.jpg\",\"width\":830,\"height\":437},{\"@type\":\"WebPage\",\"@id\":\"https:\/\/franciscanos.org.br\/noticias\/frei-michael-propoe-itinerancia-para-a-renovacao.html#webpage\",\"url\":\"https:\/\/franciscanos.org.br\/noticias\/frei-michael-propoe-itinerancia-para-a-renovacao.html\",\"name\":\"Frei Michael prop\u00f5e itiner\u00e2ncia para a renova\u00e7\u00e3o - Not\u00edcias - Franciscanos\",\"isPartOf\":{\"@id\":\"https:\/\/franciscanos.org.br\/noticias\/#website\"},\"primaryImageOfPage\":{\"@id\":\"https:\/\/franciscanos.org.br\/noticias\/frei-michael-propoe-itinerancia-para-a-renovacao.html#primaryimage\"},\"datePublished\":\"2018-06-26T16:04:47+00:00\",\"dateModified\":\"2019-01-02T16:43:51+00:00\",\"author\":{\"@id\":\"https:\/\/franciscanos.org.br\/noticias\/#\/schema\/person\/b38fbf43118f02820bd932f2e4b14ad3\"},\"breadcrumb\":{\"@id\":\"https:\/\/franciscanos.org.br\/noticias\/frei-michael-propoe-itinerancia-para-a-renovacao.html#breadcrumb\"},\"inLanguage\":\"pt-BR\",\"potentialAction\":[{\"@type\":\"ReadAction\",\"target\":[\"https:\/\/franciscanos.org.br\/noticias\/frei-michael-propoe-itinerancia-para-a-renovacao.html\"]}]},{\"@type\":\"BreadcrumbList\",\"@id\":\"https:\/\/franciscanos.org.br\/noticias\/frei-michael-propoe-itinerancia-para-a-renovacao.html#breadcrumb\",\"itemListElement\":[{\"@type\":\"ListItem\",\"position\":1,\"name\":\"Home\",\"item\":\"https:\/\/franciscanos.org.br\/noticias\"},{\"@type\":\"ListItem\",\"position\":2,\"name\":\"Frei Michael prop\u00f5e itiner\u00e2ncia para a renova\u00e7\u00e3o\"}]},{\"@type\":\"Person\",\"@id\":\"https:\/\/franciscanos.org.br\/noticias\/#\/schema\/person\/b38fbf43118f02820bd932f2e4b14ad3\",\"name\":\"admin\",\"image\":{\"@type\":\"ImageObject\",\"inLanguage\":\"pt-BR\",\"@id\":\"https:\/\/franciscanos.org.br\/noticias\/#\/schema\/person\/image\/\",\"url\":\"https:\/\/secure.gravatar.com\/avatar\/e8495742d34d0ba6448ea1c628263b3e?s=96&d=mm&r=g\",\"contentUrl\":\"https:\/\/secure.gravatar.com\/avatar\/e8495742d34d0ba6448ea1c628263b3e?s=96&d=mm&r=g\",\"caption\":\"admin\"},\"url\":\"https:\/\/franciscanos.org.br\/noticias\/author\/admin\"}]}<\/script>\n<!-- \/ Yoast SEO plugin. -->","yoast_head_json":{"title":"Frei Michael prop\u00f5e itiner\u00e2ncia para a renova\u00e7\u00e3o - Not\u00edcias - Franciscanos","robots":{"index":"index","follow":"follow","max-snippet":"max-snippet:-1","max-image-preview":"max-image-preview:large","max-video-preview":"max-video-preview:-1"},"canonical":"https:\/\/franciscanos.org.br\/noticias\/frei-michael-propoe-itinerancia-para-a-renovacao.html","og_locale":"pt_BR","og_type":"article","og_title":"Frei Michael prop\u00f5e itiner\u00e2ncia para a renova\u00e7\u00e3o - Not\u00edcias - Franciscanos","og_description":"Frades Menores","og_url":"https:\/\/franciscanos.org.br\/noticias\/frei-michael-propoe-itinerancia-para-a-renovacao.html","og_site_name":"Not\u00edcias - Franciscanos","article_published_time":"2018-06-26T16:04:47+00:00","article_modified_time":"2019-01-02T16:43:51+00:00","og_image":[{"width":830,"height":437,"url":"https:\/\/franciscanos.org.br\/noticias\/wp-content\/uploads\/2018\/11\/cpo_260618_2-1.jpg","type":"image\/jpeg"}],"author":"admin","twitter_card":"summary_large_image","twitter_misc":{"Escrito por":"admin","Est. tempo de leitura":"3 minutos"},"schema":{"@context":"https:\/\/schema.org","@graph":[{"@type":"WebSite","@id":"https:\/\/franciscanos.org.br\/noticias\/#website","url":"https:\/\/franciscanos.org.br\/noticias\/","name":"Not\u00edcias - Franciscanos","description":"Prov\u00edncia Franciscana da Imaculada Concei\u00e7\u00e3o do Brasil - Ordem dos Frades Menores - OFM","potentialAction":[{"@type":"SearchAction","target":{"@type":"EntryPoint","urlTemplate":"https:\/\/franciscanos.org.br\/noticias\/?s={search_term_string}"},"query-input":"required name=search_term_string"}],"inLanguage":"pt-BR"},{"@type":"ImageObject","inLanguage":"pt-BR","@id":"https:\/\/franciscanos.org.br\/noticias\/frei-michael-propoe-itinerancia-para-a-renovacao.html#primaryimage","url":"https:\/\/franciscanos.org.br\/noticias\/wp-content\/uploads\/2018\/11\/cpo_260618_2-1.jpg","contentUrl":"https:\/\/franciscanos.org.br\/noticias\/wp-content\/uploads\/2018\/11\/cpo_260618_2-1.jpg","width":830,"height":437},{"@type":"WebPage","@id":"https:\/\/franciscanos.org.br\/noticias\/frei-michael-propoe-itinerancia-para-a-renovacao.html#webpage","url":"https:\/\/franciscanos.org.br\/noticias\/frei-michael-propoe-itinerancia-para-a-renovacao.html","name":"Frei Michael prop\u00f5e itiner\u00e2ncia para a renova\u00e7\u00e3o - Not\u00edcias - Franciscanos","isPartOf":{"@id":"https:\/\/franciscanos.org.br\/noticias\/#website"},"primaryImageOfPage":{"@id":"https:\/\/franciscanos.org.br\/noticias\/frei-michael-propoe-itinerancia-para-a-renovacao.html#primaryimage"},"datePublished":"2018-06-26T16:04:47+00:00","dateModified":"2019-01-02T16:43:51+00:00","author":{"@id":"https:\/\/franciscanos.org.br\/noticias\/#\/schema\/person\/b38fbf43118f02820bd932f2e4b14ad3"},"breadcrumb":{"@id":"https:\/\/franciscanos.org.br\/noticias\/frei-michael-propoe-itinerancia-para-a-renovacao.html#breadcrumb"},"inLanguage":"pt-BR","potentialAction":[{"@type":"ReadAction","target":["https:\/\/franciscanos.org.br\/noticias\/frei-michael-propoe-itinerancia-para-a-renovacao.html"]}]},{"@type":"BreadcrumbList","@id":"https:\/\/franciscanos.org.br\/noticias\/frei-michael-propoe-itinerancia-para-a-renovacao.html#breadcrumb","itemListElement":[{"@type":"ListItem","position":1,"name":"Home","item":"https:\/\/franciscanos.org.br\/noticias"},{"@type":"ListItem","position":2,"name":"Frei Michael prop\u00f5e itiner\u00e2ncia para a renova\u00e7\u00e3o"}]},{"@type":"Person","@id":"https:\/\/franciscanos.org.br\/noticias\/#\/schema\/person\/b38fbf43118f02820bd932f2e4b14ad3","name":"admin","image":{"@type":"ImageObject","inLanguage":"pt-BR","@id":"https:\/\/franciscanos.org.br\/noticias\/#\/schema\/person\/image\/","url":"https:\/\/secure.gravatar.com\/avatar\/e8495742d34d0ba6448ea1c628263b3e?s=96&d=mm&r=g","contentUrl":"https:\/\/secure.gravatar.com\/avatar\/e8495742d34d0ba6448ea1c628263b3e?s=96&d=mm&r=g","caption":"admin"},"url":"https:\/\/franciscanos.org.br\/noticias\/author\/admin"}]}},"_links":{"self":[{"href":"https:\/\/franciscanos.org.br\/noticias\/wp-json\/wp\/v2\/posts\/165140"}],"collection":[{"href":"https:\/\/franciscanos.org.br\/noticias\/wp-json\/wp\/v2\/posts"}],"about":[{"href":"https:\/\/franciscanos.org.br\/noticias\/wp-json\/wp\/v2\/types\/post"}],"author":[{"embeddable":true,"href":"https:\/\/franciscanos.org.br\/noticias\/wp-json\/wp\/v2\/users\/1"}],"replies":[{"embeddable":true,"href":"https:\/\/franciscanos.org.br\/noticias\/wp-json\/wp\/v2\/comments?post=165140"}],"version-history":[{"count":0,"href":"https:\/\/franciscanos.org.br\/noticias\/wp-json\/wp\/v2\/posts\/165140\/revisions"}],"wp:featuredmedia":[{"embeddable":true,"href":"https:\/\/franciscanos.org.br\/noticias\/wp-json\/wp\/v2\/media\/187484"}],"wp:attachment":[{"href":"https:\/\/franciscanos.org.br\/noticias\/wp-json\/wp\/v2\/media?parent=165140"}],"wp:term":[{"taxonomy":"category","embeddable":true,"href":"https:\/\/franciscanos.org.br\/noticias\/wp-json\/wp\/v2\/categories?post=165140"},{"taxonomy":"post_tag","embeddable":true,"href":"https:\/\/franciscanos.org.br\/noticias\/wp-json\/wp\/v2\/tags?post=165140"}],"curies":[{"name":"wp","href":"https:\/\/api.w.org\/{rel}","templated":true}]}}