{"id":165117,"date":"2018-06-26T11:31:18","date_gmt":"2018-06-26T14:31:18","guid":{"rendered":"http:\/\/franciscanos.org.br\/?p=165117"},"modified":"2019-08-19T11:13:36","modified_gmt":"2019-08-19T14:13:36","slug":"com-frei-galvao-ofs-celebra-os-40-anos-da-regra","status":"publish","type":"post","link":"https:\/\/franciscanos.org.br\/noticias\/com-frei-galvao-ofs-celebra-os-40-anos-da-regra.html","title":{"rendered":"Com Frei Galv\u00e3o, OFS celebra os 40 anos da Regra"},"content":{"rendered":"<p><img loading=\"lazy\" src=\"http:\/\/franciscanos.org.br\/wp-content\/uploads\/2018\/06\/pato_branco_250618.jpg\" alt=\"pato_branco_250618\" width=\"830\" height=\"400\" \/><\/p>\n<p><strong>Frei Augusto Luiz Gabriel<\/strong><\/p>\n<p><strong>Pato Branco (PR) \u2013<\/strong> H\u00e1 mais de 15 anos, todo dia 25 de cada m\u00eas, a Ordem Franciscana Secular (OFS) de Pato Branco (PR) se re\u00fane para rezar a Novena de Frei Galv\u00e3o. E, nesta ter\u00e7a-feira, 25 de junho, n\u00e3o foi diferente e n\u00e3o faltaram motivos para celebrar a vida, pois tamb\u00e9m recordou-se os <a href=\"https:\/\/franciscanos.org.br\/noticias\/frei-almir-a-ofs-nao-pode-descansar-2.html\"><strong>40 anos da Regra da OFS<\/strong>, <\/a>conhecida como Regra Paulina de Paulo VI.<\/p>\n<p>A ora\u00e7\u00e3o acontece sempre na Gruta de Frei Galv\u00e3o que \u00e9 dedicada ao santo franciscano, por\u00e9m devido \u00e0 chuva realizou-se na Sociedade Rural de Pato Branco. E, nem mesmo o frio e as fortes chuvas espantaram a comunidade patobranquense que, juntamente com o Assistente e celebrante Frei Marcos Vin\u00edcius Motta Brugger, fizeram-se presentes na Celebra\u00e7\u00e3o Eucar\u00edstica das 19h30.<\/p>\n<p><img loading=\"lazy\" class=\"size-medium wp-image-199991 alignleft\" src=\"https:\/\/franciscanos.org.br\/noticias\/wp-content\/uploads\/2018\/06\/pato_branco_250618_1-305x450.jpg\" alt=\"\" width=\"305\" height=\"450\" \/>Em sua homilia, fazendo refer\u00eancia ao Evangelho do dia, Frei Marcos fez mem\u00f3ria de S\u00e3o Francisco de Assis ressaltando que o santo era muito austero e rigoroso consigo mesmo, mas doce para os irm\u00e3os. \u201cCerta vez, durante um tempo muito forte de jejum, um frade n\u00e3o aguentou e queria muito comer. Ent\u00e3o, o santo reuniu todos os frades e para n\u00e3o deixar o irm\u00e3o se alimentar sozinho. Todos comeram com ele\u201d, contou o celebrante.<\/p>\n<p>\u201cEle via no irm\u00e3o o amor e a miseric\u00f3rdia. Ele, sim, fazia o jejum rigoroso e buscava o caminho reto, mas tamb\u00e9m tinha um cora\u00e7\u00e3o aberto para entender o cora\u00e7\u00e3o do outro. E Jesus est\u00e1 nos dizendo que, \u00e0s vezes, quando olhamos o pecado do outro vemos os m\u00ednimos detalhes, mas quando olhamos para os nossos pr\u00f3prios pecados parece que estamos cegos\u201d, disse o frade que foi ordenado sacerdote recentemente em Minas Gerais.<\/p>\n<p>Segundo ele, \u00e9 necess\u00e1rio que a proposta de vida que cada um faz tenha presente tamb\u00e9m o amor ao pr\u00f3ximo, o perd\u00e3o e a paz. &#8220;N\u00e3o somos suficientes dignos e preparados para julgar se o outro \u00e9 ou n\u00e3o \u00e9 um bom crist\u00e3o. O que Jesus nos fala \u00e9 simples: viver no amor amando o pr\u00f3ximo. Mas quem julga \u00e9 Deus, n\u00e3o somos n\u00f3s. Por isso, no final da ora\u00e7\u00e3o do Pai-nosso rezamos: Senhor perdoe os nossos pecados. E a\u00ed eu pergunto: somos capazes de ter miseric\u00f3rdia? Pedimos miseric\u00f3rdia ao Pai? Jesus nos lembra de que \u00e9 necess\u00e1rio agir com miseric\u00f3rdia\u201d, questionou Frei Marcos.<\/p>\n<p>Segundo a Ministra Regional, eleita em mar\u00e7o deste ano, Maria Salete Michelon, todas as segundas-feiras o grupo se re\u00fane para confeccionar as p\u00edlulas de Frei Galv\u00e3o e, em duas vezes por m\u00eas, na Matriz S\u00e3o Pedro Ap\u00f3stolo, s\u00e3o realizadas as reuni\u00f5es de planejamentos e revis\u00f5es. Maria Salete ressalta que a novena ao santo franciscano come\u00e7a em janeiro e culmina no dia 25 de outubro, dia de Frei Galv\u00e3o.<\/p>\n","protected":false},"excerpt":{"rendered":"<p>Pato Branco<\/p>\n","protected":false},"author":5,"featured_media":199993,"comment_status":"open","ping_status":"open","sticky":false,"template":"","format":"standard","meta":[],"categories":[1],"tags":[60],"acf":[],"yoast_head":"<!-- This site is optimized with the Yoast SEO plugin v19.2 - https:\/\/yoast.com\/wordpress\/plugins\/seo\/ -->\n<title>Com Frei Galv\u00e3o, OFS celebra os 40 anos da Regra - Not\u00edcias - Franciscanos<\/title>\n<meta name=\"robots\" content=\"index, follow, max-snippet:-1, max-image-preview:large, max-video-preview:-1\" \/>\n<link rel=\"canonical\" href=\"https:\/\/franciscanos.org.br\/noticias\/com-frei-galvao-ofs-celebra-os-40-anos-da-regra.html\" \/>\n<meta property=\"og:locale\" content=\"pt_BR\" \/>\n<meta property=\"og:type\" content=\"article\" \/>\n<meta property=\"og:title\" content=\"Com Frei Galv\u00e3o, OFS celebra os 40 anos da Regra - Not\u00edcias - Franciscanos\" \/>\n<meta property=\"og:description\" content=\"Pato Branco\" \/>\n<meta property=\"og:url\" content=\"https:\/\/franciscanos.org.br\/noticias\/com-frei-galvao-ofs-celebra-os-40-anos-da-regra.html\" \/>\n<meta property=\"og:site_name\" content=\"Not\u00edcias - Franciscanos\" \/>\n<meta property=\"article:published_time\" content=\"2018-06-26T14:31:18+00:00\" \/>\n<meta property=\"article:modified_time\" content=\"2019-08-19T14:13:36+00:00\" \/>\n<meta property=\"og:image\" content=\"https:\/\/franciscanos.org.br\/noticias\/wp-content\/uploads\/2018\/06\/pato_branco_250618_min.jpg\" \/>\n\t<meta property=\"og:image:width\" content=\"273\" \/>\n\t<meta property=\"og:image:height\" content=\"181\" \/>\n\t<meta property=\"og:image:type\" content=\"image\/jpeg\" \/>\n<meta name=\"author\" content=\"freiaugusto\" \/>\n<meta name=\"twitter:card\" content=\"summary_large_image\" \/>\n<meta name=\"twitter:label1\" content=\"Escrito por\" \/>\n\t<meta name=\"twitter:data1\" content=\"freiaugusto\" \/>\n\t<meta name=\"twitter:label2\" content=\"Est. tempo de leitura\" \/>\n\t<meta name=\"twitter:data2\" content=\"2 minutos\" \/>\n<script type=\"application\/ld+json\" class=\"yoast-schema-graph\">{\"@context\":\"https:\/\/schema.org\",\"@graph\":[{\"@type\":\"WebSite\",\"@id\":\"https:\/\/franciscanos.org.br\/noticias\/#website\",\"url\":\"https:\/\/franciscanos.org.br\/noticias\/\",\"name\":\"Not\u00edcias - Franciscanos\",\"description\":\"Prov\u00edncia Franciscana da Imaculada Concei\u00e7\u00e3o do Brasil - Ordem dos Frades Menores - OFM\",\"potentialAction\":[{\"@type\":\"SearchAction\",\"target\":{\"@type\":\"EntryPoint\",\"urlTemplate\":\"https:\/\/franciscanos.org.br\/noticias\/?s={search_term_string}\"},\"query-input\":\"required name=search_term_string\"}],\"inLanguage\":\"pt-BR\"},{\"@type\":\"ImageObject\",\"inLanguage\":\"pt-BR\",\"@id\":\"https:\/\/franciscanos.org.br\/noticias\/com-frei-galvao-ofs-celebra-os-40-anos-da-regra.html#primaryimage\",\"url\":\"https:\/\/franciscanos.org.br\/noticias\/wp-content\/uploads\/2018\/06\/pato_branco_250618_min.jpg\",\"contentUrl\":\"https:\/\/franciscanos.org.br\/noticias\/wp-content\/uploads\/2018\/06\/pato_branco_250618_min.jpg\",\"width\":273,\"height\":181},{\"@type\":\"WebPage\",\"@id\":\"https:\/\/franciscanos.org.br\/noticias\/com-frei-galvao-ofs-celebra-os-40-anos-da-regra.html#webpage\",\"url\":\"https:\/\/franciscanos.org.br\/noticias\/com-frei-galvao-ofs-celebra-os-40-anos-da-regra.html\",\"name\":\"Com Frei Galv\u00e3o, OFS celebra os 40 anos da Regra - Not\u00edcias - Franciscanos\",\"isPartOf\":{\"@id\":\"https:\/\/franciscanos.org.br\/noticias\/#website\"},\"primaryImageOfPage\":{\"@id\":\"https:\/\/franciscanos.org.br\/noticias\/com-frei-galvao-ofs-celebra-os-40-anos-da-regra.html#primaryimage\"},\"datePublished\":\"2018-06-26T14:31:18+00:00\",\"dateModified\":\"2019-08-19T14:13:36+00:00\",\"author\":{\"@id\":\"https:\/\/franciscanos.org.br\/noticias\/#\/schema\/person\/37f88f0d111cd5358b12a6556a99eb91\"},\"breadcrumb\":{\"@id\":\"https:\/\/franciscanos.org.br\/noticias\/com-frei-galvao-ofs-celebra-os-40-anos-da-regra.html#breadcrumb\"},\"inLanguage\":\"pt-BR\",\"potentialAction\":[{\"@type\":\"ReadAction\",\"target\":[\"https:\/\/franciscanos.org.br\/noticias\/com-frei-galvao-ofs-celebra-os-40-anos-da-regra.html\"]}]},{\"@type\":\"BreadcrumbList\",\"@id\":\"https:\/\/franciscanos.org.br\/noticias\/com-frei-galvao-ofs-celebra-os-40-anos-da-regra.html#breadcrumb\",\"itemListElement\":[{\"@type\":\"ListItem\",\"position\":1,\"name\":\"Home\",\"item\":\"https:\/\/franciscanos.org.br\/noticias\"},{\"@type\":\"ListItem\",\"position\":2,\"name\":\"Com Frei Galv\u00e3o, OFS celebra os 40 anos da Regra\"}]},{\"@type\":\"Person\",\"@id\":\"https:\/\/franciscanos.org.br\/noticias\/#\/schema\/person\/37f88f0d111cd5358b12a6556a99eb91\",\"name\":\"freiaugusto\",\"image\":{\"@type\":\"ImageObject\",\"inLanguage\":\"pt-BR\",\"@id\":\"https:\/\/franciscanos.org.br\/noticias\/#\/schema\/person\/image\/\",\"url\":\"https:\/\/secure.gravatar.com\/avatar\/9840b940e621801b24f3e6b059efb4b7?s=96&d=mm&r=g\",\"contentUrl\":\"https:\/\/secure.gravatar.com\/avatar\/9840b940e621801b24f3e6b059efb4b7?s=96&d=mm&r=g\",\"caption\":\"freiaugusto\"},\"url\":\"https:\/\/franciscanos.org.br\/noticias\/author\/freiaugusto\"}]}<\/script>\n<!-- \/ Yoast SEO plugin. -->","yoast_head_json":{"title":"Com Frei Galv\u00e3o, OFS celebra os 40 anos da Regra - Not\u00edcias - Franciscanos","robots":{"index":"index","follow":"follow","max-snippet":"max-snippet:-1","max-image-preview":"max-image-preview:large","max-video-preview":"max-video-preview:-1"},"canonical":"https:\/\/franciscanos.org.br\/noticias\/com-frei-galvao-ofs-celebra-os-40-anos-da-regra.html","og_locale":"pt_BR","og_type":"article","og_title":"Com Frei Galv\u00e3o, OFS celebra os 40 anos da Regra - Not\u00edcias - Franciscanos","og_description":"Pato Branco","og_url":"https:\/\/franciscanos.org.br\/noticias\/com-frei-galvao-ofs-celebra-os-40-anos-da-regra.html","og_site_name":"Not\u00edcias - Franciscanos","article_published_time":"2018-06-26T14:31:18+00:00","article_modified_time":"2019-08-19T14:13:36+00:00","og_image":[{"width":273,"height":181,"url":"https:\/\/franciscanos.org.br\/noticias\/wp-content\/uploads\/2018\/06\/pato_branco_250618_min.jpg","type":"image\/jpeg"}],"author":"freiaugusto","twitter_card":"summary_large_image","twitter_misc":{"Escrito por":"freiaugusto","Est. tempo de leitura":"2 minutos"},"schema":{"@context":"https:\/\/schema.org","@graph":[{"@type":"WebSite","@id":"https:\/\/franciscanos.org.br\/noticias\/#website","url":"https:\/\/franciscanos.org.br\/noticias\/","name":"Not\u00edcias - Franciscanos","description":"Prov\u00edncia Franciscana da Imaculada Concei\u00e7\u00e3o do Brasil - Ordem dos Frades Menores - OFM","potentialAction":[{"@type":"SearchAction","target":{"@type":"EntryPoint","urlTemplate":"https:\/\/franciscanos.org.br\/noticias\/?s={search_term_string}"},"query-input":"required name=search_term_string"}],"inLanguage":"pt-BR"},{"@type":"ImageObject","inLanguage":"pt-BR","@id":"https:\/\/franciscanos.org.br\/noticias\/com-frei-galvao-ofs-celebra-os-40-anos-da-regra.html#primaryimage","url":"https:\/\/franciscanos.org.br\/noticias\/wp-content\/uploads\/2018\/06\/pato_branco_250618_min.jpg","contentUrl":"https:\/\/franciscanos.org.br\/noticias\/wp-content\/uploads\/2018\/06\/pato_branco_250618_min.jpg","width":273,"height":181},{"@type":"WebPage","@id":"https:\/\/franciscanos.org.br\/noticias\/com-frei-galvao-ofs-celebra-os-40-anos-da-regra.html#webpage","url":"https:\/\/franciscanos.org.br\/noticias\/com-frei-galvao-ofs-celebra-os-40-anos-da-regra.html","name":"Com Frei Galv\u00e3o, OFS celebra os 40 anos da Regra - Not\u00edcias - Franciscanos","isPartOf":{"@id":"https:\/\/franciscanos.org.br\/noticias\/#website"},"primaryImageOfPage":{"@id":"https:\/\/franciscanos.org.br\/noticias\/com-frei-galvao-ofs-celebra-os-40-anos-da-regra.html#primaryimage"},"datePublished":"2018-06-26T14:31:18+00:00","dateModified":"2019-08-19T14:13:36+00:00","author":{"@id":"https:\/\/franciscanos.org.br\/noticias\/#\/schema\/person\/37f88f0d111cd5358b12a6556a99eb91"},"breadcrumb":{"@id":"https:\/\/franciscanos.org.br\/noticias\/com-frei-galvao-ofs-celebra-os-40-anos-da-regra.html#breadcrumb"},"inLanguage":"pt-BR","potentialAction":[{"@type":"ReadAction","target":["https:\/\/franciscanos.org.br\/noticias\/com-frei-galvao-ofs-celebra-os-40-anos-da-regra.html"]}]},{"@type":"BreadcrumbList","@id":"https:\/\/franciscanos.org.br\/noticias\/com-frei-galvao-ofs-celebra-os-40-anos-da-regra.html#breadcrumb","itemListElement":[{"@type":"ListItem","position":1,"name":"Home","item":"https:\/\/franciscanos.org.br\/noticias"},{"@type":"ListItem","position":2,"name":"Com Frei Galv\u00e3o, OFS celebra os 40 anos da Regra"}]},{"@type":"Person","@id":"https:\/\/franciscanos.org.br\/noticias\/#\/schema\/person\/37f88f0d111cd5358b12a6556a99eb91","name":"freiaugusto","image":{"@type":"ImageObject","inLanguage":"pt-BR","@id":"https:\/\/franciscanos.org.br\/noticias\/#\/schema\/person\/image\/","url":"https:\/\/secure.gravatar.com\/avatar\/9840b940e621801b24f3e6b059efb4b7?s=96&d=mm&r=g","contentUrl":"https:\/\/secure.gravatar.com\/avatar\/9840b940e621801b24f3e6b059efb4b7?s=96&d=mm&r=g","caption":"freiaugusto"},"url":"https:\/\/franciscanos.org.br\/noticias\/author\/freiaugusto"}]}},"_links":{"self":[{"href":"https:\/\/franciscanos.org.br\/noticias\/wp-json\/wp\/v2\/posts\/165117"}],"collection":[{"href":"https:\/\/franciscanos.org.br\/noticias\/wp-json\/wp\/v2\/posts"}],"about":[{"href":"https:\/\/franciscanos.org.br\/noticias\/wp-json\/wp\/v2\/types\/post"}],"author":[{"embeddable":true,"href":"https:\/\/franciscanos.org.br\/noticias\/wp-json\/wp\/v2\/users\/5"}],"replies":[{"embeddable":true,"href":"https:\/\/franciscanos.org.br\/noticias\/wp-json\/wp\/v2\/comments?post=165117"}],"version-history":[{"count":0,"href":"https:\/\/franciscanos.org.br\/noticias\/wp-json\/wp\/v2\/posts\/165117\/revisions"}],"wp:featuredmedia":[{"embeddable":true,"href":"https:\/\/franciscanos.org.br\/noticias\/wp-json\/wp\/v2\/media\/199993"}],"wp:attachment":[{"href":"https:\/\/franciscanos.org.br\/noticias\/wp-json\/wp\/v2\/media?parent=165117"}],"wp:term":[{"taxonomy":"category","embeddable":true,"href":"https:\/\/franciscanos.org.br\/noticias\/wp-json\/wp\/v2\/categories?post=165117"},{"taxonomy":"post_tag","embeddable":true,"href":"https:\/\/franciscanos.org.br\/noticias\/wp-json\/wp\/v2\/tags?post=165117"}],"curies":[{"name":"wp","href":"https:\/\/api.w.org\/{rel}","templated":true}]}}