{"id":165105,"date":"2018-06-26T08:13:55","date_gmt":"2018-06-26T11:13:55","guid":{"rendered":"http:\/\/franciscanos.org.br\/?p=165105"},"modified":"2019-08-06T10:35:10","modified_gmt":"2019-08-06T13:35:10","slug":"fundacao-rei-rogerio-homenageada-em-curitibanos","status":"publish","type":"post","link":"https:\/\/franciscanos.org.br\/noticias\/fundacao-rei-rogerio-homenageada-em-curitibanos.html","title":{"rendered":"Funda\u00e7\u00e3o Frei Rog\u00e9rio homenageada em Curitibanos"},"content":{"rendered":"<p><img loading=\"lazy\" src=\"http:\/\/franciscanos.org.br\/wp-content\/uploads\/2018\/06\/curitibanos_260618.jpg\" alt=\"curitibanos_260618\" width=\"830\" height=\"456\" \/><\/p>\n<p><strong>Curitibanos (SC)<\/strong> &#8211; Em solenidade realizada na noite da \u00faltima quinta-feira, dia 21 de junho, na C\u00e2mara de Vereadores de Curitibanos, os parlamentares entregaram a comenda do M\u00e9rito Curitibanense \u00e0 Funda\u00e7\u00e3o Frei Rog\u00e9rio. A entidade mantenedora das R\u00e1dios Coroado FM e Movimento FM foi homenageada pelos relevantes servi\u00e7os prestados \u00e0 comunidade curitibanense.<\/p>\n<p><img loading=\"lazy\" class=\"alignleft wp-image-165107 \" src=\"http:\/\/franciscanos.org.br\/wp-content\/uploads\/2018\/06\/rc_260618.jpg\" alt=\"rc_260618\" width=\"178\" height=\"244\" \/>A sess\u00e3o solene foi presidida pelo vereador Ivan Fran\u00e7a Moreira, que destacou a import\u00e2ncia de homenagear pessoas e entidades que contribuem para o crescimento do munic\u00edpio. Frei Roberto Carlos Nunes, vice-presidente e gestor da Funda\u00e7\u00e3o Frei Rog\u00e9rio, representou a entidade. Em seu discurso destacou que a homenagem \u00e9 um reconhecimento do trabalho realizado h\u00e1 mais de 60 anos junto \u00e0 comunidade e regi\u00e3o.<\/p>\n<p>A Funda\u00e7\u00e3o Frei Rog\u00e9rio, com suas duas emissoras, atinge 90 munic\u00edpios do Planalto, Serra Catarinense, bem como o Norte Ga\u00facho, at\u00e9 o Sul do Paran\u00e1, somando uma popula\u00e7\u00e3o de 868 mil habitantes. As ondas das emissoras levam informa\u00e7\u00e3o, entretenimento, m\u00fasicas, conte\u00fados de evangeliza\u00e7\u00e3o, destacam valores \u00e9tico-morais e tamb\u00e9m promo\u00e7\u00e3o \u00e0 vida. Ainda promove \u00eaxito na venda de produtos, divulga\u00e7\u00e3o de promo\u00e7\u00f5es sociais e culturais.<\/p>\n<p><strong>Claiton Bohnenberger<\/strong><\/p>\n","protected":false},"excerpt":{"rendered":"<p>Frente da Comunica\u00e7\u00e3o<\/p>\n","protected":false},"author":1,"featured_media":208818,"comment_status":"open","ping_status":"open","sticky":false,"template":"","format":"standard","meta":[],"categories":[1],"tags":[1168],"acf":[],"yoast_head":"<!-- This site is optimized with the Yoast SEO plugin v19.2 - https:\/\/yoast.com\/wordpress\/plugins\/seo\/ -->\n<title>Funda\u00e7\u00e3o Frei Rog\u00e9rio homenageada em Curitibanos - Not\u00edcias - Franciscanos<\/title>\n<meta name=\"robots\" content=\"index, follow, max-snippet:-1, max-image-preview:large, max-video-preview:-1\" \/>\n<link rel=\"canonical\" href=\"https:\/\/franciscanos.org.br\/noticias\/fundacao-rei-rogerio-homenageada-em-curitibanos.html\" \/>\n<meta property=\"og:locale\" content=\"pt_BR\" \/>\n<meta property=\"og:type\" content=\"article\" \/>\n<meta property=\"og:title\" content=\"Funda\u00e7\u00e3o Frei Rog\u00e9rio homenageada em Curitibanos - Not\u00edcias - Franciscanos\" \/>\n<meta property=\"og:description\" content=\"Frente da Comunica\u00e7\u00e3o\" \/>\n<meta property=\"og:url\" content=\"https:\/\/franciscanos.org.br\/noticias\/fundacao-rei-rogerio-homenageada-em-curitibanos.html\" \/>\n<meta property=\"og:site_name\" content=\"Not\u00edcias - Franciscanos\" \/>\n<meta property=\"article:published_time\" content=\"2018-06-26T11:13:55+00:00\" \/>\n<meta property=\"article:modified_time\" content=\"2019-08-06T13:35:10+00:00\" \/>\n<meta property=\"og:image\" content=\"https:\/\/franciscanos.org.br\/noticias\/wp-content\/uploads\/2018\/06\/curitibanos_260618.jpg\" \/>\n\t<meta property=\"og:image:width\" content=\"273\" \/>\n\t<meta property=\"og:image:height\" content=\"181\" \/>\n\t<meta property=\"og:image:type\" content=\"image\/jpeg\" \/>\n<meta name=\"author\" content=\"admin\" \/>\n<meta name=\"twitter:card\" content=\"summary_large_image\" \/>\n<meta name=\"twitter:label1\" content=\"Escrito por\" \/>\n\t<meta name=\"twitter:data1\" content=\"admin\" \/>\n\t<meta name=\"twitter:label2\" content=\"Est. tempo de leitura\" \/>\n\t<meta name=\"twitter:data2\" content=\"1 minuto\" \/>\n<script type=\"application\/ld+json\" class=\"yoast-schema-graph\">{\"@context\":\"https:\/\/schema.org\",\"@graph\":[{\"@type\":\"WebSite\",\"@id\":\"https:\/\/franciscanos.org.br\/noticias\/#website\",\"url\":\"https:\/\/franciscanos.org.br\/noticias\/\",\"name\":\"Not\u00edcias - Franciscanos\",\"description\":\"Prov\u00edncia Franciscana da Imaculada Concei\u00e7\u00e3o do Brasil - Ordem dos Frades Menores - OFM\",\"potentialAction\":[{\"@type\":\"SearchAction\",\"target\":{\"@type\":\"EntryPoint\",\"urlTemplate\":\"https:\/\/franciscanos.org.br\/noticias\/?s={search_term_string}\"},\"query-input\":\"required name=search_term_string\"}],\"inLanguage\":\"pt-BR\"},{\"@type\":\"ImageObject\",\"inLanguage\":\"pt-BR\",\"@id\":\"https:\/\/franciscanos.org.br\/noticias\/fundacao-rei-rogerio-homenageada-em-curitibanos.html#primaryimage\",\"url\":\"https:\/\/franciscanos.org.br\/noticias\/wp-content\/uploads\/2018\/06\/curitibanos_260618.jpg\",\"contentUrl\":\"https:\/\/franciscanos.org.br\/noticias\/wp-content\/uploads\/2018\/06\/curitibanos_260618.jpg\",\"width\":273,\"height\":181},{\"@type\":\"WebPage\",\"@id\":\"https:\/\/franciscanos.org.br\/noticias\/fundacao-rei-rogerio-homenageada-em-curitibanos.html#webpage\",\"url\":\"https:\/\/franciscanos.org.br\/noticias\/fundacao-rei-rogerio-homenageada-em-curitibanos.html\",\"name\":\"Funda\u00e7\u00e3o Frei Rog\u00e9rio homenageada em Curitibanos - Not\u00edcias - Franciscanos\",\"isPartOf\":{\"@id\":\"https:\/\/franciscanos.org.br\/noticias\/#website\"},\"primaryImageOfPage\":{\"@id\":\"https:\/\/franciscanos.org.br\/noticias\/fundacao-rei-rogerio-homenageada-em-curitibanos.html#primaryimage\"},\"datePublished\":\"2018-06-26T11:13:55+00:00\",\"dateModified\":\"2019-08-06T13:35:10+00:00\",\"author\":{\"@id\":\"https:\/\/franciscanos.org.br\/noticias\/#\/schema\/person\/b38fbf43118f02820bd932f2e4b14ad3\"},\"breadcrumb\":{\"@id\":\"https:\/\/franciscanos.org.br\/noticias\/fundacao-rei-rogerio-homenageada-em-curitibanos.html#breadcrumb\"},\"inLanguage\":\"pt-BR\",\"potentialAction\":[{\"@type\":\"ReadAction\",\"target\":[\"https:\/\/franciscanos.org.br\/noticias\/fundacao-rei-rogerio-homenageada-em-curitibanos.html\"]}]},{\"@type\":\"BreadcrumbList\",\"@id\":\"https:\/\/franciscanos.org.br\/noticias\/fundacao-rei-rogerio-homenageada-em-curitibanos.html#breadcrumb\",\"itemListElement\":[{\"@type\":\"ListItem\",\"position\":1,\"name\":\"Home\",\"item\":\"https:\/\/franciscanos.org.br\/noticias\"},{\"@type\":\"ListItem\",\"position\":2,\"name\":\"Funda\u00e7\u00e3o Frei Rog\u00e9rio homenageada em Curitibanos\"}]},{\"@type\":\"Person\",\"@id\":\"https:\/\/franciscanos.org.br\/noticias\/#\/schema\/person\/b38fbf43118f02820bd932f2e4b14ad3\",\"name\":\"admin\",\"image\":{\"@type\":\"ImageObject\",\"inLanguage\":\"pt-BR\",\"@id\":\"https:\/\/franciscanos.org.br\/noticias\/#\/schema\/person\/image\/\",\"url\":\"https:\/\/secure.gravatar.com\/avatar\/e8495742d34d0ba6448ea1c628263b3e?s=96&d=mm&r=g\",\"contentUrl\":\"https:\/\/secure.gravatar.com\/avatar\/e8495742d34d0ba6448ea1c628263b3e?s=96&d=mm&r=g\",\"caption\":\"admin\"},\"url\":\"https:\/\/franciscanos.org.br\/noticias\/author\/admin\"}]}<\/script>\n<!-- \/ Yoast SEO plugin. -->","yoast_head_json":{"title":"Funda\u00e7\u00e3o Frei Rog\u00e9rio homenageada em Curitibanos - Not\u00edcias - Franciscanos","robots":{"index":"index","follow":"follow","max-snippet":"max-snippet:-1","max-image-preview":"max-image-preview:large","max-video-preview":"max-video-preview:-1"},"canonical":"https:\/\/franciscanos.org.br\/noticias\/fundacao-rei-rogerio-homenageada-em-curitibanos.html","og_locale":"pt_BR","og_type":"article","og_title":"Funda\u00e7\u00e3o Frei Rog\u00e9rio homenageada em Curitibanos - Not\u00edcias - Franciscanos","og_description":"Frente da Comunica\u00e7\u00e3o","og_url":"https:\/\/franciscanos.org.br\/noticias\/fundacao-rei-rogerio-homenageada-em-curitibanos.html","og_site_name":"Not\u00edcias - Franciscanos","article_published_time":"2018-06-26T11:13:55+00:00","article_modified_time":"2019-08-06T13:35:10+00:00","og_image":[{"width":273,"height":181,"url":"https:\/\/franciscanos.org.br\/noticias\/wp-content\/uploads\/2018\/06\/curitibanos_260618.jpg","type":"image\/jpeg"}],"author":"admin","twitter_card":"summary_large_image","twitter_misc":{"Escrito por":"admin","Est. tempo de leitura":"1 minuto"},"schema":{"@context":"https:\/\/schema.org","@graph":[{"@type":"WebSite","@id":"https:\/\/franciscanos.org.br\/noticias\/#website","url":"https:\/\/franciscanos.org.br\/noticias\/","name":"Not\u00edcias - Franciscanos","description":"Prov\u00edncia Franciscana da Imaculada Concei\u00e7\u00e3o do Brasil - Ordem dos Frades Menores - OFM","potentialAction":[{"@type":"SearchAction","target":{"@type":"EntryPoint","urlTemplate":"https:\/\/franciscanos.org.br\/noticias\/?s={search_term_string}"},"query-input":"required name=search_term_string"}],"inLanguage":"pt-BR"},{"@type":"ImageObject","inLanguage":"pt-BR","@id":"https:\/\/franciscanos.org.br\/noticias\/fundacao-rei-rogerio-homenageada-em-curitibanos.html#primaryimage","url":"https:\/\/franciscanos.org.br\/noticias\/wp-content\/uploads\/2018\/06\/curitibanos_260618.jpg","contentUrl":"https:\/\/franciscanos.org.br\/noticias\/wp-content\/uploads\/2018\/06\/curitibanos_260618.jpg","width":273,"height":181},{"@type":"WebPage","@id":"https:\/\/franciscanos.org.br\/noticias\/fundacao-rei-rogerio-homenageada-em-curitibanos.html#webpage","url":"https:\/\/franciscanos.org.br\/noticias\/fundacao-rei-rogerio-homenageada-em-curitibanos.html","name":"Funda\u00e7\u00e3o Frei Rog\u00e9rio homenageada em Curitibanos - Not\u00edcias - Franciscanos","isPartOf":{"@id":"https:\/\/franciscanos.org.br\/noticias\/#website"},"primaryImageOfPage":{"@id":"https:\/\/franciscanos.org.br\/noticias\/fundacao-rei-rogerio-homenageada-em-curitibanos.html#primaryimage"},"datePublished":"2018-06-26T11:13:55+00:00","dateModified":"2019-08-06T13:35:10+00:00","author":{"@id":"https:\/\/franciscanos.org.br\/noticias\/#\/schema\/person\/b38fbf43118f02820bd932f2e4b14ad3"},"breadcrumb":{"@id":"https:\/\/franciscanos.org.br\/noticias\/fundacao-rei-rogerio-homenageada-em-curitibanos.html#breadcrumb"},"inLanguage":"pt-BR","potentialAction":[{"@type":"ReadAction","target":["https:\/\/franciscanos.org.br\/noticias\/fundacao-rei-rogerio-homenageada-em-curitibanos.html"]}]},{"@type":"BreadcrumbList","@id":"https:\/\/franciscanos.org.br\/noticias\/fundacao-rei-rogerio-homenageada-em-curitibanos.html#breadcrumb","itemListElement":[{"@type":"ListItem","position":1,"name":"Home","item":"https:\/\/franciscanos.org.br\/noticias"},{"@type":"ListItem","position":2,"name":"Funda\u00e7\u00e3o Frei Rog\u00e9rio homenageada em Curitibanos"}]},{"@type":"Person","@id":"https:\/\/franciscanos.org.br\/noticias\/#\/schema\/person\/b38fbf43118f02820bd932f2e4b14ad3","name":"admin","image":{"@type":"ImageObject","inLanguage":"pt-BR","@id":"https:\/\/franciscanos.org.br\/noticias\/#\/schema\/person\/image\/","url":"https:\/\/secure.gravatar.com\/avatar\/e8495742d34d0ba6448ea1c628263b3e?s=96&d=mm&r=g","contentUrl":"https:\/\/secure.gravatar.com\/avatar\/e8495742d34d0ba6448ea1c628263b3e?s=96&d=mm&r=g","caption":"admin"},"url":"https:\/\/franciscanos.org.br\/noticias\/author\/admin"}]}},"_links":{"self":[{"href":"https:\/\/franciscanos.org.br\/noticias\/wp-json\/wp\/v2\/posts\/165105"}],"collection":[{"href":"https:\/\/franciscanos.org.br\/noticias\/wp-json\/wp\/v2\/posts"}],"about":[{"href":"https:\/\/franciscanos.org.br\/noticias\/wp-json\/wp\/v2\/types\/post"}],"author":[{"embeddable":true,"href":"https:\/\/franciscanos.org.br\/noticias\/wp-json\/wp\/v2\/users\/1"}],"replies":[{"embeddable":true,"href":"https:\/\/franciscanos.org.br\/noticias\/wp-json\/wp\/v2\/comments?post=165105"}],"version-history":[{"count":0,"href":"https:\/\/franciscanos.org.br\/noticias\/wp-json\/wp\/v2\/posts\/165105\/revisions"}],"wp:featuredmedia":[{"embeddable":true,"href":"https:\/\/franciscanos.org.br\/noticias\/wp-json\/wp\/v2\/media\/208818"}],"wp:attachment":[{"href":"https:\/\/franciscanos.org.br\/noticias\/wp-json\/wp\/v2\/media?parent=165105"}],"wp:term":[{"taxonomy":"category","embeddable":true,"href":"https:\/\/franciscanos.org.br\/noticias\/wp-json\/wp\/v2\/categories?post=165105"},{"taxonomy":"post_tag","embeddable":true,"href":"https:\/\/franciscanos.org.br\/noticias\/wp-json\/wp\/v2\/tags?post=165105"}],"curies":[{"name":"wp","href":"https:\/\/api.w.org\/{rel}","templated":true}]}}