{"id":164919,"date":"2018-06-21T19:26:32","date_gmt":"2018-06-21T22:26:32","guid":{"rendered":"http:\/\/franciscanos.org.br\/?p=164919"},"modified":"2020-06-07T13:00:03","modified_gmt":"2020-06-07T16:00:03","slug":"trabalhar-para-que-nao-haja-indiferenca-perante-o-irmao","status":"publish","type":"post","link":"https:\/\/franciscanos.org.br\/noticias\/trabalhar-para-que-nao-haja-indiferenca-perante-o-irmao.html","title":{"rendered":"Trabalhar para que n\u00e3o haja indiferen\u00e7a perante o irm\u00e3o"},"content":{"rendered":"<p>&nbsp;<\/p>\n<p><img loading=\"lazy\" class=\"alignnone size-full wp-image-224933\" src=\"https:\/\/franciscanos.org.br\/noticias\/wp-content\/uploads\/2018\/06\/genebra_07.jpg\" alt=\"\" width=\"1000\" height=\"563\" srcset=\"https:\/\/franciscanos.org.br\/noticias\/wp-content\/uploads\/2018\/06\/genebra_07.jpg 1000w, https:\/\/franciscanos.org.br\/noticias\/wp-content\/uploads\/2018\/06\/genebra_07-450x253.jpg 450w, https:\/\/franciscanos.org.br\/noticias\/wp-content\/uploads\/2018\/06\/genebra_07-768x432.jpg 768w, https:\/\/franciscanos.org.br\/noticias\/wp-content\/uploads\/2018\/06\/genebra_07-150x84.jpg 150w\" sizes=\"(max-width: 1000px) 100vw, 1000px\" \/><\/p>\n<p><strong>Cidade do Vaticano<\/strong> &#8211; O Papa Francisco celebrou a missa no Palexpo de Genebra, na Su\u00ed\u00e7a, na tarde desta quinta-feira (21\/06), no \u00e2mbito da peregrina\u00e7\u00e3o ecum\u00eanica pelos 70 anos do Conselho Mundial de Igrejas. Em sua homilia, o Pont\u00edfice destacou as palavras: \u201cPai, p\u00e3o e perd\u00e3o.\u201d \u201cTr\u00eas palavras que encontramos no Evangelho de hoje; tr\u00eas palavras, que nos levam ao cora\u00e7\u00e3o da f\u00e9.\u201d<\/p>\n<p>\u201cPai: come\u00e7a assim a ora\u00e7\u00e3o. Pode-se continuar com palavras diferentes, mas n\u00e3o \u00e9 poss\u00edvel esquecer a primeira, porque a palavra \u2018Pai\u2019 \u00e9 a chave de acesso ao cora\u00e7\u00e3o de Deus. \u201cCom efeito, s\u00f3 dizendo Pai \u00e9 que rezamos em l\u00edngua crist\u00e3, \u00e9 que rezamos \u2018crist\u00e3o\u2019: n\u00e3o um Deus gen\u00e9rico, mas Deus que \u00e9, antes de tudo, Papai.<\/p>\n<p>De fato, Jesus pediu-nos para dizer \u2018Pai-nosso que estais nos c\u00e9us\u2019; n\u00e3o \u2018Deus dos c\u00e9us, que sois Pai\u2019. Primeiramente, antes de ser infinito e eterno, Deus \u00e9 Pai.\u201d<\/p>\n<p>\u201cD\u2019Ele prov\u00e9m toda a paternidade e maternidade. N\u2019Ele est\u00e1 a origem de todo o bem e da nossa pr\u00f3pria vida. \u201c Ent\u00e3o \u2018Pai-nosso\u2019 \u00e9 a f\u00f3rmula da vida, aquela que revela a nossa identidade: somos filhos amados. \u201d<\/p>\n<p>\u00c9 a f\u00f3rmula que resolve o teorema da solid\u00e3o e o problema da orfandade. \u00c9 a equa\u00e7\u00e3o que indica o que se deve fazer: amar a Deus, nosso Pai, e aos outros, nossos irm\u00e3os.\u201d<\/p>\n<p>\u201c\u00c9 a ora\u00e7\u00e3o do n\u00f3s, da Igreja; uma ora\u00e7\u00e3o sem o eu nem o meu, mas toda voltada para o v\u00f3sde Deus (o vosso nome, o vosso reino, a vossa vontade) e que se conjuga apenas na primeira pessoa do plural. \u2018Pai-nosso\u2019: duas palavras que nos oferecem o sinal da vida espiritual\u201d, frisou o Papa.<\/p>\n<p>\u201cSempre que fazemos o sinal da cruz no princ\u00edpio do dia e antes de cada atividade importante, sempre que dizemos \u2018Pai-nosso\u2019, apropriamo-nos novamente das ra\u00edzes que nos servem de fundamento.<\/p>\n<p>Precisamos fazer isso em nossas sociedades frequentemente desarraigadas. O \u2018Pai-nosso\u2019 revigora as nossas ra\u00edzes. Quando est\u00e1 o Pai, ningu\u00e9m fica exclu\u00eddo; o medo e a incerteza n\u00e3o levam a melhor. Prevalece a mem\u00f3ria do bem, porque, no cora\u00e7\u00e3o do Pai, n\u00e3o somos personagens virtuais, mas filhos amados. Ele n\u00e3o nos une em grupos de partilha, mas nos gera juntos como fam\u00edlia.<br \/>\nN\u00e3o nos cansemos de dizer \u2018Pai-nosso\u2019: ir\u00e1 nos lembrar que n\u00e3o existe filho algum sem Pai e, por conseguinte, nenhum de n\u00f3s est\u00e1 sozinho neste mundo; mas ir\u00e1 nos lembrar tamb\u00e9m que n\u00e3o h\u00e1 Pai sem filhos: nenhum de n\u00f3s \u00e9 filho \u00fanico, cada um deve cuidar dos irm\u00e3os na \u00fanica fam\u00edlia humana.\u201d<\/p>\n<p>Segundo Francisco, \u201cao dizer Pai-nosso, afirmamos que cada ser humano \u00e9 parte nossa e, diante de in\u00fameros malef\u00edcios que ofendem o rosto do Pai, n\u00f3s, seus filhos, somos chamados a reagir como irm\u00e3os, como bons guardi\u00f5es da nossa fam\u00edlia e a trabalhar para que n\u00e3o haja indiferen\u00e7a perante o irm\u00e3o, cada irm\u00e3o: tanto do beb\u00ea que ainda n\u00e3o nasceu como do idoso que j\u00e1 n\u00e3o fala, tanto de um nosso conhecido a quem n\u00e3o conseguimos perdoar como do pobre descartado. Isto \u00e9 o que o Pai nos pede, nos manda: amar-nos com cora\u00e7\u00e3o de filhos, que s\u00e3o irm\u00e3os entre si.\u201d<\/p>\n<p><strong>O p\u00e3o deve ser acess\u00edvel a todos<\/strong><br \/>\nSobre a segunda palavra, p\u00e3o, o Pont\u00edfice sublinhou que \u201cJesus diz para pedir a cada dia, ao Pai, o p\u00e3o. N\u00e3o \u00e9 preciso pedir mais: s\u00f3 o p\u00e3o, isto \u00e9, o essencial para viver. O p\u00e3o \u00e9, primeiramente, o alimento suficiente para hoje, para a sa\u00fade, para o trabalho de hoje; aquele alimento que, infelizmente, falta a muitos de nossos irm\u00e3os e irm\u00e3s. Por isso digo: ai daqueles que especulam sobre o p\u00e3o! O alimento b\u00e1sico para a vida cotidiana dos povos deve ser acess\u00edvel a todos.&#8221;<\/p>\n<p>Para Francisco, \u201cpedir o p\u00e3o de cada dia \u00e9 dizer tamb\u00e9m: \u00abPai, ajuda-me a ter uma vida mais simples. A vida tornou-se t\u00e3o complicada; apetece-me dizer que hoje, para muitos, a vida de certo modo est\u00e1 \u2018drogada\u2019: corre-se de manh\u00e3 \u00e0 noite, por entre mil telefonemas e mensagens, incapazes de parar, fixando os rostos, mergulhados numa complexidade que fragiliza e numa velocidade que fomenta a ansiedade\u201d.<\/p>\n<p>\u201cImp\u00f5e-se uma op\u00e7\u00e3o de vida s\u00f3bria, livre de pesos sup\u00e9rfluos. Uma op\u00e7\u00e3o contracorrente, como outrora fez S\u00e3o Lu\u00eds Gonzaga que hoje recordamos.<\/p>\n<p>A op\u00e7\u00e3o de renunciar a muitas coisas que enchem a vida, mas esvaziam o cora\u00e7\u00e3o. Optemos pela simplicidade do p\u00e3o, para voltar a encontrar a coragem do sil\u00eancio e da ora\u00e7\u00e3o, fermento duma vida verdadeiramente humana. \u201cOptemos pelas pessoas em vez das coisas, para que construam rela\u00e7\u00f5es, n\u00e3o virtuais, mas pessoais. \u201d<\/p>\n<p>Voltemos a amar a genu\u00edna fragr\u00e2ncia daquilo que nos rodeia. Em casa, quando eu era crian\u00e7a, se o p\u00e3o ca\u00edsse da mesa, nos ensinavam a apanh\u00e1-lo imediatamente e a beij\u00e1-lo. Apreciar o que temos de simples a cada dia e guard\u00e1-lo: n\u00e3o usar e jogar fora, mas apreciar e guardar.<\/p>\n<p>N\u00e3o esque\u00e7amos tamb\u00e9m que \u2018o P\u00e3o de cada dia\u2019 \u00e9 Jesus. Sem Ele, nada podemos fazer. Ele \u00e9 o alimento b\u00e1sico para viver bem. \u00c0s vezes, por\u00e9m, reduzimos Jesus a um tempero ; mas, se n\u00e3o for o nosso alimento vital, o centro dos nossos dias, o respiro da vida cotidiana, tudo \u00e9 v\u00e3o. Ao suplicar o p\u00e3o, pedimos ao Pai e dizemos para n\u00f3s mesmos todos os dias: simplicidade de vida, cuidar daquilo que nos rodeia, Jesus em tudo e antes de tudo.\u201d<\/p>\n<p><strong>O perd\u00e3o \u00e9 a cl\u00e1usula vinculante do Pai-nosso<\/strong><br \/>\nSobre o perd\u00e3o, o Papa ressaltou que \u201c\u00e9 dif\u00edcil perdoar\u201d, pois \u201cdentro trazemos sempre um pouco de queixa, de ressentimento e, quando somos provocados por quem j\u00e1 t\u00ednhamos perdoado, o rancor volta e com juros.<\/p>\n<p>Mas, como dom, o Senhor pretende o nosso perd\u00e3o. Impressiona o fato de o \u00fanico coment\u00e1rio original ao Pai-nosso, o de Jesus, se concentrar numa \u00fanica frase: \u2018Porque, se perdoardes aos outros as suas ofensas, tamb\u00e9m o vosso Pai celeste vos perdoar\u00e1 a v\u00f3s. Se, por\u00e9m, n\u00e3o perdoardes aos homens as suas ofensas, tamb\u00e9m o vosso Pai vos n\u00e3o perdoar\u00e1 as vossas\u2019.<\/p>\n<p>O perd\u00e3o \u00e9 a cl\u00e1usula vinculante do Pai-nosso. Deus nos liberta o cora\u00e7\u00e3o de todo o pecado, perdoa tudo, tudo; mas pede uma coisa: que, por nossa vez, n\u00e3o nos cansemos de perdoar.De cada um pretende uma anistia geral das culpas alheias. \u201cSeria preciso fazer uma boa radiografia do cora\u00e7\u00e3o, para ver se, dentro de n\u00f3s, h\u00e1 bloqueios, obst\u00e1culos ao perd\u00e3o, pedras a remover. \u201d<br \/>\nE ent\u00e3o dizer ao Pai: \u2018Vede este penedo! Confio-o a v\u00f3s e pe\u00e7o-vos por esta pessoa, por esta situa\u00e7\u00e3o; embora sinta dificuldade em perdoar, pe\u00e7o-vos a for\u00e7a de o fazer\u2019.\u201d<\/p>\n<p>Segundo o Papa, \u201co perd\u00e3o renova, faz milagres. Pedro experimentou o perd\u00e3o de Jesus e tornou-se pastor do seu rebanho; Saulo tornou-se Paulo depois do perd\u00e3o que recebeu de Est\u00eav\u00e3o; cada um de n\u00f3s renasce como nova criatura quando, perdoado pelo Pai, ama os irm\u00e3os.<\/p>\n<p><strong>O perd\u00e3o muda o mal em bem<\/strong><br \/>\nS\u00f3 ent\u00e3o introduzimos uma novidade verdadeira no mundo, porque n\u00e3o h\u00e1 novidade maior do que o perd\u00e3o, que muda o mal em bem. Vemos isso na hist\u00f3ria crist\u00e3.<\/p>\n<p>Como nos fez e continuar\u00e1 fazendo bem o fato de nos perdoarmos uns aos outros, de voltar a descobrir-nos irm\u00e3os depois de s\u00e9culos de controv\u00e9rsias e lacera\u00e7\u00f5es!<\/p>\n<p>O Pai \u00e9 feliz, quando nos amamos e perdoamos verdadeiramente de cora\u00e7\u00e3o; e ent\u00e3o nos d\u00e1 o seu Esp\u00edrito. Pe\u00e7amos esta gra\u00e7a: de n\u00e3o nos fecharmos com \u00e2nimo endurecido, sempre a reivindicar dos outros, mas de dar o primeiro passo, na ora\u00e7\u00e3o, no encontro fraterno, na caridade concreta. Assim seremos mais parecidos com o Pai, que ama sem esperar recompensa. Ele derramar\u00e1 sobre n\u00f3s o Esp\u00edrito de unidade.<\/p>\n<hr \/>\n<p><em>Fonte: Vatican News 9https:\/\/www.vaticannews.va\/pt\/papa\/news\/2018-06\/papa-francisco-genebra-wcc-oracao-ecumenica.html)<\/em><\/p>\n","protected":false},"excerpt":{"rendered":"<p>Peregrina\u00e7\u00e3o ecum\u00eanica pelos 70 anos do Conselho Mundial de Igrejas.<\/p>\n","protected":false},"author":1,"featured_media":0,"comment_status":"open","ping_status":"open","sticky":false,"template":"","format":"standard","meta":[],"categories":[1428],"tags":[863,1655],"acf":[],"yoast_head":"<!-- This site is optimized with the Yoast SEO plugin v19.2 - https:\/\/yoast.com\/wordpress\/plugins\/seo\/ -->\n<title>Trabalhar para que n\u00e3o haja indiferen\u00e7a perante o irm\u00e3o - Not\u00edcias - Franciscanos<\/title>\n<meta name=\"robots\" content=\"index, follow, max-snippet:-1, max-image-preview:large, max-video-preview:-1\" \/>\n<link rel=\"canonical\" href=\"https:\/\/franciscanos.org.br\/noticias\/trabalhar-para-que-nao-haja-indiferenca-perante-o-irmao.html\" \/>\n<meta property=\"og:locale\" content=\"pt_BR\" \/>\n<meta property=\"og:type\" content=\"article\" \/>\n<meta property=\"og:title\" content=\"Trabalhar para que n\u00e3o haja indiferen\u00e7a perante o irm\u00e3o - Not\u00edcias - Franciscanos\" \/>\n<meta property=\"og:description\" content=\"Peregrina\u00e7\u00e3o ecum\u00eanica pelos 70 anos do Conselho Mundial de Igrejas.\" \/>\n<meta property=\"og:url\" content=\"https:\/\/franciscanos.org.br\/noticias\/trabalhar-para-que-nao-haja-indiferenca-perante-o-irmao.html\" \/>\n<meta property=\"og:site_name\" content=\"Not\u00edcias - Franciscanos\" \/>\n<meta property=\"article:published_time\" content=\"2018-06-21T22:26:32+00:00\" \/>\n<meta property=\"article:modified_time\" content=\"2020-06-07T16:00:03+00:00\" \/>\n<meta property=\"og:image\" content=\"https:\/\/franciscanos.org.br\/noticias\/wp-content\/uploads\/2018\/06\/genebra_07.jpg\" \/>\n<meta name=\"author\" content=\"admin\" \/>\n<meta name=\"twitter:card\" content=\"summary_large_image\" \/>\n<meta name=\"twitter:label1\" content=\"Escrito por\" \/>\n\t<meta name=\"twitter:data1\" content=\"admin\" \/>\n\t<meta name=\"twitter:label2\" content=\"Est. tempo de leitura\" \/>\n\t<meta name=\"twitter:data2\" content=\"7 minutos\" \/>\n<script type=\"application\/ld+json\" class=\"yoast-schema-graph\">{\"@context\":\"https:\/\/schema.org\",\"@graph\":[{\"@type\":\"WebSite\",\"@id\":\"https:\/\/franciscanos.org.br\/noticias\/#website\",\"url\":\"https:\/\/franciscanos.org.br\/noticias\/\",\"name\":\"Not\u00edcias - Franciscanos\",\"description\":\"Prov\u00edncia Franciscana da Imaculada Concei\u00e7\u00e3o do Brasil - Ordem dos Frades Menores - OFM\",\"potentialAction\":[{\"@type\":\"SearchAction\",\"target\":{\"@type\":\"EntryPoint\",\"urlTemplate\":\"https:\/\/franciscanos.org.br\/noticias\/?s={search_term_string}\"},\"query-input\":\"required name=search_term_string\"}],\"inLanguage\":\"pt-BR\"},{\"@type\":\"ImageObject\",\"inLanguage\":\"pt-BR\",\"@id\":\"https:\/\/franciscanos.org.br\/noticias\/trabalhar-para-que-nao-haja-indiferenca-perante-o-irmao.html#primaryimage\",\"url\":\"https:\/\/franciscanos.org.br\/noticias\/wp-content\/uploads\/2018\/06\/genebra_07.jpg\",\"contentUrl\":\"https:\/\/franciscanos.org.br\/noticias\/wp-content\/uploads\/2018\/06\/genebra_07.jpg\",\"width\":1000,\"height\":563},{\"@type\":\"WebPage\",\"@id\":\"https:\/\/franciscanos.org.br\/noticias\/trabalhar-para-que-nao-haja-indiferenca-perante-o-irmao.html#webpage\",\"url\":\"https:\/\/franciscanos.org.br\/noticias\/trabalhar-para-que-nao-haja-indiferenca-perante-o-irmao.html\",\"name\":\"Trabalhar para que n\u00e3o haja indiferen\u00e7a perante o irm\u00e3o - Not\u00edcias - Franciscanos\",\"isPartOf\":{\"@id\":\"https:\/\/franciscanos.org.br\/noticias\/#website\"},\"primaryImageOfPage\":{\"@id\":\"https:\/\/franciscanos.org.br\/noticias\/trabalhar-para-que-nao-haja-indiferenca-perante-o-irmao.html#primaryimage\"},\"datePublished\":\"2018-06-21T22:26:32+00:00\",\"dateModified\":\"2020-06-07T16:00:03+00:00\",\"author\":{\"@id\":\"https:\/\/franciscanos.org.br\/noticias\/#\/schema\/person\/b38fbf43118f02820bd932f2e4b14ad3\"},\"breadcrumb\":{\"@id\":\"https:\/\/franciscanos.org.br\/noticias\/trabalhar-para-que-nao-haja-indiferenca-perante-o-irmao.html#breadcrumb\"},\"inLanguage\":\"pt-BR\",\"potentialAction\":[{\"@type\":\"ReadAction\",\"target\":[\"https:\/\/franciscanos.org.br\/noticias\/trabalhar-para-que-nao-haja-indiferenca-perante-o-irmao.html\"]}]},{\"@type\":\"BreadcrumbList\",\"@id\":\"https:\/\/franciscanos.org.br\/noticias\/trabalhar-para-que-nao-haja-indiferenca-perante-o-irmao.html#breadcrumb\",\"itemListElement\":[{\"@type\":\"ListItem\",\"position\":1,\"name\":\"Home\",\"item\":\"https:\/\/franciscanos.org.br\/noticias\"},{\"@type\":\"ListItem\",\"position\":2,\"name\":\"Trabalhar para que n\u00e3o haja indiferen\u00e7a perante o irm\u00e3o\"}]},{\"@type\":\"Person\",\"@id\":\"https:\/\/franciscanos.org.br\/noticias\/#\/schema\/person\/b38fbf43118f02820bd932f2e4b14ad3\",\"name\":\"admin\",\"image\":{\"@type\":\"ImageObject\",\"inLanguage\":\"pt-BR\",\"@id\":\"https:\/\/franciscanos.org.br\/noticias\/#\/schema\/person\/image\/\",\"url\":\"https:\/\/secure.gravatar.com\/avatar\/e8495742d34d0ba6448ea1c628263b3e?s=96&d=mm&r=g\",\"contentUrl\":\"https:\/\/secure.gravatar.com\/avatar\/e8495742d34d0ba6448ea1c628263b3e?s=96&d=mm&r=g\",\"caption\":\"admin\"},\"url\":\"https:\/\/franciscanos.org.br\/noticias\/author\/admin\"}]}<\/script>\n<!-- \/ Yoast SEO plugin. -->","yoast_head_json":{"title":"Trabalhar para que n\u00e3o haja indiferen\u00e7a perante o irm\u00e3o - Not\u00edcias - Franciscanos","robots":{"index":"index","follow":"follow","max-snippet":"max-snippet:-1","max-image-preview":"max-image-preview:large","max-video-preview":"max-video-preview:-1"},"canonical":"https:\/\/franciscanos.org.br\/noticias\/trabalhar-para-que-nao-haja-indiferenca-perante-o-irmao.html","og_locale":"pt_BR","og_type":"article","og_title":"Trabalhar para que n\u00e3o haja indiferen\u00e7a perante o irm\u00e3o - Not\u00edcias - Franciscanos","og_description":"Peregrina\u00e7\u00e3o ecum\u00eanica pelos 70 anos do Conselho Mundial de Igrejas.","og_url":"https:\/\/franciscanos.org.br\/noticias\/trabalhar-para-que-nao-haja-indiferenca-perante-o-irmao.html","og_site_name":"Not\u00edcias - Franciscanos","article_published_time":"2018-06-21T22:26:32+00:00","article_modified_time":"2020-06-07T16:00:03+00:00","og_image":[{"url":"https:\/\/franciscanos.org.br\/noticias\/wp-content\/uploads\/2018\/06\/genebra_07.jpg"}],"author":"admin","twitter_card":"summary_large_image","twitter_misc":{"Escrito por":"admin","Est. tempo de leitura":"7 minutos"},"schema":{"@context":"https:\/\/schema.org","@graph":[{"@type":"WebSite","@id":"https:\/\/franciscanos.org.br\/noticias\/#website","url":"https:\/\/franciscanos.org.br\/noticias\/","name":"Not\u00edcias - Franciscanos","description":"Prov\u00edncia Franciscana da Imaculada Concei\u00e7\u00e3o do Brasil - Ordem dos Frades Menores - OFM","potentialAction":[{"@type":"SearchAction","target":{"@type":"EntryPoint","urlTemplate":"https:\/\/franciscanos.org.br\/noticias\/?s={search_term_string}"},"query-input":"required name=search_term_string"}],"inLanguage":"pt-BR"},{"@type":"ImageObject","inLanguage":"pt-BR","@id":"https:\/\/franciscanos.org.br\/noticias\/trabalhar-para-que-nao-haja-indiferenca-perante-o-irmao.html#primaryimage","url":"https:\/\/franciscanos.org.br\/noticias\/wp-content\/uploads\/2018\/06\/genebra_07.jpg","contentUrl":"https:\/\/franciscanos.org.br\/noticias\/wp-content\/uploads\/2018\/06\/genebra_07.jpg","width":1000,"height":563},{"@type":"WebPage","@id":"https:\/\/franciscanos.org.br\/noticias\/trabalhar-para-que-nao-haja-indiferenca-perante-o-irmao.html#webpage","url":"https:\/\/franciscanos.org.br\/noticias\/trabalhar-para-que-nao-haja-indiferenca-perante-o-irmao.html","name":"Trabalhar para que n\u00e3o haja indiferen\u00e7a perante o irm\u00e3o - Not\u00edcias - Franciscanos","isPartOf":{"@id":"https:\/\/franciscanos.org.br\/noticias\/#website"},"primaryImageOfPage":{"@id":"https:\/\/franciscanos.org.br\/noticias\/trabalhar-para-que-nao-haja-indiferenca-perante-o-irmao.html#primaryimage"},"datePublished":"2018-06-21T22:26:32+00:00","dateModified":"2020-06-07T16:00:03+00:00","author":{"@id":"https:\/\/franciscanos.org.br\/noticias\/#\/schema\/person\/b38fbf43118f02820bd932f2e4b14ad3"},"breadcrumb":{"@id":"https:\/\/franciscanos.org.br\/noticias\/trabalhar-para-que-nao-haja-indiferenca-perante-o-irmao.html#breadcrumb"},"inLanguage":"pt-BR","potentialAction":[{"@type":"ReadAction","target":["https:\/\/franciscanos.org.br\/noticias\/trabalhar-para-que-nao-haja-indiferenca-perante-o-irmao.html"]}]},{"@type":"BreadcrumbList","@id":"https:\/\/franciscanos.org.br\/noticias\/trabalhar-para-que-nao-haja-indiferenca-perante-o-irmao.html#breadcrumb","itemListElement":[{"@type":"ListItem","position":1,"name":"Home","item":"https:\/\/franciscanos.org.br\/noticias"},{"@type":"ListItem","position":2,"name":"Trabalhar para que n\u00e3o haja indiferen\u00e7a perante o irm\u00e3o"}]},{"@type":"Person","@id":"https:\/\/franciscanos.org.br\/noticias\/#\/schema\/person\/b38fbf43118f02820bd932f2e4b14ad3","name":"admin","image":{"@type":"ImageObject","inLanguage":"pt-BR","@id":"https:\/\/franciscanos.org.br\/noticias\/#\/schema\/person\/image\/","url":"https:\/\/secure.gravatar.com\/avatar\/e8495742d34d0ba6448ea1c628263b3e?s=96&d=mm&r=g","contentUrl":"https:\/\/secure.gravatar.com\/avatar\/e8495742d34d0ba6448ea1c628263b3e?s=96&d=mm&r=g","caption":"admin"},"url":"https:\/\/franciscanos.org.br\/noticias\/author\/admin"}]}},"_links":{"self":[{"href":"https:\/\/franciscanos.org.br\/noticias\/wp-json\/wp\/v2\/posts\/164919"}],"collection":[{"href":"https:\/\/franciscanos.org.br\/noticias\/wp-json\/wp\/v2\/posts"}],"about":[{"href":"https:\/\/franciscanos.org.br\/noticias\/wp-json\/wp\/v2\/types\/post"}],"author":[{"embeddable":true,"href":"https:\/\/franciscanos.org.br\/noticias\/wp-json\/wp\/v2\/users\/1"}],"replies":[{"embeddable":true,"href":"https:\/\/franciscanos.org.br\/noticias\/wp-json\/wp\/v2\/comments?post=164919"}],"version-history":[{"count":2,"href":"https:\/\/franciscanos.org.br\/noticias\/wp-json\/wp\/v2\/posts\/164919\/revisions"}],"predecessor-version":[{"id":224935,"href":"https:\/\/franciscanos.org.br\/noticias\/wp-json\/wp\/v2\/posts\/164919\/revisions\/224935"}],"wp:attachment":[{"href":"https:\/\/franciscanos.org.br\/noticias\/wp-json\/wp\/v2\/media?parent=164919"}],"wp:term":[{"taxonomy":"category","embeddable":true,"href":"https:\/\/franciscanos.org.br\/noticias\/wp-json\/wp\/v2\/categories?post=164919"},{"taxonomy":"post_tag","embeddable":true,"href":"https:\/\/franciscanos.org.br\/noticias\/wp-json\/wp\/v2\/tags?post=164919"}],"curies":[{"name":"wp","href":"https:\/\/api.w.org\/{rel}","templated":true}]}}