{"id":164544,"date":"2018-06-19T08:43:55","date_gmt":"2018-06-19T11:43:55","guid":{"rendered":"http:\/\/franciscanos.org.br\/?p=164544"},"modified":"2019-02-27T11:19:37","modified_gmt":"2019-02-27T14:19:37","slug":"dublin-recebe-o-9o-encontro-mundial-das-familias","status":"publish","type":"post","link":"https:\/\/franciscanos.org.br\/noticias\/dublin-recebe-o-9o-encontro-mundial-das-familias.html","title":{"rendered":"Dublin recebe o 9\u00ba Encontro Mundial das Fam\u00edlias"},"content":{"rendered":"<p><img loading=\"lazy\" src=\"http:\/\/franciscanos.org.br\/wp-content\/uploads\/2018\/06\/familias_190618G.jpg\" alt=\"familias_190618G\" width=\"830\" height=\"460\" \/><br \/>\n<strong>Bras\u00edlia (DF) &#8211;<\/strong> Daqui h\u00e1 pouco mais de dois meses Dublin, na Irlanda, vai sediar o 9\u00ba Encontro Mundial das Fam\u00edlias. O evento que acontece de 22 a 26 de agosto ter\u00e1 como tema \u201cO Evangelho da fam\u00edlia, alegria para o mundo\u201d.\u00a0\u201cA fam\u00edlia \u00e9 para o Papa Francisco e \u00e9 para todos n\u00f3s um dom, um motivo de grande alegria e \u00e9 tamb\u00e9m uma boa, destaca o bispo da Diocese de Osasco (SP) e presidente da Comiss\u00e3o Episcopal Pastoral para a Vida e Fam\u00edlia da CNBB, Dom Jo\u00e3o Bosco Barbosa de Sousa.<\/p>\n<p>O Encontro Mundial das Fam\u00edlias foi idealizado pelo Papa S\u00e3o Jo\u00e3o Paulo II em 1992 e acontece a cada tr\u00eas anos. O objetivo \u00e9 \u201ccelebrar o dom divino da fam\u00edlia\u201d e aprofundar a \u201ccompreens\u00e3o da fam\u00edlia crist\u00e3 como Igreja dom\u00e9stica e unidade b\u00e1sica de evangeliza\u00e7\u00e3o\u201d.<\/p>\n<p>Est\u00e3o sendo esperados em torno de 15 a 20 mil participantes do mundo inteiro porque esse encontro tem uma grande repercuss\u00e3o na Igreja e nas fam\u00edlias do mundo inteiro pois \u00e9 um tema amplo que ser\u00e1 trabalhado em diversas palestras, semin\u00e1rios e oficinas de trabalho em diversos idiomas.<\/p>\n<p>Para Dom Jo\u00e3o Bosco este encontro dever\u00e1 trazer reflex\u00f5es que haver\u00e3o de ser trabalhadas depois nas diversas Confer\u00eancias Episcopais, nos diversos regionais, nas dioceses e par\u00f3quias e comunidades de forma muito rica.<\/p>\n<p>O Papa Francisco, em carta enviada ao cardeal Kevin Farrell, Prefeito do Dicast\u00e9rio para os Leigos, Fam\u00edlia e Vida diz: \u201cNa verdade, desejo que as fam\u00edlias tenham um modo de aprofundar a sua reflex\u00e3o e a partilha do conte\u00fado da Exorta\u00e7\u00e3o apost\u00f3lica p\u00f3s-sinodal Amoris Laetitia\u201d.<\/p>\n<p>No Brasil, a Igreja j\u00e1 vem se preparando desde que o tema do encontro e algumas indica\u00e7\u00f5es do que seria importante refletir foi divulgado pelo Vaticano. A tem\u00e1tica foi assunto da Semana Nacional da Fam\u00edlia, das publica\u00e7\u00f5es como a Hora da Fam\u00edlia e tamb\u00e9m da revista Vida e Fam\u00edlia da CNBB. Al\u00e9m disso, tamb\u00e9m foi debatido nos encontros dos regionais da Pastoral Familiar no Brasil.<\/p>\n<p>&#8220;A gente sabe que o tema \u00e9 muito amplo, a fam\u00edlia sempre volta nos discursos do Papa Francisco de modo que isso enriquece profundamente a prepara\u00e7\u00e3o de todos para este evento\u201d, ressalta Dom Bosco.<\/p>\n<p>Do Brasil, al\u00e9m das fam\u00edlias que se inscreveram, estar\u00e3o presentes o presidente da Comiss\u00e3o Episcopal Pastoral para a Vida e Fam\u00edlia da CNBB, Dom Jo\u00e3o Bosco Barbosa de Sousa, o assessor nacional da comiss\u00e3o, padre Jorge Alves Filho e o casal coordenador nacional da Pastoral Familiar, Luiz Zilfredo Stolf e Carmen Rodrigues Stolf.<\/p>\n<p>Os fi\u00e9is que participarem do encontro receber\u00e3o do Papa Francisco o dom da indulg\u00eancia. O decreto divulgado pela Penitenciaria Apost\u00f3lica explica que que a indulg\u00eancia plen\u00e1ria ser\u00e1 concedida \u201c\u00e0s condi\u00e7\u00f5es usuais (confiss\u00e3o sacramental, comunh\u00e3o eucar\u00edstica e ora\u00e7\u00f5es de acordo com as inten\u00e7\u00f5es do Santo Padre) aos fi\u00e9is que, com a alma desapegada de qualquer pecado, participar\u00e3o devotadamente de alguma fun\u00e7\u00e3o \u2018durante o Encontro\u2019\u201d, na presen\u00e7a do Papa.<\/p>\n<p>Segundo o documento, os fi\u00e9is que n\u00e3o puderem participar do evento tamb\u00e9m poder\u00e3o obter a indulg\u00eancia nas condi\u00e7\u00f5es citadas se, \u201cespiritualmente unidos aos fi\u00e9is presentes em Dublin, recitarem o Pai Nosso, o Credo e outras ora\u00e7\u00f5es devocionais para invocar da Divina Miseric\u00f3rdia os prop\u00f3sitos indicados acima, especialmente quando as palavras do Pont\u00edfice forem transmitidas na televis\u00e3o e no r\u00e1dio\u201d.<\/p>\n<p>O Encontro Mundial das Fam\u00edlias de 2018 ter\u00e1 exposi\u00e7\u00f5es, eventos culturais e concertos por toda a cidade, al\u00e9m de a\u00e7\u00f5es solid\u00e1rias. No dia 26 de agosto, haver\u00e1 uma Missa Solene presidida pelo Papa Francisco, no Phoenix Park.<\/p>\n","protected":false},"excerpt":{"rendered":"<p>CNBB<\/p>\n","protected":false},"author":1,"featured_media":200700,"comment_status":"open","ping_status":"open","sticky":false,"template":"","format":"standard","meta":[],"categories":[1],"tags":[838,55],"acf":[],"yoast_head":"<!-- This site is optimized with the Yoast SEO plugin v19.2 - https:\/\/yoast.com\/wordpress\/plugins\/seo\/ -->\n<title>Dublin recebe o 9\u00ba Encontro Mundial das Fam\u00edlias - Not\u00edcias - Franciscanos<\/title>\n<meta name=\"robots\" content=\"index, follow, max-snippet:-1, max-image-preview:large, max-video-preview:-1\" \/>\n<link rel=\"canonical\" href=\"https:\/\/franciscanos.org.br\/noticias\/dublin-recebe-o-9o-encontro-mundial-das-familias.html\" \/>\n<meta property=\"og:locale\" content=\"pt_BR\" \/>\n<meta property=\"og:type\" content=\"article\" \/>\n<meta property=\"og:title\" content=\"Dublin recebe o 9\u00ba Encontro Mundial das Fam\u00edlias - Not\u00edcias - Franciscanos\" \/>\n<meta property=\"og:description\" content=\"CNBB\" \/>\n<meta property=\"og:url\" content=\"https:\/\/franciscanos.org.br\/noticias\/dublin-recebe-o-9o-encontro-mundial-das-familias.html\" \/>\n<meta property=\"og:site_name\" content=\"Not\u00edcias - Franciscanos\" \/>\n<meta property=\"article:published_time\" content=\"2018-06-19T11:43:55+00:00\" \/>\n<meta property=\"article:modified_time\" content=\"2019-02-27T14:19:37+00:00\" \/>\n<meta property=\"og:image\" content=\"https:\/\/franciscanos.org.br\/noticias\/wp-content\/uploads\/2018\/06\/familias_190618G.jpg\" \/>\n\t<meta property=\"og:image:width\" content=\"273\" \/>\n\t<meta property=\"og:image:height\" content=\"181\" \/>\n\t<meta property=\"og:image:type\" content=\"image\/jpeg\" \/>\n<meta name=\"author\" content=\"admin\" \/>\n<meta name=\"twitter:card\" content=\"summary_large_image\" \/>\n<meta name=\"twitter:label1\" content=\"Escrito por\" \/>\n\t<meta name=\"twitter:data1\" content=\"admin\" \/>\n\t<meta name=\"twitter:label2\" content=\"Est. tempo de leitura\" \/>\n\t<meta name=\"twitter:data2\" content=\"3 minutos\" \/>\n<script type=\"application\/ld+json\" class=\"yoast-schema-graph\">{\"@context\":\"https:\/\/schema.org\",\"@graph\":[{\"@type\":\"WebSite\",\"@id\":\"https:\/\/franciscanos.org.br\/noticias\/#website\",\"url\":\"https:\/\/franciscanos.org.br\/noticias\/\",\"name\":\"Not\u00edcias - Franciscanos\",\"description\":\"Prov\u00edncia Franciscana da Imaculada Concei\u00e7\u00e3o do Brasil - Ordem dos Frades Menores - OFM\",\"potentialAction\":[{\"@type\":\"SearchAction\",\"target\":{\"@type\":\"EntryPoint\",\"urlTemplate\":\"https:\/\/franciscanos.org.br\/noticias\/?s={search_term_string}\"},\"query-input\":\"required name=search_term_string\"}],\"inLanguage\":\"pt-BR\"},{\"@type\":\"ImageObject\",\"inLanguage\":\"pt-BR\",\"@id\":\"https:\/\/franciscanos.org.br\/noticias\/dublin-recebe-o-9o-encontro-mundial-das-familias.html#primaryimage\",\"url\":\"https:\/\/franciscanos.org.br\/noticias\/wp-content\/uploads\/2018\/06\/familias_190618G.jpg\",\"contentUrl\":\"https:\/\/franciscanos.org.br\/noticias\/wp-content\/uploads\/2018\/06\/familias_190618G.jpg\",\"width\":273,\"height\":181},{\"@type\":\"WebPage\",\"@id\":\"https:\/\/franciscanos.org.br\/noticias\/dublin-recebe-o-9o-encontro-mundial-das-familias.html#webpage\",\"url\":\"https:\/\/franciscanos.org.br\/noticias\/dublin-recebe-o-9o-encontro-mundial-das-familias.html\",\"name\":\"Dublin recebe o 9\u00ba Encontro Mundial das Fam\u00edlias - Not\u00edcias - Franciscanos\",\"isPartOf\":{\"@id\":\"https:\/\/franciscanos.org.br\/noticias\/#website\"},\"primaryImageOfPage\":{\"@id\":\"https:\/\/franciscanos.org.br\/noticias\/dublin-recebe-o-9o-encontro-mundial-das-familias.html#primaryimage\"},\"datePublished\":\"2018-06-19T11:43:55+00:00\",\"dateModified\":\"2019-02-27T14:19:37+00:00\",\"author\":{\"@id\":\"https:\/\/franciscanos.org.br\/noticias\/#\/schema\/person\/b38fbf43118f02820bd932f2e4b14ad3\"},\"breadcrumb\":{\"@id\":\"https:\/\/franciscanos.org.br\/noticias\/dublin-recebe-o-9o-encontro-mundial-das-familias.html#breadcrumb\"},\"inLanguage\":\"pt-BR\",\"potentialAction\":[{\"@type\":\"ReadAction\",\"target\":[\"https:\/\/franciscanos.org.br\/noticias\/dublin-recebe-o-9o-encontro-mundial-das-familias.html\"]}]},{\"@type\":\"BreadcrumbList\",\"@id\":\"https:\/\/franciscanos.org.br\/noticias\/dublin-recebe-o-9o-encontro-mundial-das-familias.html#breadcrumb\",\"itemListElement\":[{\"@type\":\"ListItem\",\"position\":1,\"name\":\"Home\",\"item\":\"https:\/\/franciscanos.org.br\/noticias\"},{\"@type\":\"ListItem\",\"position\":2,\"name\":\"Dublin recebe o 9\u00ba Encontro Mundial das Fam\u00edlias\"}]},{\"@type\":\"Person\",\"@id\":\"https:\/\/franciscanos.org.br\/noticias\/#\/schema\/person\/b38fbf43118f02820bd932f2e4b14ad3\",\"name\":\"admin\",\"image\":{\"@type\":\"ImageObject\",\"inLanguage\":\"pt-BR\",\"@id\":\"https:\/\/franciscanos.org.br\/noticias\/#\/schema\/person\/image\/\",\"url\":\"https:\/\/secure.gravatar.com\/avatar\/e8495742d34d0ba6448ea1c628263b3e?s=96&d=mm&r=g\",\"contentUrl\":\"https:\/\/secure.gravatar.com\/avatar\/e8495742d34d0ba6448ea1c628263b3e?s=96&d=mm&r=g\",\"caption\":\"admin\"},\"url\":\"https:\/\/franciscanos.org.br\/noticias\/author\/admin\"}]}<\/script>\n<!-- \/ Yoast SEO plugin. -->","yoast_head_json":{"title":"Dublin recebe o 9\u00ba Encontro Mundial das Fam\u00edlias - Not\u00edcias - Franciscanos","robots":{"index":"index","follow":"follow","max-snippet":"max-snippet:-1","max-image-preview":"max-image-preview:large","max-video-preview":"max-video-preview:-1"},"canonical":"https:\/\/franciscanos.org.br\/noticias\/dublin-recebe-o-9o-encontro-mundial-das-familias.html","og_locale":"pt_BR","og_type":"article","og_title":"Dublin recebe o 9\u00ba Encontro Mundial das Fam\u00edlias - Not\u00edcias - Franciscanos","og_description":"CNBB","og_url":"https:\/\/franciscanos.org.br\/noticias\/dublin-recebe-o-9o-encontro-mundial-das-familias.html","og_site_name":"Not\u00edcias - Franciscanos","article_published_time":"2018-06-19T11:43:55+00:00","article_modified_time":"2019-02-27T14:19:37+00:00","og_image":[{"width":273,"height":181,"url":"https:\/\/franciscanos.org.br\/noticias\/wp-content\/uploads\/2018\/06\/familias_190618G.jpg","type":"image\/jpeg"}],"author":"admin","twitter_card":"summary_large_image","twitter_misc":{"Escrito por":"admin","Est. tempo de leitura":"3 minutos"},"schema":{"@context":"https:\/\/schema.org","@graph":[{"@type":"WebSite","@id":"https:\/\/franciscanos.org.br\/noticias\/#website","url":"https:\/\/franciscanos.org.br\/noticias\/","name":"Not\u00edcias - Franciscanos","description":"Prov\u00edncia Franciscana da Imaculada Concei\u00e7\u00e3o do Brasil - Ordem dos Frades Menores - OFM","potentialAction":[{"@type":"SearchAction","target":{"@type":"EntryPoint","urlTemplate":"https:\/\/franciscanos.org.br\/noticias\/?s={search_term_string}"},"query-input":"required name=search_term_string"}],"inLanguage":"pt-BR"},{"@type":"ImageObject","inLanguage":"pt-BR","@id":"https:\/\/franciscanos.org.br\/noticias\/dublin-recebe-o-9o-encontro-mundial-das-familias.html#primaryimage","url":"https:\/\/franciscanos.org.br\/noticias\/wp-content\/uploads\/2018\/06\/familias_190618G.jpg","contentUrl":"https:\/\/franciscanos.org.br\/noticias\/wp-content\/uploads\/2018\/06\/familias_190618G.jpg","width":273,"height":181},{"@type":"WebPage","@id":"https:\/\/franciscanos.org.br\/noticias\/dublin-recebe-o-9o-encontro-mundial-das-familias.html#webpage","url":"https:\/\/franciscanos.org.br\/noticias\/dublin-recebe-o-9o-encontro-mundial-das-familias.html","name":"Dublin recebe o 9\u00ba Encontro Mundial das Fam\u00edlias - Not\u00edcias - Franciscanos","isPartOf":{"@id":"https:\/\/franciscanos.org.br\/noticias\/#website"},"primaryImageOfPage":{"@id":"https:\/\/franciscanos.org.br\/noticias\/dublin-recebe-o-9o-encontro-mundial-das-familias.html#primaryimage"},"datePublished":"2018-06-19T11:43:55+00:00","dateModified":"2019-02-27T14:19:37+00:00","author":{"@id":"https:\/\/franciscanos.org.br\/noticias\/#\/schema\/person\/b38fbf43118f02820bd932f2e4b14ad3"},"breadcrumb":{"@id":"https:\/\/franciscanos.org.br\/noticias\/dublin-recebe-o-9o-encontro-mundial-das-familias.html#breadcrumb"},"inLanguage":"pt-BR","potentialAction":[{"@type":"ReadAction","target":["https:\/\/franciscanos.org.br\/noticias\/dublin-recebe-o-9o-encontro-mundial-das-familias.html"]}]},{"@type":"BreadcrumbList","@id":"https:\/\/franciscanos.org.br\/noticias\/dublin-recebe-o-9o-encontro-mundial-das-familias.html#breadcrumb","itemListElement":[{"@type":"ListItem","position":1,"name":"Home","item":"https:\/\/franciscanos.org.br\/noticias"},{"@type":"ListItem","position":2,"name":"Dublin recebe o 9\u00ba Encontro Mundial das Fam\u00edlias"}]},{"@type":"Person","@id":"https:\/\/franciscanos.org.br\/noticias\/#\/schema\/person\/b38fbf43118f02820bd932f2e4b14ad3","name":"admin","image":{"@type":"ImageObject","inLanguage":"pt-BR","@id":"https:\/\/franciscanos.org.br\/noticias\/#\/schema\/person\/image\/","url":"https:\/\/secure.gravatar.com\/avatar\/e8495742d34d0ba6448ea1c628263b3e?s=96&d=mm&r=g","contentUrl":"https:\/\/secure.gravatar.com\/avatar\/e8495742d34d0ba6448ea1c628263b3e?s=96&d=mm&r=g","caption":"admin"},"url":"https:\/\/franciscanos.org.br\/noticias\/author\/admin"}]}},"_links":{"self":[{"href":"https:\/\/franciscanos.org.br\/noticias\/wp-json\/wp\/v2\/posts\/164544"}],"collection":[{"href":"https:\/\/franciscanos.org.br\/noticias\/wp-json\/wp\/v2\/posts"}],"about":[{"href":"https:\/\/franciscanos.org.br\/noticias\/wp-json\/wp\/v2\/types\/post"}],"author":[{"embeddable":true,"href":"https:\/\/franciscanos.org.br\/noticias\/wp-json\/wp\/v2\/users\/1"}],"replies":[{"embeddable":true,"href":"https:\/\/franciscanos.org.br\/noticias\/wp-json\/wp\/v2\/comments?post=164544"}],"version-history":[{"count":0,"href":"https:\/\/franciscanos.org.br\/noticias\/wp-json\/wp\/v2\/posts\/164544\/revisions"}],"wp:featuredmedia":[{"embeddable":true,"href":"https:\/\/franciscanos.org.br\/noticias\/wp-json\/wp\/v2\/media\/200700"}],"wp:attachment":[{"href":"https:\/\/franciscanos.org.br\/noticias\/wp-json\/wp\/v2\/media?parent=164544"}],"wp:term":[{"taxonomy":"category","embeddable":true,"href":"https:\/\/franciscanos.org.br\/noticias\/wp-json\/wp\/v2\/categories?post=164544"},{"taxonomy":"post_tag","embeddable":true,"href":"https:\/\/franciscanos.org.br\/noticias\/wp-json\/wp\/v2\/tags?post=164544"}],"curies":[{"name":"wp","href":"https:\/\/api.w.org\/{rel}","templated":true}]}}