{"id":164540,"date":"2018-06-19T07:32:54","date_gmt":"2018-06-19T10:32:54","guid":{"rendered":"http:\/\/franciscanos.org.br\/?p=164540"},"modified":"2020-06-07T13:03:34","modified_gmt":"2020-06-07T16:03:34","slug":"pensemos-num-inimigo-todos-temos-um-rezemos-por-ele","status":"publish","type":"post","link":"https:\/\/franciscanos.org.br\/noticias\/pensemos-num-inimigo-todos-temos-um-rezemos-por-ele.html","title":{"rendered":"Pensemos num inimigo: todos temos um. Rezemos por ele."},"content":{"rendered":"<p><img loading=\"lazy\" src=\"http:\/\/franciscanos.org.br\/wp-content\/uploads\/2018\/06\/papa_190618.jpg\" alt=\"papa_190618\" width=\"820\" height=\"461\" \/><\/p>\n<p><strong>Cidade do Vaticano<\/strong> &#8211; O perd\u00e3o, a ora\u00e7\u00e3o e o amor por que quem nos quer destruir, pelo nosso inimigo. Assim foi a homilia do Papa Francisco na Missa celebrada na capela da Casa Santa Marta esta ter\u00e7a-feira (19\/06). Comentando o trecho proposto pela Leitura do dia, extra\u00eddo do Evangelho de Mateus, o Papa admitiu a dificuldade humana em seguir o modelo do nosso Pai celeste e prop\u00f4s novamente o desafio do crist\u00e3o, isto \u00e9, de pedir ao Senhor a \u201cgra\u00e7a\u201d de saber \u201caben\u00e7oar os nossos inimigos\u201d e nos comprometer a am\u00e1-los.<\/p>\n<p>\u201cN\u00f3s sabemos que devemos perdoar os nossos inimigos\u201d, afirmou o Papa, n\u00f3s dizemos isso todos os dias no Pai-Nosso. Pedimos perd\u00e3o assim como n\u00f3s perdoamos: \u00e9 uma condi\u00e7\u00e3o\u2026&#8221;, embora n\u00e3o seja f\u00e1cil. Assim como \u201crezar pelos outros\u201d, por aqueles que nos d\u00e3o problemas, que nos colocam \u00e0 prova: tamb\u00e9m isto \u00e9 dif\u00edcil, mas o fazemos. Ou pelo menos muitas vezes conseguimos faz\u00ea-lo&#8221;.<\/p>\n<p>Mas rezar por aqueles que querem me destruir, os inimigos, para que Deus os aben\u00e7oe: isso \u00e9 realmente dif\u00edcil de entender. Pensemos no s\u00e9culo passado, os pobres crist\u00e3os russos que somente pelo fato de serem crist\u00e3os eram enviados para a Sib\u00e9ria para morrer de frio: e eles deveriam rezar pelo governante carrasco que os enviava ali? Mas como \u00e9 poss\u00edvel? E muitos o fizeram: rezaram. Pensemos em Auschwitz e em outros campos de concentra\u00e7\u00e3o: eles deveriam rezar por este ditador que queria a ra\u00e7a pura e matava sem escr\u00fapulo, e rezar para que Deus os aben\u00e7oasse! E muitos fizeram isso.<\/p>\n<p><strong>Aprender com a l\u00f3gica de Jesus e dos m\u00e1rtires<\/strong><br \/>\n\u00c9 a dif\u00edcil l\u00f3gica de Jesus, que no Evangelho est\u00e1 contida na ora\u00e7\u00e3o e na justifica\u00e7\u00e3o daqueles que \u201co mataram\u201d na cruz: \u201cPerdoa-os Pai, porque n\u00e3o sabem o que fazem\u201d. Jesus pede perd\u00e3o para eles, recordou o Papa, assim como fez como Santo Estev\u00e3o no momento do mart\u00edrio:<\/p>\n<p>Mas quanta dist\u00e2ncia, uma infinita dist\u00e2ncia entre n\u00f3s que muitas vezes n\u00e3o perdoamos pequenas coisas, e isso que nos pede o Senhor e de qual sempre nos deu exemplo: perdoar aqueles que tentam nos destruir. Nas fam\u00edlias, \u00e0s vezes, \u00e9 muito dif\u00edcil perdoarem-se os c\u00f4njuges depois de alguma briga, ou perdoar a sogra tamb\u00e9m: n\u00e3o \u00e9 f\u00e1cil. O filho pedir perd\u00e3o ao pai \u00e9 dif\u00edcil. Mas perdoar os que o est\u00e3o matando, que querem elimin\u00e1-lo \u2026 N\u00e3o somente perdoar: rezar por eles, para que Deus os proteja! E mais: am\u00e1-los. Somente a palavra de Jesus pode explicar isso. Eu n\u00e3o consigo ir al\u00e9m.<\/p>\n<p><strong>Pedir a gra\u00e7a de ser perfeito como o Pai<\/strong><br \/>\nPortanto, destacou Francisco, \u00e9 a gra\u00e7a de pedir para entender algo deste mist\u00e9rio crist\u00e3o e ser perfeitos como o Pai, que d\u00e1 todos os seus bens aos bons e aos maus. O Papa concluiu afirmando que nos far\u00e1 bem pensar nos nossos inimigos, pois todos n\u00f3s temos algum: Hoje, nos far\u00e1 bem pensar num inimigo \u2013 creio que todos n\u00f3s temos um -, algu\u00e9m que nos fez mal ou que nos quer fazer mal ou tenta nos prejudicar: pensar nesta pessoa. A ora\u00e7\u00e3o mafiosa \u00e9: \u201cVoc\u00ea me paga\u201d. A ora\u00e7\u00e3o crist\u00e3 \u00e9: \u201cSenhor, d\u00ea-lhe a sua b\u00ean\u00e7\u00e3o e ensine-me a am\u00e1-lo\u201d. Pensemos num inimigo: todos temos um. Pensemos nele. Rezemos por ele. Pe\u00e7amos ao Senhor a gra\u00e7a de am\u00e1-lo.<\/p>\n<hr \/>\n<p><em>Fonte: Vatican News<\/em><\/p>\n","protected":false},"excerpt":{"rendered":"<p>Missa em Santa Marta<\/p>\n","protected":false},"author":1,"featured_media":211531,"comment_status":"open","ping_status":"open","sticky":false,"template":"","format":"standard","meta":[],"categories":[1428],"tags":[1586],"acf":[],"yoast_head":"<!-- This site is optimized with the Yoast SEO plugin v19.2 - https:\/\/yoast.com\/wordpress\/plugins\/seo\/ -->\n<title>Pensemos num inimigo: todos temos um. Rezemos por ele. - Not\u00edcias - Franciscanos<\/title>\n<meta name=\"robots\" content=\"index, follow, max-snippet:-1, max-image-preview:large, max-video-preview:-1\" \/>\n<link rel=\"canonical\" href=\"https:\/\/franciscanos.org.br\/noticias\/pensemos-num-inimigo-todos-temos-um-rezemos-por-ele.html\" \/>\n<meta property=\"og:locale\" content=\"pt_BR\" \/>\n<meta property=\"og:type\" content=\"article\" \/>\n<meta property=\"og:title\" content=\"Pensemos num inimigo: todos temos um. Rezemos por ele. - Not\u00edcias - Franciscanos\" \/>\n<meta property=\"og:description\" content=\"Missa em Santa Marta\" \/>\n<meta property=\"og:url\" content=\"https:\/\/franciscanos.org.br\/noticias\/pensemos-num-inimigo-todos-temos-um-rezemos-por-ele.html\" \/>\n<meta property=\"og:site_name\" content=\"Not\u00edcias - Franciscanos\" \/>\n<meta property=\"article:published_time\" content=\"2018-06-19T10:32:54+00:00\" \/>\n<meta property=\"article:modified_time\" content=\"2020-06-07T16:03:34+00:00\" \/>\n<meta property=\"og:image\" content=\"https:\/\/franciscanos.org.br\/noticias\/wp-content\/uploads\/2018\/06\/papa_190618.jpg\" \/>\n\t<meta property=\"og:image:width\" content=\"273\" \/>\n\t<meta property=\"og:image:height\" content=\"181\" \/>\n\t<meta property=\"og:image:type\" content=\"image\/jpeg\" \/>\n<meta name=\"author\" content=\"admin\" \/>\n<meta name=\"twitter:card\" content=\"summary_large_image\" \/>\n<meta name=\"twitter:label1\" content=\"Escrito por\" \/>\n\t<meta name=\"twitter:data1\" content=\"admin\" \/>\n\t<meta name=\"twitter:label2\" content=\"Est. tempo de leitura\" \/>\n\t<meta name=\"twitter:data2\" content=\"3 minutos\" \/>\n<script type=\"application\/ld+json\" class=\"yoast-schema-graph\">{\"@context\":\"https:\/\/schema.org\",\"@graph\":[{\"@type\":\"WebSite\",\"@id\":\"https:\/\/franciscanos.org.br\/noticias\/#website\",\"url\":\"https:\/\/franciscanos.org.br\/noticias\/\",\"name\":\"Not\u00edcias - Franciscanos\",\"description\":\"Prov\u00edncia Franciscana da Imaculada Concei\u00e7\u00e3o do Brasil - Ordem dos Frades Menores - OFM\",\"potentialAction\":[{\"@type\":\"SearchAction\",\"target\":{\"@type\":\"EntryPoint\",\"urlTemplate\":\"https:\/\/franciscanos.org.br\/noticias\/?s={search_term_string}\"},\"query-input\":\"required name=search_term_string\"}],\"inLanguage\":\"pt-BR\"},{\"@type\":\"ImageObject\",\"inLanguage\":\"pt-BR\",\"@id\":\"https:\/\/franciscanos.org.br\/noticias\/pensemos-num-inimigo-todos-temos-um-rezemos-por-ele.html#primaryimage\",\"url\":\"https:\/\/franciscanos.org.br\/noticias\/wp-content\/uploads\/2018\/06\/papa_190618.jpg\",\"contentUrl\":\"https:\/\/franciscanos.org.br\/noticias\/wp-content\/uploads\/2018\/06\/papa_190618.jpg\",\"width\":273,\"height\":181},{\"@type\":\"WebPage\",\"@id\":\"https:\/\/franciscanos.org.br\/noticias\/pensemos-num-inimigo-todos-temos-um-rezemos-por-ele.html#webpage\",\"url\":\"https:\/\/franciscanos.org.br\/noticias\/pensemos-num-inimigo-todos-temos-um-rezemos-por-ele.html\",\"name\":\"Pensemos num inimigo: todos temos um. Rezemos por ele. - Not\u00edcias - Franciscanos\",\"isPartOf\":{\"@id\":\"https:\/\/franciscanos.org.br\/noticias\/#website\"},\"primaryImageOfPage\":{\"@id\":\"https:\/\/franciscanos.org.br\/noticias\/pensemos-num-inimigo-todos-temos-um-rezemos-por-ele.html#primaryimage\"},\"datePublished\":\"2018-06-19T10:32:54+00:00\",\"dateModified\":\"2020-06-07T16:03:34+00:00\",\"author\":{\"@id\":\"https:\/\/franciscanos.org.br\/noticias\/#\/schema\/person\/b38fbf43118f02820bd932f2e4b14ad3\"},\"breadcrumb\":{\"@id\":\"https:\/\/franciscanos.org.br\/noticias\/pensemos-num-inimigo-todos-temos-um-rezemos-por-ele.html#breadcrumb\"},\"inLanguage\":\"pt-BR\",\"potentialAction\":[{\"@type\":\"ReadAction\",\"target\":[\"https:\/\/franciscanos.org.br\/noticias\/pensemos-num-inimigo-todos-temos-um-rezemos-por-ele.html\"]}]},{\"@type\":\"BreadcrumbList\",\"@id\":\"https:\/\/franciscanos.org.br\/noticias\/pensemos-num-inimigo-todos-temos-um-rezemos-por-ele.html#breadcrumb\",\"itemListElement\":[{\"@type\":\"ListItem\",\"position\":1,\"name\":\"Home\",\"item\":\"https:\/\/franciscanos.org.br\/noticias\"},{\"@type\":\"ListItem\",\"position\":2,\"name\":\"Pensemos num inimigo: todos temos um. Rezemos por ele.\"}]},{\"@type\":\"Person\",\"@id\":\"https:\/\/franciscanos.org.br\/noticias\/#\/schema\/person\/b38fbf43118f02820bd932f2e4b14ad3\",\"name\":\"admin\",\"image\":{\"@type\":\"ImageObject\",\"inLanguage\":\"pt-BR\",\"@id\":\"https:\/\/franciscanos.org.br\/noticias\/#\/schema\/person\/image\/\",\"url\":\"https:\/\/secure.gravatar.com\/avatar\/e8495742d34d0ba6448ea1c628263b3e?s=96&d=mm&r=g\",\"contentUrl\":\"https:\/\/secure.gravatar.com\/avatar\/e8495742d34d0ba6448ea1c628263b3e?s=96&d=mm&r=g\",\"caption\":\"admin\"},\"url\":\"https:\/\/franciscanos.org.br\/noticias\/author\/admin\"}]}<\/script>\n<!-- \/ Yoast SEO plugin. -->","yoast_head_json":{"title":"Pensemos num inimigo: todos temos um. Rezemos por ele. - Not\u00edcias - Franciscanos","robots":{"index":"index","follow":"follow","max-snippet":"max-snippet:-1","max-image-preview":"max-image-preview:large","max-video-preview":"max-video-preview:-1"},"canonical":"https:\/\/franciscanos.org.br\/noticias\/pensemos-num-inimigo-todos-temos-um-rezemos-por-ele.html","og_locale":"pt_BR","og_type":"article","og_title":"Pensemos num inimigo: todos temos um. Rezemos por ele. - Not\u00edcias - Franciscanos","og_description":"Missa em Santa Marta","og_url":"https:\/\/franciscanos.org.br\/noticias\/pensemos-num-inimigo-todos-temos-um-rezemos-por-ele.html","og_site_name":"Not\u00edcias - Franciscanos","article_published_time":"2018-06-19T10:32:54+00:00","article_modified_time":"2020-06-07T16:03:34+00:00","og_image":[{"width":273,"height":181,"url":"https:\/\/franciscanos.org.br\/noticias\/wp-content\/uploads\/2018\/06\/papa_190618.jpg","type":"image\/jpeg"}],"author":"admin","twitter_card":"summary_large_image","twitter_misc":{"Escrito por":"admin","Est. tempo de leitura":"3 minutos"},"schema":{"@context":"https:\/\/schema.org","@graph":[{"@type":"WebSite","@id":"https:\/\/franciscanos.org.br\/noticias\/#website","url":"https:\/\/franciscanos.org.br\/noticias\/","name":"Not\u00edcias - Franciscanos","description":"Prov\u00edncia Franciscana da Imaculada Concei\u00e7\u00e3o do Brasil - Ordem dos Frades Menores - OFM","potentialAction":[{"@type":"SearchAction","target":{"@type":"EntryPoint","urlTemplate":"https:\/\/franciscanos.org.br\/noticias\/?s={search_term_string}"},"query-input":"required name=search_term_string"}],"inLanguage":"pt-BR"},{"@type":"ImageObject","inLanguage":"pt-BR","@id":"https:\/\/franciscanos.org.br\/noticias\/pensemos-num-inimigo-todos-temos-um-rezemos-por-ele.html#primaryimage","url":"https:\/\/franciscanos.org.br\/noticias\/wp-content\/uploads\/2018\/06\/papa_190618.jpg","contentUrl":"https:\/\/franciscanos.org.br\/noticias\/wp-content\/uploads\/2018\/06\/papa_190618.jpg","width":273,"height":181},{"@type":"WebPage","@id":"https:\/\/franciscanos.org.br\/noticias\/pensemos-num-inimigo-todos-temos-um-rezemos-por-ele.html#webpage","url":"https:\/\/franciscanos.org.br\/noticias\/pensemos-num-inimigo-todos-temos-um-rezemos-por-ele.html","name":"Pensemos num inimigo: todos temos um. Rezemos por ele. - Not\u00edcias - Franciscanos","isPartOf":{"@id":"https:\/\/franciscanos.org.br\/noticias\/#website"},"primaryImageOfPage":{"@id":"https:\/\/franciscanos.org.br\/noticias\/pensemos-num-inimigo-todos-temos-um-rezemos-por-ele.html#primaryimage"},"datePublished":"2018-06-19T10:32:54+00:00","dateModified":"2020-06-07T16:03:34+00:00","author":{"@id":"https:\/\/franciscanos.org.br\/noticias\/#\/schema\/person\/b38fbf43118f02820bd932f2e4b14ad3"},"breadcrumb":{"@id":"https:\/\/franciscanos.org.br\/noticias\/pensemos-num-inimigo-todos-temos-um-rezemos-por-ele.html#breadcrumb"},"inLanguage":"pt-BR","potentialAction":[{"@type":"ReadAction","target":["https:\/\/franciscanos.org.br\/noticias\/pensemos-num-inimigo-todos-temos-um-rezemos-por-ele.html"]}]},{"@type":"BreadcrumbList","@id":"https:\/\/franciscanos.org.br\/noticias\/pensemos-num-inimigo-todos-temos-um-rezemos-por-ele.html#breadcrumb","itemListElement":[{"@type":"ListItem","position":1,"name":"Home","item":"https:\/\/franciscanos.org.br\/noticias"},{"@type":"ListItem","position":2,"name":"Pensemos num inimigo: todos temos um. Rezemos por ele."}]},{"@type":"Person","@id":"https:\/\/franciscanos.org.br\/noticias\/#\/schema\/person\/b38fbf43118f02820bd932f2e4b14ad3","name":"admin","image":{"@type":"ImageObject","inLanguage":"pt-BR","@id":"https:\/\/franciscanos.org.br\/noticias\/#\/schema\/person\/image\/","url":"https:\/\/secure.gravatar.com\/avatar\/e8495742d34d0ba6448ea1c628263b3e?s=96&d=mm&r=g","contentUrl":"https:\/\/secure.gravatar.com\/avatar\/e8495742d34d0ba6448ea1c628263b3e?s=96&d=mm&r=g","caption":"admin"},"url":"https:\/\/franciscanos.org.br\/noticias\/author\/admin"}]}},"_links":{"self":[{"href":"https:\/\/franciscanos.org.br\/noticias\/wp-json\/wp\/v2\/posts\/164540"}],"collection":[{"href":"https:\/\/franciscanos.org.br\/noticias\/wp-json\/wp\/v2\/posts"}],"about":[{"href":"https:\/\/franciscanos.org.br\/noticias\/wp-json\/wp\/v2\/types\/post"}],"author":[{"embeddable":true,"href":"https:\/\/franciscanos.org.br\/noticias\/wp-json\/wp\/v2\/users\/1"}],"replies":[{"embeddable":true,"href":"https:\/\/franciscanos.org.br\/noticias\/wp-json\/wp\/v2\/comments?post=164540"}],"version-history":[{"count":1,"href":"https:\/\/franciscanos.org.br\/noticias\/wp-json\/wp\/v2\/posts\/164540\/revisions"}],"predecessor-version":[{"id":224938,"href":"https:\/\/franciscanos.org.br\/noticias\/wp-json\/wp\/v2\/posts\/164540\/revisions\/224938"}],"wp:featuredmedia":[{"embeddable":true,"href":"https:\/\/franciscanos.org.br\/noticias\/wp-json\/wp\/v2\/media\/211531"}],"wp:attachment":[{"href":"https:\/\/franciscanos.org.br\/noticias\/wp-json\/wp\/v2\/media?parent=164540"}],"wp:term":[{"taxonomy":"category","embeddable":true,"href":"https:\/\/franciscanos.org.br\/noticias\/wp-json\/wp\/v2\/categories?post=164540"},{"taxonomy":"post_tag","embeddable":true,"href":"https:\/\/franciscanos.org.br\/noticias\/wp-json\/wp\/v2\/tags?post=164540"}],"curies":[{"name":"wp","href":"https:\/\/api.w.org\/{rel}","templated":true}]}}