{"id":164479,"date":"2018-06-18T14:01:52","date_gmt":"2018-06-18T17:01:52","guid":{"rendered":"http:\/\/franciscanos.org.br\/?p=164479"},"modified":"2019-06-26T12:54:29","modified_gmt":"2019-06-26T15:54:29","slug":"participantes-do-seminario-de-migracoes-e-refugio-lancam-carta","status":"publish","type":"post","link":"https:\/\/franciscanos.org.br\/noticias\/participantes-do-seminario-de-migracoes-e-refugio-lancam-carta.html","title":{"rendered":"Participantes do Semin\u00e1rio de Migra\u00e7\u00f5es e Ref\u00fagio lan\u00e7am carta"},"content":{"rendered":"<p><img loading=\"lazy\" src=\"http:\/\/franciscanos.org.br\/wp-content\/uploads\/2018\/06\/seminario_180618_830.jpg\" alt=\"seminario_180618_830\" width=\"830\" height=\"400\" \/><\/p>\n<p><strong>Bras\u00edlia (DF)<\/strong> &#8211; Entre os dias 12 e 14 de junho, a C\u00e1ritas Brasileira promoveu em Bras\u00edlia (DF), o Semin\u00e1rio Internacional de Migra\u00e7\u00f5es e Ref\u00fagio, com o tema \u201cCaminhos para a cultura do encontro\u201d.<\/p>\n<p>Participaram migrantes e refugiados que vivem no Brasil, representando cerca 50 pa\u00edses, o arcebispo de Manila, Filipinas, e presidente da C\u00e1ritas Internacional, Cardeal Luis Antonio Tagle, agentes da C\u00e1ritas, Igrejas Crist\u00e3s, denomina\u00e7\u00f5es religiosas, agentes de pastoral, ag\u00eancias de coopera\u00e7\u00e3o e governos, no total de 200 pessoas.<\/p>\n<p>O objetivo do Semin\u00e1rio foi refletir sobre a realidade das pessoas migrantes e refugiadas, na perspectiva global e local, para assim oportunizar a cria\u00e7\u00e3o e fortalecimento de redes de organiza\u00e7\u00f5es das Igrejas, denomina\u00e7\u00f5es religiosas, sociedade civil e governo que atuam junto aos migrantes a refugiados. O Semin\u00e1rio se prop\u00f4s mobilizar as for\u00e7as existentes na dire\u00e7\u00e3o do que o papa Francisco afirma como a\u00e7\u00f5es necess\u00e1rias na garantia dos direitos e da dignidade das pessoas em situa\u00e7\u00e3o de migra\u00e7\u00e3o e ref\u00fagio: acolher, proteger, promover e integrar.<\/p>\n<p>Com verbos que indicam o compromisso, a percep\u00e7\u00e3o e o horizonte de desafios a serem enfrentados, assim como a beleza das possibilidades de trocas de saberes e experi\u00eancias, os participantes do Semin\u00e1rio Internacional de Migra\u00e7\u00f5es e Ref\u00fagio publicaram uma carta que traz uma s\u00edntese das experi\u00eancias compartilhadas pelo grupo, bem como as inquieta\u00e7\u00f5es e propostas para o fortalecimento da cultura do encontro.<\/p>\n<p>&#8220;A humanidade que nos caracteriza, conforme nos ensina o cardeal Tagle, \u00e9 o ponto de encontro que nos irmana e nos conclama a um compromisso de amor e solidariedade contra a globaliza\u00e7\u00e3o da indiferen\u00e7a. Necessitamos de autocr\u00edtica e autoexame para renovar as mentalidades e gerar atitudes que promovam a comunh\u00e3o&#8221;, conclui o documento.<\/p>\n<p>Leia na \u00edntegra:<\/p>\n<p><strong>Carta do Semin\u00e1rio Internacional de Migra\u00e7\u00f5es e Ref\u00fagio: Caminhos para a Cultura do Encontro<\/strong><\/p>\n<p><em>&#8220;Podemos e devemos alimentar nossa esperan\u00e7a nos migrantes e refugiados. A cultura do encontro inclui o encontro das culturas.&#8221; (Cardeal Tagle)<\/em><\/p>\n<p>N\u00f3s, reunidos no Semin\u00e1rio Internacional de Migra\u00e7\u00f5es e Ref\u00fagio, Caminhos para a Cultura do Encontro, de 12 a 14 de junho de 2018, sob a lideran\u00e7a do cardeal Luis Antonio Tagle, presidente da C\u00e1ritas Internacional, com a participa\u00e7\u00e3o de migrantes e refugiados de v\u00e1rios pa\u00edses da \u00c1frica, Europa, \u00c1sia e Am\u00e9rica Latina, de representantes de pastorais, organismos eclesiais, institui\u00e7\u00f5es da sociedade civil, de organiza\u00e7\u00f5es internacionais e governo tivemos a b\u00ean\u00e7\u00e3o de construir uma reflex\u00e3o iluminada para a nossa a\u00e7\u00e3o de Igrejas, orientados pelas palavras do papa Francisco para acolher, proteger, promover e integrar os povos que migram ou buscam ref\u00fagio em nosso pa\u00eds e no mundo.<\/p>\n<p>ANUNCIAMOS que a presen\u00e7a dos migrantes e refugiados entre n\u00f3s \u00e9 uma valiosa oportunidade de desenvolvimento da nossa intelig\u00eancia cultural de rela\u00e7\u00f5es inter-religiosas, fundamentais ao nosso amadurecimento enquanto humanidade e comunidade que acredita que somos filhos e filhas de Deus.<\/p>\n<p>ACREDITAMOS que no Brasil, um pa\u00eds constitu\u00eddo e constru\u00eddo historicamente, tamb\u00e9m, com a participa\u00e7\u00e3o dos imigrantes, a cultura do encontro se forma, no dia a dia nas rela\u00e7\u00f5es interpessoais, nas rotinas de trabalho, nas partilhas entre vizinhos, e na solidariedade com o irm\u00e3o e a irm\u00e3, a partir da nossa consci\u00eancia e paci\u00eancia afetuosa para entender a cultura do outro e para sermos pontes de solidariedade e integra\u00e7\u00e3o.<\/p>\n<p>COMPREENDEMOS as caracter\u00edsticas do contexto migrat\u00f3rio global e regional, destacando o estado da migra\u00e7\u00e3o em crise, que requer um trabalho articulado, \u00e1gil e oportuno de todas as organiza\u00e7\u00f5es (Igreja, Sociedade Civil, Estado e Organismos Internacionais).<\/p>\n<p>DESAFIAMOS nossas comunidades religiosas, grupos e entidades ao exerc\u00edcio e viv\u00eancias interculturais nas v\u00e1rias formas de acolhida aos irm\u00e3os e irm\u00e3s migrantes e refugiados, com criatividade em promover sua integra\u00e7\u00e3o efetiva e plena na vida da comunidade.<\/p>\n<p>RECONHECEMOS que em muitas realidades ocorrem falhas e lacunas nos servi\u00e7os de atendimento e acolhimento, inclusive a falta de informa\u00e7\u00f5es e orienta\u00e7\u00f5es adequadas e oportunas, que ampliam a vulnerabilidade social dos migrantes e refugiados e que necessitamos aprimorar.<\/p>\n<p>DENUNCIAMOS a criminaliza\u00e7\u00e3o das migra\u00e7\u00f5es, a xenofobia, o racismo, a linguagem discriminat\u00f3ria com estere\u00f3tipos e preconceitos, alarmismos infundados, o uso e a propaga\u00e7\u00e3o de informa\u00e7\u00f5es distorcidas sobre tem\u00e1ticas relacionadas com as migra\u00e7\u00f5es e o ref\u00fagio e, todas as viola\u00e7\u00f5es aos direitos humanos de migrantes e refugiados, incluindo o tr\u00e1fico de pessoas e o trabalho an\u00e1logo \u00e0 escravid\u00e3o.<\/p>\n<p>ACREDITAMOS no potencial pessoal, comunit\u00e1rio e pol\u00edtico dos migrantes e refugiados e apostamos no protagonismo criativo e correspons\u00e1vel na constru\u00e7\u00e3o de rela\u00e7\u00f5es interculturais solid\u00e1rias e de viv\u00eancias nas comunidades com uma presen\u00e7a e contributo positivo.<\/p>\n<p>ENCORAJAMOS migrantes e refugiados, (crian\u00e7as, jovens e adultos) a acreditarem em si mesmos, em sua f\u00e9 e em sua for\u00e7a transformadora e de articula\u00e7\u00e3o e organiza\u00e7\u00e3o na busca de seus sonhos e projetos de vida.<\/p>\n<p>EXORTAMOS aos Estados, Igrejas e Sociedade Civil para continuar as reflex\u00f5es interculturais e inter-religiosas sobre o fen\u00f4meno migrat\u00f3rio na regi\u00e3o da Am\u00e9rica Latina, gerando an\u00e1lises de contextos que permitam compreender e abordar causas e tend\u00eancias, e projetar respostas coordenadas entre todos os atores.<\/p>\n<p>Frente a tudo que vimos, ouvimos, sentimos e refletimos, nestes dias, faz-se imprescind\u00edvel o compromisso pessoal, institucional e coletivo com:<\/p>\n<p style=\"padding-left: 30px;\">&#8211; a amplia\u00e7\u00e3o de iniciativas solid\u00e1rias de interioriza\u00e7\u00e3o e integra\u00e7\u00e3o para migrantes e refugiados, envolvendo as comunidades e dioceses, especialmente frente as demandas do fluxo atual de venezuelanos e venezuelanas no Brasil;<br \/>\n&#8211; o fortalecimento e amplia\u00e7\u00e3o de parcerias solid\u00e1rias e estrat\u00e9gicas das institui\u00e7\u00f5es que atuam com migrantes e refugiados no pa\u00eds, para que se fortale\u00e7a o trabalho em rede e se multipliquem as oportunidades de forma\u00e7\u00e3o qualificada para o atendimento dessa popula\u00e7\u00e3o;<br \/>\n&#8211; o reconhecimento das necessidades de atendimento, acolhida, prote\u00e7\u00e3o e integra\u00e7\u00e3o diferenciada para mulheres, crian\u00e7as, comunidades ind\u00edgenas e popula\u00e7\u00e3o negra, LGBTQI+, pessoas com defici\u00eancia, para a constru\u00e7\u00e3o e atualiza\u00e7\u00e3o do enfoque de g\u00eanero e etnia;<br \/>\n&#8211; a qualifica\u00e7\u00e3o do atendimento e orienta\u00e7\u00e3o aos migrantes e refugiados que chegam ao pa\u00eds, atrav\u00e9s de servi\u00e7os de apoio socioassistencial, incluindo a colabora\u00e7\u00e3o de migrantes e refugiados, que j\u00e1 vivenciaram situa\u00e7\u00f5es semelhantes;<br \/>\n&#8211; a promo\u00e7\u00e3o de capacita\u00e7\u00f5es sobre conjuntura nacional e internacional e suas rela\u00e7\u00f5es com os fluxos migrat\u00f3rios atuais, sobre a hist\u00f3ria, a cultura e a realidade dos pa\u00edses de origem, transito e destino;<br \/>\n&#8211; o desenvolvimento e fortalecimento de a\u00e7\u00f5es de preven\u00e7\u00e3o e enfrentamento ao tr\u00e1fico humano, com olhar para a vulnerabilidade dos migrantes e refugiados neste contexto;<br \/>\n&#8211; o desenvolvimento de a\u00e7\u00f5es de empoderamento e fortalecimento da autonomia de migrantes e refugiados, atrav\u00e9s da organiza\u00e7\u00e3o e auto-gest\u00e3o destes;<br \/>\n&#8211; a elabora\u00e7\u00e3o e implementa\u00e7\u00e3o de uma Pol\u00edtica Nacional de Migra\u00e7\u00e3o, orientada nos direitos humanos e no direito de migrar, considerando em sua elabora\u00e7\u00e3o a participa\u00e7\u00e3o da sociedade civil e dos pr\u00f3prios migrantes;<br \/>\nA humanidade que nos caracteriza, conforme nos ensina o Cardeal Tagle, \u00e9 o ponto de encontro que nos irmana e nos conclama a um compromisso de amor e solidariedade contra a globaliza\u00e7\u00e3o da indiferen\u00e7a. Necessitamos de autocr\u00edtica e autoexame para renovar as mentalidades e gerar atitudes que promovam a comunh\u00e3o.<\/p>\n<p><strong>Bras\u00edlia, 14 de junho de 2018 &#8211; Participantes do Semin\u00e1rio Internacional de Migra\u00e7\u00f5es e Ref\u00fagio.<\/strong><\/p>\n","protected":false},"excerpt":{"rendered":"<p>C\u00e1ritas<\/p>\n","protected":false},"author":1,"featured_media":206531,"comment_status":"open","ping_status":"open","sticky":false,"template":"","format":"standard","meta":[],"categories":[1],"tags":[824,1169],"acf":[],"yoast_head":"<!-- This site is optimized with the Yoast SEO plugin v19.2 - https:\/\/yoast.com\/wordpress\/plugins\/seo\/ -->\n<title>Participantes do Semin\u00e1rio de Migra\u00e7\u00f5es e Ref\u00fagio lan\u00e7am carta - Not\u00edcias - Franciscanos<\/title>\n<meta name=\"robots\" content=\"index, follow, max-snippet:-1, max-image-preview:large, max-video-preview:-1\" \/>\n<link rel=\"canonical\" href=\"https:\/\/franciscanos.org.br\/noticias\/participantes-do-seminario-de-migracoes-e-refugio-lancam-carta.html\" \/>\n<meta property=\"og:locale\" content=\"pt_BR\" \/>\n<meta property=\"og:type\" content=\"article\" \/>\n<meta property=\"og:title\" content=\"Participantes do Semin\u00e1rio de Migra\u00e7\u00f5es e Ref\u00fagio lan\u00e7am carta - Not\u00edcias - Franciscanos\" \/>\n<meta property=\"og:description\" content=\"C\u00e1ritas\" \/>\n<meta property=\"og:url\" content=\"https:\/\/franciscanos.org.br\/noticias\/participantes-do-seminario-de-migracoes-e-refugio-lancam-carta.html\" \/>\n<meta property=\"og:site_name\" content=\"Not\u00edcias - Franciscanos\" \/>\n<meta property=\"article:published_time\" content=\"2018-06-18T17:01:52+00:00\" \/>\n<meta property=\"article:modified_time\" content=\"2019-06-26T15:54:29+00:00\" \/>\n<meta property=\"og:image\" content=\"https:\/\/franciscanos.org.br\/noticias\/wp-content\/uploads\/2018\/06\/seminario_180618_830.jpg\" \/>\n\t<meta property=\"og:image:width\" content=\"273\" \/>\n\t<meta property=\"og:image:height\" content=\"181\" \/>\n\t<meta property=\"og:image:type\" content=\"image\/jpeg\" \/>\n<meta name=\"author\" content=\"admin\" \/>\n<meta name=\"twitter:card\" content=\"summary_large_image\" \/>\n<meta name=\"twitter:label1\" content=\"Escrito por\" \/>\n\t<meta name=\"twitter:data1\" content=\"admin\" \/>\n\t<meta name=\"twitter:label2\" content=\"Est. tempo de leitura\" \/>\n\t<meta name=\"twitter:data2\" content=\"7 minutos\" \/>\n<script type=\"application\/ld+json\" class=\"yoast-schema-graph\">{\"@context\":\"https:\/\/schema.org\",\"@graph\":[{\"@type\":\"WebSite\",\"@id\":\"https:\/\/franciscanos.org.br\/noticias\/#website\",\"url\":\"https:\/\/franciscanos.org.br\/noticias\/\",\"name\":\"Not\u00edcias - Franciscanos\",\"description\":\"Prov\u00edncia Franciscana da Imaculada Concei\u00e7\u00e3o do Brasil - Ordem dos Frades Menores - OFM\",\"potentialAction\":[{\"@type\":\"SearchAction\",\"target\":{\"@type\":\"EntryPoint\",\"urlTemplate\":\"https:\/\/franciscanos.org.br\/noticias\/?s={search_term_string}\"},\"query-input\":\"required name=search_term_string\"}],\"inLanguage\":\"pt-BR\"},{\"@type\":\"ImageObject\",\"inLanguage\":\"pt-BR\",\"@id\":\"https:\/\/franciscanos.org.br\/noticias\/participantes-do-seminario-de-migracoes-e-refugio-lancam-carta.html#primaryimage\",\"url\":\"https:\/\/franciscanos.org.br\/noticias\/wp-content\/uploads\/2018\/06\/seminario_180618_830.jpg\",\"contentUrl\":\"https:\/\/franciscanos.org.br\/noticias\/wp-content\/uploads\/2018\/06\/seminario_180618_830.jpg\",\"width\":273,\"height\":181},{\"@type\":\"WebPage\",\"@id\":\"https:\/\/franciscanos.org.br\/noticias\/participantes-do-seminario-de-migracoes-e-refugio-lancam-carta.html#webpage\",\"url\":\"https:\/\/franciscanos.org.br\/noticias\/participantes-do-seminario-de-migracoes-e-refugio-lancam-carta.html\",\"name\":\"Participantes do Semin\u00e1rio de Migra\u00e7\u00f5es e Ref\u00fagio lan\u00e7am carta - Not\u00edcias - Franciscanos\",\"isPartOf\":{\"@id\":\"https:\/\/franciscanos.org.br\/noticias\/#website\"},\"primaryImageOfPage\":{\"@id\":\"https:\/\/franciscanos.org.br\/noticias\/participantes-do-seminario-de-migracoes-e-refugio-lancam-carta.html#primaryimage\"},\"datePublished\":\"2018-06-18T17:01:52+00:00\",\"dateModified\":\"2019-06-26T15:54:29+00:00\",\"author\":{\"@id\":\"https:\/\/franciscanos.org.br\/noticias\/#\/schema\/person\/b38fbf43118f02820bd932f2e4b14ad3\"},\"breadcrumb\":{\"@id\":\"https:\/\/franciscanos.org.br\/noticias\/participantes-do-seminario-de-migracoes-e-refugio-lancam-carta.html#breadcrumb\"},\"inLanguage\":\"pt-BR\",\"potentialAction\":[{\"@type\":\"ReadAction\",\"target\":[\"https:\/\/franciscanos.org.br\/noticias\/participantes-do-seminario-de-migracoes-e-refugio-lancam-carta.html\"]}]},{\"@type\":\"BreadcrumbList\",\"@id\":\"https:\/\/franciscanos.org.br\/noticias\/participantes-do-seminario-de-migracoes-e-refugio-lancam-carta.html#breadcrumb\",\"itemListElement\":[{\"@type\":\"ListItem\",\"position\":1,\"name\":\"Home\",\"item\":\"https:\/\/franciscanos.org.br\/noticias\"},{\"@type\":\"ListItem\",\"position\":2,\"name\":\"Participantes do Semin\u00e1rio de Migra\u00e7\u00f5es e Ref\u00fagio lan\u00e7am carta\"}]},{\"@type\":\"Person\",\"@id\":\"https:\/\/franciscanos.org.br\/noticias\/#\/schema\/person\/b38fbf43118f02820bd932f2e4b14ad3\",\"name\":\"admin\",\"image\":{\"@type\":\"ImageObject\",\"inLanguage\":\"pt-BR\",\"@id\":\"https:\/\/franciscanos.org.br\/noticias\/#\/schema\/person\/image\/\",\"url\":\"https:\/\/secure.gravatar.com\/avatar\/e8495742d34d0ba6448ea1c628263b3e?s=96&d=mm&r=g\",\"contentUrl\":\"https:\/\/secure.gravatar.com\/avatar\/e8495742d34d0ba6448ea1c628263b3e?s=96&d=mm&r=g\",\"caption\":\"admin\"},\"url\":\"https:\/\/franciscanos.org.br\/noticias\/author\/admin\"}]}<\/script>\n<!-- \/ Yoast SEO plugin. -->","yoast_head_json":{"title":"Participantes do Semin\u00e1rio de Migra\u00e7\u00f5es e Ref\u00fagio lan\u00e7am carta - Not\u00edcias - Franciscanos","robots":{"index":"index","follow":"follow","max-snippet":"max-snippet:-1","max-image-preview":"max-image-preview:large","max-video-preview":"max-video-preview:-1"},"canonical":"https:\/\/franciscanos.org.br\/noticias\/participantes-do-seminario-de-migracoes-e-refugio-lancam-carta.html","og_locale":"pt_BR","og_type":"article","og_title":"Participantes do Semin\u00e1rio de Migra\u00e7\u00f5es e Ref\u00fagio lan\u00e7am carta - Not\u00edcias - Franciscanos","og_description":"C\u00e1ritas","og_url":"https:\/\/franciscanos.org.br\/noticias\/participantes-do-seminario-de-migracoes-e-refugio-lancam-carta.html","og_site_name":"Not\u00edcias - Franciscanos","article_published_time":"2018-06-18T17:01:52+00:00","article_modified_time":"2019-06-26T15:54:29+00:00","og_image":[{"width":273,"height":181,"url":"https:\/\/franciscanos.org.br\/noticias\/wp-content\/uploads\/2018\/06\/seminario_180618_830.jpg","type":"image\/jpeg"}],"author":"admin","twitter_card":"summary_large_image","twitter_misc":{"Escrito por":"admin","Est. tempo de leitura":"7 minutos"},"schema":{"@context":"https:\/\/schema.org","@graph":[{"@type":"WebSite","@id":"https:\/\/franciscanos.org.br\/noticias\/#website","url":"https:\/\/franciscanos.org.br\/noticias\/","name":"Not\u00edcias - Franciscanos","description":"Prov\u00edncia Franciscana da Imaculada Concei\u00e7\u00e3o do Brasil - Ordem dos Frades Menores - OFM","potentialAction":[{"@type":"SearchAction","target":{"@type":"EntryPoint","urlTemplate":"https:\/\/franciscanos.org.br\/noticias\/?s={search_term_string}"},"query-input":"required name=search_term_string"}],"inLanguage":"pt-BR"},{"@type":"ImageObject","inLanguage":"pt-BR","@id":"https:\/\/franciscanos.org.br\/noticias\/participantes-do-seminario-de-migracoes-e-refugio-lancam-carta.html#primaryimage","url":"https:\/\/franciscanos.org.br\/noticias\/wp-content\/uploads\/2018\/06\/seminario_180618_830.jpg","contentUrl":"https:\/\/franciscanos.org.br\/noticias\/wp-content\/uploads\/2018\/06\/seminario_180618_830.jpg","width":273,"height":181},{"@type":"WebPage","@id":"https:\/\/franciscanos.org.br\/noticias\/participantes-do-seminario-de-migracoes-e-refugio-lancam-carta.html#webpage","url":"https:\/\/franciscanos.org.br\/noticias\/participantes-do-seminario-de-migracoes-e-refugio-lancam-carta.html","name":"Participantes do Semin\u00e1rio de Migra\u00e7\u00f5es e Ref\u00fagio lan\u00e7am carta - Not\u00edcias - Franciscanos","isPartOf":{"@id":"https:\/\/franciscanos.org.br\/noticias\/#website"},"primaryImageOfPage":{"@id":"https:\/\/franciscanos.org.br\/noticias\/participantes-do-seminario-de-migracoes-e-refugio-lancam-carta.html#primaryimage"},"datePublished":"2018-06-18T17:01:52+00:00","dateModified":"2019-06-26T15:54:29+00:00","author":{"@id":"https:\/\/franciscanos.org.br\/noticias\/#\/schema\/person\/b38fbf43118f02820bd932f2e4b14ad3"},"breadcrumb":{"@id":"https:\/\/franciscanos.org.br\/noticias\/participantes-do-seminario-de-migracoes-e-refugio-lancam-carta.html#breadcrumb"},"inLanguage":"pt-BR","potentialAction":[{"@type":"ReadAction","target":["https:\/\/franciscanos.org.br\/noticias\/participantes-do-seminario-de-migracoes-e-refugio-lancam-carta.html"]}]},{"@type":"BreadcrumbList","@id":"https:\/\/franciscanos.org.br\/noticias\/participantes-do-seminario-de-migracoes-e-refugio-lancam-carta.html#breadcrumb","itemListElement":[{"@type":"ListItem","position":1,"name":"Home","item":"https:\/\/franciscanos.org.br\/noticias"},{"@type":"ListItem","position":2,"name":"Participantes do Semin\u00e1rio de Migra\u00e7\u00f5es e Ref\u00fagio lan\u00e7am carta"}]},{"@type":"Person","@id":"https:\/\/franciscanos.org.br\/noticias\/#\/schema\/person\/b38fbf43118f02820bd932f2e4b14ad3","name":"admin","image":{"@type":"ImageObject","inLanguage":"pt-BR","@id":"https:\/\/franciscanos.org.br\/noticias\/#\/schema\/person\/image\/","url":"https:\/\/secure.gravatar.com\/avatar\/e8495742d34d0ba6448ea1c628263b3e?s=96&d=mm&r=g","contentUrl":"https:\/\/secure.gravatar.com\/avatar\/e8495742d34d0ba6448ea1c628263b3e?s=96&d=mm&r=g","caption":"admin"},"url":"https:\/\/franciscanos.org.br\/noticias\/author\/admin"}]}},"_links":{"self":[{"href":"https:\/\/franciscanos.org.br\/noticias\/wp-json\/wp\/v2\/posts\/164479"}],"collection":[{"href":"https:\/\/franciscanos.org.br\/noticias\/wp-json\/wp\/v2\/posts"}],"about":[{"href":"https:\/\/franciscanos.org.br\/noticias\/wp-json\/wp\/v2\/types\/post"}],"author":[{"embeddable":true,"href":"https:\/\/franciscanos.org.br\/noticias\/wp-json\/wp\/v2\/users\/1"}],"replies":[{"embeddable":true,"href":"https:\/\/franciscanos.org.br\/noticias\/wp-json\/wp\/v2\/comments?post=164479"}],"version-history":[{"count":0,"href":"https:\/\/franciscanos.org.br\/noticias\/wp-json\/wp\/v2\/posts\/164479\/revisions"}],"wp:featuredmedia":[{"embeddable":true,"href":"https:\/\/franciscanos.org.br\/noticias\/wp-json\/wp\/v2\/media\/206531"}],"wp:attachment":[{"href":"https:\/\/franciscanos.org.br\/noticias\/wp-json\/wp\/v2\/media?parent=164479"}],"wp:term":[{"taxonomy":"category","embeddable":true,"href":"https:\/\/franciscanos.org.br\/noticias\/wp-json\/wp\/v2\/categories?post=164479"},{"taxonomy":"post_tag","embeddable":true,"href":"https:\/\/franciscanos.org.br\/noticias\/wp-json\/wp\/v2\/tags?post=164479"}],"curies":[{"name":"wp","href":"https:\/\/api.w.org\/{rel}","templated":true}]}}