{"id":164405,"date":"2018-06-18T08:24:44","date_gmt":"2018-06-18T11:24:44","guid":{"rendered":"http:\/\/franciscanos.org.br\/?p=164405"},"modified":"2020-06-07T14:40:21","modified_gmt":"2020-06-07T17:40:21","slug":"as-ditaduras-comecam-com-a-comunicacao-caluniosa","status":"publish","type":"post","link":"https:\/\/franciscanos.org.br\/noticias\/as-ditaduras-comecam-com-a-comunicacao-caluniosa.html","title":{"rendered":"As boas not\u00edcias n\u00e3o s\u00e3o sedutoras, diz o Papa Francisco"},"content":{"rendered":"<p><img loading=\"lazy\" src=\"http:\/\/franciscanos.org.br\/wp-content\/uploads\/2018\/05\/marta_280518.jpg\" alt=\"marta_280518\" width=\"820\" height=\"461\" \/><\/p>\n<p><strong>Cidade do Vaticano<\/strong> &#8211; Para destruir institui\u00e7\u00f5es ou pessoas, se come\u00e7a a falar mal. A esta \u201ccomunica\u00e7\u00e3o caluniosa\u201d, o Papa Francisco dedicou a homilia na missa na Casa Santa Marta. A sua reflex\u00e3o parte da hist\u00f3ria de Nabot narrada na primeira leitura, no Livro dos Reis. O rei Acab deseja a vinha de Nabot e lhe oferece dinheiro. Aquele terreno, por\u00e9m, faz parte da heran\u00e7a dos seus pais e, portanto, rejeita a proposta. Ent\u00e3o Acab fica aborrecido \u201ccomo fazem as crian\u00e7as quando n\u00e3o obt\u00eam o que querem: chora. A sua esposa cruel, Jezrael, aconselha o rei a acusar Nabot de falsidade, a mat\u00e1-lo e assim tomar posse de sua vinha. Nabot \u2013 notou o Papa \u2013 \u00e9 portanto um \u201cm\u00e1rtir da fidelidade \u00e0 heran\u00e7a\u201d que tinha recebido de seus pais: uma heran\u00e7a que ia al\u00e9m da vinha, \u201cuma heran\u00e7a do cora\u00e7\u00e3o\u201d.<\/p>\n<p><strong>Os m\u00e1rtires condenados com as cal\u00fanias<\/strong><br \/>\nPara Francisco, a hist\u00f3ria de Nabot \u00e9 paradigm\u00e1tica da hist\u00f3ria de Jesus, de Santo Est\u00eav\u00e3o e de todos os m\u00e1rtires que foram condenados usando um cen\u00e1rio de cal\u00fanias. Mas \u00e9 tamb\u00e9m paradigm\u00e1tica do modo de proceder de tantas pessoas de \u201ctantos chefes de Estado ou de governo\u201d. Come\u00e7a com uma mentira e, \u201cdepois de destruir seja uma pessoa, seja uma situa\u00e7\u00e3o com aquela cal\u00fania\u201d, se julga e se condena.<\/p>\n<p><strong>Como as ditaduras adulteram a comunica\u00e7\u00e3o<\/strong><br \/>\n\u201cTamb\u00e9m hoje, em muitos pa\u00edses, se usa este m\u00e9todo: destruir a livre comunica\u00e7\u00e3o\u201d, diz o Papa. &#8220;Por exemplo, pensemos: h\u00e1 uma lei da m\u00eddia, da comunica\u00e7\u00e3o, se cancela aquela lei; se concede todo o aparato da comunica\u00e7\u00e3o a uma empresa, a uma sociedade que faz cal\u00fania, diz falsidades, enfraquece a vida democr\u00e1tica. Depois v\u00eam os ju\u00edzes a julgar essas institui\u00e7\u00f5es enfraquecidas, essas pessoas destru\u00eddas, condenam e assim vai avante uma ditadura. As ditaduras, todas, come\u00e7aram assim, adulterando a comunica\u00e7\u00e3o, para colocar a comunica\u00e7\u00e3o nas m\u00e3os de uma pessoa sem escr\u00fapulo, de um governo sem escr\u00fapulo&#8221;.<\/p>\n<p><strong>A sedu\u00e7\u00e3o dos esc\u00e2ndalos<\/strong><br \/>\n\u201cTamb\u00e9m na vida cotidiana \u00e9 assim\u201d, destacou o Papa: se quero destruir uma pessoa, \u201ccome\u00e7o com a comunica\u00e7\u00e3o: falar mal, caluniar, dizer esc\u00e2ndalos\u201d: E comunicar esc\u00e2ndalos \u00e9 um fato que tem uma enorme sedu\u00e7\u00e3o, uma grande sedu\u00e7\u00e3o. Seduz-se com os esc\u00e2ndalos. As boas not\u00edcias n\u00e3o s\u00e3o sedutoras: \u201cSim, mas que belo o que fez!\u201d E passa\u2026 Mas um esc\u00e2ndalo: \u201cMas voc\u00ea viu! Viu isso! Voc\u00ea viu o que aquele l\u00e1 fez? Esta situa\u00e7\u00e3o\u2026 Mas n\u00e3o pode, n\u00e3o se pode ir avante assim!\u201d E assim a comunica\u00e7\u00e3o cresce, e aquela pessoa, aquela institui\u00e7\u00e3o, aquele pa\u00eds acaba na ru\u00edna. No final, n\u00e3o se julgam as pessoas. Julgam-se as ru\u00ednas das pessoas ou das institui\u00e7\u00f5es, porque n\u00e3o se podem defender.<\/p>\n<p><strong>A persegui\u00e7\u00e3o dos judeus<\/strong><br \/>\n\u201cA sedu\u00e7\u00e3o do esc\u00e2ndalo na comunica\u00e7\u00e3o leva justamente ao \u00e2ngulo, isto \u00e9 \u201cdestr\u00f3i\u201d assim como aconteceu a Nabot, que queria somente \u201cser fiel \u00e0 heran\u00e7a dos seus antepassados\u201d e n\u00e3o vend\u00ea-la. Neste sentido, tamb\u00e9m \u00e9 exemplar a hist\u00f3ria de Santo Est\u00eav\u00e3o, que faz um longo discurso para se defender, mas aqueles que o acusavam preferem lapid\u00e1-lo ao inv\u00e9s de ouvir a verdade. \u201cEste \u00e9 o drama da avidez humana\u201d, afirma o Papa. Tantas pessoas s\u00e3o, de fato, destru\u00eddas por uma comunica\u00e7\u00e3o malvada: Muitas pessoas, muitos pa\u00edses destru\u00eddos por ditaduras malvadas e caluniosas. Pensemos por exemplo nas ditaduras do s\u00e9culo passado. Pensemos na persegui\u00e7\u00e3o aos judeus, por exemplo. Uma comunica\u00e7\u00e3o caluniosa, contra os judeus; e acabavam em Auschwitz porque n\u00e3o mereciam viver. Oh\u2026 \u00e9 um horror, mas um horror que acontece hoje: nas pequenas sociedades, nas pessoas e em muitos pa\u00edses. O primeiro passo \u00e9 se apropriar da comunica\u00e7\u00e3o, e depois da destrui\u00e7\u00e3o, o ju\u00edzo e a morte.<\/p>\n<p><strong>Reler a hist\u00f3ria de Nabot<\/strong><br \/>\nO Ap\u00f3stolo Tiago fala precisamente da &#8220;capacidade destrutiva da comunica\u00e7\u00e3o malvada&#8221;. Em conclus\u00e3o, o Papa exorta a reler a hist\u00f3ria de Nabot no cap\u00edtulo 21 do Primeiro Livro dos Reis e a pensar em &#8220;tantas pessoas destru\u00eddas, em tantos pa\u00edses destru\u00eddos, em tantas ditaduras com &#8216;luvas brancas'&#8221; que destru\u00edram pa\u00edses.<\/p>\n<hr \/>\n<p><em>Fonte: Vatican News<\/em><\/p>\n","protected":false},"excerpt":{"rendered":"<p>Missa em Santa Marta<\/p>\n","protected":false},"author":1,"featured_media":193608,"comment_status":"open","ping_status":"open","sticky":false,"template":"","format":"standard","meta":[],"categories":[1428],"tags":[1586],"acf":[],"yoast_head":"<!-- This site is optimized with the Yoast SEO plugin v19.2 - https:\/\/yoast.com\/wordpress\/plugins\/seo\/ -->\n<title>As boas not\u00edcias n\u00e3o s\u00e3o sedutoras, diz o Papa Francisco - Not\u00edcias - Franciscanos<\/title>\n<meta name=\"robots\" content=\"index, follow, max-snippet:-1, max-image-preview:large, max-video-preview:-1\" \/>\n<link rel=\"canonical\" href=\"https:\/\/franciscanos.org.br\/noticias\/as-ditaduras-comecam-com-a-comunicacao-caluniosa.html\" \/>\n<meta property=\"og:locale\" content=\"pt_BR\" \/>\n<meta property=\"og:type\" content=\"article\" \/>\n<meta property=\"og:title\" content=\"As boas not\u00edcias n\u00e3o s\u00e3o sedutoras, diz o Papa Francisco - Not\u00edcias - Franciscanos\" \/>\n<meta property=\"og:description\" content=\"Missa em Santa Marta\" \/>\n<meta property=\"og:url\" content=\"https:\/\/franciscanos.org.br\/noticias\/as-ditaduras-comecam-com-a-comunicacao-caluniosa.html\" \/>\n<meta property=\"og:site_name\" content=\"Not\u00edcias - Franciscanos\" \/>\n<meta property=\"article:published_time\" content=\"2018-06-18T11:24:44+00:00\" \/>\n<meta property=\"article:modified_time\" content=\"2020-06-07T17:40:21+00:00\" \/>\n<meta property=\"og:image\" content=\"https:\/\/franciscanos.org.br\/noticias\/wp-content\/uploads\/2018\/06\/marta_280518.jpg\" \/>\n\t<meta property=\"og:image:width\" content=\"273\" \/>\n\t<meta property=\"og:image:height\" content=\"181\" \/>\n\t<meta property=\"og:image:type\" content=\"image\/jpeg\" \/>\n<meta name=\"author\" content=\"admin\" \/>\n<meta name=\"twitter:card\" content=\"summary_large_image\" \/>\n<meta name=\"twitter:label1\" content=\"Escrito por\" \/>\n\t<meta name=\"twitter:data1\" content=\"admin\" \/>\n\t<meta name=\"twitter:label2\" content=\"Est. tempo de leitura\" \/>\n\t<meta name=\"twitter:data2\" content=\"4 minutos\" \/>\n<script type=\"application\/ld+json\" class=\"yoast-schema-graph\">{\"@context\":\"https:\/\/schema.org\",\"@graph\":[{\"@type\":\"WebSite\",\"@id\":\"https:\/\/franciscanos.org.br\/noticias\/#website\",\"url\":\"https:\/\/franciscanos.org.br\/noticias\/\",\"name\":\"Not\u00edcias - Franciscanos\",\"description\":\"Prov\u00edncia Franciscana da Imaculada Concei\u00e7\u00e3o do Brasil - Ordem dos Frades Menores - OFM\",\"potentialAction\":[{\"@type\":\"SearchAction\",\"target\":{\"@type\":\"EntryPoint\",\"urlTemplate\":\"https:\/\/franciscanos.org.br\/noticias\/?s={search_term_string}\"},\"query-input\":\"required name=search_term_string\"}],\"inLanguage\":\"pt-BR\"},{\"@type\":\"ImageObject\",\"inLanguage\":\"pt-BR\",\"@id\":\"https:\/\/franciscanos.org.br\/noticias\/as-ditaduras-comecam-com-a-comunicacao-caluniosa.html#primaryimage\",\"url\":\"https:\/\/franciscanos.org.br\/noticias\/wp-content\/uploads\/2018\/06\/marta_280518.jpg\",\"contentUrl\":\"https:\/\/franciscanos.org.br\/noticias\/wp-content\/uploads\/2018\/06\/marta_280518.jpg\",\"width\":273,\"height\":181},{\"@type\":\"WebPage\",\"@id\":\"https:\/\/franciscanos.org.br\/noticias\/as-ditaduras-comecam-com-a-comunicacao-caluniosa.html#webpage\",\"url\":\"https:\/\/franciscanos.org.br\/noticias\/as-ditaduras-comecam-com-a-comunicacao-caluniosa.html\",\"name\":\"As boas not\u00edcias n\u00e3o s\u00e3o sedutoras, diz o Papa Francisco - Not\u00edcias - Franciscanos\",\"isPartOf\":{\"@id\":\"https:\/\/franciscanos.org.br\/noticias\/#website\"},\"primaryImageOfPage\":{\"@id\":\"https:\/\/franciscanos.org.br\/noticias\/as-ditaduras-comecam-com-a-comunicacao-caluniosa.html#primaryimage\"},\"datePublished\":\"2018-06-18T11:24:44+00:00\",\"dateModified\":\"2020-06-07T17:40:21+00:00\",\"author\":{\"@id\":\"https:\/\/franciscanos.org.br\/noticias\/#\/schema\/person\/b38fbf43118f02820bd932f2e4b14ad3\"},\"breadcrumb\":{\"@id\":\"https:\/\/franciscanos.org.br\/noticias\/as-ditaduras-comecam-com-a-comunicacao-caluniosa.html#breadcrumb\"},\"inLanguage\":\"pt-BR\",\"potentialAction\":[{\"@type\":\"ReadAction\",\"target\":[\"https:\/\/franciscanos.org.br\/noticias\/as-ditaduras-comecam-com-a-comunicacao-caluniosa.html\"]}]},{\"@type\":\"BreadcrumbList\",\"@id\":\"https:\/\/franciscanos.org.br\/noticias\/as-ditaduras-comecam-com-a-comunicacao-caluniosa.html#breadcrumb\",\"itemListElement\":[{\"@type\":\"ListItem\",\"position\":1,\"name\":\"Home\",\"item\":\"https:\/\/franciscanos.org.br\/noticias\"},{\"@type\":\"ListItem\",\"position\":2,\"name\":\"As boas not\u00edcias n\u00e3o s\u00e3o sedutoras, diz o Papa Francisco\"}]},{\"@type\":\"Person\",\"@id\":\"https:\/\/franciscanos.org.br\/noticias\/#\/schema\/person\/b38fbf43118f02820bd932f2e4b14ad3\",\"name\":\"admin\",\"image\":{\"@type\":\"ImageObject\",\"inLanguage\":\"pt-BR\",\"@id\":\"https:\/\/franciscanos.org.br\/noticias\/#\/schema\/person\/image\/\",\"url\":\"https:\/\/secure.gravatar.com\/avatar\/e8495742d34d0ba6448ea1c628263b3e?s=96&d=mm&r=g\",\"contentUrl\":\"https:\/\/secure.gravatar.com\/avatar\/e8495742d34d0ba6448ea1c628263b3e?s=96&d=mm&r=g\",\"caption\":\"admin\"},\"url\":\"https:\/\/franciscanos.org.br\/noticias\/author\/admin\"}]}<\/script>\n<!-- \/ Yoast SEO plugin. -->","yoast_head_json":{"title":"As boas not\u00edcias n\u00e3o s\u00e3o sedutoras, diz o Papa Francisco - Not\u00edcias - Franciscanos","robots":{"index":"index","follow":"follow","max-snippet":"max-snippet:-1","max-image-preview":"max-image-preview:large","max-video-preview":"max-video-preview:-1"},"canonical":"https:\/\/franciscanos.org.br\/noticias\/as-ditaduras-comecam-com-a-comunicacao-caluniosa.html","og_locale":"pt_BR","og_type":"article","og_title":"As boas not\u00edcias n\u00e3o s\u00e3o sedutoras, diz o Papa Francisco - Not\u00edcias - Franciscanos","og_description":"Missa em Santa Marta","og_url":"https:\/\/franciscanos.org.br\/noticias\/as-ditaduras-comecam-com-a-comunicacao-caluniosa.html","og_site_name":"Not\u00edcias - Franciscanos","article_published_time":"2018-06-18T11:24:44+00:00","article_modified_time":"2020-06-07T17:40:21+00:00","og_image":[{"width":273,"height":181,"url":"https:\/\/franciscanos.org.br\/noticias\/wp-content\/uploads\/2018\/06\/marta_280518.jpg","type":"image\/jpeg"}],"author":"admin","twitter_card":"summary_large_image","twitter_misc":{"Escrito por":"admin","Est. tempo de leitura":"4 minutos"},"schema":{"@context":"https:\/\/schema.org","@graph":[{"@type":"WebSite","@id":"https:\/\/franciscanos.org.br\/noticias\/#website","url":"https:\/\/franciscanos.org.br\/noticias\/","name":"Not\u00edcias - Franciscanos","description":"Prov\u00edncia Franciscana da Imaculada Concei\u00e7\u00e3o do Brasil - Ordem dos Frades Menores - OFM","potentialAction":[{"@type":"SearchAction","target":{"@type":"EntryPoint","urlTemplate":"https:\/\/franciscanos.org.br\/noticias\/?s={search_term_string}"},"query-input":"required name=search_term_string"}],"inLanguage":"pt-BR"},{"@type":"ImageObject","inLanguage":"pt-BR","@id":"https:\/\/franciscanos.org.br\/noticias\/as-ditaduras-comecam-com-a-comunicacao-caluniosa.html#primaryimage","url":"https:\/\/franciscanos.org.br\/noticias\/wp-content\/uploads\/2018\/06\/marta_280518.jpg","contentUrl":"https:\/\/franciscanos.org.br\/noticias\/wp-content\/uploads\/2018\/06\/marta_280518.jpg","width":273,"height":181},{"@type":"WebPage","@id":"https:\/\/franciscanos.org.br\/noticias\/as-ditaduras-comecam-com-a-comunicacao-caluniosa.html#webpage","url":"https:\/\/franciscanos.org.br\/noticias\/as-ditaduras-comecam-com-a-comunicacao-caluniosa.html","name":"As boas not\u00edcias n\u00e3o s\u00e3o sedutoras, diz o Papa Francisco - Not\u00edcias - Franciscanos","isPartOf":{"@id":"https:\/\/franciscanos.org.br\/noticias\/#website"},"primaryImageOfPage":{"@id":"https:\/\/franciscanos.org.br\/noticias\/as-ditaduras-comecam-com-a-comunicacao-caluniosa.html#primaryimage"},"datePublished":"2018-06-18T11:24:44+00:00","dateModified":"2020-06-07T17:40:21+00:00","author":{"@id":"https:\/\/franciscanos.org.br\/noticias\/#\/schema\/person\/b38fbf43118f02820bd932f2e4b14ad3"},"breadcrumb":{"@id":"https:\/\/franciscanos.org.br\/noticias\/as-ditaduras-comecam-com-a-comunicacao-caluniosa.html#breadcrumb"},"inLanguage":"pt-BR","potentialAction":[{"@type":"ReadAction","target":["https:\/\/franciscanos.org.br\/noticias\/as-ditaduras-comecam-com-a-comunicacao-caluniosa.html"]}]},{"@type":"BreadcrumbList","@id":"https:\/\/franciscanos.org.br\/noticias\/as-ditaduras-comecam-com-a-comunicacao-caluniosa.html#breadcrumb","itemListElement":[{"@type":"ListItem","position":1,"name":"Home","item":"https:\/\/franciscanos.org.br\/noticias"},{"@type":"ListItem","position":2,"name":"As boas not\u00edcias n\u00e3o s\u00e3o sedutoras, diz o Papa Francisco"}]},{"@type":"Person","@id":"https:\/\/franciscanos.org.br\/noticias\/#\/schema\/person\/b38fbf43118f02820bd932f2e4b14ad3","name":"admin","image":{"@type":"ImageObject","inLanguage":"pt-BR","@id":"https:\/\/franciscanos.org.br\/noticias\/#\/schema\/person\/image\/","url":"https:\/\/secure.gravatar.com\/avatar\/e8495742d34d0ba6448ea1c628263b3e?s=96&d=mm&r=g","contentUrl":"https:\/\/secure.gravatar.com\/avatar\/e8495742d34d0ba6448ea1c628263b3e?s=96&d=mm&r=g","caption":"admin"},"url":"https:\/\/franciscanos.org.br\/noticias\/author\/admin"}]}},"_links":{"self":[{"href":"https:\/\/franciscanos.org.br\/noticias\/wp-json\/wp\/v2\/posts\/164405"}],"collection":[{"href":"https:\/\/franciscanos.org.br\/noticias\/wp-json\/wp\/v2\/posts"}],"about":[{"href":"https:\/\/franciscanos.org.br\/noticias\/wp-json\/wp\/v2\/types\/post"}],"author":[{"embeddable":true,"href":"https:\/\/franciscanos.org.br\/noticias\/wp-json\/wp\/v2\/users\/1"}],"replies":[{"embeddable":true,"href":"https:\/\/franciscanos.org.br\/noticias\/wp-json\/wp\/v2\/comments?post=164405"}],"version-history":[{"count":2,"href":"https:\/\/franciscanos.org.br\/noticias\/wp-json\/wp\/v2\/posts\/164405\/revisions"}],"predecessor-version":[{"id":224940,"href":"https:\/\/franciscanos.org.br\/noticias\/wp-json\/wp\/v2\/posts\/164405\/revisions\/224940"}],"wp:featuredmedia":[{"embeddable":true,"href":"https:\/\/franciscanos.org.br\/noticias\/wp-json\/wp\/v2\/media\/193608"}],"wp:attachment":[{"href":"https:\/\/franciscanos.org.br\/noticias\/wp-json\/wp\/v2\/media?parent=164405"}],"wp:term":[{"taxonomy":"category","embeddable":true,"href":"https:\/\/franciscanos.org.br\/noticias\/wp-json\/wp\/v2\/categories?post=164405"},{"taxonomy":"post_tag","embeddable":true,"href":"https:\/\/franciscanos.org.br\/noticias\/wp-json\/wp\/v2\/tags?post=164405"}],"curies":[{"name":"wp","href":"https:\/\/api.w.org\/{rel}","templated":true}]}}