{"id":164290,"date":"2018-06-14T08:17:32","date_gmt":"2018-06-14T11:17:32","guid":{"rendered":"http:\/\/franciscanos.org.br\/?p=164290"},"modified":"2019-07-02T12:50:27","modified_gmt":"2019-07-02T15:50:27","slug":"com-santo-antonio-ser-sal-da-terra-e-luz-do-mundo","status":"publish","type":"post","link":"https:\/\/franciscanos.org.br\/noticias\/com-santo-antonio-ser-sal-da-terra-e-luz-do-mundo.html","title":{"rendered":"\u201cCom Santo Ant\u00f4nio ser sal da terra e luz do mundo\u201d"},"content":{"rendered":"<p><img loading=\"lazy\" src=\"http:\/\/franciscanos.org.br\/wp-content\/uploads\/2018\/06\/vila_150618G.jpg\" alt=\"vila_150618G\" width=\"830\" height=\"400\" \/><\/p>\n<p><strong>S\u00e3o Paulo (SP)<\/strong> &#8211; Um inesperado e bonito dia de sol marcou os festejos do querido e popular Santo Ant\u00f4nio, na quarta-feira, 13 de junho, na Par\u00f3quia S\u00e3o Francisco de Assis, da Vila Clementino.<br \/>\nNo tr\u00edduo preparat\u00f3rio para o dia do santo, as celebra\u00e7\u00f5es Eucar\u00edsticas tiveram como tema \u201cCom Santo Ant\u00f4nio ser sal da terra e luz do mundo\u201d e, do lado de fora da igreja, j\u00e1 havia o tradicional bolo de Santo Ant\u00f4nio, com as medalhinhas aben\u00e7oadas. No dia 13 de junho, centenas de devotos passaram pela festa e puderam participar de uma das 7 missas celebradas ao longo do dia, conhecer a tenda com artigos religiosos e lembran\u00e7as, provar p\u00e3es de mel recheados, o bolo de Santo Ant\u00f4nio e past\u00e9is, feitos com cuidado e carinho pelos volunt\u00e1rios. Os frades se revezaram para permanecerem durante todo o dia em frente \u00e0 igreja para dar a b\u00ean\u00e7\u00e3o a todos que quisessem e aben\u00e7oar os p\u00e3ezinhos, que eram distribu\u00eddos aos devotos e paroquianos.<\/p>\n<p>O p\u00e1roco, Frei Valdecir Schwambach, presidiu a celebra\u00e7\u00e3o eucar\u00edstica \u00e0s 12h e, em sua homilia, ressaltou, na hist\u00f3ria da vida de Santo Ant\u00f4nio, que ele queria ser m\u00e1rtir, por\u00e9m foi levado por outros caminhos e, assim, foi descoberto seu dom e voca\u00e7\u00e3o como pregador. Ainda apontou que, da mesma forma, tamb\u00e9m n\u00f3s devemos buscar reconhecer e seguir os prop\u00f3sitos de Deus para a nossa vida.<\/p>\n<p>Que Santo Ant\u00f4nio nos inspire a sermos sal da terra e luz do mundo, dando sabor \u00e0 vida, na minoridade e simplicidade. Santo Ant\u00f4nio, rogai por n\u00f3s!<\/p>\n<p><strong>Pascom Par\u00f3quia S\u00e3o Francisco de Assis<\/strong><\/p>\n<p>Fonte: <a href=\"http:\/\/paroquiavila.com.br\/\" target=\"_blank\" rel=\"noopener noreferrer\">Par\u00f3quia Vila<\/a><\/p>\n","protected":false},"excerpt":{"rendered":"<p>Par\u00f3quia da Vila Clementino<\/p>\n","protected":false},"author":1,"featured_media":207088,"comment_status":"open","ping_status":"open","sticky":false,"template":"","format":"standard","meta":[],"categories":[1],"tags":[1459,271],"acf":[],"yoast_head":"<!-- This site is optimized with the Yoast SEO plugin v19.2 - https:\/\/yoast.com\/wordpress\/plugins\/seo\/ -->\n<title>\u201cCom Santo Ant\u00f4nio ser sal da terra e luz do mundo\u201d - Not\u00edcias - Franciscanos<\/title>\n<meta name=\"robots\" content=\"index, follow, max-snippet:-1, max-image-preview:large, max-video-preview:-1\" \/>\n<link rel=\"canonical\" href=\"https:\/\/franciscanos.org.br\/noticias\/com-santo-antonio-ser-sal-da-terra-e-luz-do-mundo.html\" \/>\n<meta property=\"og:locale\" content=\"pt_BR\" \/>\n<meta property=\"og:type\" content=\"article\" \/>\n<meta property=\"og:title\" content=\"\u201cCom Santo Ant\u00f4nio ser sal da terra e luz do mundo\u201d - Not\u00edcias - Franciscanos\" \/>\n<meta property=\"og:description\" content=\"Par\u00f3quia da Vila Clementino\" \/>\n<meta property=\"og:url\" content=\"https:\/\/franciscanos.org.br\/noticias\/com-santo-antonio-ser-sal-da-terra-e-luz-do-mundo.html\" \/>\n<meta property=\"og:site_name\" content=\"Not\u00edcias - Franciscanos\" \/>\n<meta property=\"article:published_time\" content=\"2018-06-14T11:17:32+00:00\" \/>\n<meta property=\"article:modified_time\" content=\"2019-07-02T15:50:27+00:00\" \/>\n<meta property=\"og:image\" content=\"https:\/\/franciscanos.org.br\/noticias\/wp-content\/uploads\/2018\/06\/vila_150618G.jpg\" \/>\n\t<meta property=\"og:image:width\" content=\"273\" \/>\n\t<meta property=\"og:image:height\" content=\"181\" \/>\n\t<meta property=\"og:image:type\" content=\"image\/jpeg\" \/>\n<meta name=\"author\" content=\"admin\" \/>\n<meta name=\"twitter:card\" content=\"summary_large_image\" \/>\n<meta name=\"twitter:label1\" content=\"Escrito por\" \/>\n\t<meta name=\"twitter:data1\" content=\"admin\" \/>\n\t<meta name=\"twitter:label2\" content=\"Est. tempo de leitura\" \/>\n\t<meta name=\"twitter:data2\" content=\"1 minuto\" \/>\n<script type=\"application\/ld+json\" class=\"yoast-schema-graph\">{\"@context\":\"https:\/\/schema.org\",\"@graph\":[{\"@type\":\"WebSite\",\"@id\":\"https:\/\/franciscanos.org.br\/noticias\/#website\",\"url\":\"https:\/\/franciscanos.org.br\/noticias\/\",\"name\":\"Not\u00edcias - Franciscanos\",\"description\":\"Prov\u00edncia Franciscana da Imaculada Concei\u00e7\u00e3o do Brasil - Ordem dos Frades Menores - OFM\",\"potentialAction\":[{\"@type\":\"SearchAction\",\"target\":{\"@type\":\"EntryPoint\",\"urlTemplate\":\"https:\/\/franciscanos.org.br\/noticias\/?s={search_term_string}\"},\"query-input\":\"required name=search_term_string\"}],\"inLanguage\":\"pt-BR\"},{\"@type\":\"ImageObject\",\"inLanguage\":\"pt-BR\",\"@id\":\"https:\/\/franciscanos.org.br\/noticias\/com-santo-antonio-ser-sal-da-terra-e-luz-do-mundo.html#primaryimage\",\"url\":\"https:\/\/franciscanos.org.br\/noticias\/wp-content\/uploads\/2018\/06\/vila_150618G.jpg\",\"contentUrl\":\"https:\/\/franciscanos.org.br\/noticias\/wp-content\/uploads\/2018\/06\/vila_150618G.jpg\",\"width\":273,\"height\":181},{\"@type\":\"WebPage\",\"@id\":\"https:\/\/franciscanos.org.br\/noticias\/com-santo-antonio-ser-sal-da-terra-e-luz-do-mundo.html#webpage\",\"url\":\"https:\/\/franciscanos.org.br\/noticias\/com-santo-antonio-ser-sal-da-terra-e-luz-do-mundo.html\",\"name\":\"\u201cCom Santo Ant\u00f4nio ser sal da terra e luz do mundo\u201d - Not\u00edcias - Franciscanos\",\"isPartOf\":{\"@id\":\"https:\/\/franciscanos.org.br\/noticias\/#website\"},\"primaryImageOfPage\":{\"@id\":\"https:\/\/franciscanos.org.br\/noticias\/com-santo-antonio-ser-sal-da-terra-e-luz-do-mundo.html#primaryimage\"},\"datePublished\":\"2018-06-14T11:17:32+00:00\",\"dateModified\":\"2019-07-02T15:50:27+00:00\",\"author\":{\"@id\":\"https:\/\/franciscanos.org.br\/noticias\/#\/schema\/person\/b38fbf43118f02820bd932f2e4b14ad3\"},\"breadcrumb\":{\"@id\":\"https:\/\/franciscanos.org.br\/noticias\/com-santo-antonio-ser-sal-da-terra-e-luz-do-mundo.html#breadcrumb\"},\"inLanguage\":\"pt-BR\",\"potentialAction\":[{\"@type\":\"ReadAction\",\"target\":[\"https:\/\/franciscanos.org.br\/noticias\/com-santo-antonio-ser-sal-da-terra-e-luz-do-mundo.html\"]}]},{\"@type\":\"BreadcrumbList\",\"@id\":\"https:\/\/franciscanos.org.br\/noticias\/com-santo-antonio-ser-sal-da-terra-e-luz-do-mundo.html#breadcrumb\",\"itemListElement\":[{\"@type\":\"ListItem\",\"position\":1,\"name\":\"Home\",\"item\":\"https:\/\/franciscanos.org.br\/noticias\"},{\"@type\":\"ListItem\",\"position\":2,\"name\":\"\u201cCom Santo Ant\u00f4nio ser sal da terra e luz do mundo\u201d\"}]},{\"@type\":\"Person\",\"@id\":\"https:\/\/franciscanos.org.br\/noticias\/#\/schema\/person\/b38fbf43118f02820bd932f2e4b14ad3\",\"name\":\"admin\",\"image\":{\"@type\":\"ImageObject\",\"inLanguage\":\"pt-BR\",\"@id\":\"https:\/\/franciscanos.org.br\/noticias\/#\/schema\/person\/image\/\",\"url\":\"https:\/\/secure.gravatar.com\/avatar\/e8495742d34d0ba6448ea1c628263b3e?s=96&d=mm&r=g\",\"contentUrl\":\"https:\/\/secure.gravatar.com\/avatar\/e8495742d34d0ba6448ea1c628263b3e?s=96&d=mm&r=g\",\"caption\":\"admin\"},\"url\":\"https:\/\/franciscanos.org.br\/noticias\/author\/admin\"}]}<\/script>\n<!-- \/ Yoast SEO plugin. -->","yoast_head_json":{"title":"\u201cCom Santo Ant\u00f4nio ser sal da terra e luz do mundo\u201d - Not\u00edcias - Franciscanos","robots":{"index":"index","follow":"follow","max-snippet":"max-snippet:-1","max-image-preview":"max-image-preview:large","max-video-preview":"max-video-preview:-1"},"canonical":"https:\/\/franciscanos.org.br\/noticias\/com-santo-antonio-ser-sal-da-terra-e-luz-do-mundo.html","og_locale":"pt_BR","og_type":"article","og_title":"\u201cCom Santo Ant\u00f4nio ser sal da terra e luz do mundo\u201d - Not\u00edcias - Franciscanos","og_description":"Par\u00f3quia da Vila Clementino","og_url":"https:\/\/franciscanos.org.br\/noticias\/com-santo-antonio-ser-sal-da-terra-e-luz-do-mundo.html","og_site_name":"Not\u00edcias - Franciscanos","article_published_time":"2018-06-14T11:17:32+00:00","article_modified_time":"2019-07-02T15:50:27+00:00","og_image":[{"width":273,"height":181,"url":"https:\/\/franciscanos.org.br\/noticias\/wp-content\/uploads\/2018\/06\/vila_150618G.jpg","type":"image\/jpeg"}],"author":"admin","twitter_card":"summary_large_image","twitter_misc":{"Escrito por":"admin","Est. tempo de leitura":"1 minuto"},"schema":{"@context":"https:\/\/schema.org","@graph":[{"@type":"WebSite","@id":"https:\/\/franciscanos.org.br\/noticias\/#website","url":"https:\/\/franciscanos.org.br\/noticias\/","name":"Not\u00edcias - Franciscanos","description":"Prov\u00edncia Franciscana da Imaculada Concei\u00e7\u00e3o do Brasil - Ordem dos Frades Menores - OFM","potentialAction":[{"@type":"SearchAction","target":{"@type":"EntryPoint","urlTemplate":"https:\/\/franciscanos.org.br\/noticias\/?s={search_term_string}"},"query-input":"required name=search_term_string"}],"inLanguage":"pt-BR"},{"@type":"ImageObject","inLanguage":"pt-BR","@id":"https:\/\/franciscanos.org.br\/noticias\/com-santo-antonio-ser-sal-da-terra-e-luz-do-mundo.html#primaryimage","url":"https:\/\/franciscanos.org.br\/noticias\/wp-content\/uploads\/2018\/06\/vila_150618G.jpg","contentUrl":"https:\/\/franciscanos.org.br\/noticias\/wp-content\/uploads\/2018\/06\/vila_150618G.jpg","width":273,"height":181},{"@type":"WebPage","@id":"https:\/\/franciscanos.org.br\/noticias\/com-santo-antonio-ser-sal-da-terra-e-luz-do-mundo.html#webpage","url":"https:\/\/franciscanos.org.br\/noticias\/com-santo-antonio-ser-sal-da-terra-e-luz-do-mundo.html","name":"\u201cCom Santo Ant\u00f4nio ser sal da terra e luz do mundo\u201d - Not\u00edcias - Franciscanos","isPartOf":{"@id":"https:\/\/franciscanos.org.br\/noticias\/#website"},"primaryImageOfPage":{"@id":"https:\/\/franciscanos.org.br\/noticias\/com-santo-antonio-ser-sal-da-terra-e-luz-do-mundo.html#primaryimage"},"datePublished":"2018-06-14T11:17:32+00:00","dateModified":"2019-07-02T15:50:27+00:00","author":{"@id":"https:\/\/franciscanos.org.br\/noticias\/#\/schema\/person\/b38fbf43118f02820bd932f2e4b14ad3"},"breadcrumb":{"@id":"https:\/\/franciscanos.org.br\/noticias\/com-santo-antonio-ser-sal-da-terra-e-luz-do-mundo.html#breadcrumb"},"inLanguage":"pt-BR","potentialAction":[{"@type":"ReadAction","target":["https:\/\/franciscanos.org.br\/noticias\/com-santo-antonio-ser-sal-da-terra-e-luz-do-mundo.html"]}]},{"@type":"BreadcrumbList","@id":"https:\/\/franciscanos.org.br\/noticias\/com-santo-antonio-ser-sal-da-terra-e-luz-do-mundo.html#breadcrumb","itemListElement":[{"@type":"ListItem","position":1,"name":"Home","item":"https:\/\/franciscanos.org.br\/noticias"},{"@type":"ListItem","position":2,"name":"\u201cCom Santo Ant\u00f4nio ser sal da terra e luz do mundo\u201d"}]},{"@type":"Person","@id":"https:\/\/franciscanos.org.br\/noticias\/#\/schema\/person\/b38fbf43118f02820bd932f2e4b14ad3","name":"admin","image":{"@type":"ImageObject","inLanguage":"pt-BR","@id":"https:\/\/franciscanos.org.br\/noticias\/#\/schema\/person\/image\/","url":"https:\/\/secure.gravatar.com\/avatar\/e8495742d34d0ba6448ea1c628263b3e?s=96&d=mm&r=g","contentUrl":"https:\/\/secure.gravatar.com\/avatar\/e8495742d34d0ba6448ea1c628263b3e?s=96&d=mm&r=g","caption":"admin"},"url":"https:\/\/franciscanos.org.br\/noticias\/author\/admin"}]}},"_links":{"self":[{"href":"https:\/\/franciscanos.org.br\/noticias\/wp-json\/wp\/v2\/posts\/164290"}],"collection":[{"href":"https:\/\/franciscanos.org.br\/noticias\/wp-json\/wp\/v2\/posts"}],"about":[{"href":"https:\/\/franciscanos.org.br\/noticias\/wp-json\/wp\/v2\/types\/post"}],"author":[{"embeddable":true,"href":"https:\/\/franciscanos.org.br\/noticias\/wp-json\/wp\/v2\/users\/1"}],"replies":[{"embeddable":true,"href":"https:\/\/franciscanos.org.br\/noticias\/wp-json\/wp\/v2\/comments?post=164290"}],"version-history":[{"count":0,"href":"https:\/\/franciscanos.org.br\/noticias\/wp-json\/wp\/v2\/posts\/164290\/revisions"}],"wp:featuredmedia":[{"embeddable":true,"href":"https:\/\/franciscanos.org.br\/noticias\/wp-json\/wp\/v2\/media\/207088"}],"wp:attachment":[{"href":"https:\/\/franciscanos.org.br\/noticias\/wp-json\/wp\/v2\/media?parent=164290"}],"wp:term":[{"taxonomy":"category","embeddable":true,"href":"https:\/\/franciscanos.org.br\/noticias\/wp-json\/wp\/v2\/categories?post=164290"},{"taxonomy":"post_tag","embeddable":true,"href":"https:\/\/franciscanos.org.br\/noticias\/wp-json\/wp\/v2\/tags?post=164290"}],"curies":[{"name":"wp","href":"https:\/\/api.w.org\/{rel}","templated":true}]}}