{"id":164215,"date":"2018-06-14T16:02:16","date_gmt":"2018-06-14T19:02:16","guid":{"rendered":"http:\/\/franciscanos.org.br\/?p=164215"},"modified":"2020-08-10T14:40:56","modified_gmt":"2020-08-10T17:40:56","slug":"webtv-franciscanos-e-finalista-em-premiacao-da-cnbb","status":"publish","type":"post","link":"https:\/\/franciscanos.org.br\/noticias\/webtv-franciscanos-e-finalista-em-premiacao-da-cnbb.html","title":{"rendered":"WebTV Franciscanos \u00e9 finalista em premia\u00e7\u00e3o da CNBB"},"content":{"rendered":"<p><img loading=\"lazy\" src=\"http:\/\/franciscanos.org.br\/wp-content\/uploads\/2018\/06\/tv_140618G.jpg\" alt=\"tv_140618G\" width=\"830\" height=\"400\" \/><\/p>\n<p><b>S\u00e3o Paulo (SP) &#8211;\u00a0<\/b>A <span style=\"color: #0000ff;\"><a style=\"color: #0000ff;\" href=\"https:\/\/www.youtube.com\/user\/tvfranciscanos\/\"><strong>WebTV Franciscanos<\/strong><\/a><\/span>, iniciativa criada dentro do Pr\u00f3-Voca\u00e7\u00f5es e Miss\u00f5es Franciscanas em 2010, \u00e9 uma das tr\u00eas finalistas da edi\u00e7\u00e3o 2018 dos Pr\u00eamios de Comunica\u00e7\u00e3o da CNBB.<\/p>\n<p>Dom Darci Jos\u00e9 Nicioli, presidente da Comiss\u00e3o Episcopal Pastoral para a Comunica\u00e7\u00e3o, respons\u00e1vel pela gest\u00e3o do projeto \u201cPr\u00eamios de Comunica\u00e7\u00e3o CNBB\u201d, autorizou a divulga\u00e7\u00e3o nesta quarta-feira, 13 de junho, dos trabalhos finalistas do \u201cMargarida de Prata\u201d (Cinema), \u201cMicrofone de Prata\u201d (R\u00e1dio), \u201cDom H\u00e9lder C\u00e2mara\u201d (Imprensa), \u201cClara de Assis\u201d (TV) e \u201cDom Luciano Mendes de Almeida\u201d (Internet).<\/p>\n<p>A WebTv Franciscanos \u00e9 uma das tr\u00eas finalistas no pr\u00eamio Dom Luciano Mendes de Almeida, na categoria Iniciativas em redes sociais. Tamb\u00e9m foi selecionado o programa Agito Cultural, da TVWeb Redentor, da Arquidiocese do Rio de Janeiro e o canal do YouTube do Pe. Reginaldo Manzotti.<\/p>\n<p>Para chegar aos 3 finalistas em cada categoria, os projetos inscritos passaram por uma avalia\u00e7\u00e3o de especialistas na \u00e1rea da Comunica\u00e7\u00e3o. Agora, os bispos escolhem os ganhadores de todas as categorias. O resultado ser\u00e1 divulgado no dia 20 de julho, nos est\u00fadios da TV Aparecida, durante o 6\u00ba Encontro Nacional da Pascom.<\/p>\n<p>O canal do YouTube da WebTV Franciscanos existe h\u00e1 8 anos e passou por v\u00e1rias fases. Atualmente, ele \u00e9 o canal oficial da Prov\u00edncia Franciscana da Imaculada Concei\u00e7\u00e3o. Os programas fixos exibidos s\u00e3o: Palavra da Hora, de segunda a sexta, sempre com um tema da atualidade; Hora de parar e pensar, toda ter\u00e7a-feira, com uma reflex\u00e3o sobre temas diversos; Caminhos do Evangelho, uma reflex\u00e3o semanal sobre a liturgia dominical; al\u00e9m dos v\u00eddeos dos eventos do Servi\u00e7o de Anima\u00e7\u00e3o Vocacional, como as Miss\u00f5es e Caminhadas. H\u00e1 tamb\u00e9m a Mensagem da Prov\u00edncia, com uma palavra do Ministro Provincial, Frei Fid\u00eancio Vanboemmel, nas solenidades franciscanas. Recentemente foi ao ar o Curiosidades sobre Santo Ant\u00f4nio, uma s\u00e9rie com ora\u00e7\u00f5es e fatos da vida de Santo Ant\u00f4nio. V\u00e1rios destes programas tamb\u00e9m s\u00e3o exibidos na TV Sudoeste, em Pato Branco.<\/p>\n<p>A WebTV Franciscanos \u00e9 uma iniciativa da Frente de Evangeliza\u00e7\u00e3o da Comunica\u00e7\u00e3o e conta com o apoio da TV Sudoeste e da Universidade S\u00e3o Francisco (USF). O canal possui quase 5500 inscritos e conta com um acervo de 1672 v\u00eddeos.<\/p>\n<p>Em 2014, o programa Sala Franciscana conquistou o Microfone de Prata na mesma premia\u00e7\u00e3o da CNBB, na categoria programa de r\u00e1dio religioso.<\/p>\n<p>Neste ano, o p\u00fablico poder\u00e1 dar o seu voto, que contar\u00e1 como &#8220;men\u00e7\u00e3o honrosa&#8221;. Para eleger a WebTV Franciscanos, vote na postagem do Facebook deste link:\u00a0<a href=\"https:\/\/goo.gl\/H4yt6s\" target=\"_blank\" rel=\"noopener noreferrer\">https:\/\/goo.gl\/H4yt6s<\/a><\/p>\n<p><span style=\"color: #0000ff;\"><strong><a style=\"color: #0000ff;\" href=\"http:\/\/www.cnbb.org.br\/cnbb-divulga-lista-de-tres-finalistas-de-cada-categoria-dos-premios-de-comunicacao-da-edicao-2018\/\" target=\"_blank\" rel=\"noopener noreferrer\">Veja aqui todos os finalistas<\/a><\/strong><\/span><\/p>\n","protected":false},"excerpt":{"rendered":"<p>Frente da Comunica\u00e7\u00e3o<\/p>\n","protected":false},"author":1,"featured_media":199667,"comment_status":"open","ping_status":"open","sticky":false,"template":"","format":"standard","meta":[],"categories":[1],"tags":[550,716,257],"acf":[],"yoast_head":"<!-- This site is optimized with the Yoast SEO plugin v19.2 - https:\/\/yoast.com\/wordpress\/plugins\/seo\/ -->\n<title>WebTV Franciscanos \u00e9 finalista em premia\u00e7\u00e3o da CNBB - Not\u00edcias - Franciscanos<\/title>\n<meta name=\"robots\" content=\"index, follow, max-snippet:-1, max-image-preview:large, max-video-preview:-1\" \/>\n<link rel=\"canonical\" href=\"https:\/\/franciscanos.org.br\/noticias\/webtv-franciscanos-e-finalista-em-premiacao-da-cnbb.html\" \/>\n<meta property=\"og:locale\" content=\"pt_BR\" \/>\n<meta property=\"og:type\" content=\"article\" \/>\n<meta property=\"og:title\" content=\"WebTV Franciscanos \u00e9 finalista em premia\u00e7\u00e3o da CNBB - Not\u00edcias - Franciscanos\" \/>\n<meta property=\"og:description\" content=\"Frente da Comunica\u00e7\u00e3o\" \/>\n<meta property=\"og:url\" content=\"https:\/\/franciscanos.org.br\/noticias\/webtv-franciscanos-e-finalista-em-premiacao-da-cnbb.html\" \/>\n<meta property=\"og:site_name\" content=\"Not\u00edcias - Franciscanos\" \/>\n<meta property=\"article:published_time\" content=\"2018-06-14T19:02:16+00:00\" \/>\n<meta property=\"article:modified_time\" content=\"2020-08-10T17:40:56+00:00\" \/>\n<meta property=\"og:image\" content=\"https:\/\/franciscanos.org.br\/noticias\/wp-content\/uploads\/2018\/06\/tv_140618p.jpg\" \/>\n\t<meta property=\"og:image:width\" content=\"273\" \/>\n\t<meta property=\"og:image:height\" content=\"181\" \/>\n\t<meta property=\"og:image:type\" content=\"image\/jpeg\" \/>\n<meta name=\"author\" content=\"admin\" \/>\n<meta name=\"twitter:card\" content=\"summary_large_image\" \/>\n<meta name=\"twitter:label1\" content=\"Escrito por\" \/>\n\t<meta name=\"twitter:data1\" content=\"admin\" \/>\n\t<meta name=\"twitter:label2\" content=\"Est. tempo de leitura\" \/>\n\t<meta name=\"twitter:data2\" content=\"2 minutos\" \/>\n<script type=\"application\/ld+json\" class=\"yoast-schema-graph\">{\"@context\":\"https:\/\/schema.org\",\"@graph\":[{\"@type\":\"WebSite\",\"@id\":\"https:\/\/franciscanos.org.br\/noticias\/#website\",\"url\":\"https:\/\/franciscanos.org.br\/noticias\/\",\"name\":\"Not\u00edcias - Franciscanos\",\"description\":\"Prov\u00edncia Franciscana da Imaculada Concei\u00e7\u00e3o do Brasil - Ordem dos Frades Menores - OFM\",\"potentialAction\":[{\"@type\":\"SearchAction\",\"target\":{\"@type\":\"EntryPoint\",\"urlTemplate\":\"https:\/\/franciscanos.org.br\/noticias\/?s={search_term_string}\"},\"query-input\":\"required name=search_term_string\"}],\"inLanguage\":\"pt-BR\"},{\"@type\":\"ImageObject\",\"inLanguage\":\"pt-BR\",\"@id\":\"https:\/\/franciscanos.org.br\/noticias\/webtv-franciscanos-e-finalista-em-premiacao-da-cnbb.html#primaryimage\",\"url\":\"https:\/\/franciscanos.org.br\/noticias\/wp-content\/uploads\/2018\/06\/tv_140618p.jpg\",\"contentUrl\":\"https:\/\/franciscanos.org.br\/noticias\/wp-content\/uploads\/2018\/06\/tv_140618p.jpg\",\"width\":273,\"height\":181},{\"@type\":\"WebPage\",\"@id\":\"https:\/\/franciscanos.org.br\/noticias\/webtv-franciscanos-e-finalista-em-premiacao-da-cnbb.html#webpage\",\"url\":\"https:\/\/franciscanos.org.br\/noticias\/webtv-franciscanos-e-finalista-em-premiacao-da-cnbb.html\",\"name\":\"WebTV Franciscanos \u00e9 finalista em premia\u00e7\u00e3o da CNBB - Not\u00edcias - Franciscanos\",\"isPartOf\":{\"@id\":\"https:\/\/franciscanos.org.br\/noticias\/#website\"},\"primaryImageOfPage\":{\"@id\":\"https:\/\/franciscanos.org.br\/noticias\/webtv-franciscanos-e-finalista-em-premiacao-da-cnbb.html#primaryimage\"},\"datePublished\":\"2018-06-14T19:02:16+00:00\",\"dateModified\":\"2020-08-10T17:40:56+00:00\",\"author\":{\"@id\":\"https:\/\/franciscanos.org.br\/noticias\/#\/schema\/person\/b38fbf43118f02820bd932f2e4b14ad3\"},\"breadcrumb\":{\"@id\":\"https:\/\/franciscanos.org.br\/noticias\/webtv-franciscanos-e-finalista-em-premiacao-da-cnbb.html#breadcrumb\"},\"inLanguage\":\"pt-BR\",\"potentialAction\":[{\"@type\":\"ReadAction\",\"target\":[\"https:\/\/franciscanos.org.br\/noticias\/webtv-franciscanos-e-finalista-em-premiacao-da-cnbb.html\"]}]},{\"@type\":\"BreadcrumbList\",\"@id\":\"https:\/\/franciscanos.org.br\/noticias\/webtv-franciscanos-e-finalista-em-premiacao-da-cnbb.html#breadcrumb\",\"itemListElement\":[{\"@type\":\"ListItem\",\"position\":1,\"name\":\"Home\",\"item\":\"https:\/\/franciscanos.org.br\/noticias\"},{\"@type\":\"ListItem\",\"position\":2,\"name\":\"WebTV Franciscanos \u00e9 finalista em premia\u00e7\u00e3o da CNBB\"}]},{\"@type\":\"Person\",\"@id\":\"https:\/\/franciscanos.org.br\/noticias\/#\/schema\/person\/b38fbf43118f02820bd932f2e4b14ad3\",\"name\":\"admin\",\"image\":{\"@type\":\"ImageObject\",\"inLanguage\":\"pt-BR\",\"@id\":\"https:\/\/franciscanos.org.br\/noticias\/#\/schema\/person\/image\/\",\"url\":\"https:\/\/secure.gravatar.com\/avatar\/e8495742d34d0ba6448ea1c628263b3e?s=96&d=mm&r=g\",\"contentUrl\":\"https:\/\/secure.gravatar.com\/avatar\/e8495742d34d0ba6448ea1c628263b3e?s=96&d=mm&r=g\",\"caption\":\"admin\"},\"url\":\"https:\/\/franciscanos.org.br\/noticias\/author\/admin\"}]}<\/script>\n<!-- \/ Yoast SEO plugin. -->","yoast_head_json":{"title":"WebTV Franciscanos \u00e9 finalista em premia\u00e7\u00e3o da CNBB - Not\u00edcias - Franciscanos","robots":{"index":"index","follow":"follow","max-snippet":"max-snippet:-1","max-image-preview":"max-image-preview:large","max-video-preview":"max-video-preview:-1"},"canonical":"https:\/\/franciscanos.org.br\/noticias\/webtv-franciscanos-e-finalista-em-premiacao-da-cnbb.html","og_locale":"pt_BR","og_type":"article","og_title":"WebTV Franciscanos \u00e9 finalista em premia\u00e7\u00e3o da CNBB - Not\u00edcias - Franciscanos","og_description":"Frente da Comunica\u00e7\u00e3o","og_url":"https:\/\/franciscanos.org.br\/noticias\/webtv-franciscanos-e-finalista-em-premiacao-da-cnbb.html","og_site_name":"Not\u00edcias - Franciscanos","article_published_time":"2018-06-14T19:02:16+00:00","article_modified_time":"2020-08-10T17:40:56+00:00","og_image":[{"width":273,"height":181,"url":"https:\/\/franciscanos.org.br\/noticias\/wp-content\/uploads\/2018\/06\/tv_140618p.jpg","type":"image\/jpeg"}],"author":"admin","twitter_card":"summary_large_image","twitter_misc":{"Escrito por":"admin","Est. tempo de leitura":"2 minutos"},"schema":{"@context":"https:\/\/schema.org","@graph":[{"@type":"WebSite","@id":"https:\/\/franciscanos.org.br\/noticias\/#website","url":"https:\/\/franciscanos.org.br\/noticias\/","name":"Not\u00edcias - Franciscanos","description":"Prov\u00edncia Franciscana da Imaculada Concei\u00e7\u00e3o do Brasil - Ordem dos Frades Menores - OFM","potentialAction":[{"@type":"SearchAction","target":{"@type":"EntryPoint","urlTemplate":"https:\/\/franciscanos.org.br\/noticias\/?s={search_term_string}"},"query-input":"required name=search_term_string"}],"inLanguage":"pt-BR"},{"@type":"ImageObject","inLanguage":"pt-BR","@id":"https:\/\/franciscanos.org.br\/noticias\/webtv-franciscanos-e-finalista-em-premiacao-da-cnbb.html#primaryimage","url":"https:\/\/franciscanos.org.br\/noticias\/wp-content\/uploads\/2018\/06\/tv_140618p.jpg","contentUrl":"https:\/\/franciscanos.org.br\/noticias\/wp-content\/uploads\/2018\/06\/tv_140618p.jpg","width":273,"height":181},{"@type":"WebPage","@id":"https:\/\/franciscanos.org.br\/noticias\/webtv-franciscanos-e-finalista-em-premiacao-da-cnbb.html#webpage","url":"https:\/\/franciscanos.org.br\/noticias\/webtv-franciscanos-e-finalista-em-premiacao-da-cnbb.html","name":"WebTV Franciscanos \u00e9 finalista em premia\u00e7\u00e3o da CNBB - Not\u00edcias - Franciscanos","isPartOf":{"@id":"https:\/\/franciscanos.org.br\/noticias\/#website"},"primaryImageOfPage":{"@id":"https:\/\/franciscanos.org.br\/noticias\/webtv-franciscanos-e-finalista-em-premiacao-da-cnbb.html#primaryimage"},"datePublished":"2018-06-14T19:02:16+00:00","dateModified":"2020-08-10T17:40:56+00:00","author":{"@id":"https:\/\/franciscanos.org.br\/noticias\/#\/schema\/person\/b38fbf43118f02820bd932f2e4b14ad3"},"breadcrumb":{"@id":"https:\/\/franciscanos.org.br\/noticias\/webtv-franciscanos-e-finalista-em-premiacao-da-cnbb.html#breadcrumb"},"inLanguage":"pt-BR","potentialAction":[{"@type":"ReadAction","target":["https:\/\/franciscanos.org.br\/noticias\/webtv-franciscanos-e-finalista-em-premiacao-da-cnbb.html"]}]},{"@type":"BreadcrumbList","@id":"https:\/\/franciscanos.org.br\/noticias\/webtv-franciscanos-e-finalista-em-premiacao-da-cnbb.html#breadcrumb","itemListElement":[{"@type":"ListItem","position":1,"name":"Home","item":"https:\/\/franciscanos.org.br\/noticias"},{"@type":"ListItem","position":2,"name":"WebTV Franciscanos \u00e9 finalista em premia\u00e7\u00e3o da CNBB"}]},{"@type":"Person","@id":"https:\/\/franciscanos.org.br\/noticias\/#\/schema\/person\/b38fbf43118f02820bd932f2e4b14ad3","name":"admin","image":{"@type":"ImageObject","inLanguage":"pt-BR","@id":"https:\/\/franciscanos.org.br\/noticias\/#\/schema\/person\/image\/","url":"https:\/\/secure.gravatar.com\/avatar\/e8495742d34d0ba6448ea1c628263b3e?s=96&d=mm&r=g","contentUrl":"https:\/\/secure.gravatar.com\/avatar\/e8495742d34d0ba6448ea1c628263b3e?s=96&d=mm&r=g","caption":"admin"},"url":"https:\/\/franciscanos.org.br\/noticias\/author\/admin"}]}},"_links":{"self":[{"href":"https:\/\/franciscanos.org.br\/noticias\/wp-json\/wp\/v2\/posts\/164215"}],"collection":[{"href":"https:\/\/franciscanos.org.br\/noticias\/wp-json\/wp\/v2\/posts"}],"about":[{"href":"https:\/\/franciscanos.org.br\/noticias\/wp-json\/wp\/v2\/types\/post"}],"author":[{"embeddable":true,"href":"https:\/\/franciscanos.org.br\/noticias\/wp-json\/wp\/v2\/users\/1"}],"replies":[{"embeddable":true,"href":"https:\/\/franciscanos.org.br\/noticias\/wp-json\/wp\/v2\/comments?post=164215"}],"version-history":[{"count":1,"href":"https:\/\/franciscanos.org.br\/noticias\/wp-json\/wp\/v2\/posts\/164215\/revisions"}],"predecessor-version":[{"id":227719,"href":"https:\/\/franciscanos.org.br\/noticias\/wp-json\/wp\/v2\/posts\/164215\/revisions\/227719"}],"wp:featuredmedia":[{"embeddable":true,"href":"https:\/\/franciscanos.org.br\/noticias\/wp-json\/wp\/v2\/media\/199667"}],"wp:attachment":[{"href":"https:\/\/franciscanos.org.br\/noticias\/wp-json\/wp\/v2\/media?parent=164215"}],"wp:term":[{"taxonomy":"category","embeddable":true,"href":"https:\/\/franciscanos.org.br\/noticias\/wp-json\/wp\/v2\/categories?post=164215"},{"taxonomy":"post_tag","embeddable":true,"href":"https:\/\/franciscanos.org.br\/noticias\/wp-json\/wp\/v2\/tags?post=164215"}],"curies":[{"name":"wp","href":"https:\/\/api.w.org\/{rel}","templated":true}]}}