{"id":164211,"date":"2018-06-14T13:51:35","date_gmt":"2018-06-14T16:51:35","guid":{"rendered":"http:\/\/franciscanos.org.br\/?p=164211"},"modified":"2020-06-07T14:43:51","modified_gmt":"2020-06-07T17:43:51","slug":"o-insulto-mata-o-futuro-o-caminho-e-a-reconciliacao","status":"publish","type":"post","link":"https:\/\/franciscanos.org.br\/noticias\/o-insulto-mata-o-futuro-o-caminho-e-a-reconciliacao.html","title":{"rendered":"O insulto mata o futuro. O caminho \u00e9 a reconcilia\u00e7\u00e3o"},"content":{"rendered":"<p><img loading=\"lazy\" src=\"http:\/\/franciscanos.org.br\/wp-content\/uploads\/2017\/01\/marta_270117.jpg\" alt=\"marta_270117\" width=\"830\" height=\"419\" \/><\/p>\n<p><strong>Cidade do Vaticano &#8211;<\/strong> O Papa Francisco celebrou a missa na manh\u00e3 de quinta-feira, 14, na capela da Casa Santa Marta. Em sua homilia, comentou o Evangelho de Mateus, que fala do discurso de Jesus sobre a justi\u00e7a, o insulto e a reconcilia\u00e7\u00e3o.<\/p>\n<p>\u201cProcura reconciliar-te com teu advers\u00e1rio para que n\u00e3o te entregue ao juiz. O juiz te entregar\u00e1 ao oficial de justi\u00e7a, e tu ser\u00e1s jogado na pris\u00e3o.\u201d O convite de Jesus aos disc\u00edpulos, afirmou o Papa, \u00e9 \u201csabedoria humana: sempre \u00e9 melhor um acordo ruim do que um bom julgamento\u201d. O Senhor usa um exemplo de todos os dias para explicar o seu ensinamento de amor, mas vai al\u00e9m e comenta o problema dos insultos\u201d.<\/p>\n<p>Jesus cita insultos \u201cantiquados\u201d. Dizer que o irm\u00e3o \u00e9 \u201cest\u00fapido\u201d ou \u201clouco\u201d leva \u00e0 condena\u00e7\u00e3o. \u201cO Senhor diz: \u2018o insulto n\u00e3o acaba em si mesmo\u2019 \u2013 esclarece o Papa &#8211; \u00e9 uma porta que se abra, \u00e9 come\u00e7ar uma estrada que acabar\u00e1 por matar\u201d. Porque o insulto \u201c\u00e9 o in\u00edcio do assassinato, \u00e9 desqualificar o outro, tirar o direito a ser respeitado, \u00e9 coloc\u00e1-lo de lado, \u00e9 mat\u00e1-lo na sociedade\u201d.<\/p>\n<p><strong>Carnaval de insultos<\/strong><br \/>\nO Papa ent\u00e3o se dirige aos fi\u00e9is, \u201cacostumados a respirar o ar dos insultos\u201d. \u201cDirigir o carro na hora do rush. Ali tem um carnaval de insultos. E as pessoas s\u00e3o criativas para insultar\u201d. E os pequenos insultos que se fazem enquanto dirigimos se tornam, depois, grandes insultos. E o insulto cancela o direito de uma pessoa. \u2018N\u00e3o, n\u00e3o o ou\u00e7a\u2019. \u201cA l\u00e1pide. Essa pessoa n\u00e3o tem mais o direito de falar\u201d, sua voz foi cancelada.<\/p>\n<p>O insulto \u00e9 muito perigoso, explica ainda o Papa, \u201cporque muitas vezes nasce da inveja\u201d. Quando uma pessoa tem uma defici\u00eancia, mental ou f\u00edsica, n\u00e3o me amea\u00e7a, mas mesmo assim temos vontade de insult\u00e1-la.<\/p>\n<p>Mas quando uma pessoa faz algo de que eu n\u00e3o gosto, eu a insulto e a mostro como \u201cdeficiente\u201d: deficiente mental, deficiente social, deficiente familiar, sem capacidade de integra\u00e7\u00e3o \u2026 E por isso mata: mata o futuro de uma pessoa, mata o percurso de uma pessoa. \u00c9 a inveja que abre a porta, porque quando uma pessoa tem algo que me amea\u00e7a, a inveja me leva a insult\u00e1-la. Quase sempre tem inveja ali.<\/p>\n<p><strong>O caminho \u00e9 a reconcilia\u00e7\u00e3o<\/strong><br \/>\nO Livro da Sabedoria, acrescentou o Papa, \u201cnos diz que a morte entrou no mundo por meio da inveja do diabo\u201d. \u00c9 a inveja que traz a morte\u201d. Se dizemos \u201ceu n\u00e3o tenho inveja de ningu\u00e9m\u201c, pensemos bem: \u201caquela inveja est\u00e1 escondida e se n\u00e3o est\u00e1 escondida \u00e9 forte, \u00e9 capaz de nos tornar amarelo, verde, como faz o liquido biliar quando est\u00e1 doente\u201d. Mas Jesus bloqueia este discurso dizendo: \u201cN\u00e3o, isto n\u00e3o se faz\u201d. Se voc\u00ea vai \u00e0 missa, vai rezar e percebe que um dos seus irm\u00e3os tem algo contra voc\u00ea, reconcilie-se.<\/p>\n<p>Jesus \u00e9 assim radical. A reconcilia\u00e7\u00e3o n\u00e3o \u00e9 uma atitude de boas maneiras, n\u00e3o: \u00e9 uma atitude radical, \u00e9 uma atitude que tenta respeitar a dignidade do outro e tamb\u00e9m a minha. Do insulto \u00e0 reconcilia\u00e7\u00e3o, da inveja \u00e0 amizade. Este \u00e9 o percurso que Jesus nos indica hoje.<\/p>\n<p><strong>Jamais insultar<\/strong><br \/>\nO Papa ent\u00e3o concluiu dizendo que hoje nos far\u00e1 bem pensar: \u201cComo eu insulto? Quando eu insulto?\u201d<br \/>\nQuando removo o outro do meu cora\u00e7\u00e3o com um insulto? E ver se ali h\u00e1 aquela raiz amarga da inveja que me leva a querer destruir o outro para evitar a competi\u00e7\u00e3o, a concorr\u00eancia, essas coisas. Isso n\u00e3o \u00e9 f\u00e1cil. Mas pensemos: que belo jamais insultar. \u00c9 belo porque assim deixamos que os outros cres\u00e7am. Que o Senhor nos d\u00ea esta gra\u00e7a.<\/p>\n<hr \/>\n<p><em>Fonte: Vatican News<\/em><\/p>\n","protected":false},"excerpt":{"rendered":"<p>Missa em Santa Marta<\/p>\n","protected":false},"author":1,"featured_media":213048,"comment_status":"open","ping_status":"open","sticky":false,"template":"","format":"standard","meta":[],"categories":[1428],"tags":[1586],"acf":[],"yoast_head":"<!-- This site is optimized with the Yoast SEO plugin v19.2 - https:\/\/yoast.com\/wordpress\/plugins\/seo\/ -->\n<title>O insulto mata o futuro. O caminho \u00e9 a reconcilia\u00e7\u00e3o - Not\u00edcias - Franciscanos<\/title>\n<meta name=\"robots\" content=\"index, follow, max-snippet:-1, max-image-preview:large, max-video-preview:-1\" \/>\n<link rel=\"canonical\" href=\"https:\/\/franciscanos.org.br\/noticias\/o-insulto-mata-o-futuro-o-caminho-e-a-reconciliacao.html\" \/>\n<meta property=\"og:locale\" content=\"pt_BR\" \/>\n<meta property=\"og:type\" content=\"article\" \/>\n<meta property=\"og:title\" content=\"O insulto mata o futuro. O caminho \u00e9 a reconcilia\u00e7\u00e3o - Not\u00edcias - Franciscanos\" \/>\n<meta property=\"og:description\" content=\"Missa em Santa Marta\" \/>\n<meta property=\"og:url\" content=\"https:\/\/franciscanos.org.br\/noticias\/o-insulto-mata-o-futuro-o-caminho-e-a-reconciliacao.html\" \/>\n<meta property=\"og:site_name\" content=\"Not\u00edcias - Franciscanos\" \/>\n<meta property=\"article:published_time\" content=\"2018-06-14T16:51:35+00:00\" \/>\n<meta property=\"article:modified_time\" content=\"2020-06-07T17:43:51+00:00\" \/>\n<meta property=\"og:image\" content=\"https:\/\/franciscanos.org.br\/noticias\/wp-content\/uploads\/2018\/06\/marta_270117.jpg\" \/>\n\t<meta property=\"og:image:width\" content=\"273\" \/>\n\t<meta property=\"og:image:height\" content=\"181\" \/>\n\t<meta property=\"og:image:type\" content=\"image\/jpeg\" \/>\n<meta name=\"author\" content=\"admin\" \/>\n<meta name=\"twitter:card\" content=\"summary_large_image\" \/>\n<meta name=\"twitter:label1\" content=\"Escrito por\" \/>\n\t<meta name=\"twitter:data1\" content=\"admin\" \/>\n\t<meta name=\"twitter:label2\" content=\"Est. tempo de leitura\" \/>\n\t<meta name=\"twitter:data2\" content=\"3 minutos\" \/>\n<script type=\"application\/ld+json\" class=\"yoast-schema-graph\">{\"@context\":\"https:\/\/schema.org\",\"@graph\":[{\"@type\":\"WebSite\",\"@id\":\"https:\/\/franciscanos.org.br\/noticias\/#website\",\"url\":\"https:\/\/franciscanos.org.br\/noticias\/\",\"name\":\"Not\u00edcias - Franciscanos\",\"description\":\"Prov\u00edncia Franciscana da Imaculada Concei\u00e7\u00e3o do Brasil - Ordem dos Frades Menores - OFM\",\"potentialAction\":[{\"@type\":\"SearchAction\",\"target\":{\"@type\":\"EntryPoint\",\"urlTemplate\":\"https:\/\/franciscanos.org.br\/noticias\/?s={search_term_string}\"},\"query-input\":\"required name=search_term_string\"}],\"inLanguage\":\"pt-BR\"},{\"@type\":\"ImageObject\",\"inLanguage\":\"pt-BR\",\"@id\":\"https:\/\/franciscanos.org.br\/noticias\/o-insulto-mata-o-futuro-o-caminho-e-a-reconciliacao.html#primaryimage\",\"url\":\"https:\/\/franciscanos.org.br\/noticias\/wp-content\/uploads\/2018\/06\/marta_270117.jpg\",\"contentUrl\":\"https:\/\/franciscanos.org.br\/noticias\/wp-content\/uploads\/2018\/06\/marta_270117.jpg\",\"width\":273,\"height\":181},{\"@type\":\"WebPage\",\"@id\":\"https:\/\/franciscanos.org.br\/noticias\/o-insulto-mata-o-futuro-o-caminho-e-a-reconciliacao.html#webpage\",\"url\":\"https:\/\/franciscanos.org.br\/noticias\/o-insulto-mata-o-futuro-o-caminho-e-a-reconciliacao.html\",\"name\":\"O insulto mata o futuro. O caminho \u00e9 a reconcilia\u00e7\u00e3o - Not\u00edcias - Franciscanos\",\"isPartOf\":{\"@id\":\"https:\/\/franciscanos.org.br\/noticias\/#website\"},\"primaryImageOfPage\":{\"@id\":\"https:\/\/franciscanos.org.br\/noticias\/o-insulto-mata-o-futuro-o-caminho-e-a-reconciliacao.html#primaryimage\"},\"datePublished\":\"2018-06-14T16:51:35+00:00\",\"dateModified\":\"2020-06-07T17:43:51+00:00\",\"author\":{\"@id\":\"https:\/\/franciscanos.org.br\/noticias\/#\/schema\/person\/b38fbf43118f02820bd932f2e4b14ad3\"},\"breadcrumb\":{\"@id\":\"https:\/\/franciscanos.org.br\/noticias\/o-insulto-mata-o-futuro-o-caminho-e-a-reconciliacao.html#breadcrumb\"},\"inLanguage\":\"pt-BR\",\"potentialAction\":[{\"@type\":\"ReadAction\",\"target\":[\"https:\/\/franciscanos.org.br\/noticias\/o-insulto-mata-o-futuro-o-caminho-e-a-reconciliacao.html\"]}]},{\"@type\":\"BreadcrumbList\",\"@id\":\"https:\/\/franciscanos.org.br\/noticias\/o-insulto-mata-o-futuro-o-caminho-e-a-reconciliacao.html#breadcrumb\",\"itemListElement\":[{\"@type\":\"ListItem\",\"position\":1,\"name\":\"Home\",\"item\":\"https:\/\/franciscanos.org.br\/noticias\"},{\"@type\":\"ListItem\",\"position\":2,\"name\":\"O insulto mata o futuro. O caminho \u00e9 a reconcilia\u00e7\u00e3o\"}]},{\"@type\":\"Person\",\"@id\":\"https:\/\/franciscanos.org.br\/noticias\/#\/schema\/person\/b38fbf43118f02820bd932f2e4b14ad3\",\"name\":\"admin\",\"image\":{\"@type\":\"ImageObject\",\"inLanguage\":\"pt-BR\",\"@id\":\"https:\/\/franciscanos.org.br\/noticias\/#\/schema\/person\/image\/\",\"url\":\"https:\/\/secure.gravatar.com\/avatar\/e8495742d34d0ba6448ea1c628263b3e?s=96&d=mm&r=g\",\"contentUrl\":\"https:\/\/secure.gravatar.com\/avatar\/e8495742d34d0ba6448ea1c628263b3e?s=96&d=mm&r=g\",\"caption\":\"admin\"},\"url\":\"https:\/\/franciscanos.org.br\/noticias\/author\/admin\"}]}<\/script>\n<!-- \/ Yoast SEO plugin. -->","yoast_head_json":{"title":"O insulto mata o futuro. O caminho \u00e9 a reconcilia\u00e7\u00e3o - Not\u00edcias - Franciscanos","robots":{"index":"index","follow":"follow","max-snippet":"max-snippet:-1","max-image-preview":"max-image-preview:large","max-video-preview":"max-video-preview:-1"},"canonical":"https:\/\/franciscanos.org.br\/noticias\/o-insulto-mata-o-futuro-o-caminho-e-a-reconciliacao.html","og_locale":"pt_BR","og_type":"article","og_title":"O insulto mata o futuro. O caminho \u00e9 a reconcilia\u00e7\u00e3o - Not\u00edcias - Franciscanos","og_description":"Missa em Santa Marta","og_url":"https:\/\/franciscanos.org.br\/noticias\/o-insulto-mata-o-futuro-o-caminho-e-a-reconciliacao.html","og_site_name":"Not\u00edcias - Franciscanos","article_published_time":"2018-06-14T16:51:35+00:00","article_modified_time":"2020-06-07T17:43:51+00:00","og_image":[{"width":273,"height":181,"url":"https:\/\/franciscanos.org.br\/noticias\/wp-content\/uploads\/2018\/06\/marta_270117.jpg","type":"image\/jpeg"}],"author":"admin","twitter_card":"summary_large_image","twitter_misc":{"Escrito por":"admin","Est. tempo de leitura":"3 minutos"},"schema":{"@context":"https:\/\/schema.org","@graph":[{"@type":"WebSite","@id":"https:\/\/franciscanos.org.br\/noticias\/#website","url":"https:\/\/franciscanos.org.br\/noticias\/","name":"Not\u00edcias - Franciscanos","description":"Prov\u00edncia Franciscana da Imaculada Concei\u00e7\u00e3o do Brasil - Ordem dos Frades Menores - OFM","potentialAction":[{"@type":"SearchAction","target":{"@type":"EntryPoint","urlTemplate":"https:\/\/franciscanos.org.br\/noticias\/?s={search_term_string}"},"query-input":"required name=search_term_string"}],"inLanguage":"pt-BR"},{"@type":"ImageObject","inLanguage":"pt-BR","@id":"https:\/\/franciscanos.org.br\/noticias\/o-insulto-mata-o-futuro-o-caminho-e-a-reconciliacao.html#primaryimage","url":"https:\/\/franciscanos.org.br\/noticias\/wp-content\/uploads\/2018\/06\/marta_270117.jpg","contentUrl":"https:\/\/franciscanos.org.br\/noticias\/wp-content\/uploads\/2018\/06\/marta_270117.jpg","width":273,"height":181},{"@type":"WebPage","@id":"https:\/\/franciscanos.org.br\/noticias\/o-insulto-mata-o-futuro-o-caminho-e-a-reconciliacao.html#webpage","url":"https:\/\/franciscanos.org.br\/noticias\/o-insulto-mata-o-futuro-o-caminho-e-a-reconciliacao.html","name":"O insulto mata o futuro. O caminho \u00e9 a reconcilia\u00e7\u00e3o - Not\u00edcias - Franciscanos","isPartOf":{"@id":"https:\/\/franciscanos.org.br\/noticias\/#website"},"primaryImageOfPage":{"@id":"https:\/\/franciscanos.org.br\/noticias\/o-insulto-mata-o-futuro-o-caminho-e-a-reconciliacao.html#primaryimage"},"datePublished":"2018-06-14T16:51:35+00:00","dateModified":"2020-06-07T17:43:51+00:00","author":{"@id":"https:\/\/franciscanos.org.br\/noticias\/#\/schema\/person\/b38fbf43118f02820bd932f2e4b14ad3"},"breadcrumb":{"@id":"https:\/\/franciscanos.org.br\/noticias\/o-insulto-mata-o-futuro-o-caminho-e-a-reconciliacao.html#breadcrumb"},"inLanguage":"pt-BR","potentialAction":[{"@type":"ReadAction","target":["https:\/\/franciscanos.org.br\/noticias\/o-insulto-mata-o-futuro-o-caminho-e-a-reconciliacao.html"]}]},{"@type":"BreadcrumbList","@id":"https:\/\/franciscanos.org.br\/noticias\/o-insulto-mata-o-futuro-o-caminho-e-a-reconciliacao.html#breadcrumb","itemListElement":[{"@type":"ListItem","position":1,"name":"Home","item":"https:\/\/franciscanos.org.br\/noticias"},{"@type":"ListItem","position":2,"name":"O insulto mata o futuro. O caminho \u00e9 a reconcilia\u00e7\u00e3o"}]},{"@type":"Person","@id":"https:\/\/franciscanos.org.br\/noticias\/#\/schema\/person\/b38fbf43118f02820bd932f2e4b14ad3","name":"admin","image":{"@type":"ImageObject","inLanguage":"pt-BR","@id":"https:\/\/franciscanos.org.br\/noticias\/#\/schema\/person\/image\/","url":"https:\/\/secure.gravatar.com\/avatar\/e8495742d34d0ba6448ea1c628263b3e?s=96&d=mm&r=g","contentUrl":"https:\/\/secure.gravatar.com\/avatar\/e8495742d34d0ba6448ea1c628263b3e?s=96&d=mm&r=g","caption":"admin"},"url":"https:\/\/franciscanos.org.br\/noticias\/author\/admin"}]}},"_links":{"self":[{"href":"https:\/\/franciscanos.org.br\/noticias\/wp-json\/wp\/v2\/posts\/164211"}],"collection":[{"href":"https:\/\/franciscanos.org.br\/noticias\/wp-json\/wp\/v2\/posts"}],"about":[{"href":"https:\/\/franciscanos.org.br\/noticias\/wp-json\/wp\/v2\/types\/post"}],"author":[{"embeddable":true,"href":"https:\/\/franciscanos.org.br\/noticias\/wp-json\/wp\/v2\/users\/1"}],"replies":[{"embeddable":true,"href":"https:\/\/franciscanos.org.br\/noticias\/wp-json\/wp\/v2\/comments?post=164211"}],"version-history":[{"count":1,"href":"https:\/\/franciscanos.org.br\/noticias\/wp-json\/wp\/v2\/posts\/164211\/revisions"}],"predecessor-version":[{"id":224944,"href":"https:\/\/franciscanos.org.br\/noticias\/wp-json\/wp\/v2\/posts\/164211\/revisions\/224944"}],"wp:featuredmedia":[{"embeddable":true,"href":"https:\/\/franciscanos.org.br\/noticias\/wp-json\/wp\/v2\/media\/213048"}],"wp:attachment":[{"href":"https:\/\/franciscanos.org.br\/noticias\/wp-json\/wp\/v2\/media?parent=164211"}],"wp:term":[{"taxonomy":"category","embeddable":true,"href":"https:\/\/franciscanos.org.br\/noticias\/wp-json\/wp\/v2\/categories?post=164211"},{"taxonomy":"post_tag","embeddable":true,"href":"https:\/\/franciscanos.org.br\/noticias\/wp-json\/wp\/v2\/tags?post=164211"}],"curies":[{"name":"wp","href":"https:\/\/api.w.org\/{rel}","templated":true}]}}