{"id":164157,"date":"2018-06-14T10:50:49","date_gmt":"2018-06-14T13:50:49","guid":{"rendered":"http:\/\/franciscanos.org.br\/?p=164157"},"modified":"2019-02-06T13:55:31","modified_gmt":"2019-02-06T15:55:31","slug":"devocao-e-homenagens-a-santo-antonio-no-convento-da-penha","status":"publish","type":"post","link":"https:\/\/franciscanos.org.br\/noticias\/devocao-e-homenagens-a-santo-antonio-no-convento-da-penha.html","title":{"rendered":"Devo\u00e7\u00e3o e homenagens a Santo Ant\u00f4nio no Convento da Penha"},"content":{"rendered":"<p><img loading=\"lazy\" src=\"http:\/\/franciscanos.org.br\/wp-content\/uploads\/2018\/06\/penha140618-830.jpg\" alt=\"penha140618-830\" width=\"830\" height=\"444\" \/><\/p>\n<p><strong>Vila Velha (ES) &#8211;<\/strong> O dia 13 de junho foi marcado de express\u00f5es de devo\u00e7\u00e3o, carinho e homenagens a Santo Ant\u00f4nio no Convento da Penha, em Vila Velha (ES). Em todas as celebra\u00e7\u00f5es, os devotos participaram de momentos especiais em honra ao \u201cSanto Casamenteiro\u201d. Os cantos lit\u00fargicos, as ora\u00e7\u00f5es, a Ladainha, a b\u00ean\u00e7\u00e3o e distribui\u00e7\u00e3o dos \u201cp\u00e3es de Santo Ant\u00f4nio\u201d, propiciaram muita emo\u00e7\u00e3o e ao mesmo tempo felicidade a todos.<\/p>\n<p>Frei Pedro Oliveira presidiu a Celebra\u00e7\u00e3o Eucar\u00edstica das 9h30, com um bom n\u00famero de pessoas presentes. Ele destacou a import\u00e2ncia da intercess\u00e3o do santo franciscano que \u00e9 muito popular no Brasil e no mundo. Ao falar um pouco da hist\u00f3ria de Santo Ant\u00f4nio, Frei Pedro trouxe a reflex\u00e3o dos valores herdados pela sociedade em geral.<\/p>\n<p>J\u00e1 \u00e0s 15h, no Campinho do Convento, o Frei Paulo Roberto Pereira presidiu a Santa Missa Solene de Santo Ant\u00f4nio. Frei Edvaldo Batista concelebrou a Eucaristia e conduziu a b\u00ean\u00e7\u00e3o dos p\u00e3es e ora\u00e7\u00e3o devocional e Frei Pedro Engel fez a proclama\u00e7\u00e3o do evangelho. Os fi\u00e9is compareceram em grande n\u00famero, enchendo de carinho e de amor o Santu\u00e1rio da Penha.<\/p>\n<p>Na homilia, Frei Paulo Roberto falou a import\u00e2ncia da intimidade da intercess\u00e3o de Santo Ant\u00f4nio. \u201cSanto Ant\u00f4nio \u00e9 o santo do mundo inteiro e para n\u00f3s brasileiros, n\u00f3s o temos como algu\u00e9m de casa. Tanto \u00e9 que chegamos pra ele e falamos com muita liberdade dos nossos problemas mais \u00edntimos.\u201d O Guardi\u00e3o ainda brincou: \u201cOh Santo Antoninho, pelo amor de Deus, ajuda eu achar um bom marido, at\u00e9 isso as mulheres pedem. \u00c9 muita intimidade, \u00e9 muita intimidade, com nenhum outro santo a gente tem isso\u201d, brincou.<\/p>\n<p>\u201cCultivar a intimidade com o Senhor, a exemplo de Santo Ant\u00f4nio. \u00cdntimo, amigo do Menino Deus. A intimidade fecunda com o Senhor. Rezar, encontrar o caminho da ora\u00e7\u00e3o\u2026\u201d, afirmou o frade.<br \/>\nFrei Paulo ainda falou sobre a situa\u00e7\u00e3o pol\u00edtica e social, relacionando a intercess\u00e3o de Santo Ant\u00f4nio para resolu\u00e7\u00e3o das decis\u00f5es que retiram os direitos do trabalhador e dos pobres.<\/p>\n<p>Confira a homilia de Frei Paulo na \u00edntegra:<\/p>\n<p><iframe loading=\"lazy\" src=\"https:\/\/www.youtube.com\/embed\/mvyIU8rhjX4\" width=\"100%\" height=\"420\" frameborder=\"0\" allowfullscreen=\"allowfullscreen\"><\/iframe><\/p>\n\n<p>Fonte: Site do Convento da Penha<\/p>\n","protected":false},"excerpt":{"rendered":"<p>Vila Velha<\/p>\n","protected":false},"author":1,"featured_media":199618,"comment_status":"open","ping_status":"open","sticky":false,"template":"","format":"standard","meta":[],"categories":[1],"tags":[280],"acf":[],"yoast_head":"<!-- This site is optimized with the Yoast SEO plugin v19.2 - https:\/\/yoast.com\/wordpress\/plugins\/seo\/ -->\n<title>Devo\u00e7\u00e3o e homenagens a Santo Ant\u00f4nio no Convento da Penha - Not\u00edcias - Franciscanos<\/title>\n<meta name=\"robots\" content=\"index, follow, max-snippet:-1, max-image-preview:large, max-video-preview:-1\" \/>\n<link rel=\"canonical\" href=\"https:\/\/franciscanos.org.br\/noticias\/devocao-e-homenagens-a-santo-antonio-no-convento-da-penha.html\" \/>\n<meta property=\"og:locale\" content=\"pt_BR\" \/>\n<meta property=\"og:type\" content=\"article\" \/>\n<meta property=\"og:title\" content=\"Devo\u00e7\u00e3o e homenagens a Santo Ant\u00f4nio no Convento da Penha - Not\u00edcias - Franciscanos\" \/>\n<meta property=\"og:description\" content=\"Vila Velha\" \/>\n<meta property=\"og:url\" content=\"https:\/\/franciscanos.org.br\/noticias\/devocao-e-homenagens-a-santo-antonio-no-convento-da-penha.html\" \/>\n<meta property=\"og:site_name\" content=\"Not\u00edcias - Franciscanos\" \/>\n<meta property=\"article:published_time\" content=\"2018-06-14T13:50:49+00:00\" \/>\n<meta property=\"article:modified_time\" content=\"2019-02-06T15:55:31+00:00\" \/>\n<meta property=\"og:image\" content=\"https:\/\/franciscanos.org.br\/noticias\/wp-content\/uploads\/2018\/06\/penha140618-830.jpg\" \/>\n\t<meta property=\"og:image:width\" content=\"273\" \/>\n\t<meta property=\"og:image:height\" content=\"181\" \/>\n\t<meta property=\"og:image:type\" content=\"image\/jpeg\" \/>\n<meta name=\"author\" content=\"admin\" \/>\n<meta name=\"twitter:card\" content=\"summary_large_image\" \/>\n<meta name=\"twitter:label1\" content=\"Escrito por\" \/>\n\t<meta name=\"twitter:data1\" content=\"admin\" \/>\n\t<meta name=\"twitter:label2\" content=\"Est. tempo de leitura\" \/>\n\t<meta name=\"twitter:data2\" content=\"2 minutos\" \/>\n<script type=\"application\/ld+json\" class=\"yoast-schema-graph\">{\"@context\":\"https:\/\/schema.org\",\"@graph\":[{\"@type\":\"WebSite\",\"@id\":\"https:\/\/franciscanos.org.br\/noticias\/#website\",\"url\":\"https:\/\/franciscanos.org.br\/noticias\/\",\"name\":\"Not\u00edcias - Franciscanos\",\"description\":\"Prov\u00edncia Franciscana da Imaculada Concei\u00e7\u00e3o do Brasil - Ordem dos Frades Menores - OFM\",\"potentialAction\":[{\"@type\":\"SearchAction\",\"target\":{\"@type\":\"EntryPoint\",\"urlTemplate\":\"https:\/\/franciscanos.org.br\/noticias\/?s={search_term_string}\"},\"query-input\":\"required name=search_term_string\"}],\"inLanguage\":\"pt-BR\"},{\"@type\":\"ImageObject\",\"inLanguage\":\"pt-BR\",\"@id\":\"https:\/\/franciscanos.org.br\/noticias\/devocao-e-homenagens-a-santo-antonio-no-convento-da-penha.html#primaryimage\",\"url\":\"https:\/\/franciscanos.org.br\/noticias\/wp-content\/uploads\/2018\/06\/penha140618-830.jpg\",\"contentUrl\":\"https:\/\/franciscanos.org.br\/noticias\/wp-content\/uploads\/2018\/06\/penha140618-830.jpg\",\"width\":273,\"height\":181},{\"@type\":\"WebPage\",\"@id\":\"https:\/\/franciscanos.org.br\/noticias\/devocao-e-homenagens-a-santo-antonio-no-convento-da-penha.html#webpage\",\"url\":\"https:\/\/franciscanos.org.br\/noticias\/devocao-e-homenagens-a-santo-antonio-no-convento-da-penha.html\",\"name\":\"Devo\u00e7\u00e3o e homenagens a Santo Ant\u00f4nio no Convento da Penha - Not\u00edcias - Franciscanos\",\"isPartOf\":{\"@id\":\"https:\/\/franciscanos.org.br\/noticias\/#website\"},\"primaryImageOfPage\":{\"@id\":\"https:\/\/franciscanos.org.br\/noticias\/devocao-e-homenagens-a-santo-antonio-no-convento-da-penha.html#primaryimage\"},\"datePublished\":\"2018-06-14T13:50:49+00:00\",\"dateModified\":\"2019-02-06T15:55:31+00:00\",\"author\":{\"@id\":\"https:\/\/franciscanos.org.br\/noticias\/#\/schema\/person\/b38fbf43118f02820bd932f2e4b14ad3\"},\"breadcrumb\":{\"@id\":\"https:\/\/franciscanos.org.br\/noticias\/devocao-e-homenagens-a-santo-antonio-no-convento-da-penha.html#breadcrumb\"},\"inLanguage\":\"pt-BR\",\"potentialAction\":[{\"@type\":\"ReadAction\",\"target\":[\"https:\/\/franciscanos.org.br\/noticias\/devocao-e-homenagens-a-santo-antonio-no-convento-da-penha.html\"]}]},{\"@type\":\"BreadcrumbList\",\"@id\":\"https:\/\/franciscanos.org.br\/noticias\/devocao-e-homenagens-a-santo-antonio-no-convento-da-penha.html#breadcrumb\",\"itemListElement\":[{\"@type\":\"ListItem\",\"position\":1,\"name\":\"Home\",\"item\":\"https:\/\/franciscanos.org.br\/noticias\"},{\"@type\":\"ListItem\",\"position\":2,\"name\":\"Devo\u00e7\u00e3o e homenagens a Santo Ant\u00f4nio no Convento da Penha\"}]},{\"@type\":\"Person\",\"@id\":\"https:\/\/franciscanos.org.br\/noticias\/#\/schema\/person\/b38fbf43118f02820bd932f2e4b14ad3\",\"name\":\"admin\",\"image\":{\"@type\":\"ImageObject\",\"inLanguage\":\"pt-BR\",\"@id\":\"https:\/\/franciscanos.org.br\/noticias\/#\/schema\/person\/image\/\",\"url\":\"https:\/\/secure.gravatar.com\/avatar\/e8495742d34d0ba6448ea1c628263b3e?s=96&d=mm&r=g\",\"contentUrl\":\"https:\/\/secure.gravatar.com\/avatar\/e8495742d34d0ba6448ea1c628263b3e?s=96&d=mm&r=g\",\"caption\":\"admin\"},\"url\":\"https:\/\/franciscanos.org.br\/noticias\/author\/admin\"}]}<\/script>\n<!-- \/ Yoast SEO plugin. -->","yoast_head_json":{"title":"Devo\u00e7\u00e3o e homenagens a Santo Ant\u00f4nio no Convento da Penha - Not\u00edcias - Franciscanos","robots":{"index":"index","follow":"follow","max-snippet":"max-snippet:-1","max-image-preview":"max-image-preview:large","max-video-preview":"max-video-preview:-1"},"canonical":"https:\/\/franciscanos.org.br\/noticias\/devocao-e-homenagens-a-santo-antonio-no-convento-da-penha.html","og_locale":"pt_BR","og_type":"article","og_title":"Devo\u00e7\u00e3o e homenagens a Santo Ant\u00f4nio no Convento da Penha - Not\u00edcias - Franciscanos","og_description":"Vila Velha","og_url":"https:\/\/franciscanos.org.br\/noticias\/devocao-e-homenagens-a-santo-antonio-no-convento-da-penha.html","og_site_name":"Not\u00edcias - Franciscanos","article_published_time":"2018-06-14T13:50:49+00:00","article_modified_time":"2019-02-06T15:55:31+00:00","og_image":[{"width":273,"height":181,"url":"https:\/\/franciscanos.org.br\/noticias\/wp-content\/uploads\/2018\/06\/penha140618-830.jpg","type":"image\/jpeg"}],"author":"admin","twitter_card":"summary_large_image","twitter_misc":{"Escrito por":"admin","Est. tempo de leitura":"2 minutos"},"schema":{"@context":"https:\/\/schema.org","@graph":[{"@type":"WebSite","@id":"https:\/\/franciscanos.org.br\/noticias\/#website","url":"https:\/\/franciscanos.org.br\/noticias\/","name":"Not\u00edcias - Franciscanos","description":"Prov\u00edncia Franciscana da Imaculada Concei\u00e7\u00e3o do Brasil - Ordem dos Frades Menores - OFM","potentialAction":[{"@type":"SearchAction","target":{"@type":"EntryPoint","urlTemplate":"https:\/\/franciscanos.org.br\/noticias\/?s={search_term_string}"},"query-input":"required name=search_term_string"}],"inLanguage":"pt-BR"},{"@type":"ImageObject","inLanguage":"pt-BR","@id":"https:\/\/franciscanos.org.br\/noticias\/devocao-e-homenagens-a-santo-antonio-no-convento-da-penha.html#primaryimage","url":"https:\/\/franciscanos.org.br\/noticias\/wp-content\/uploads\/2018\/06\/penha140618-830.jpg","contentUrl":"https:\/\/franciscanos.org.br\/noticias\/wp-content\/uploads\/2018\/06\/penha140618-830.jpg","width":273,"height":181},{"@type":"WebPage","@id":"https:\/\/franciscanos.org.br\/noticias\/devocao-e-homenagens-a-santo-antonio-no-convento-da-penha.html#webpage","url":"https:\/\/franciscanos.org.br\/noticias\/devocao-e-homenagens-a-santo-antonio-no-convento-da-penha.html","name":"Devo\u00e7\u00e3o e homenagens a Santo Ant\u00f4nio no Convento da Penha - Not\u00edcias - Franciscanos","isPartOf":{"@id":"https:\/\/franciscanos.org.br\/noticias\/#website"},"primaryImageOfPage":{"@id":"https:\/\/franciscanos.org.br\/noticias\/devocao-e-homenagens-a-santo-antonio-no-convento-da-penha.html#primaryimage"},"datePublished":"2018-06-14T13:50:49+00:00","dateModified":"2019-02-06T15:55:31+00:00","author":{"@id":"https:\/\/franciscanos.org.br\/noticias\/#\/schema\/person\/b38fbf43118f02820bd932f2e4b14ad3"},"breadcrumb":{"@id":"https:\/\/franciscanos.org.br\/noticias\/devocao-e-homenagens-a-santo-antonio-no-convento-da-penha.html#breadcrumb"},"inLanguage":"pt-BR","potentialAction":[{"@type":"ReadAction","target":["https:\/\/franciscanos.org.br\/noticias\/devocao-e-homenagens-a-santo-antonio-no-convento-da-penha.html"]}]},{"@type":"BreadcrumbList","@id":"https:\/\/franciscanos.org.br\/noticias\/devocao-e-homenagens-a-santo-antonio-no-convento-da-penha.html#breadcrumb","itemListElement":[{"@type":"ListItem","position":1,"name":"Home","item":"https:\/\/franciscanos.org.br\/noticias"},{"@type":"ListItem","position":2,"name":"Devo\u00e7\u00e3o e homenagens a Santo Ant\u00f4nio no Convento da Penha"}]},{"@type":"Person","@id":"https:\/\/franciscanos.org.br\/noticias\/#\/schema\/person\/b38fbf43118f02820bd932f2e4b14ad3","name":"admin","image":{"@type":"ImageObject","inLanguage":"pt-BR","@id":"https:\/\/franciscanos.org.br\/noticias\/#\/schema\/person\/image\/","url":"https:\/\/secure.gravatar.com\/avatar\/e8495742d34d0ba6448ea1c628263b3e?s=96&d=mm&r=g","contentUrl":"https:\/\/secure.gravatar.com\/avatar\/e8495742d34d0ba6448ea1c628263b3e?s=96&d=mm&r=g","caption":"admin"},"url":"https:\/\/franciscanos.org.br\/noticias\/author\/admin"}]}},"_links":{"self":[{"href":"https:\/\/franciscanos.org.br\/noticias\/wp-json\/wp\/v2\/posts\/164157"}],"collection":[{"href":"https:\/\/franciscanos.org.br\/noticias\/wp-json\/wp\/v2\/posts"}],"about":[{"href":"https:\/\/franciscanos.org.br\/noticias\/wp-json\/wp\/v2\/types\/post"}],"author":[{"embeddable":true,"href":"https:\/\/franciscanos.org.br\/noticias\/wp-json\/wp\/v2\/users\/1"}],"replies":[{"embeddable":true,"href":"https:\/\/franciscanos.org.br\/noticias\/wp-json\/wp\/v2\/comments?post=164157"}],"version-history":[{"count":0,"href":"https:\/\/franciscanos.org.br\/noticias\/wp-json\/wp\/v2\/posts\/164157\/revisions"}],"wp:featuredmedia":[{"embeddable":true,"href":"https:\/\/franciscanos.org.br\/noticias\/wp-json\/wp\/v2\/media\/199618"}],"wp:attachment":[{"href":"https:\/\/franciscanos.org.br\/noticias\/wp-json\/wp\/v2\/media?parent=164157"}],"wp:term":[{"taxonomy":"category","embeddable":true,"href":"https:\/\/franciscanos.org.br\/noticias\/wp-json\/wp\/v2\/categories?post=164157"},{"taxonomy":"post_tag","embeddable":true,"href":"https:\/\/franciscanos.org.br\/noticias\/wp-json\/wp\/v2\/tags?post=164157"}],"curies":[{"name":"wp","href":"https:\/\/api.w.org\/{rel}","templated":true}]}}