{"id":164078,"date":"2018-06-14T02:50:57","date_gmt":"2018-06-14T05:50:57","guid":{"rendered":"http:\/\/franciscanos.org.br\/?p=164078"},"modified":"2020-08-10T14:43:15","modified_gmt":"2020-08-10T17:43:15","slug":"santo-antonio-exemplo-de-vida-e-santidade","status":"publish","type":"post","link":"https:\/\/franciscanos.org.br\/noticias\/santo-antonio-exemplo-de-vida-e-santidade.html","title":{"rendered":"Santo Ant\u00f4nio: exemplo de vida e santidade"},"content":{"rendered":"<p><img loading=\"lazy\" src=\"http:\/\/franciscanos.org.br\/wp-content\/uploads\/2018\/06\/pari_130618.jpg\" alt=\"pari_130618\" width=\"830\" height=\"400\" \/><\/p>\n<p><strong>Frei Augusto Luiz Gabriel<\/strong><\/p>\n<p><strong>S\u00e3o Paulo (SP) \u2013<\/strong> A 104\u00aa festa de Santo Ant\u00f4nio do Pari come\u00e7ou cedo na Par\u00f3quia do Pari em S\u00e3o Paulo (SP). Desde \u00e0s 6 horas da manh\u00e3 as portas da Igreja j\u00e1 estavam abertas e acolhiam os primeiros devotos que vinham de longe e de perto para homenagear o padroeiro. Ao todo, 10 Celebra\u00e7\u00f5es Eucar\u00edsticas foram realizadas, al\u00e9m de b\u00ean\u00e7\u00e3os dos freis durante todo o dia, da distribui\u00e7\u00e3o dos p\u00e3es e da vendo do famoso bolo de Santo Ant\u00f4nio. Dia cheio, que culminou com uma linda prociss\u00e3o com Santo Ant\u00f4nio pelas ruas do bairro do Pari. E, para fechar com chave de ouro, uma calorosa explos\u00e3o de fogos de artif\u00edcios iluminaram a noite e revigoraram ainda mais a f\u00e9 e a devo\u00e7\u00e3o ao santo.<\/p>\n<p>O tema da Trezena deste ano foi: \u201cSanto Ant\u00f4nio: exemplo de vida e santidade\u201d. A Trezena e o dia 13 de junho s\u00e3o os melhores momentos para prestar homenagem a Santo Ant\u00f4nio, este santo t\u00e3o querido do povo brasileiro, e a forma correta de cultu\u00e1-lo ser\u00e1 a imita\u00e7\u00e3o de sua vida: pregar a f\u00e9, realiz\u00e1-la atrav\u00e9s de atos em benef\u00edcio ao pr\u00f3ximo, isentos de crendice, e sem o objetivo \u00fanico do lucro material. A figura de Santo Ant\u00f4nio dever\u00e1 ser um apelo a um trabalho melhor, a um comportamento mais humano e menos ego\u00edsta. Esse \u00e9 o culto que deve ser dedicado ao Santo, esse foi seu modo de viver.<\/p>\n<p><strong>ANT\u00d4NIO CONTINUA NO PARI<\/strong><\/p>\n<p><img loading=\"lazy\" src=\"http:\/\/franciscanos.org.br\/wp-content\/uploads\/2018\/06\/pari_130618_1.jpg\" alt=\"pari_130618_1\" width=\"830\" height=\"500\" \/><\/p>\n<p>A solene Celebra\u00e7\u00e3o Eucar\u00edstica das 19h30 foi presidida pelo p\u00e1roco Frei Germano Guesser, e concelebrada por Frei Jos\u00e9 Francisco de C\u00e1ssia dos Santos, Frei J\u00eaa Paulo Andrade e pelo pregador da Trezena deste ano, Frei Clauzemir Makximovitz, a quem coube a reflex\u00e3o tamb\u00e9m deste dia. A Igreja, assim como em todas as outras missas do dia, esteve cheia e o movimento foi intenso o tempo todo.<\/p>\n<p>Em suas reflex\u00f5es Frei Clauzemir destacou que neste dia 13 de junho n\u00e3o se celebra apenas a f\u00e9 de crist\u00e3os e cat\u00f3licos, nem muito menos um mera devo\u00e7\u00e3o a um santo portugu\u00eas de nascen\u00e7a mas que morreu na It\u00e1lia h\u00e1 quase 800 anos. Mas sim, celebra-se a vida.<\/p>\n<p><img loading=\"lazy\" class=\"wp-image-227720 size-full alignleft\" src=\"https:\/\/franciscanos.org.br\/noticias\/wp-content\/uploads\/2018\/06\/clauzemir.jpg\" alt=\"\" width=\"400\" height=\"454\" srcset=\"https:\/\/franciscanos.org.br\/noticias\/wp-content\/uploads\/2018\/06\/clauzemir.jpg 400w, https:\/\/franciscanos.org.br\/noticias\/wp-content\/uploads\/2018\/06\/clauzemir-396x450.jpg 396w, https:\/\/franciscanos.org.br\/noticias\/wp-content\/uploads\/2018\/06\/clauzemir-150x170.jpg 150w\" sizes=\"(max-width: 400px) 100vw, 400px\" \/>Segundo ele, a devo\u00e7\u00e3o a Santo Ant\u00f4nio n\u00e3o s\u00f3 fez e faz parte de nossa vida, como tamb\u00e9m colaborou para sermos quem n\u00f3s somos hoje. \u201cPrimeiro que n\u00e3o comemoramos um Santo estranho, desconhecido, algu\u00e9m cuja vida se esconde entre o mist\u00e9rio e o respeitoso temor. Comemoramos algu\u00e9m que desde sempre est\u00e1 presente em nossas vidas. Algu\u00e9m a quem recorremos! Algu\u00e9m, n\u00e3o uma coisa! E como Santo Ant\u00f4nio est\u00e1 presente em nossas vidas!\u201d, destacou o jovem frade que atualmente reside em Lages (SC).<\/p>\n<p>Para ele, celebrar Santo Ant\u00f4nio do Pari, \u00e9 celebrar um santo que marcou e marca a vida de muitas pessoas. \u201c\u00c9 aqui que ele continua significando tanto a cada um de n\u00f3s. Quantos aqui lembram o tempo em que esse bairro n\u00e3o era quase que exclusivamente comercial, mas era lar de tantas e tantas fam\u00edlias que fundaram essa igreja aqui no Pari! Lembram do tempo em que o Col\u00e9gio Santo Ant\u00f4nio era extens\u00e3o dessa Igreja, e dessa comunidade! Uma grande fam\u00edlia que procurava caminhar unida, aqui neste ch\u00e3o, sob as b\u00ean\u00e7\u00e3os de Ant\u00f4nio, de Santo Ant\u00f4nio do Pari\u201d, mencionou o frade.<\/p>\n<p>Frei Clauzemir mencionou que, atualmente, a miss\u00e3o do bairro do Pari pode at\u00e9 ter mudado, por\u00e9m Ant\u00f4nio continua mais vivo do que nunca, intercedendo e velando, acolhendo, amparando e socorrendo os mais necessitados. O frade continuou sua reflex\u00e3o dizendo que a forma como se mant\u00e9m a devo\u00e7\u00e3o diz muito de quem se \u00e9 de verdade. \u201cA forma como nos relacionamos com Deus, de um modo ou de outro, contribui para definir quem somos\u201d, frisou.<\/p>\n<p>Frei Clauzemir concluiu sua homilia dizendo: \u201cQuem tem medo de Deus n\u00e3o consegue ser crist\u00e3o! Quem tem medo de Deus n\u00e3o \u00e9 devoto de Santo Ant\u00f4nio, cuja vida foi um sim ao chamado amoroso de Deus! Ant\u00f4nio e os santos intercedem a Deus por n\u00f3s n\u00e3o porque o cora\u00e7\u00e3o de Deus precisa ser \u201camolecido\u201d para que Ele atenda nossos pedidos, pelo contr\u00e1rio! A devo\u00e7\u00e3o a Santo Ant\u00f4nio nos ensina como \u00e9 poss\u00edvel, como tem sentido viver muito, mas muito pr\u00f3ximo mesmo de Deus, a ponto de O sentirmos e experienciarmos em cada momento de nossa vida! As devo\u00e7\u00f5es a Ant\u00f4nio apenas fazem nos lembrar que Deus, Ele mesmo, nos ouve e se preocupa conosco, porque nos ama\u201d.<\/p>\n<p>\u201cQue cada vez mais possamos encontrar for\u00e7as nesse Deus sempre presente para transformarmos o mundo num lugar melhor! Que Santo Ant\u00f4nio, de P\u00e1dua, de Lisboa, do Pari e do mundo todo, nos ensine a vivermos para Deus! Am\u00e9m!\u201d, finalizou.<\/p>\n<p><strong>AGRADECIMENTOS<\/strong><\/p>\n<p><img loading=\"lazy\" src=\"http:\/\/franciscanos.org.br\/wp-content\/uploads\/2018\/06\/pari_130618_3.jpg\" alt=\"pari_130618_3\" width=\"830\" height=\"500\" \/><\/p>\n<p>Frei Germano agradeceu a equipe de liturgia e tamb\u00e9m ao sr. Nilton, que deu vida novamente ao \u00f3rg\u00e3o que fica no coro, e h\u00e1 algum tempo estava parado. Agradeceu imensamente a comiss\u00e3o da festa e todas as pessoas que assumiram diversas frentes de trabalho. \u201cMuitos agora est\u00e3o cansados, mas tenho certeza que foi um dia aben\u00e7oado por Deus\u201d, destacou o p\u00e1roco. Agradeceu tamb\u00e9m ao Frei Clauzemir, pregador da Trezena, e ao Frei J\u00eaa que veio de Guaratinguet\u00e1 com os futuros frades, hoje postulantes, e que ajudaram na realiza\u00e7\u00e3o da festa. \u201cMuito e muito obrigado\u201d, disse Frei Germano.<\/p>\n<p><strong>PROCISS\u00c3O DE SANTO ANT\u00d4NIO<\/strong><\/p>\n<p>Ap\u00f3s a b\u00ean\u00e7\u00e3o final, grande parte dos participantes da Missa seguiu em prociss\u00e3o por algumas ruas e arredores da Par\u00f3quia do Pari. Cantando e rezando, os frades e devotos deixaram ecos de Santo Ant\u00f4nio e do carisma franciscano, marcado na cidade. A imagem de Santo Ant\u00f4nio foi a frente levada em uma carro. A grande festa terminou com a tradicional queima de fogos.<\/p>\n","protected":false},"excerpt":{"rendered":"<p>Dia de Santo Ant\u00f4nio no Pari<\/p>\n","protected":false},"author":5,"featured_media":199617,"comment_status":"open","ping_status":"open","sticky":false,"template":"","format":"standard","meta":[],"categories":[1],"tags":[585,287],"acf":[],"yoast_head":"<!-- This site is optimized with the Yoast SEO plugin v19.2 - https:\/\/yoast.com\/wordpress\/plugins\/seo\/ -->\n<title>Santo Ant\u00f4nio: exemplo de vida e santidade - Not\u00edcias - Franciscanos<\/title>\n<meta name=\"robots\" content=\"index, follow, max-snippet:-1, max-image-preview:large, max-video-preview:-1\" \/>\n<link rel=\"canonical\" href=\"https:\/\/franciscanos.org.br\/noticias\/santo-antonio-exemplo-de-vida-e-santidade.html\" \/>\n<meta property=\"og:locale\" content=\"pt_BR\" \/>\n<meta property=\"og:type\" content=\"article\" \/>\n<meta property=\"og:title\" content=\"Santo Ant\u00f4nio: exemplo de vida e santidade - Not\u00edcias - Franciscanos\" \/>\n<meta property=\"og:description\" content=\"Dia de Santo Ant\u00f4nio no Pari\" \/>\n<meta property=\"og:url\" content=\"https:\/\/franciscanos.org.br\/noticias\/santo-antonio-exemplo-de-vida-e-santidade.html\" \/>\n<meta property=\"og:site_name\" content=\"Not\u00edcias - Franciscanos\" \/>\n<meta property=\"article:published_time\" content=\"2018-06-14T05:50:57+00:00\" \/>\n<meta property=\"article:modified_time\" content=\"2020-08-10T17:43:15+00:00\" \/>\n<meta property=\"og:image\" content=\"https:\/\/franciscanos.org.br\/noticias\/wp-content\/uploads\/2018\/06\/pari_130618.jpg\" \/>\n\t<meta property=\"og:image:width\" content=\"273\" \/>\n\t<meta property=\"og:image:height\" content=\"181\" \/>\n\t<meta property=\"og:image:type\" content=\"image\/jpeg\" \/>\n<meta name=\"author\" content=\"freiaugusto\" \/>\n<meta name=\"twitter:card\" content=\"summary_large_image\" \/>\n<meta name=\"twitter:label1\" content=\"Escrito por\" \/>\n\t<meta name=\"twitter:data1\" content=\"freiaugusto\" \/>\n\t<meta name=\"twitter:label2\" content=\"Est. tempo de leitura\" \/>\n\t<meta name=\"twitter:data2\" content=\"5 minutos\" \/>\n<script type=\"application\/ld+json\" class=\"yoast-schema-graph\">{\"@context\":\"https:\/\/schema.org\",\"@graph\":[{\"@type\":\"WebSite\",\"@id\":\"https:\/\/franciscanos.org.br\/noticias\/#website\",\"url\":\"https:\/\/franciscanos.org.br\/noticias\/\",\"name\":\"Not\u00edcias - Franciscanos\",\"description\":\"Prov\u00edncia Franciscana da Imaculada Concei\u00e7\u00e3o do Brasil - Ordem dos Frades Menores - OFM\",\"potentialAction\":[{\"@type\":\"SearchAction\",\"target\":{\"@type\":\"EntryPoint\",\"urlTemplate\":\"https:\/\/franciscanos.org.br\/noticias\/?s={search_term_string}\"},\"query-input\":\"required name=search_term_string\"}],\"inLanguage\":\"pt-BR\"},{\"@type\":\"ImageObject\",\"inLanguage\":\"pt-BR\",\"@id\":\"https:\/\/franciscanos.org.br\/noticias\/santo-antonio-exemplo-de-vida-e-santidade.html#primaryimage\",\"url\":\"https:\/\/franciscanos.org.br\/noticias\/wp-content\/uploads\/2018\/06\/pari_130618.jpg\",\"contentUrl\":\"https:\/\/franciscanos.org.br\/noticias\/wp-content\/uploads\/2018\/06\/pari_130618.jpg\",\"width\":273,\"height\":181},{\"@type\":\"WebPage\",\"@id\":\"https:\/\/franciscanos.org.br\/noticias\/santo-antonio-exemplo-de-vida-e-santidade.html#webpage\",\"url\":\"https:\/\/franciscanos.org.br\/noticias\/santo-antonio-exemplo-de-vida-e-santidade.html\",\"name\":\"Santo Ant\u00f4nio: exemplo de vida e santidade - Not\u00edcias - Franciscanos\",\"isPartOf\":{\"@id\":\"https:\/\/franciscanos.org.br\/noticias\/#website\"},\"primaryImageOfPage\":{\"@id\":\"https:\/\/franciscanos.org.br\/noticias\/santo-antonio-exemplo-de-vida-e-santidade.html#primaryimage\"},\"datePublished\":\"2018-06-14T05:50:57+00:00\",\"dateModified\":\"2020-08-10T17:43:15+00:00\",\"author\":{\"@id\":\"https:\/\/franciscanos.org.br\/noticias\/#\/schema\/person\/37f88f0d111cd5358b12a6556a99eb91\"},\"breadcrumb\":{\"@id\":\"https:\/\/franciscanos.org.br\/noticias\/santo-antonio-exemplo-de-vida-e-santidade.html#breadcrumb\"},\"inLanguage\":\"pt-BR\",\"potentialAction\":[{\"@type\":\"ReadAction\",\"target\":[\"https:\/\/franciscanos.org.br\/noticias\/santo-antonio-exemplo-de-vida-e-santidade.html\"]}]},{\"@type\":\"BreadcrumbList\",\"@id\":\"https:\/\/franciscanos.org.br\/noticias\/santo-antonio-exemplo-de-vida-e-santidade.html#breadcrumb\",\"itemListElement\":[{\"@type\":\"ListItem\",\"position\":1,\"name\":\"Home\",\"item\":\"https:\/\/franciscanos.org.br\/noticias\"},{\"@type\":\"ListItem\",\"position\":2,\"name\":\"Santo Ant\u00f4nio: exemplo de vida e santidade\"}]},{\"@type\":\"Person\",\"@id\":\"https:\/\/franciscanos.org.br\/noticias\/#\/schema\/person\/37f88f0d111cd5358b12a6556a99eb91\",\"name\":\"freiaugusto\",\"image\":{\"@type\":\"ImageObject\",\"inLanguage\":\"pt-BR\",\"@id\":\"https:\/\/franciscanos.org.br\/noticias\/#\/schema\/person\/image\/\",\"url\":\"https:\/\/secure.gravatar.com\/avatar\/9840b940e621801b24f3e6b059efb4b7?s=96&d=mm&r=g\",\"contentUrl\":\"https:\/\/secure.gravatar.com\/avatar\/9840b940e621801b24f3e6b059efb4b7?s=96&d=mm&r=g\",\"caption\":\"freiaugusto\"},\"url\":\"https:\/\/franciscanos.org.br\/noticias\/author\/freiaugusto\"}]}<\/script>\n<!-- \/ Yoast SEO plugin. -->","yoast_head_json":{"title":"Santo Ant\u00f4nio: exemplo de vida e santidade - Not\u00edcias - Franciscanos","robots":{"index":"index","follow":"follow","max-snippet":"max-snippet:-1","max-image-preview":"max-image-preview:large","max-video-preview":"max-video-preview:-1"},"canonical":"https:\/\/franciscanos.org.br\/noticias\/santo-antonio-exemplo-de-vida-e-santidade.html","og_locale":"pt_BR","og_type":"article","og_title":"Santo Ant\u00f4nio: exemplo de vida e santidade - Not\u00edcias - Franciscanos","og_description":"Dia de Santo Ant\u00f4nio no Pari","og_url":"https:\/\/franciscanos.org.br\/noticias\/santo-antonio-exemplo-de-vida-e-santidade.html","og_site_name":"Not\u00edcias - Franciscanos","article_published_time":"2018-06-14T05:50:57+00:00","article_modified_time":"2020-08-10T17:43:15+00:00","og_image":[{"width":273,"height":181,"url":"https:\/\/franciscanos.org.br\/noticias\/wp-content\/uploads\/2018\/06\/pari_130618.jpg","type":"image\/jpeg"}],"author":"freiaugusto","twitter_card":"summary_large_image","twitter_misc":{"Escrito por":"freiaugusto","Est. tempo de leitura":"5 minutos"},"schema":{"@context":"https:\/\/schema.org","@graph":[{"@type":"WebSite","@id":"https:\/\/franciscanos.org.br\/noticias\/#website","url":"https:\/\/franciscanos.org.br\/noticias\/","name":"Not\u00edcias - Franciscanos","description":"Prov\u00edncia Franciscana da Imaculada Concei\u00e7\u00e3o do Brasil - Ordem dos Frades Menores - OFM","potentialAction":[{"@type":"SearchAction","target":{"@type":"EntryPoint","urlTemplate":"https:\/\/franciscanos.org.br\/noticias\/?s={search_term_string}"},"query-input":"required name=search_term_string"}],"inLanguage":"pt-BR"},{"@type":"ImageObject","inLanguage":"pt-BR","@id":"https:\/\/franciscanos.org.br\/noticias\/santo-antonio-exemplo-de-vida-e-santidade.html#primaryimage","url":"https:\/\/franciscanos.org.br\/noticias\/wp-content\/uploads\/2018\/06\/pari_130618.jpg","contentUrl":"https:\/\/franciscanos.org.br\/noticias\/wp-content\/uploads\/2018\/06\/pari_130618.jpg","width":273,"height":181},{"@type":"WebPage","@id":"https:\/\/franciscanos.org.br\/noticias\/santo-antonio-exemplo-de-vida-e-santidade.html#webpage","url":"https:\/\/franciscanos.org.br\/noticias\/santo-antonio-exemplo-de-vida-e-santidade.html","name":"Santo Ant\u00f4nio: exemplo de vida e santidade - Not\u00edcias - Franciscanos","isPartOf":{"@id":"https:\/\/franciscanos.org.br\/noticias\/#website"},"primaryImageOfPage":{"@id":"https:\/\/franciscanos.org.br\/noticias\/santo-antonio-exemplo-de-vida-e-santidade.html#primaryimage"},"datePublished":"2018-06-14T05:50:57+00:00","dateModified":"2020-08-10T17:43:15+00:00","author":{"@id":"https:\/\/franciscanos.org.br\/noticias\/#\/schema\/person\/37f88f0d111cd5358b12a6556a99eb91"},"breadcrumb":{"@id":"https:\/\/franciscanos.org.br\/noticias\/santo-antonio-exemplo-de-vida-e-santidade.html#breadcrumb"},"inLanguage":"pt-BR","potentialAction":[{"@type":"ReadAction","target":["https:\/\/franciscanos.org.br\/noticias\/santo-antonio-exemplo-de-vida-e-santidade.html"]}]},{"@type":"BreadcrumbList","@id":"https:\/\/franciscanos.org.br\/noticias\/santo-antonio-exemplo-de-vida-e-santidade.html#breadcrumb","itemListElement":[{"@type":"ListItem","position":1,"name":"Home","item":"https:\/\/franciscanos.org.br\/noticias"},{"@type":"ListItem","position":2,"name":"Santo Ant\u00f4nio: exemplo de vida e santidade"}]},{"@type":"Person","@id":"https:\/\/franciscanos.org.br\/noticias\/#\/schema\/person\/37f88f0d111cd5358b12a6556a99eb91","name":"freiaugusto","image":{"@type":"ImageObject","inLanguage":"pt-BR","@id":"https:\/\/franciscanos.org.br\/noticias\/#\/schema\/person\/image\/","url":"https:\/\/secure.gravatar.com\/avatar\/9840b940e621801b24f3e6b059efb4b7?s=96&d=mm&r=g","contentUrl":"https:\/\/secure.gravatar.com\/avatar\/9840b940e621801b24f3e6b059efb4b7?s=96&d=mm&r=g","caption":"freiaugusto"},"url":"https:\/\/franciscanos.org.br\/noticias\/author\/freiaugusto"}]}},"_links":{"self":[{"href":"https:\/\/franciscanos.org.br\/noticias\/wp-json\/wp\/v2\/posts\/164078"}],"collection":[{"href":"https:\/\/franciscanos.org.br\/noticias\/wp-json\/wp\/v2\/posts"}],"about":[{"href":"https:\/\/franciscanos.org.br\/noticias\/wp-json\/wp\/v2\/types\/post"}],"author":[{"embeddable":true,"href":"https:\/\/franciscanos.org.br\/noticias\/wp-json\/wp\/v2\/users\/5"}],"replies":[{"embeddable":true,"href":"https:\/\/franciscanos.org.br\/noticias\/wp-json\/wp\/v2\/comments?post=164078"}],"version-history":[{"count":1,"href":"https:\/\/franciscanos.org.br\/noticias\/wp-json\/wp\/v2\/posts\/164078\/revisions"}],"predecessor-version":[{"id":227721,"href":"https:\/\/franciscanos.org.br\/noticias\/wp-json\/wp\/v2\/posts\/164078\/revisions\/227721"}],"wp:featuredmedia":[{"embeddable":true,"href":"https:\/\/franciscanos.org.br\/noticias\/wp-json\/wp\/v2\/media\/199617"}],"wp:attachment":[{"href":"https:\/\/franciscanos.org.br\/noticias\/wp-json\/wp\/v2\/media?parent=164078"}],"wp:term":[{"taxonomy":"category","embeddable":true,"href":"https:\/\/franciscanos.org.br\/noticias\/wp-json\/wp\/v2\/categories?post=164078"},{"taxonomy":"post_tag","embeddable":true,"href":"https:\/\/franciscanos.org.br\/noticias\/wp-json\/wp\/v2\/tags?post=164078"}],"curies":[{"name":"wp","href":"https:\/\/api.w.org\/{rel}","templated":true}]}}