{"id":164044,"date":"2018-06-14T01:18:34","date_gmt":"2018-06-14T04:18:34","guid":{"rendered":"http:\/\/franciscanos.org.br\/?p=164044"},"modified":"2019-02-06T10:15:22","modified_gmt":"2019-02-06T12:15:22","slug":"dia-de-santo-antonio-uma-quarta-feira-com-cara-de-terca","status":"publish","type":"post","link":"https:\/\/franciscanos.org.br\/noticias\/dia-de-santo-antonio-uma-quarta-feira-com-cara-de-terca.html","title":{"rendered":"Dia de Santo Ant\u00f4nio: Uma quarta-feira com &#8220;cara&#8221; de ter\u00e7a"},"content":{"rendered":"<p><img loading=\"lazy\" src=\"http:\/\/franciscanos.org.br\/wp-content\/uploads\/2018\/06\/petropolis_130618.jpg\" alt=\"petropolis_130618\" width=\"830\" height=\"500\" \/><\/p>\n<p><strong>Frei Gabriel Dellandrea\u00a0<\/strong><\/p>\n<p>Nos conventos e par\u00f3quias franciscanas h\u00e1 uma movimenta\u00e7\u00e3o toda\u00a0particular \u00e0s ter\u00e7as-feiras. O motivo \u00e9 a devo\u00e7\u00e3o popular a Santo Ant\u00f4nio de P\u00e1dua. Sempre h\u00e1 uma missa, uma b\u00ean\u00e7\u00e3o especial pedindo a intercess\u00e3o do santo e a distribui\u00e7\u00e3o do famoso p\u00e3o. Essa recorda\u00e7\u00e3o toda \u00e9 para fazer mem\u00f3ria daquele que abra\u00e7ou t\u00e3o fortemente o seguimento de Jesus, que ficou conhecido por grandes e belos feitos, chegando a ter o processo de canoniza\u00e7\u00e3o mais r\u00e1pido da hist\u00f3ria.<\/p>\n<p>Na Par\u00f3quia do Sagrado Cora\u00e7\u00e3o de Jesus em Petr\u00f3polis (RJ) n\u00e3o \u00e9 diferente. Semanalmente h\u00e1 essa devo\u00e7\u00e3o popular ass\u00eddua e muito piedosa. Por\u00e9m hoje, quarta-feira (13\/06), dia de Santo Ant\u00f4nio, a movimenta\u00e7\u00e3o foi intensa, ficando com cara de ter\u00e7a. Houve missas, b\u00ean\u00e7\u00e3os, distribui\u00e7\u00e3o do p\u00e3o e tamb\u00e9m o famoso bolo com as imagens do santo. Durante o dia inteiro, que Santa Clara ajudou deixando o clima agrad\u00e1vel, devotos do santo casamenteiro foram aos seus p\u00e9s com s\u00faplicas e agradecimentos, preces e louvores, reanimando assim em seus cora\u00e7\u00f5es a f\u00e9.<\/p>\n<p>No final do dia a fraternidade rezou com o povo a Liturgia das Horas. Em seguida, Frei James Luiz Girardi presidiu a \u00faltima Celebra\u00e7\u00e3o Eucar\u00edstica do dia desta festa t\u00e3o importante para todos os franciscanos. Em sua homilia, o celebrante lembrou a hist\u00f3ria da vida do santo, seu desejo de oferecer a vida pela miss\u00e3o e sua simplicidade: sendo um homem que possu\u00eda grandes conhecimentos era humilde em seu modo de viver. Sabe-se que Santo Ant\u00f4nio deixou um grande legado nos estudos, na espiritualidade e na prega\u00e7\u00e3o. Entretanto esses feitos s\u00e3o completados com a f\u00e9 do povo que at\u00e9 hoje, mesmo 800 anos depois, no dia 13 de junho, ainda deseja muito ir \u00e0s igrejas e rezar por aquele que em sua imagem carrega o menino Deus.<\/p>\n","protected":false},"excerpt":{"rendered":"<p>Par\u00f3quia do Sagrado Cora\u00e7\u00e3o de Jesus em Petr\u00f3polis<\/p>\n","protected":false},"author":1,"featured_media":199583,"comment_status":"open","ping_status":"open","sticky":false,"template":"","format":"standard","meta":[],"categories":[1],"tags":[585,190],"acf":[],"yoast_head":"<!-- This site is optimized with the Yoast SEO plugin v19.2 - https:\/\/yoast.com\/wordpress\/plugins\/seo\/ -->\n<title>Dia de Santo Ant\u00f4nio: Uma quarta-feira com &quot;cara&quot; de ter\u00e7a - Not\u00edcias - Franciscanos<\/title>\n<meta name=\"robots\" content=\"index, follow, max-snippet:-1, max-image-preview:large, max-video-preview:-1\" \/>\n<link rel=\"canonical\" href=\"https:\/\/franciscanos.org.br\/noticias\/dia-de-santo-antonio-uma-quarta-feira-com-cara-de-terca.html\" \/>\n<meta property=\"og:locale\" content=\"pt_BR\" \/>\n<meta property=\"og:type\" content=\"article\" \/>\n<meta property=\"og:title\" content=\"Dia de Santo Ant\u00f4nio: Uma quarta-feira com &quot;cara&quot; de ter\u00e7a - Not\u00edcias - Franciscanos\" \/>\n<meta property=\"og:description\" content=\"Par\u00f3quia do Sagrado Cora\u00e7\u00e3o de Jesus em Petr\u00f3polis\" \/>\n<meta property=\"og:url\" content=\"https:\/\/franciscanos.org.br\/noticias\/dia-de-santo-antonio-uma-quarta-feira-com-cara-de-terca.html\" \/>\n<meta property=\"og:site_name\" content=\"Not\u00edcias - Franciscanos\" \/>\n<meta property=\"article:published_time\" content=\"2018-06-14T04:18:34+00:00\" \/>\n<meta property=\"article:modified_time\" content=\"2019-02-06T12:15:22+00:00\" \/>\n<meta property=\"og:image\" content=\"https:\/\/franciscanos.org.br\/noticias\/wp-content\/uploads\/2018\/06\/petropolis_130618.jpg\" \/>\n\t<meta property=\"og:image:width\" content=\"273\" \/>\n\t<meta property=\"og:image:height\" content=\"181\" \/>\n\t<meta property=\"og:image:type\" content=\"image\/jpeg\" \/>\n<meta name=\"author\" content=\"admin\" \/>\n<meta name=\"twitter:card\" content=\"summary_large_image\" \/>\n<meta name=\"twitter:label1\" content=\"Escrito por\" \/>\n\t<meta name=\"twitter:data1\" content=\"admin\" \/>\n\t<meta name=\"twitter:label2\" content=\"Est. tempo de leitura\" \/>\n\t<meta name=\"twitter:data2\" content=\"2 minutos\" \/>\n<script type=\"application\/ld+json\" class=\"yoast-schema-graph\">{\"@context\":\"https:\/\/schema.org\",\"@graph\":[{\"@type\":\"WebSite\",\"@id\":\"https:\/\/franciscanos.org.br\/noticias\/#website\",\"url\":\"https:\/\/franciscanos.org.br\/noticias\/\",\"name\":\"Not\u00edcias - Franciscanos\",\"description\":\"Prov\u00edncia Franciscana da Imaculada Concei\u00e7\u00e3o do Brasil - Ordem dos Frades Menores - OFM\",\"potentialAction\":[{\"@type\":\"SearchAction\",\"target\":{\"@type\":\"EntryPoint\",\"urlTemplate\":\"https:\/\/franciscanos.org.br\/noticias\/?s={search_term_string}\"},\"query-input\":\"required name=search_term_string\"}],\"inLanguage\":\"pt-BR\"},{\"@type\":\"ImageObject\",\"inLanguage\":\"pt-BR\",\"@id\":\"https:\/\/franciscanos.org.br\/noticias\/dia-de-santo-antonio-uma-quarta-feira-com-cara-de-terca.html#primaryimage\",\"url\":\"https:\/\/franciscanos.org.br\/noticias\/wp-content\/uploads\/2018\/06\/petropolis_130618.jpg\",\"contentUrl\":\"https:\/\/franciscanos.org.br\/noticias\/wp-content\/uploads\/2018\/06\/petropolis_130618.jpg\",\"width\":273,\"height\":181},{\"@type\":\"WebPage\",\"@id\":\"https:\/\/franciscanos.org.br\/noticias\/dia-de-santo-antonio-uma-quarta-feira-com-cara-de-terca.html#webpage\",\"url\":\"https:\/\/franciscanos.org.br\/noticias\/dia-de-santo-antonio-uma-quarta-feira-com-cara-de-terca.html\",\"name\":\"Dia de Santo Ant\u00f4nio: Uma quarta-feira com \\\"cara\\\" de ter\u00e7a - Not\u00edcias - Franciscanos\",\"isPartOf\":{\"@id\":\"https:\/\/franciscanos.org.br\/noticias\/#website\"},\"primaryImageOfPage\":{\"@id\":\"https:\/\/franciscanos.org.br\/noticias\/dia-de-santo-antonio-uma-quarta-feira-com-cara-de-terca.html#primaryimage\"},\"datePublished\":\"2018-06-14T04:18:34+00:00\",\"dateModified\":\"2019-02-06T12:15:22+00:00\",\"author\":{\"@id\":\"https:\/\/franciscanos.org.br\/noticias\/#\/schema\/person\/b38fbf43118f02820bd932f2e4b14ad3\"},\"breadcrumb\":{\"@id\":\"https:\/\/franciscanos.org.br\/noticias\/dia-de-santo-antonio-uma-quarta-feira-com-cara-de-terca.html#breadcrumb\"},\"inLanguage\":\"pt-BR\",\"potentialAction\":[{\"@type\":\"ReadAction\",\"target\":[\"https:\/\/franciscanos.org.br\/noticias\/dia-de-santo-antonio-uma-quarta-feira-com-cara-de-terca.html\"]}]},{\"@type\":\"BreadcrumbList\",\"@id\":\"https:\/\/franciscanos.org.br\/noticias\/dia-de-santo-antonio-uma-quarta-feira-com-cara-de-terca.html#breadcrumb\",\"itemListElement\":[{\"@type\":\"ListItem\",\"position\":1,\"name\":\"Home\",\"item\":\"https:\/\/franciscanos.org.br\/noticias\"},{\"@type\":\"ListItem\",\"position\":2,\"name\":\"Dia de Santo Ant\u00f4nio: Uma quarta-feira com &#8220;cara&#8221; de ter\u00e7a\"}]},{\"@type\":\"Person\",\"@id\":\"https:\/\/franciscanos.org.br\/noticias\/#\/schema\/person\/b38fbf43118f02820bd932f2e4b14ad3\",\"name\":\"admin\",\"image\":{\"@type\":\"ImageObject\",\"inLanguage\":\"pt-BR\",\"@id\":\"https:\/\/franciscanos.org.br\/noticias\/#\/schema\/person\/image\/\",\"url\":\"https:\/\/secure.gravatar.com\/avatar\/e8495742d34d0ba6448ea1c628263b3e?s=96&d=mm&r=g\",\"contentUrl\":\"https:\/\/secure.gravatar.com\/avatar\/e8495742d34d0ba6448ea1c628263b3e?s=96&d=mm&r=g\",\"caption\":\"admin\"},\"url\":\"https:\/\/franciscanos.org.br\/noticias\/author\/admin\"}]}<\/script>\n<!-- \/ Yoast SEO plugin. -->","yoast_head_json":{"title":"Dia de Santo Ant\u00f4nio: Uma quarta-feira com \"cara\" de ter\u00e7a - Not\u00edcias - Franciscanos","robots":{"index":"index","follow":"follow","max-snippet":"max-snippet:-1","max-image-preview":"max-image-preview:large","max-video-preview":"max-video-preview:-1"},"canonical":"https:\/\/franciscanos.org.br\/noticias\/dia-de-santo-antonio-uma-quarta-feira-com-cara-de-terca.html","og_locale":"pt_BR","og_type":"article","og_title":"Dia de Santo Ant\u00f4nio: Uma quarta-feira com \"cara\" de ter\u00e7a - Not\u00edcias - Franciscanos","og_description":"Par\u00f3quia do Sagrado Cora\u00e7\u00e3o de Jesus em Petr\u00f3polis","og_url":"https:\/\/franciscanos.org.br\/noticias\/dia-de-santo-antonio-uma-quarta-feira-com-cara-de-terca.html","og_site_name":"Not\u00edcias - Franciscanos","article_published_time":"2018-06-14T04:18:34+00:00","article_modified_time":"2019-02-06T12:15:22+00:00","og_image":[{"width":273,"height":181,"url":"https:\/\/franciscanos.org.br\/noticias\/wp-content\/uploads\/2018\/06\/petropolis_130618.jpg","type":"image\/jpeg"}],"author":"admin","twitter_card":"summary_large_image","twitter_misc":{"Escrito por":"admin","Est. tempo de leitura":"2 minutos"},"schema":{"@context":"https:\/\/schema.org","@graph":[{"@type":"WebSite","@id":"https:\/\/franciscanos.org.br\/noticias\/#website","url":"https:\/\/franciscanos.org.br\/noticias\/","name":"Not\u00edcias - Franciscanos","description":"Prov\u00edncia Franciscana da Imaculada Concei\u00e7\u00e3o do Brasil - Ordem dos Frades Menores - OFM","potentialAction":[{"@type":"SearchAction","target":{"@type":"EntryPoint","urlTemplate":"https:\/\/franciscanos.org.br\/noticias\/?s={search_term_string}"},"query-input":"required name=search_term_string"}],"inLanguage":"pt-BR"},{"@type":"ImageObject","inLanguage":"pt-BR","@id":"https:\/\/franciscanos.org.br\/noticias\/dia-de-santo-antonio-uma-quarta-feira-com-cara-de-terca.html#primaryimage","url":"https:\/\/franciscanos.org.br\/noticias\/wp-content\/uploads\/2018\/06\/petropolis_130618.jpg","contentUrl":"https:\/\/franciscanos.org.br\/noticias\/wp-content\/uploads\/2018\/06\/petropolis_130618.jpg","width":273,"height":181},{"@type":"WebPage","@id":"https:\/\/franciscanos.org.br\/noticias\/dia-de-santo-antonio-uma-quarta-feira-com-cara-de-terca.html#webpage","url":"https:\/\/franciscanos.org.br\/noticias\/dia-de-santo-antonio-uma-quarta-feira-com-cara-de-terca.html","name":"Dia de Santo Ant\u00f4nio: Uma quarta-feira com \"cara\" de ter\u00e7a - Not\u00edcias - Franciscanos","isPartOf":{"@id":"https:\/\/franciscanos.org.br\/noticias\/#website"},"primaryImageOfPage":{"@id":"https:\/\/franciscanos.org.br\/noticias\/dia-de-santo-antonio-uma-quarta-feira-com-cara-de-terca.html#primaryimage"},"datePublished":"2018-06-14T04:18:34+00:00","dateModified":"2019-02-06T12:15:22+00:00","author":{"@id":"https:\/\/franciscanos.org.br\/noticias\/#\/schema\/person\/b38fbf43118f02820bd932f2e4b14ad3"},"breadcrumb":{"@id":"https:\/\/franciscanos.org.br\/noticias\/dia-de-santo-antonio-uma-quarta-feira-com-cara-de-terca.html#breadcrumb"},"inLanguage":"pt-BR","potentialAction":[{"@type":"ReadAction","target":["https:\/\/franciscanos.org.br\/noticias\/dia-de-santo-antonio-uma-quarta-feira-com-cara-de-terca.html"]}]},{"@type":"BreadcrumbList","@id":"https:\/\/franciscanos.org.br\/noticias\/dia-de-santo-antonio-uma-quarta-feira-com-cara-de-terca.html#breadcrumb","itemListElement":[{"@type":"ListItem","position":1,"name":"Home","item":"https:\/\/franciscanos.org.br\/noticias"},{"@type":"ListItem","position":2,"name":"Dia de Santo Ant\u00f4nio: Uma quarta-feira com &#8220;cara&#8221; de ter\u00e7a"}]},{"@type":"Person","@id":"https:\/\/franciscanos.org.br\/noticias\/#\/schema\/person\/b38fbf43118f02820bd932f2e4b14ad3","name":"admin","image":{"@type":"ImageObject","inLanguage":"pt-BR","@id":"https:\/\/franciscanos.org.br\/noticias\/#\/schema\/person\/image\/","url":"https:\/\/secure.gravatar.com\/avatar\/e8495742d34d0ba6448ea1c628263b3e?s=96&d=mm&r=g","contentUrl":"https:\/\/secure.gravatar.com\/avatar\/e8495742d34d0ba6448ea1c628263b3e?s=96&d=mm&r=g","caption":"admin"},"url":"https:\/\/franciscanos.org.br\/noticias\/author\/admin"}]}},"_links":{"self":[{"href":"https:\/\/franciscanos.org.br\/noticias\/wp-json\/wp\/v2\/posts\/164044"}],"collection":[{"href":"https:\/\/franciscanos.org.br\/noticias\/wp-json\/wp\/v2\/posts"}],"about":[{"href":"https:\/\/franciscanos.org.br\/noticias\/wp-json\/wp\/v2\/types\/post"}],"author":[{"embeddable":true,"href":"https:\/\/franciscanos.org.br\/noticias\/wp-json\/wp\/v2\/users\/1"}],"replies":[{"embeddable":true,"href":"https:\/\/franciscanos.org.br\/noticias\/wp-json\/wp\/v2\/comments?post=164044"}],"version-history":[{"count":0,"href":"https:\/\/franciscanos.org.br\/noticias\/wp-json\/wp\/v2\/posts\/164044\/revisions"}],"wp:featuredmedia":[{"embeddable":true,"href":"https:\/\/franciscanos.org.br\/noticias\/wp-json\/wp\/v2\/media\/199583"}],"wp:attachment":[{"href":"https:\/\/franciscanos.org.br\/noticias\/wp-json\/wp\/v2\/media?parent=164044"}],"wp:term":[{"taxonomy":"category","embeddable":true,"href":"https:\/\/franciscanos.org.br\/noticias\/wp-json\/wp\/v2\/categories?post=164044"},{"taxonomy":"post_tag","embeddable":true,"href":"https:\/\/franciscanos.org.br\/noticias\/wp-json\/wp\/v2\/tags?post=164044"}],"curies":[{"name":"wp","href":"https:\/\/api.w.org\/{rel}","templated":true}]}}