{"id":163983,"date":"2018-06-14T00:13:45","date_gmt":"2018-06-14T03:13:45","guid":{"rendered":"http:\/\/franciscanos.org.br\/?p=163983"},"modified":"2020-08-10T14:44:33","modified_gmt":"2020-08-10T17:44:33","slug":"pecam-prudencia-e-sabedoria-aconselhou-frei-joao","status":"publish","type":"post","link":"https:\/\/franciscanos.org.br\/noticias\/pecam-prudencia-e-sabedoria-aconselhou-frei-joao.html","title":{"rendered":"Pe\u00e7am prud\u00eancia e sabedoria, aconselhou Frei Jo\u00e3o"},"content":{"rendered":"<p><img loading=\"lazy\" src=\"http:\/\/franciscanos.org.br\/wp-content\/uploads\/2018\/06\/santosnoite_130618G.jpg\" alt=\"santosnoite_130618G\" width=\"830\" height=\"420\" \/><\/p>\n<p><strong>\u00c9rika Augusto<\/strong><\/p>\n<p><strong>Santos (SP)<\/strong> \u2013 Foi debaixo de muita chuva que os devotos de Santo Ant\u00f4nio do Santu\u00e1rio do Valongo celebraram prociss\u00e3o e a \u00faltima Missa do dia do Padroeiro na cidade de Santos, litoral paulista. Os fi\u00e9is, que sa\u00edram em prociss\u00e3o pouco depois das 18 horas, tiveram que abrir o guarda-chuva para caminhar atr\u00e1s do andor. No trajeto, Frei Jo\u00e3o Pereira Lopes, reitor do Santu\u00e1rio, convidou os presentes a rezarem pela paz nas fam\u00edlias, no bairro, no local de trabalho e na sociedade.<\/p>\n<p>A Missa de encerramento foi celebrada \u00e0s 19 horas, num palco montado em frente ao Convento do Valongo. Nem a chuva, que caiu insistentemente durante o in\u00edcio da celebra\u00e7\u00e3o, desanimou os presentes. De guarda-chuva em m\u00e3os ou se escondendo debaixo das barracas e dos toldos do com\u00e9rcio, os devotos prestaram sua \u00faltima homenagem do dia a Santo Ant\u00f4nio.<\/p>\n<p><img loading=\"lazy\" class=\"alignright size-full wp-image-163985\" src=\"http:\/\/franciscanos.org.br\/wp-content\/uploads\/2018\/06\/santosnoite_1306182.jpg\" alt=\"santosnoite_1306182\" width=\"500\" height=\"447\" \/>Em sua homilia, Frei Jo\u00e3o Pereira Lopes, recordou o tema da festa deste ano <strong>&#8220;Santo Ant\u00f4nio e os crist\u00e3os leigos e leigas, sujeitos na &#8216;Igreja em sa\u00edda, a servi\u00e7o do Reino'&#8221;\u00a0<\/strong>e afirmou que um leigo mission\u00e1rio precisa de duas caracter\u00edsticas, conforme a primeira leitura, extra\u00edda do Livro da Sabedoria: \u201cOrei, e foi-me dada a prud\u00eancia; supliquei, e veio a mim o esp\u00edrito da sabedoria\u201d(Sb 7, 7).<\/p>\n<p>\u201cA prud\u00eancia \u00e9 uma virtude que nos d\u00e1 a capacidade de fazer a escolha certa e encontrar os meios adequados para realiz\u00e1-la\u201d, explicou. E completou: \u201cA sabedoria \u00e9 a capacidade de saborear tudo aquilo que Deus criou para n\u00f3s, sabendo fazer a escolha certa, aquela que agrada o Senhor Nosso Deus\u201d.<\/p>\n<p>Frei Jo\u00e3o afirmou que a sabedoria n\u00e3o se limita ao saber cient\u00edfico, pois muitas pessoas s\u00e3o muito s\u00e1bias sem nunca terem tido a oportunidade de estudar. Estas pessoas, sobretudo as mais antigas, possuem um saber que n\u00e3o \u00e9 ensinado nas universidades, e isto precisa ser valorizado.<\/p>\n<p>O reitor pediu que os devotos rezassem, pedindo a luz do Esp\u00edrito Santo. \u201cN\u00e3o podemos ser como as crian\u00e7as, que entram em qualquer onda. Precisamos ser prudentes e s\u00e1bios, para que n\u00e3o nos deixemos enganar pelas ondas, mas caminhemos com Jesus, iluminados pelo Esp\u00edrito Santo. Que saibamos fazer a escolha daquilo que \u00e9 verdadeiro e bom\u201d, acrescentou, afirmando que Santo Ant\u00f4nio foi um santo grandioso porque tinha prud\u00eancia e sabedoria.<\/p>\n<p><strong>Grupo A\u00e7\u00e3o do Cora\u00e7\u00e3o<\/strong><br \/>\nDurante todo o dia, o grupo A\u00e7\u00e3o do Cora\u00e7\u00e3o esteve presente na festa do Valongo. A iniciativa surgiu a partir da morte do jovem ator Eduardo Furkini, da cidade de Santos, v\u00edtima de um infarto fulminante. A partir da confec\u00e7\u00e3o de cora\u00e7\u00f5es de tecido, os volunt\u00e1rios querem despertar a consci\u00eancia para o cuidado com a sa\u00fade, sobretudo as doen\u00e7as card\u00edacas. No dia 2 de agosto haver\u00e1 uma caminhada e culto ecum\u00eanico, cujo encerramento ser\u00e1 no Santu\u00e1rio do Valongo. A data j\u00e1 consta no calend\u00e1rio oficial da cidade desde 2012.<\/p>\n<p>&nbsp;<\/p>\n<p><img loading=\"lazy\" src=\"http:\/\/franciscanos.org.br\/wp-content\/uploads\/2018\/06\/santos_130604G.jpg\" alt=\"santos_130604G\" width=\"830\" height=\"400\" \/><\/p>\n<p><strong>Santos (SP)<\/strong> &#8211; Apesar da chuva forte que atingiu a cidade na madrugada e no in\u00edcio da manh\u00e3, os devotos de Santo Ant\u00f4nio no litoral paulista foram agraciados com um tempo bom nesta quarta-feira, 13 de junho. O Santu\u00e1rio Santo Ant\u00f4nio do Valongo, em Santos, recebeu um bom n\u00famero de fi\u00e9is, que veio prestar sua homenagem a um dos santos mais queridos do mundo.<\/p>\n<p>Para hoje, as volunt\u00e1rias que trabalham na confec\u00e7\u00e3o do bolo de Santo Ant\u00f4nio prepararam cerca de 250 formas de p\u00e3o de l\u00f3 que s\u00e3o recheados, confeitados, aben\u00e7oados e vendidos aos devotos. Distribu\u00eddas dentro dos bolos, est\u00e3o uma centena de medalhas. Entre os confeitos, destacam-se as cores da bandeira do Brasil, por causa da Copa do Mundo. A volunt\u00e1ria Clarice Abreu dos Santos\u00a0\u00e9 a respons\u00e1vel pelo bolo de Santo Ant\u00f4nio e afirma que faz 28 anos que ajuda na festa de Santo Ant\u00f4nio no Valongo.<\/p>\n<p><img loading=\"lazy\" class=\"alignleft wp-image-163799\" src=\"http:\/\/franciscanos.org.br\/wp-content\/uploads\/2018\/06\/santos_130618-28.jpg\" alt=\"santos_130618-28\" width=\"450\" height=\"300\" \/>Por volta do meio-dia, a fila para comprar o bolo era grande. Muitas pessoas que trabalham na regi\u00e3o aproveitaram o hor\u00e1rio de almo\u00e7o para vir ao Santu\u00e1rio, que neste ano conta com uma pra\u00e7a de alimenta\u00e7\u00e3o no lado externo. A barraca que distribui o p\u00e3o bento tamb\u00e9m \u00e9 muito procurada pelos fi\u00e9is. Dona C\u00edcera veio de S\u00e3o Vicente, acompanhada de sua fam\u00edlia. H\u00e1 15 anos ela fez uma promessa ao santo para superar problemas financeiros e foi atendida. Desde ent\u00e3o, ela oferta os p\u00e3es no Santu\u00e1rio do Valongo, como forma de agradecimento.<\/p>\n<p>Outra devota que est\u00e1 sempre no\u00a0Santu\u00e1rio \u00e9 Dona Rute, ou Rutinha, como \u00e9 conhecida. Aos 88 anos, ela se define como \u201cmisseira\u201d, pois afirma que sempre que passa por uma igreja onde vai come\u00e7ar a missa, ela participa. Mas a sua grande devo\u00e7\u00e3o mesmo \u00e9 Santo Ant\u00f4nio. Ela vem ao Valongo toda ter\u00e7a-feira, dia tradicionalmente dedicado ao santo e, emocionada, testemunha seu carinho ao santo lisboeta. \u201cJ\u00e1 recebi muitas gra\u00e7as dele, ent\u00e3o n\u00e3o posso deixar de vir. Eu tenho que agradecer sempre\u201d, afirmou.<\/p>\n<p>Na parte da manh\u00e3 foram celebradas 3 missas, \u00e0s 7h, 8h e 10h. Ao meio-dia, Dom Tarc\u00edsio Scaramussa, bispo da Diocese de Santos, presidiu a Celebra\u00e7\u00e3o Eucar\u00edstica. Em sua homilia, o bispo citou um pensamento de Santo Ant\u00f4nio: \u201cA palavra se torna concreta, viva, quando se transforma em pr\u00e1tica, em obras\u201d, recordou.<\/p>\n<p>Dom Tarc\u00edsio falou sobre o Ano do Laicato, comemorado na Igreja do Brasil neste ano e tema da festa e de toda a Trezena no Valongo. \u201cO\u00a0 que n\u00f3s, comunidade cat\u00f3lica, falamos com a nossa vida, com o nosso jeito de ser? Em todo lugar, na fam\u00edlia, no trabalho. Elas falam da Palavra de Deus? S\u00e3o palavras transformadas em obras? Nossa sociedade \u00e9 mais justa com a nossa pr\u00e1tica? Nossa sociedade \u00e9 mais honesta com a nossa pr\u00e1tica?\u201d, questionou. Ele encerrou sua homilia citando um trecho da Exorta\u00e7\u00e3o Apost\u00f3lica <em>Gaudete et exsultate<\/em>, sobre a chamada \u00e0 santidade no mundo atual.<\/p>\n<h2><strong>378 anos de hist\u00f3ria na cidade de Santos<\/strong><\/h2>\n<p>O hist\u00f3rico Santu\u00e1rio Santo Ant\u00f4nio do Valongo acolheu durante todo o dia centenas de fi\u00e9is, vindos de diversas localidades, que agradeciam as gra\u00e7as alcan\u00e7adas. O local, de 378 anos, tem muitas hist\u00f3rias para contar. Ele abrigou, no ano de 1823, o Monsenhor Mastai Ferretti, N\u00fancio Apost\u00f3lico que estava a caminho do Chile quando teve que desembarcar no porto de Santos por problemas em sua nau. Mais de 20 anos depois, o Monsenhor foi eleito Papa, ganhando o nome de Papa Pio IX.<\/p>\n<p>Em 1860, um epis\u00f3dio movimentou os devotos de Santo Ant\u00f4nio no Valongo. O ponto final da estrada de ferro da Companhia S\u00e3o Paulo <em>Railway<\/em> ficava ao lado da igreja. Para sua constru\u00e7\u00e3o, foi demolida parte do convento, por\u00e9m a empresa tentou demolir tamb\u00e9m a igreja. Quando os funcion\u00e1rios tentaram remover a imagem do padroeiro, ela tornou-se t\u00e3o pesada, que nem todos os envolvidos conseguiram mov\u00ea-la do lugar. Segundo conta a hist\u00f3ria, a partir deste epis\u00f3dio muitos se converteram, entre moradores e funcion\u00e1rios da antiga companhia.<\/p>\n","protected":false},"excerpt":{"rendered":"<p>Santu\u00e1rio do Valongo em Santos<\/p>\n","protected":false},"author":1,"featured_media":208840,"comment_status":"open","ping_status":"open","sticky":false,"template":"","format":"standard","meta":[],"categories":[1],"tags":[712,570],"acf":[],"yoast_head":"<!-- This site is optimized with the Yoast SEO plugin v19.2 - https:\/\/yoast.com\/wordpress\/plugins\/seo\/ -->\n<title>Pe\u00e7am prud\u00eancia e sabedoria, aconselhou Frei Jo\u00e3o - Not\u00edcias - Franciscanos<\/title>\n<meta name=\"robots\" content=\"index, follow, max-snippet:-1, max-image-preview:large, max-video-preview:-1\" \/>\n<link rel=\"canonical\" href=\"https:\/\/franciscanos.org.br\/noticias\/pecam-prudencia-e-sabedoria-aconselhou-frei-joao.html\" \/>\n<meta property=\"og:locale\" content=\"pt_BR\" \/>\n<meta property=\"og:type\" content=\"article\" \/>\n<meta property=\"og:title\" content=\"Pe\u00e7am prud\u00eancia e sabedoria, aconselhou Frei Jo\u00e3o - Not\u00edcias - Franciscanos\" \/>\n<meta property=\"og:description\" content=\"Santu\u00e1rio do Valongo em Santos\" \/>\n<meta property=\"og:url\" content=\"https:\/\/franciscanos.org.br\/noticias\/pecam-prudencia-e-sabedoria-aconselhou-frei-joao.html\" \/>\n<meta property=\"og:site_name\" content=\"Not\u00edcias - Franciscanos\" \/>\n<meta property=\"article:published_time\" content=\"2018-06-14T03:13:45+00:00\" \/>\n<meta property=\"article:modified_time\" content=\"2020-08-10T17:44:33+00:00\" \/>\n<meta property=\"og:image\" content=\"https:\/\/franciscanos.org.br\/noticias\/wp-content\/uploads\/2018\/06\/santosnoite_130618G.jpg\" \/>\n\t<meta property=\"og:image:width\" content=\"273\" \/>\n\t<meta property=\"og:image:height\" content=\"181\" \/>\n\t<meta property=\"og:image:type\" content=\"image\/jpeg\" \/>\n<meta name=\"author\" content=\"admin\" \/>\n<meta name=\"twitter:card\" content=\"summary_large_image\" \/>\n<meta name=\"twitter:label1\" content=\"Escrito por\" \/>\n\t<meta name=\"twitter:data1\" content=\"admin\" \/>\n\t<meta name=\"twitter:label2\" content=\"Est. tempo de leitura\" \/>\n\t<meta name=\"twitter:data2\" content=\"6 minutos\" \/>\n<script type=\"application\/ld+json\" class=\"yoast-schema-graph\">{\"@context\":\"https:\/\/schema.org\",\"@graph\":[{\"@type\":\"WebSite\",\"@id\":\"https:\/\/franciscanos.org.br\/noticias\/#website\",\"url\":\"https:\/\/franciscanos.org.br\/noticias\/\",\"name\":\"Not\u00edcias - Franciscanos\",\"description\":\"Prov\u00edncia Franciscana da Imaculada Concei\u00e7\u00e3o do Brasil - Ordem dos Frades Menores - OFM\",\"potentialAction\":[{\"@type\":\"SearchAction\",\"target\":{\"@type\":\"EntryPoint\",\"urlTemplate\":\"https:\/\/franciscanos.org.br\/noticias\/?s={search_term_string}\"},\"query-input\":\"required name=search_term_string\"}],\"inLanguage\":\"pt-BR\"},{\"@type\":\"ImageObject\",\"inLanguage\":\"pt-BR\",\"@id\":\"https:\/\/franciscanos.org.br\/noticias\/pecam-prudencia-e-sabedoria-aconselhou-frei-joao.html#primaryimage\",\"url\":\"https:\/\/franciscanos.org.br\/noticias\/wp-content\/uploads\/2018\/06\/santosnoite_130618G.jpg\",\"contentUrl\":\"https:\/\/franciscanos.org.br\/noticias\/wp-content\/uploads\/2018\/06\/santosnoite_130618G.jpg\",\"width\":273,\"height\":181},{\"@type\":\"WebPage\",\"@id\":\"https:\/\/franciscanos.org.br\/noticias\/pecam-prudencia-e-sabedoria-aconselhou-frei-joao.html#webpage\",\"url\":\"https:\/\/franciscanos.org.br\/noticias\/pecam-prudencia-e-sabedoria-aconselhou-frei-joao.html\",\"name\":\"Pe\u00e7am prud\u00eancia e sabedoria, aconselhou Frei Jo\u00e3o - Not\u00edcias - Franciscanos\",\"isPartOf\":{\"@id\":\"https:\/\/franciscanos.org.br\/noticias\/#website\"},\"primaryImageOfPage\":{\"@id\":\"https:\/\/franciscanos.org.br\/noticias\/pecam-prudencia-e-sabedoria-aconselhou-frei-joao.html#primaryimage\"},\"datePublished\":\"2018-06-14T03:13:45+00:00\",\"dateModified\":\"2020-08-10T17:44:33+00:00\",\"author\":{\"@id\":\"https:\/\/franciscanos.org.br\/noticias\/#\/schema\/person\/b38fbf43118f02820bd932f2e4b14ad3\"},\"breadcrumb\":{\"@id\":\"https:\/\/franciscanos.org.br\/noticias\/pecam-prudencia-e-sabedoria-aconselhou-frei-joao.html#breadcrumb\"},\"inLanguage\":\"pt-BR\",\"potentialAction\":[{\"@type\":\"ReadAction\",\"target\":[\"https:\/\/franciscanos.org.br\/noticias\/pecam-prudencia-e-sabedoria-aconselhou-frei-joao.html\"]}]},{\"@type\":\"BreadcrumbList\",\"@id\":\"https:\/\/franciscanos.org.br\/noticias\/pecam-prudencia-e-sabedoria-aconselhou-frei-joao.html#breadcrumb\",\"itemListElement\":[{\"@type\":\"ListItem\",\"position\":1,\"name\":\"Home\",\"item\":\"https:\/\/franciscanos.org.br\/noticias\"},{\"@type\":\"ListItem\",\"position\":2,\"name\":\"Pe\u00e7am prud\u00eancia e sabedoria, aconselhou Frei Jo\u00e3o\"}]},{\"@type\":\"Person\",\"@id\":\"https:\/\/franciscanos.org.br\/noticias\/#\/schema\/person\/b38fbf43118f02820bd932f2e4b14ad3\",\"name\":\"admin\",\"image\":{\"@type\":\"ImageObject\",\"inLanguage\":\"pt-BR\",\"@id\":\"https:\/\/franciscanos.org.br\/noticias\/#\/schema\/person\/image\/\",\"url\":\"https:\/\/secure.gravatar.com\/avatar\/e8495742d34d0ba6448ea1c628263b3e?s=96&d=mm&r=g\",\"contentUrl\":\"https:\/\/secure.gravatar.com\/avatar\/e8495742d34d0ba6448ea1c628263b3e?s=96&d=mm&r=g\",\"caption\":\"admin\"},\"url\":\"https:\/\/franciscanos.org.br\/noticias\/author\/admin\"}]}<\/script>\n<!-- \/ Yoast SEO plugin. -->","yoast_head_json":{"title":"Pe\u00e7am prud\u00eancia e sabedoria, aconselhou Frei Jo\u00e3o - Not\u00edcias - Franciscanos","robots":{"index":"index","follow":"follow","max-snippet":"max-snippet:-1","max-image-preview":"max-image-preview:large","max-video-preview":"max-video-preview:-1"},"canonical":"https:\/\/franciscanos.org.br\/noticias\/pecam-prudencia-e-sabedoria-aconselhou-frei-joao.html","og_locale":"pt_BR","og_type":"article","og_title":"Pe\u00e7am prud\u00eancia e sabedoria, aconselhou Frei Jo\u00e3o - Not\u00edcias - Franciscanos","og_description":"Santu\u00e1rio do Valongo em Santos","og_url":"https:\/\/franciscanos.org.br\/noticias\/pecam-prudencia-e-sabedoria-aconselhou-frei-joao.html","og_site_name":"Not\u00edcias - Franciscanos","article_published_time":"2018-06-14T03:13:45+00:00","article_modified_time":"2020-08-10T17:44:33+00:00","og_image":[{"width":273,"height":181,"url":"https:\/\/franciscanos.org.br\/noticias\/wp-content\/uploads\/2018\/06\/santosnoite_130618G.jpg","type":"image\/jpeg"}],"author":"admin","twitter_card":"summary_large_image","twitter_misc":{"Escrito por":"admin","Est. tempo de leitura":"6 minutos"},"schema":{"@context":"https:\/\/schema.org","@graph":[{"@type":"WebSite","@id":"https:\/\/franciscanos.org.br\/noticias\/#website","url":"https:\/\/franciscanos.org.br\/noticias\/","name":"Not\u00edcias - Franciscanos","description":"Prov\u00edncia Franciscana da Imaculada Concei\u00e7\u00e3o do Brasil - Ordem dos Frades Menores - OFM","potentialAction":[{"@type":"SearchAction","target":{"@type":"EntryPoint","urlTemplate":"https:\/\/franciscanos.org.br\/noticias\/?s={search_term_string}"},"query-input":"required name=search_term_string"}],"inLanguage":"pt-BR"},{"@type":"ImageObject","inLanguage":"pt-BR","@id":"https:\/\/franciscanos.org.br\/noticias\/pecam-prudencia-e-sabedoria-aconselhou-frei-joao.html#primaryimage","url":"https:\/\/franciscanos.org.br\/noticias\/wp-content\/uploads\/2018\/06\/santosnoite_130618G.jpg","contentUrl":"https:\/\/franciscanos.org.br\/noticias\/wp-content\/uploads\/2018\/06\/santosnoite_130618G.jpg","width":273,"height":181},{"@type":"WebPage","@id":"https:\/\/franciscanos.org.br\/noticias\/pecam-prudencia-e-sabedoria-aconselhou-frei-joao.html#webpage","url":"https:\/\/franciscanos.org.br\/noticias\/pecam-prudencia-e-sabedoria-aconselhou-frei-joao.html","name":"Pe\u00e7am prud\u00eancia e sabedoria, aconselhou Frei Jo\u00e3o - Not\u00edcias - Franciscanos","isPartOf":{"@id":"https:\/\/franciscanos.org.br\/noticias\/#website"},"primaryImageOfPage":{"@id":"https:\/\/franciscanos.org.br\/noticias\/pecam-prudencia-e-sabedoria-aconselhou-frei-joao.html#primaryimage"},"datePublished":"2018-06-14T03:13:45+00:00","dateModified":"2020-08-10T17:44:33+00:00","author":{"@id":"https:\/\/franciscanos.org.br\/noticias\/#\/schema\/person\/b38fbf43118f02820bd932f2e4b14ad3"},"breadcrumb":{"@id":"https:\/\/franciscanos.org.br\/noticias\/pecam-prudencia-e-sabedoria-aconselhou-frei-joao.html#breadcrumb"},"inLanguage":"pt-BR","potentialAction":[{"@type":"ReadAction","target":["https:\/\/franciscanos.org.br\/noticias\/pecam-prudencia-e-sabedoria-aconselhou-frei-joao.html"]}]},{"@type":"BreadcrumbList","@id":"https:\/\/franciscanos.org.br\/noticias\/pecam-prudencia-e-sabedoria-aconselhou-frei-joao.html#breadcrumb","itemListElement":[{"@type":"ListItem","position":1,"name":"Home","item":"https:\/\/franciscanos.org.br\/noticias"},{"@type":"ListItem","position":2,"name":"Pe\u00e7am prud\u00eancia e sabedoria, aconselhou Frei Jo\u00e3o"}]},{"@type":"Person","@id":"https:\/\/franciscanos.org.br\/noticias\/#\/schema\/person\/b38fbf43118f02820bd932f2e4b14ad3","name":"admin","image":{"@type":"ImageObject","inLanguage":"pt-BR","@id":"https:\/\/franciscanos.org.br\/noticias\/#\/schema\/person\/image\/","url":"https:\/\/secure.gravatar.com\/avatar\/e8495742d34d0ba6448ea1c628263b3e?s=96&d=mm&r=g","contentUrl":"https:\/\/secure.gravatar.com\/avatar\/e8495742d34d0ba6448ea1c628263b3e?s=96&d=mm&r=g","caption":"admin"},"url":"https:\/\/franciscanos.org.br\/noticias\/author\/admin"}]}},"_links":{"self":[{"href":"https:\/\/franciscanos.org.br\/noticias\/wp-json\/wp\/v2\/posts\/163983"}],"collection":[{"href":"https:\/\/franciscanos.org.br\/noticias\/wp-json\/wp\/v2\/posts"}],"about":[{"href":"https:\/\/franciscanos.org.br\/noticias\/wp-json\/wp\/v2\/types\/post"}],"author":[{"embeddable":true,"href":"https:\/\/franciscanos.org.br\/noticias\/wp-json\/wp\/v2\/users\/1"}],"replies":[{"embeddable":true,"href":"https:\/\/franciscanos.org.br\/noticias\/wp-json\/wp\/v2\/comments?post=163983"}],"version-history":[{"count":1,"href":"https:\/\/franciscanos.org.br\/noticias\/wp-json\/wp\/v2\/posts\/163983\/revisions"}],"predecessor-version":[{"id":227723,"href":"https:\/\/franciscanos.org.br\/noticias\/wp-json\/wp\/v2\/posts\/163983\/revisions\/227723"}],"wp:featuredmedia":[{"embeddable":true,"href":"https:\/\/franciscanos.org.br\/noticias\/wp-json\/wp\/v2\/media\/208840"}],"wp:attachment":[{"href":"https:\/\/franciscanos.org.br\/noticias\/wp-json\/wp\/v2\/media?parent=163983"}],"wp:term":[{"taxonomy":"category","embeddable":true,"href":"https:\/\/franciscanos.org.br\/noticias\/wp-json\/wp\/v2\/categories?post=163983"},{"taxonomy":"post_tag","embeddable":true,"href":"https:\/\/franciscanos.org.br\/noticias\/wp-json\/wp\/v2\/tags?post=163983"}],"curies":[{"name":"wp","href":"https:\/\/api.w.org\/{rel}","templated":true}]}}